{"id":10133,"date":"2019-08-01T06:00:49","date_gmt":"2019-08-01T04:00:49","guid":{"rendered":"https:\/\/archibat.com\/blog\/?p=10133"},"modified":"2019-07-29T16:36:10","modified_gmt":"2019-07-29T14:36:10","slug":"a-multifunctional-space-for-nomadic-work","status":"publish","type":"post","link":"https:\/\/archibat.com\/blog\/en\/a-multifunctional-space-for-nomadic-work\/","title":{"rendered":"A multifunctional space for nomadic work"},"content":{"rendered":"\n<p>For the 2019 edition of Clerkenwell Design Week, British brand Establish &amp; Sons explores the trend of living spaces mixed with workspaces by creating a new collection of multi-segment products. The GRID concept seeks here to highlight new working environments without aesthetics.<\/p>\n\n\n\n<figure class=\"wp-block-image is-resized\"><img loading=\"lazy\" decoding=\"async\" src=\"https:\/\/archibat.com\/blog\/wp-content\/uploads\/2019\/07\/ronan-erwan-bouroullec-grid-established-and-sons-designboom-006-330x480.jpg\" alt=\"\" class=\"wp-image-10028\" width=\"774\" height=\"1126\" srcset=\"https:\/\/archibat.com\/blog\/wp-content\/uploads\/2019\/07\/ronan-erwan-bouroullec-grid-established-and-sons-designboom-006-330x480.jpg 330w, https:\/\/archibat.com\/blog\/wp-content\/uploads\/2019\/07\/ronan-erwan-bouroullec-grid-established-and-sons-designboom-006-206x300.jpg 206w, https:\/\/archibat.com\/blog\/wp-content\/uploads\/2019\/07\/ronan-erwan-bouroullec-grid-established-and-sons-designboom-006-768x1116.jpg 768w, https:\/\/archibat.com\/blog\/wp-content\/uploads\/2019\/07\/ronan-erwan-bouroullec-grid-established-and-sons-designboom-006.jpg 818w\" sizes=\"auto, (max-width: 774px) 100vw, 774px\" \/><\/figure>\n\n\n\n<figure class=\"wp-block-image is-resized\"><img loading=\"lazy\" decoding=\"async\" src=\"https:\/\/archibat.com\/blog\/wp-content\/uploads\/2019\/07\/ronan-erwan-bouroullec-grid-established-and-sons-designboom-012-583x480.jpg\" alt=\"\" class=\"wp-image-10040\" width=\"743\" height=\"611\" srcset=\"https:\/\/archibat.com\/blog\/wp-content\/uploads\/2019\/07\/ronan-erwan-bouroullec-grid-established-and-sons-designboom-012-583x480.jpg 583w, https:\/\/archibat.com\/blog\/wp-content\/uploads\/2019\/07\/ronan-erwan-bouroullec-grid-established-and-sons-designboom-012-300x247.jpg 300w, https:\/\/archibat.com\/blog\/wp-content\/uploads\/2019\/07\/ronan-erwan-bouroullec-grid-established-and-sons-designboom-012-768x632.jpg 768w, https:\/\/archibat.com\/blog\/wp-content\/uploads\/2019\/07\/ronan-erwan-bouroullec-grid-established-and-sons-designboom-012.jpg 818w\" sizes=\"auto, (max-width: 743px) 100vw, 743px\" \/><\/figure>\n\n\n\n<p>The work environment is changing rapidly. It is different from the one that previous generations have known. He is no longer frozen. The advent of the internet and new technologies has given rise to new jobs that only need to be equipped with a computer. This is why many co-working spaces have emerged, resulting from this transformation of the world of work.<\/p>\n\n\n\n<p>GRID, made by the Bouroullec brothers for Established &amp; Sons, provides privacy in an open interior space. It is conceived as a transformable and evolving object according to the use. Its raw hull is a base for modular seating, shelves, tables and screens. Its flexible central design allows GRID to be integrated in different ways depending on the use, creating a fun and multifunctional environment for personal work, informal meetings or moments of relaxation.<\/p>\n\n\n\n<p>The basic module is L-shaped with two sides 2.5 meters long, all surrounded by high panels. On the sofa for relaxation, on side tables for work, the structure can be used in many different ways. Sometimes a standing desk, sometimes a sitting desk, a modular shelf can complete the structure. The side panels are wire mesh or larch incorporating cushions for more intimate interactions or to sleep comfortably.<\/p>\n\n\n\n<p>GRID is so flexible that it can be assembled in many ways: U-shaped for a more enveloping effect, in a straight module without a seat that functions as a partition, or in a straight module with a bench seat. Modules can be joined to create different spaces as needed.<\/p>\n\n\n\n<figure class=\"wp-block-image is-resized\"><img loading=\"lazy\" decoding=\"async\" src=\"https:\/\/archibat.com\/blog\/wp-content\/uploads\/2019\/07\/ronan-erwan-bouroullec-grid-established-and-sons-designboom-001-654x480.jpg\" alt=\"\" class=\"wp-image-10018\" width=\"743\" height=\"545\" srcset=\"https:\/\/archibat.com\/blog\/wp-content\/uploads\/2019\/07\/ronan-erwan-bouroullec-grid-established-and-sons-designboom-001-654x480.jpg 654w, https:\/\/archibat.com\/blog\/wp-content\/uploads\/2019\/07\/ronan-erwan-bouroullec-grid-established-and-sons-designboom-001-300x220.jpg 300w, https:\/\/archibat.com\/blog\/wp-content\/uploads\/2019\/07\/ronan-erwan-bouroullec-grid-established-and-sons-designboom-001-768x563.jpg 768w, https:\/\/archibat.com\/blog\/wp-content\/uploads\/2019\/07\/ronan-erwan-bouroullec-grid-established-and-sons-designboom-001.jpg 818w\" sizes=\"auto, (max-width: 743px) 100vw, 743px\" \/><\/figure>\n\n\n\n<figure class=\"wp-block-image is-resized\"><img loading=\"lazy\" decoding=\"async\" src=\"https:\/\/archibat.com\/blog\/wp-content\/uploads\/2019\/07\/ronan-erwan-bouroullec-grid-established-and-sons-designboom-002-613x480.jpg\" alt=\"\" class=\"wp-image-10020\" width=\"766\" height=\"600\" srcset=\"https:\/\/archibat.com\/blog\/wp-content\/uploads\/2019\/07\/ronan-erwan-bouroullec-grid-established-and-sons-designboom-002-613x480.jpg 613w, https:\/\/archibat.com\/blog\/wp-content\/uploads\/2019\/07\/ronan-erwan-bouroullec-grid-established-and-sons-designboom-002-300x235.jpg 300w, https:\/\/archibat.com\/blog\/wp-content\/uploads\/2019\/07\/ronan-erwan-bouroullec-grid-established-and-sons-designboom-002-768x602.jpg 768w, https:\/\/archibat.com\/blog\/wp-content\/uploads\/2019\/07\/ronan-erwan-bouroullec-grid-established-and-sons-designboom-002.jpg 818w\" sizes=\"auto, (max-width: 766px) 100vw, 766px\" \/><\/figure>\n\n\n\n<figure class=\"wp-block-image is-resized\"><img loading=\"lazy\" decoding=\"async\" src=\"https:\/\/archibat.com\/blog\/wp-content\/uploads\/2019\/07\/ronan-erwan-bouroullec-grid-established-and-sons-designboom-003-641x480.jpg\" alt=\"\" class=\"wp-image-10022\" width=\"789\" height=\"590\" srcset=\"https:\/\/archibat.com\/blog\/wp-content\/uploads\/2019\/07\/ronan-erwan-bouroullec-grid-established-and-sons-designboom-003-641x480.jpg 641w, https:\/\/archibat.com\/blog\/wp-content\/uploads\/2019\/07\/ronan-erwan-bouroullec-grid-established-and-sons-designboom-003-300x225.jpg 300w, https:\/\/archibat.com\/blog\/wp-content\/uploads\/2019\/07\/ronan-erwan-bouroullec-grid-established-and-sons-designboom-003.jpg 818w\" sizes=\"auto, (max-width: 789px) 100vw, 789px\" \/><\/figure>\n\n\n\n<figure class=\"wp-block-image is-resized\"><img loading=\"lazy\" decoding=\"async\" src=\"https:\/\/archibat.com\/blog\/wp-content\/uploads\/2019\/07\/ronan-erwan-bouroullec-grid-established-and-sons-designboom-005-588x480.jpg\" alt=\"\" class=\"wp-image-10026\" width=\"785\" height=\"640\" srcset=\"https:\/\/archibat.com\/blog\/wp-content\/uploads\/2019\/07\/ronan-erwan-bouroullec-grid-established-and-sons-designboom-005-588x480.jpg 588w, https:\/\/archibat.com\/blog\/wp-content\/uploads\/2019\/07\/ronan-erwan-bouroullec-grid-established-and-sons-designboom-005-300x245.jpg 300w, https:\/\/archibat.com\/blog\/wp-content\/uploads\/2019\/07\/ronan-erwan-bouroullec-grid-established-and-sons-designboom-005-768x627.jpg 768w, https:\/\/archibat.com\/blog\/wp-content\/uploads\/2019\/07\/ronan-erwan-bouroullec-grid-established-and-sons-designboom-005.jpg 818w\" sizes=\"auto, (max-width: 785px) 100vw, 785px\" \/><\/figure>\n\n\n\n<figure class=\"wp-block-image is-resized\"><img loading=\"lazy\" decoding=\"async\" src=\"https:\/\/archibat.com\/blog\/wp-content\/uploads\/2019\/07\/ronan-erwan-bouroullec-grid-established-and-sons-designboom-007-639x480.jpg\" alt=\"\" class=\"wp-image-10030\" width=\"804\" height=\"603\" srcset=\"https:\/\/archibat.com\/blog\/wp-content\/uploads\/2019\/07\/ronan-erwan-bouroullec-grid-established-and-sons-designboom-007-639x480.jpg 639w, https:\/\/archibat.com\/blog\/wp-content\/uploads\/2019\/07\/ronan-erwan-bouroullec-grid-established-and-sons-designboom-007-300x225.jpg 300w, https:\/\/archibat.com\/blog\/wp-content\/uploads\/2019\/07\/ronan-erwan-bouroullec-grid-established-and-sons-designboom-007-768x576.jpg 768w, https:\/\/archibat.com\/blog\/wp-content\/uploads\/2019\/07\/ronan-erwan-bouroullec-grid-established-and-sons-designboom-007.jpg 818w\" sizes=\"auto, (max-width: 804px) 100vw, 804px\" \/><\/figure>\n\n\n\n<figure class=\"wp-block-image is-resized\"><img loading=\"lazy\" decoding=\"async\" src=\"https:\/\/archibat.com\/blog\/wp-content\/uploads\/2019\/07\/ronan-erwan-bouroullec-grid-established-and-sons-designboom-008-679x480.jpg\" alt=\"\" class=\"wp-image-10032\" width=\"785\" height=\"555\" srcset=\"https:\/\/archibat.com\/blog\/wp-content\/uploads\/2019\/07\/ronan-erwan-bouroullec-grid-established-and-sons-designboom-008-679x480.jpg 679w, https:\/\/archibat.com\/blog\/wp-content\/uploads\/2019\/07\/ronan-erwan-bouroullec-grid-established-and-sons-designboom-008-300x212.jpg 300w, https:\/\/archibat.com\/blog\/wp-content\/uploads\/2019\/07\/ronan-erwan-bouroullec-grid-established-and-sons-designboom-008-768x543.jpg 768w, https:\/\/archibat.com\/blog\/wp-content\/uploads\/2019\/07\/ronan-erwan-bouroullec-grid-established-and-sons-designboom-008.jpg 818w\" sizes=\"auto, (max-width: 785px) 100vw, 785px\" \/><\/figure>\n\n\n\n<figure class=\"wp-block-image is-resized\"><img loading=\"lazy\" decoding=\"async\" src=\"https:\/\/archibat.com\/blog\/wp-content\/uploads\/2019\/07\/ronan-erwan-bouroullec-grid-established-and-sons-designboom-010-625x480.jpg\" alt=\"\" class=\"wp-image-10036\" width=\"763\" height=\"585\" srcset=\"https:\/\/archibat.com\/blog\/wp-content\/uploads\/2019\/07\/ronan-erwan-bouroullec-grid-established-and-sons-designboom-010-625x480.jpg 625w, https:\/\/archibat.com\/blog\/wp-content\/uploads\/2019\/07\/ronan-erwan-bouroullec-grid-established-and-sons-designboom-010-300x230.jpg 300w, https:\/\/archibat.com\/blog\/wp-content\/uploads\/2019\/07\/ronan-erwan-bouroullec-grid-established-and-sons-designboom-010-768x590.jpg 768w, https:\/\/archibat.com\/blog\/wp-content\/uploads\/2019\/07\/ronan-erwan-bouroullec-grid-established-and-sons-designboom-010.jpg 818w\" sizes=\"auto, (max-width: 763px) 100vw, 763px\" \/><\/figure>\n\n\n\n<figure class=\"wp-block-image is-resized\"><img loading=\"lazy\" decoding=\"async\" src=\"https:\/\/archibat.com\/blog\/wp-content\/uploads\/2019\/07\/ronan-erwan-bouroullec-grid-established-and-sons-designboom-011-576x480.jpg\" alt=\"\" class=\"wp-image-10038\" width=\"764\" height=\"637\" srcset=\"https:\/\/archibat.com\/blog\/wp-content\/uploads\/2019\/07\/ronan-erwan-bouroullec-grid-established-and-sons-designboom-011-576x480.jpg 576w, https:\/\/archibat.com\/blog\/wp-content\/uploads\/2019\/07\/ronan-erwan-bouroullec-grid-established-and-sons-designboom-011-300x250.jpg 300w, https:\/\/archibat.com\/blog\/wp-content\/uploads\/2019\/07\/ronan-erwan-bouroullec-grid-established-and-sons-designboom-011-768x640.jpg 768w, https:\/\/archibat.com\/blog\/wp-content\/uploads\/2019\/07\/ronan-erwan-bouroullec-grid-established-and-sons-designboom-011.jpg 818w\" sizes=\"auto, (max-width: 764px) 100vw, 764px\" \/><\/figure>\n","protected":false},"excerpt":{"rendered":"<p>For the 2019 edition of Clerkenwell Design Week, British brand Establish &amp; Sons explores the trend of living spaces mixed with workspaces by creating a\u2026<\/p>\n","protected":false},"author":2,"featured_media":10025,"comment_status":"closed","ping_status":"closed","sticky":false,"template":"","format":"standard","meta":{"_acf_changed":false,"footnotes":""},"categories":[498],"tags":[2239],"class_list":["post-10133","post","type-post","status-publish","format-standard","has-post-thumbnail","hentry","category-architecture-and-design","tag-design-en"],"acf":[],"yoast_head":"<!-- This site is optimized with the Yoast SEO plugin v24.8.1 - https:\/\/yoast.com\/wordpress\/plugins\/seo\/ -->\n<title>A multifunctional space for nomadic work &#8211; ArchiBat Mag<\/title>\n<meta name=\"robots\" content=\"index, follow, max-snippet:-1, max-image-preview:large, max-video-preview:-1\" \/>\n<link rel=\"canonical\" href=\"https:\/\/archibat.com\/blog\/un-espace-multifonctionnel-pour-le-travail-nomade\/\" \/>\n<meta property=\"og:locale\" content=\"en_US\" \/>\n<meta property=\"og:type\" content=\"article\" \/>\n<meta property=\"og:title\" content=\"A multifunctional space for nomadic work &#8211; ArchiBat Mag\" \/>\n<meta property=\"og:description\" content=\"For the 2019 edition of Clerkenwell Design Week, British brand Establish &amp; Sons explores the trend of living spaces mixed with workspaces by creating a\u2026\" \/>\n<meta property=\"og:url\" content=\"https:\/\/archibat.com\/blog\/un-espace-multifonctionnel-pour-le-travail-nomade\/\" \/>\n<meta property=\"og:site_name\" content=\"ArchiBat Mag\" \/>\n<meta property=\"article:published_time\" content=\"2019-08-01T04:00:49+00:00\" \/>\n<meta property=\"og:image\" content=\"https:\/\/archibat.com\/blog\/wp-content\/uploads\/2019\/07\/ronan-erwan-bouroullec-grid-established-and-sons-designboom-004.jpg\" \/>\n\t<meta property=\"og:image:width\" content=\"818\" \/>\n\t<meta property=\"og:image:height\" content=\"570\" \/>\n\t<meta property=\"og:image:type\" content=\"image\/jpeg\" \/>\n<meta name=\"author\" content=\"communication\" \/>\n<meta name=\"twitter:card\" content=\"summary_large_image\" \/>\n<meta name=\"twitter:label1\" content=\"Written by\" \/>\n\t<meta name=\"twitter:data1\" content=\"communication\" \/>\n\t<meta name=\"twitter:label2\" content=\"Est. reading time\" \/>\n\t<meta name=\"twitter:data2\" content=\"1 minute\" \/>\n<script type=\"application\/ld+json\" class=\"yoast-schema-graph\">{\"@context\":\"https:\/\/schema.org\",\"@graph\":[{\"@type\":\"WebPage\",\"@id\":\"https:\/\/archibat.com\/blog\/un-espace-multifonctionnel-pour-le-travail-nomade\/\",\"url\":\"https:\/\/archibat.com\/blog\/un-espace-multifonctionnel-pour-le-travail-nomade\/\",\"name\":\"A multifunctional space for nomadic work &#8211; ArchiBat Mag\",\"isPartOf\":{\"@id\":\"https:\/\/archibat.com\/blog\/#website\"},\"primaryImageOfPage\":{\"@id\":\"https:\/\/archibat.com\/blog\/un-espace-multifonctionnel-pour-le-travail-nomade\/#primaryimage\"},\"image\":{\"@id\":\"https:\/\/archibat.com\/blog\/un-espace-multifonctionnel-pour-le-travail-nomade\/#primaryimage\"},\"thumbnailUrl\":\"https:\/\/archibat.com\/blog\/wp-content\/uploads\/2019\/07\/ronan-erwan-bouroullec-grid-established-and-sons-designboom-004.jpg\",\"datePublished\":\"2019-08-01T04:00:49+00:00\",\"author\":{\"@id\":\"https:\/\/archibat.com\/blog\/#\/schema\/person\/c246f0d63b5e719c2cbe4f9bd494bf12\"},\"breadcrumb\":{\"@id\":\"https:\/\/archibat.com\/blog\/un-espace-multifonctionnel-pour-le-travail-nomade\/#breadcrumb\"},\"inLanguage\":\"en-US\",\"potentialAction\":[{\"@type\":\"ReadAction\",\"target\":[\"https:\/\/archibat.com\/blog\/un-espace-multifonctionnel-pour-le-travail-nomade\/\"]}]},{\"@type\":\"ImageObject\",\"inLanguage\":\"en-US\",\"@id\":\"https:\/\/archibat.com\/blog\/un-espace-multifonctionnel-pour-le-travail-nomade\/#primaryimage\",\"url\":\"https:\/\/archibat.com\/blog\/wp-content\/uploads\/2019\/07\/ronan-erwan-bouroullec-grid-established-and-sons-designboom-004.jpg\",\"contentUrl\":\"https:\/\/archibat.com\/blog\/wp-content\/uploads\/2019\/07\/ronan-erwan-bouroullec-grid-established-and-sons-designboom-004.jpg\",\"width\":818,\"height\":570},{\"@type\":\"BreadcrumbList\",\"@id\":\"https:\/\/archibat.com\/blog\/un-espace-multifonctionnel-pour-le-travail-nomade\/#breadcrumb\",\"itemListElement\":[{\"@type\":\"ListItem\",\"position\":1,\"name\":\"Home\",\"item\":\"https:\/\/archibat.com\/blog\/en\/\"},{\"@type\":\"ListItem\",\"position\":2,\"name\":\"A multifunctional space for nomadic work\"}]},{\"@type\":\"WebSite\",\"@id\":\"https:\/\/archibat.com\/blog\/#website\",\"url\":\"https:\/\/archibat.com\/blog\/\",\"name\":\"ArchiBat Mag\",\"description\":\"Vous souhaitez connaitre les derni\u00e8res actualit\u00e9s sur l\u2019Architecture, le Design ou les Ressources Humaines ? D\u00e9couvrez ArchiBat Mag, le magazine d\u00e9di\u00e9 aux m\u00e9tiers de l&#039;Architecture et de l&#039;Ing\u00e9nierie.\",\"potentialAction\":[{\"@type\":\"SearchAction\",\"target\":{\"@type\":\"EntryPoint\",\"urlTemplate\":\"https:\/\/archibat.com\/blog\/?s={search_term_string}\"},\"query-input\":{\"@type\":\"PropertyValueSpecification\",\"valueRequired\":true,\"valueName\":\"search_term_string\"}}],\"inLanguage\":\"en-US\"},{\"@type\":\"Person\",\"@id\":\"https:\/\/archibat.com\/blog\/#\/schema\/person\/c246f0d63b5e719c2cbe4f9bd494bf12\",\"name\":\"communication\"}]}<\/script>\n<!-- \/ Yoast SEO plugin. -->","yoast_head_json":{"title":"A multifunctional space for nomadic work &#8211; ArchiBat Mag","robots":{"index":"index","follow":"follow","max-snippet":"max-snippet:-1","max-image-preview":"max-image-preview:large","max-video-preview":"max-video-preview:-1"},"canonical":"https:\/\/archibat.com\/blog\/un-espace-multifonctionnel-pour-le-travail-nomade\/","og_locale":"en_US","og_type":"article","og_title":"A multifunctional space for nomadic work &#8211; ArchiBat Mag","og_description":"For the 2019 edition of Clerkenwell Design Week, British brand Establish &amp; Sons explores the trend of living spaces mixed with workspaces by creating a\u2026","og_url":"https:\/\/archibat.com\/blog\/un-espace-multifonctionnel-pour-le-travail-nomade\/","og_site_name":"ArchiBat Mag","article_published_time":"2019-08-01T04:00:49+00:00","og_image":[{"width":818,"height":570,"url":"https:\/\/archibat.com\/blog\/wp-content\/uploads\/2019\/07\/ronan-erwan-bouroullec-grid-established-and-sons-designboom-004.jpg","type":"image\/jpeg"}],"author":"communication","twitter_card":"summary_large_image","twitter_misc":{"Written by":"communication","Est. reading time":"1 minute"},"schema":{"@context":"https:\/\/schema.org","@graph":[{"@type":"WebPage","@id":"https:\/\/archibat.com\/blog\/un-espace-multifonctionnel-pour-le-travail-nomade\/","url":"https:\/\/archibat.com\/blog\/un-espace-multifonctionnel-pour-le-travail-nomade\/","name":"A multifunctional space for nomadic work &#8211; ArchiBat Mag","isPartOf":{"@id":"https:\/\/archibat.com\/blog\/#website"},"primaryImageOfPage":{"@id":"https:\/\/archibat.com\/blog\/un-espace-multifonctionnel-pour-le-travail-nomade\/#primaryimage"},"image":{"@id":"https:\/\/archibat.com\/blog\/un-espace-multifonctionnel-pour-le-travail-nomade\/#primaryimage"},"thumbnailUrl":"https:\/\/archibat.com\/blog\/wp-content\/uploads\/2019\/07\/ronan-erwan-bouroullec-grid-established-and-sons-designboom-004.jpg","datePublished":"2019-08-01T04:00:49+00:00","author":{"@id":"https:\/\/archibat.com\/blog\/#\/schema\/person\/c246f0d63b5e719c2cbe4f9bd494bf12"},"breadcrumb":{"@id":"https:\/\/archibat.com\/blog\/un-espace-multifonctionnel-pour-le-travail-nomade\/#breadcrumb"},"inLanguage":"en-US","potentialAction":[{"@type":"ReadAction","target":["https:\/\/archibat.com\/blog\/un-espace-multifonctionnel-pour-le-travail-nomade\/"]}]},{"@type":"ImageObject","inLanguage":"en-US","@id":"https:\/\/archibat.com\/blog\/un-espace-multifonctionnel-pour-le-travail-nomade\/#primaryimage","url":"https:\/\/archibat.com\/blog\/wp-content\/uploads\/2019\/07\/ronan-erwan-bouroullec-grid-established-and-sons-designboom-004.jpg","contentUrl":"https:\/\/archibat.com\/blog\/wp-content\/uploads\/2019\/07\/ronan-erwan-bouroullec-grid-established-and-sons-designboom-004.jpg","width":818,"height":570},{"@type":"BreadcrumbList","@id":"https:\/\/archibat.com\/blog\/un-espace-multifonctionnel-pour-le-travail-nomade\/#breadcrumb","itemListElement":[{"@type":"ListItem","position":1,"name":"Home","item":"https:\/\/archibat.com\/blog\/en\/"},{"@type":"ListItem","position":2,"name":"A multifunctional space for nomadic work"}]},{"@type":"WebSite","@id":"https:\/\/archibat.com\/blog\/#website","url":"https:\/\/archibat.com\/blog\/","name":"ArchiBat Mag","description":"Vous souhaitez connaitre les derni\u00e8res actualit\u00e9s sur l\u2019Architecture, le Design ou les Ressources Humaines ? D\u00e9couvrez ArchiBat Mag, le magazine d\u00e9di\u00e9 aux m\u00e9tiers de l&#039;Architecture et de l&#039;Ing\u00e9nierie.","potentialAction":[{"@type":"SearchAction","target":{"@type":"EntryPoint","urlTemplate":"https:\/\/archibat.com\/blog\/?s={search_term_string}"},"query-input":{"@type":"PropertyValueSpecification","valueRequired":true,"valueName":"search_term_string"}}],"inLanguage":"en-US"},{"@type":"Person","@id":"https:\/\/archibat.com\/blog\/#\/schema\/person\/c246f0d63b5e719c2cbe4f9bd494bf12","name":"communication"}]}},"_links":{"self":[{"href":"https:\/\/archibat.com\/blog\/en\/wp-json\/wp\/v2\/posts\/10133","targetHints":{"allow":["GET"]}}],"collection":[{"href":"https:\/\/archibat.com\/blog\/en\/wp-json\/wp\/v2\/posts"}],"about":[{"href":"https:\/\/archibat.com\/blog\/en\/wp-json\/wp\/v2\/types\/post"}],"author":[{"embeddable":true,"href":"https:\/\/archibat.com\/blog\/en\/wp-json\/wp\/v2\/users\/2"}],"replies":[{"embeddable":true,"href":"https:\/\/archibat.com\/blog\/en\/wp-json\/wp\/v2\/comments?post=10133"}],"version-history":[{"count":1,"href":"https:\/\/archibat.com\/blog\/en\/wp-json\/wp\/v2\/posts\/10133\/revisions"}],"predecessor-version":[{"id":10134,"href":"https:\/\/archibat.com\/blog\/en\/wp-json\/wp\/v2\/posts\/10133\/revisions\/10134"}],"wp:featuredmedia":[{"embeddable":true,"href":"https:\/\/archibat.com\/blog\/en\/wp-json\/wp\/v2\/media\/10025"}],"wp:attachment":[{"href":"https:\/\/archibat.com\/blog\/en\/wp-json\/wp\/v2\/media?parent=10133"}],"wp:term":[{"taxonomy":"category","embeddable":true,"href":"https:\/\/archibat.com\/blog\/en\/wp-json\/wp\/v2\/categories?post=10133"},{"taxonomy":"post_tag","embeddable":true,"href":"https:\/\/archibat.com\/blog\/en\/wp-json\/wp\/v2\/tags?post=10133"}],"curies":[{"name":"wp","href":"https:\/\/api.w.org\/{rel}","templated":true}]}}