{"id":1569,"date":"2016-03-10T14:45:45","date_gmt":"2016-03-10T13:45:45","guid":{"rendered":"https:\/\/www.archibat.com\/blog\/?p=1569&#038;lang=en"},"modified":"2018-10-30T16:59:55","modified_gmt":"2018-10-30T15:59:55","slug":"meet-the-2016-pritzker-prize-winner","status":"publish","type":"post","link":"https:\/\/archibat.com\/blog\/en\/meet-the-2016-pritzker-prize-winner\/","title":{"rendered":"Meet the 2016 Pritzker Prize winner"},"content":{"rendered":"<p>This year, Alejandro Aravena, a 48-year-old Chilean architect, was named as the Pritzker Prize winner. He is known for his involvement in low cost housing and the reconstruction of cities after natural disasters. He is next in a line of renowned South American architects such as Luis Barragan (1980), Oscar Niemeyer (1988) and Paulo Mendes da Rocha (2006), but he is the first to come from Chile.<\/p>\n<p>The Pritzker Prize awarded by the Hyatt foundation, is globally recognised as the ultimate accolade for the discipline. The award will be presented to Mr. Aravena on 4<sup>th<\/sup> April 2016 at the United Nations Headquarters in New York.<\/p>\n<p><img loading=\"lazy\" decoding=\"async\" class=\"alignnone size-full wp-image-1424\" src=\"https:\/\/www.archibat.com\/blog\/wp-content\/uploads\/2016\/01\/Alejandro-Aravena-Innovation-Center-08-3.jpg\" alt=\"Alejandro Aravena\" width=\"635\" height=\"408\" srcset=\"https:\/\/archibat.com\/blog\/wp-content\/uploads\/2016\/01\/Alejandro-Aravena-Innovation-Center-08-3.jpg 635w, https:\/\/archibat.com\/blog\/wp-content\/uploads\/2016\/01\/Alejandro-Aravena-Innovation-Center-08-3-300x193.jpg 300w\" sizes=\"auto, (max-width: 635px) 100vw, 635px\" \/><\/p>\n<p><em>Santiago &#8211; Chili<\/em><\/p>\n<h2>An internationally recognised career<\/h2>\n<p>Alejandro Aravena studied architecture at the Catholic University of Chile from which he graduated in 1992. He taught at Harvard from 2000 to 2005 where he founded ELEMENTAL (see below) together with the engineer Andres Lacobelli. He was also a member of the Pritzker Prize jury from 2009 to 2015. Finally, this year saw him appointed as commissioner of the Venice International Architecture Exhibition.<\/p>\n<p>His projects go beyond the South American borders and reach around the world: \u00a0United States, Mexico, China, Switzerland, etc.<\/p>\n<p><img loading=\"lazy\" decoding=\"async\" class=\"alignnone size-full wp-image-1425\" src=\"https:\/\/www.archibat.com\/blog\/wp-content\/uploads\/2016\/01\/AND_05-3.jpg\" alt=\"Alejandro Aravena\" width=\"635\" height=\"408\" srcset=\"https:\/\/archibat.com\/blog\/wp-content\/uploads\/2016\/01\/AND_05-3.jpg 635w, https:\/\/archibat.com\/blog\/wp-content\/uploads\/2016\/01\/AND_05-3-300x193.jpg 300w\" sizes=\"auto, (max-width: 635px) 100vw, 635px\" \/><\/p>\n<p><em>Jalisco &#8211; Mexique<\/em><\/p>\n<p><img loading=\"lazy\" decoding=\"async\" class=\"alignnone size-full wp-image-1426\" src=\"https:\/\/www.archibat.com\/blog\/wp-content\/uploads\/2016\/01\/0004_SIAM_01-3.jpg\" alt=\"Alejandro Aravena\" width=\"635\" height=\"408\" srcset=\"https:\/\/archibat.com\/blog\/wp-content\/uploads\/2016\/01\/0004_SIAM_01-3.jpg 635w, https:\/\/archibat.com\/blog\/wp-content\/uploads\/2016\/01\/0004_SIAM_01-3-300x193.jpg 300w\" sizes=\"auto, (max-width: 635px) 100vw, 635px\" \/><\/p>\n<p><em>Santiago &#8211; Chili<\/em><\/p>\n<h2>ELEMENTAL: a &#8220;Do Tank&#8221; rather than a &#8220;Think Tank&#8221;<\/h2>\n<p>His company <a href=\"http:\/\/www.elementalchile.cl\/en\/\" target=\"_blank\" rel=\"noopener\">ELEMENTAL<\/a>, co-founded in 2001, focuses on projects of public interest with a social impact. They played a central role in the rebuilding of Constituci\u00f3n, one of the towns affected by the 2010 earthquake and subsequent tsunami. The aim was to determine how to rebuild this town, that was almost completely destroyed, in just 100 days. The project is still ongoing. One of the ideas that was put in place is the construction of social housing enabling people to adapt their homes and finish them themselves according to their needs. The living space could therefore be anywhere between 57 m<sup>2<\/sup> and 85 m<sup>2<\/sup>. Aravena prefers these high-quality &#8216;half houses&#8217; over complete, lower-quality houses.<\/p>\n<p><img loading=\"lazy\" decoding=\"async\" class=\"alignnone size-full wp-image-1427\" src=\"https:\/\/www.archibat.com\/blog\/wp-content\/uploads\/2016\/01\/Alejandro-Aravena-Villa-Verde-House-01_v2-3.png\" alt=\"Alejandro Aravena\" width=\"635\" height=\"732\" srcset=\"https:\/\/archibat.com\/blog\/wp-content\/uploads\/2016\/01\/Alejandro-Aravena-Villa-Verde-House-01_v2-3.png 635w, https:\/\/archibat.com\/blog\/wp-content\/uploads\/2016\/01\/Alejandro-Aravena-Villa-Verde-House-01_v2-3-260x300.png 260w, https:\/\/archibat.com\/blog\/wp-content\/uploads\/2016\/01\/Alejandro-Aravena-Villa-Verde-House-01_v2-3-416x480.png 416w\" sizes=\"auto, (max-width: 635px) 100vw, 635px\" \/><\/p>\n<p><em>Constituc\u00econ &#8211; Chili<br \/>\n<\/em><\/p>\n<p>&nbsp;<\/p>\n<p><em><strong>Aravena produces outstanding architecture which is accessible to all &#8211; that seems clear to us. What do you think?<\/strong><\/em><\/p>\n","protected":false},"excerpt":{"rendered":"<p>This year, Alejandro Aravena, a 48-year-old Chilean architect, was named as the Pritzker Prize winner. He is known for his involvement in low cost housing\u2026<\/p>\n","protected":false},"author":2,"featured_media":1572,"comment_status":"closed","ping_status":"closed","sticky":false,"template":"","format":"standard","meta":{"_acf_changed":false,"footnotes":""},"categories":[498],"tags":[],"class_list":["post-1569","post","type-post","status-publish","format-standard","has-post-thumbnail","hentry","category-architecture-and-design"],"acf":[],"yoast_head":"<!-- This site is optimized with the Yoast SEO plugin v24.8.1 - https:\/\/yoast.com\/wordpress\/plugins\/seo\/ -->\n<title>Meet the 2016 Pritzker Prize winner &#8211; ArchiBat Mag<\/title>\n<meta name=\"robots\" content=\"index, follow, max-snippet:-1, max-image-preview:large, max-video-preview:-1\" \/>\n<link rel=\"canonical\" href=\"https:\/\/archibat.com\/blog\/decouvrez-le-laureat-du-prix-pritzker-2016\/\" \/>\n<meta property=\"og:locale\" content=\"en_US\" \/>\n<meta property=\"og:type\" content=\"article\" \/>\n<meta property=\"og:title\" content=\"Meet the 2016 Pritzker Prize winner &#8211; ArchiBat Mag\" \/>\n<meta property=\"og:description\" content=\"This year, Alejandro Aravena, a 48-year-old Chilean architect, was named as the Pritzker Prize winner. He is known for his involvement in low cost housing\u2026\" \/>\n<meta property=\"og:url\" content=\"https:\/\/archibat.com\/blog\/decouvrez-le-laureat-du-prix-pritzker-2016\/\" \/>\n<meta property=\"og:site_name\" content=\"ArchiBat Mag\" \/>\n<meta property=\"article:published_time\" content=\"2016-03-10T13:45:45+00:00\" \/>\n<meta property=\"article:modified_time\" content=\"2018-10-30T15:59:55+00:00\" \/>\n<meta property=\"og:image\" content=\"https:\/\/archibat.com\/blog\/wp-content\/uploads\/2016\/03\/010_OCEAN_3-3.jpg\" \/>\n\t<meta property=\"og:image:width\" content=\"635\" \/>\n\t<meta property=\"og:image:height\" content=\"327\" \/>\n\t<meta property=\"og:image:type\" content=\"image\/jpeg\" \/>\n<meta name=\"author\" content=\"communication\" \/>\n<meta name=\"twitter:card\" content=\"summary_large_image\" \/>\n<meta name=\"twitter:label1\" content=\"Written by\" \/>\n\t<meta name=\"twitter:data1\" content=\"communication\" \/>\n\t<meta name=\"twitter:label2\" content=\"Est. reading time\" \/>\n\t<meta name=\"twitter:data2\" content=\"2 minutes\" \/>\n<script type=\"application\/ld+json\" class=\"yoast-schema-graph\">{\"@context\":\"https:\/\/schema.org\",\"@graph\":[{\"@type\":\"WebPage\",\"@id\":\"https:\/\/archibat.com\/blog\/decouvrez-le-laureat-du-prix-pritzker-2016\/\",\"url\":\"https:\/\/archibat.com\/blog\/decouvrez-le-laureat-du-prix-pritzker-2016\/\",\"name\":\"Meet the 2016 Pritzker Prize winner &#8211; ArchiBat Mag\",\"isPartOf\":{\"@id\":\"https:\/\/archibat.com\/blog\/#website\"},\"primaryImageOfPage\":{\"@id\":\"https:\/\/archibat.com\/blog\/decouvrez-le-laureat-du-prix-pritzker-2016\/#primaryimage\"},\"image\":{\"@id\":\"https:\/\/archibat.com\/blog\/decouvrez-le-laureat-du-prix-pritzker-2016\/#primaryimage\"},\"thumbnailUrl\":\"https:\/\/archibat.com\/blog\/wp-content\/uploads\/2016\/03\/010_OCEAN_3-3.jpg\",\"datePublished\":\"2016-03-10T13:45:45+00:00\",\"dateModified\":\"2018-10-30T15:59:55+00:00\",\"author\":{\"@id\":\"https:\/\/archibat.com\/blog\/#\/schema\/person\/c246f0d63b5e719c2cbe4f9bd494bf12\"},\"breadcrumb\":{\"@id\":\"https:\/\/archibat.com\/blog\/decouvrez-le-laureat-du-prix-pritzker-2016\/#breadcrumb\"},\"inLanguage\":\"en-US\",\"potentialAction\":[{\"@type\":\"ReadAction\",\"target\":[\"https:\/\/archibat.com\/blog\/decouvrez-le-laureat-du-prix-pritzker-2016\/\"]}]},{\"@type\":\"ImageObject\",\"inLanguage\":\"en-US\",\"@id\":\"https:\/\/archibat.com\/blog\/decouvrez-le-laureat-du-prix-pritzker-2016\/#primaryimage\",\"url\":\"https:\/\/archibat.com\/blog\/wp-content\/uploads\/2016\/03\/010_OCEAN_3-3.jpg\",\"contentUrl\":\"https:\/\/archibat.com\/blog\/wp-content\/uploads\/2016\/03\/010_OCEAN_3-3.jpg\",\"width\":635,\"height\":327},{\"@type\":\"BreadcrumbList\",\"@id\":\"https:\/\/archibat.com\/blog\/decouvrez-le-laureat-du-prix-pritzker-2016\/#breadcrumb\",\"itemListElement\":[{\"@type\":\"ListItem\",\"position\":1,\"name\":\"Home\",\"item\":\"https:\/\/archibat.com\/blog\/en\/\"},{\"@type\":\"ListItem\",\"position\":2,\"name\":\"Meet the 2016 Pritzker Prize winner\"}]},{\"@type\":\"WebSite\",\"@id\":\"https:\/\/archibat.com\/blog\/#website\",\"url\":\"https:\/\/archibat.com\/blog\/\",\"name\":\"ArchiBat Mag\",\"description\":\"Vous souhaitez connaitre les derni\u00e8res actualit\u00e9s sur l\u2019Architecture, le Design ou les Ressources Humaines ? D\u00e9couvrez ArchiBat Mag, le magazine d\u00e9di\u00e9 aux m\u00e9tiers de l&#039;Architecture et de l&#039;Ing\u00e9nierie.\",\"potentialAction\":[{\"@type\":\"SearchAction\",\"target\":{\"@type\":\"EntryPoint\",\"urlTemplate\":\"https:\/\/archibat.com\/blog\/?s={search_term_string}\"},\"query-input\":{\"@type\":\"PropertyValueSpecification\",\"valueRequired\":true,\"valueName\":\"search_term_string\"}}],\"inLanguage\":\"en-US\"},{\"@type\":\"Person\",\"@id\":\"https:\/\/archibat.com\/blog\/#\/schema\/person\/c246f0d63b5e719c2cbe4f9bd494bf12\",\"name\":\"communication\"}]}<\/script>\n<!-- \/ Yoast SEO plugin. -->","yoast_head_json":{"title":"Meet the 2016 Pritzker Prize winner &#8211; ArchiBat Mag","robots":{"index":"index","follow":"follow","max-snippet":"max-snippet:-1","max-image-preview":"max-image-preview:large","max-video-preview":"max-video-preview:-1"},"canonical":"https:\/\/archibat.com\/blog\/decouvrez-le-laureat-du-prix-pritzker-2016\/","og_locale":"en_US","og_type":"article","og_title":"Meet the 2016 Pritzker Prize winner &#8211; ArchiBat Mag","og_description":"This year, Alejandro Aravena, a 48-year-old Chilean architect, was named as the Pritzker Prize winner. He is known for his involvement in low cost housing\u2026","og_url":"https:\/\/archibat.com\/blog\/decouvrez-le-laureat-du-prix-pritzker-2016\/","og_site_name":"ArchiBat Mag","article_published_time":"2016-03-10T13:45:45+00:00","article_modified_time":"2018-10-30T15:59:55+00:00","og_image":[{"width":635,"height":327,"url":"https:\/\/archibat.com\/blog\/wp-content\/uploads\/2016\/03\/010_OCEAN_3-3.jpg","type":"image\/jpeg"}],"author":"communication","twitter_card":"summary_large_image","twitter_misc":{"Written by":"communication","Est. reading time":"2 minutes"},"schema":{"@context":"https:\/\/schema.org","@graph":[{"@type":"WebPage","@id":"https:\/\/archibat.com\/blog\/decouvrez-le-laureat-du-prix-pritzker-2016\/","url":"https:\/\/archibat.com\/blog\/decouvrez-le-laureat-du-prix-pritzker-2016\/","name":"Meet the 2016 Pritzker Prize winner &#8211; ArchiBat Mag","isPartOf":{"@id":"https:\/\/archibat.com\/blog\/#website"},"primaryImageOfPage":{"@id":"https:\/\/archibat.com\/blog\/decouvrez-le-laureat-du-prix-pritzker-2016\/#primaryimage"},"image":{"@id":"https:\/\/archibat.com\/blog\/decouvrez-le-laureat-du-prix-pritzker-2016\/#primaryimage"},"thumbnailUrl":"https:\/\/archibat.com\/blog\/wp-content\/uploads\/2016\/03\/010_OCEAN_3-3.jpg","datePublished":"2016-03-10T13:45:45+00:00","dateModified":"2018-10-30T15:59:55+00:00","author":{"@id":"https:\/\/archibat.com\/blog\/#\/schema\/person\/c246f0d63b5e719c2cbe4f9bd494bf12"},"breadcrumb":{"@id":"https:\/\/archibat.com\/blog\/decouvrez-le-laureat-du-prix-pritzker-2016\/#breadcrumb"},"inLanguage":"en-US","potentialAction":[{"@type":"ReadAction","target":["https:\/\/archibat.com\/blog\/decouvrez-le-laureat-du-prix-pritzker-2016\/"]}]},{"@type":"ImageObject","inLanguage":"en-US","@id":"https:\/\/archibat.com\/blog\/decouvrez-le-laureat-du-prix-pritzker-2016\/#primaryimage","url":"https:\/\/archibat.com\/blog\/wp-content\/uploads\/2016\/03\/010_OCEAN_3-3.jpg","contentUrl":"https:\/\/archibat.com\/blog\/wp-content\/uploads\/2016\/03\/010_OCEAN_3-3.jpg","width":635,"height":327},{"@type":"BreadcrumbList","@id":"https:\/\/archibat.com\/blog\/decouvrez-le-laureat-du-prix-pritzker-2016\/#breadcrumb","itemListElement":[{"@type":"ListItem","position":1,"name":"Home","item":"https:\/\/archibat.com\/blog\/en\/"},{"@type":"ListItem","position":2,"name":"Meet the 2016 Pritzker Prize winner"}]},{"@type":"WebSite","@id":"https:\/\/archibat.com\/blog\/#website","url":"https:\/\/archibat.com\/blog\/","name":"ArchiBat Mag","description":"Vous souhaitez connaitre les derni\u00e8res actualit\u00e9s sur l\u2019Architecture, le Design ou les Ressources Humaines ? D\u00e9couvrez ArchiBat Mag, le magazine d\u00e9di\u00e9 aux m\u00e9tiers de l&#039;Architecture et de l&#039;Ing\u00e9nierie.","potentialAction":[{"@type":"SearchAction","target":{"@type":"EntryPoint","urlTemplate":"https:\/\/archibat.com\/blog\/?s={search_term_string}"},"query-input":{"@type":"PropertyValueSpecification","valueRequired":true,"valueName":"search_term_string"}}],"inLanguage":"en-US"},{"@type":"Person","@id":"https:\/\/archibat.com\/blog\/#\/schema\/person\/c246f0d63b5e719c2cbe4f9bd494bf12","name":"communication"}]}},"_links":{"self":[{"href":"https:\/\/archibat.com\/blog\/en\/wp-json\/wp\/v2\/posts\/1569","targetHints":{"allow":["GET"]}}],"collection":[{"href":"https:\/\/archibat.com\/blog\/en\/wp-json\/wp\/v2\/posts"}],"about":[{"href":"https:\/\/archibat.com\/blog\/en\/wp-json\/wp\/v2\/types\/post"}],"author":[{"embeddable":true,"href":"https:\/\/archibat.com\/blog\/en\/wp-json\/wp\/v2\/users\/2"}],"replies":[{"embeddable":true,"href":"https:\/\/archibat.com\/blog\/en\/wp-json\/wp\/v2\/comments?post=1569"}],"version-history":[{"count":2,"href":"https:\/\/archibat.com\/blog\/en\/wp-json\/wp\/v2\/posts\/1569\/revisions"}],"predecessor-version":[{"id":6359,"href":"https:\/\/archibat.com\/blog\/en\/wp-json\/wp\/v2\/posts\/1569\/revisions\/6359"}],"wp:featuredmedia":[{"embeddable":true,"href":"https:\/\/archibat.com\/blog\/en\/wp-json\/wp\/v2\/media\/1572"}],"wp:attachment":[{"href":"https:\/\/archibat.com\/blog\/en\/wp-json\/wp\/v2\/media?parent=1569"}],"wp:term":[{"taxonomy":"category","embeddable":true,"href":"https:\/\/archibat.com\/blog\/en\/wp-json\/wp\/v2\/categories?post=1569"},{"taxonomy":"post_tag","embeddable":true,"href":"https:\/\/archibat.com\/blog\/en\/wp-json\/wp\/v2\/tags?post=1569"}],"curies":[{"name":"wp","href":"https:\/\/api.w.org\/{rel}","templated":true}]}}