{"id":1580,"date":"2016-03-10T15:09:57","date_gmt":"2016-03-10T14:09:57","guid":{"rendered":"https:\/\/www.archibat.com\/blog\/?p=1580&#038;lang=en"},"modified":"2018-12-06T15:13:14","modified_gmt":"2018-12-06T14:13:14","slug":"an-israeli-classroom-adapted-to-students-needs","status":"publish","type":"post","link":"https:\/\/archibat.com\/blog\/en\/an-israeli-classroom-adapted-to-students-needs\/","title":{"rendered":"An Israeli classroom adapted to students\u2019 needs"},"content":{"rendered":"<p>The architect responsible for this project at the \u201cDarka\u201d school in Kiryat Malakhi, in southern Israel, wanted to design a classroom adapted to the needs of its students. This original classroom will be used by 55 children affected by learning difficulties and attention deficit disorder at the 700-pupil school.<\/p>\n<h2>A tailor-made classroom<\/h2>\n<p>This classroom was, in fact, designed especially for these students. Israeli architect Lior Ben Shitrit researched the difficulties from which these children suffer and also observed them within the school environment. Based on this, he was able to design a tailor-made classroom that is better suited to their needs.<\/p>\n<p>In this way, all of the classroom furniture is mobile, enabling it to be organised and arranged according to specific lesson needs. Chairs have been replaced by gym balls, so that children can move around on them without disturbing lessons. Walls are transparent except one which is covered with plants.<\/p>\n<p><img loading=\"lazy\" decoding=\"async\" class=\"alignnone size-full wp-image-1078\" src=\"https:\/\/www.archibat.com\/blog\/wp-content\/uploads\/2015\/09\/Classe-sur-mesure-1-3.jpg\" alt=\"Classe sur-mesure\" width=\"635\" height=\"387\" srcset=\"https:\/\/archibat.com\/blog\/wp-content\/uploads\/2015\/09\/Classe-sur-mesure-1-3.jpg 635w, https:\/\/archibat.com\/blog\/wp-content\/uploads\/2015\/09\/Classe-sur-mesure-1-3-300x183.jpg 300w\" sizes=\"auto, (max-width: 635px) 100vw, 635px\" \/><br \/>\n<img loading=\"lazy\" decoding=\"async\" class=\"alignnone size-full wp-image-1079\" src=\"https:\/\/www.archibat.com\/blog\/wp-content\/uploads\/2015\/09\/Classe-sur-mesure-2-3.jpg\" alt=\"Classe sur-mesure 2\" width=\"635\" height=\"387\" srcset=\"https:\/\/archibat.com\/blog\/wp-content\/uploads\/2015\/09\/Classe-sur-mesure-2-3.jpg 635w, https:\/\/archibat.com\/blog\/wp-content\/uploads\/2015\/09\/Classe-sur-mesure-2-3-300x183.jpg 300w\" sizes=\"auto, (max-width: 635px) 100vw, 635px\" \/><br \/>\n<img loading=\"lazy\" decoding=\"async\" class=\"alignnone size-full wp-image-1080\" src=\"https:\/\/www.archibat.com\/blog\/wp-content\/uploads\/2015\/09\/Classe-sur-mesure-3-3.jpg\" alt=\"Classe sur-mesure\" width=\"635\" height=\"357\" srcset=\"https:\/\/archibat.com\/blog\/wp-content\/uploads\/2015\/09\/Classe-sur-mesure-3-3.jpg 635w, https:\/\/archibat.com\/blog\/wp-content\/uploads\/2015\/09\/Classe-sur-mesure-3-3-300x169.jpg 300w\" sizes=\"auto, (max-width: 635px) 100vw, 635px\" \/><\/p>\n<p>Three individual study areas have been built at the back of the classroom so that children can receive individual tuition and concentrate better by isolating themselves from the rest of the class.<\/p>\n<h2>A Minecraft-inspired design<\/h2>\n<p>The school wanted a design that would look more like that of a marketing firm than a traditional school classroom. It was watching one of the students playing the famous Minecraft game that actually provided Lior Ben Shitrit with the inspiration for his design. This resulted in the use of very minimalist geometric forms and a classroom in shades of green.<\/p>\n<p><img loading=\"lazy\" decoding=\"async\" class=\"alignnone size-full wp-image-1081\" src=\"https:\/\/www.archibat.com\/blog\/wp-content\/uploads\/2015\/09\/Classe-sur-mesure-6.jpg\" alt=\"Classe sur-mesure\" width=\"635\" height=\"531\" srcset=\"https:\/\/archibat.com\/blog\/wp-content\/uploads\/2015\/09\/Classe-sur-mesure-6.jpg 635w, https:\/\/archibat.com\/blog\/wp-content\/uploads\/2015\/09\/Classe-sur-mesure-6-300x251.jpg 300w, https:\/\/archibat.com\/blog\/wp-content\/uploads\/2015\/09\/Classe-sur-mesure-6-574x480.jpg 574w\" sizes=\"auto, (max-width: 635px) 100vw, 635px\" \/><\/p>\n<p>The students were able to participate in the project. The architect set them the task of renovating the exterior wall of the building which had been left neglected up until then.<\/p>\n<p>The school principal is now considering extending the project to the whole building to allow the children to benefit from an alternative approach to education.<\/p>\n<p>This initiative was financed by Israeli donors.<\/p>\n<p>&nbsp;<\/p>\n<p>Source\u00a0: <a href=\"http:\/\/xnet.ynet.co.il\/architecture\/articles\/0,14710,L-3110352,00.html\" target=\"_blank\" rel=\"noopener\">Xnet<\/a><\/p>\n<p><em><strong>We would love to try out this innovative classroom. Wouldn\u2019t you?<\/strong><\/em><\/p>\n","protected":false},"excerpt":{"rendered":"<p>The architect responsible for this project at the \u201cDarka\u201d school in Kiryat Malakhi, in southern Israel, wanted to design a classroom adapted to the needs\u2026<\/p>\n","protected":false},"author":2,"featured_media":6565,"comment_status":"closed","ping_status":"closed","sticky":false,"template":"","format":"standard","meta":{"_acf_changed":false,"footnotes":""},"categories":[498],"tags":[],"class_list":["post-1580","post","type-post","status-publish","format-standard","has-post-thumbnail","hentry","category-architecture-and-design"],"acf":[],"yoast_head":"<!-- This site is optimized with the Yoast SEO plugin v24.8.1 - https:\/\/yoast.com\/wordpress\/plugins\/seo\/ -->\n<title>An Israeli classroom adapted to students\u2019 needs &#8211; ArchiBat Mag<\/title>\n<meta name=\"robots\" content=\"index, follow, max-snippet:-1, max-image-preview:large, max-video-preview:-1\" \/>\n<link rel=\"canonical\" href=\"https:\/\/archibat.com\/blog\/en-israel-une-classe-qui-sadapte-aux-besoins-des-eleves\/\" \/>\n<meta property=\"og:locale\" content=\"en_US\" \/>\n<meta property=\"og:type\" content=\"article\" \/>\n<meta property=\"og:title\" content=\"An Israeli classroom adapted to students\u2019 needs &#8211; ArchiBat Mag\" \/>\n<meta property=\"og:description\" content=\"The architect responsible for this project at the \u201cDarka\u201d school in Kiryat Malakhi, in southern Israel, wanted to design a classroom adapted to the needs\u2026\" \/>\n<meta property=\"og:url\" content=\"https:\/\/archibat.com\/blog\/en-israel-une-classe-qui-sadapte-aux-besoins-des-eleves\/\" \/>\n<meta property=\"og:site_name\" content=\"ArchiBat Mag\" \/>\n<meta property=\"article:published_time\" content=\"2016-03-10T14:09:57+00:00\" \/>\n<meta property=\"article:modified_time\" content=\"2018-12-06T14:13:14+00:00\" \/>\n<meta property=\"og:image\" content=\"https:\/\/archibat.com\/blog\/wp-content\/uploads\/2015\/09\/classe-sur-mesure-6-3.jpg\" \/>\n\t<meta property=\"og:image:width\" content=\"635\" \/>\n\t<meta property=\"og:image:height\" content=\"357\" \/>\n\t<meta property=\"og:image:type\" content=\"image\/jpeg\" \/>\n<meta name=\"author\" content=\"communication\" \/>\n<meta name=\"twitter:card\" content=\"summary_large_image\" \/>\n<meta name=\"twitter:label1\" content=\"Written by\" \/>\n\t<meta name=\"twitter:data1\" content=\"communication\" \/>\n\t<meta name=\"twitter:label2\" content=\"Est. reading time\" \/>\n\t<meta name=\"twitter:data2\" content=\"2 minutes\" \/>\n<script type=\"application\/ld+json\" class=\"yoast-schema-graph\">{\"@context\":\"https:\/\/schema.org\",\"@graph\":[{\"@type\":\"WebPage\",\"@id\":\"https:\/\/archibat.com\/blog\/en-israel-une-classe-qui-sadapte-aux-besoins-des-eleves\/\",\"url\":\"https:\/\/archibat.com\/blog\/en-israel-une-classe-qui-sadapte-aux-besoins-des-eleves\/\",\"name\":\"An Israeli classroom adapted to students\u2019 needs &#8211; ArchiBat Mag\",\"isPartOf\":{\"@id\":\"https:\/\/archibat.com\/blog\/#website\"},\"primaryImageOfPage\":{\"@id\":\"https:\/\/archibat.com\/blog\/en-israel-une-classe-qui-sadapte-aux-besoins-des-eleves\/#primaryimage\"},\"image\":{\"@id\":\"https:\/\/archibat.com\/blog\/en-israel-une-classe-qui-sadapte-aux-besoins-des-eleves\/#primaryimage\"},\"thumbnailUrl\":\"https:\/\/archibat.com\/blog\/wp-content\/uploads\/2015\/09\/classe-sur-mesure-6-3.jpg\",\"datePublished\":\"2016-03-10T14:09:57+00:00\",\"dateModified\":\"2018-12-06T14:13:14+00:00\",\"author\":{\"@id\":\"https:\/\/archibat.com\/blog\/#\/schema\/person\/c246f0d63b5e719c2cbe4f9bd494bf12\"},\"breadcrumb\":{\"@id\":\"https:\/\/archibat.com\/blog\/en-israel-une-classe-qui-sadapte-aux-besoins-des-eleves\/#breadcrumb\"},\"inLanguage\":\"en-US\",\"potentialAction\":[{\"@type\":\"ReadAction\",\"target\":[\"https:\/\/archibat.com\/blog\/en-israel-une-classe-qui-sadapte-aux-besoins-des-eleves\/\"]}]},{\"@type\":\"ImageObject\",\"inLanguage\":\"en-US\",\"@id\":\"https:\/\/archibat.com\/blog\/en-israel-une-classe-qui-sadapte-aux-besoins-des-eleves\/#primaryimage\",\"url\":\"https:\/\/archibat.com\/blog\/wp-content\/uploads\/2015\/09\/classe-sur-mesure-6-3.jpg\",\"contentUrl\":\"https:\/\/archibat.com\/blog\/wp-content\/uploads\/2015\/09\/classe-sur-mesure-6-3.jpg\",\"width\":635,\"height\":357},{\"@type\":\"BreadcrumbList\",\"@id\":\"https:\/\/archibat.com\/blog\/en-israel-une-classe-qui-sadapte-aux-besoins-des-eleves\/#breadcrumb\",\"itemListElement\":[{\"@type\":\"ListItem\",\"position\":1,\"name\":\"Home\",\"item\":\"https:\/\/archibat.com\/blog\/en\/\"},{\"@type\":\"ListItem\",\"position\":2,\"name\":\"An Israeli classroom adapted to students\u2019 needs\"}]},{\"@type\":\"WebSite\",\"@id\":\"https:\/\/archibat.com\/blog\/#website\",\"url\":\"https:\/\/archibat.com\/blog\/\",\"name\":\"ArchiBat Mag\",\"description\":\"Vous souhaitez connaitre les derni\u00e8res actualit\u00e9s sur l\u2019Architecture, le Design ou les Ressources Humaines ? D\u00e9couvrez ArchiBat Mag, le magazine d\u00e9di\u00e9 aux m\u00e9tiers de l&#039;Architecture et de l&#039;Ing\u00e9nierie.\",\"potentialAction\":[{\"@type\":\"SearchAction\",\"target\":{\"@type\":\"EntryPoint\",\"urlTemplate\":\"https:\/\/archibat.com\/blog\/?s={search_term_string}\"},\"query-input\":{\"@type\":\"PropertyValueSpecification\",\"valueRequired\":true,\"valueName\":\"search_term_string\"}}],\"inLanguage\":\"en-US\"},{\"@type\":\"Person\",\"@id\":\"https:\/\/archibat.com\/blog\/#\/schema\/person\/c246f0d63b5e719c2cbe4f9bd494bf12\",\"name\":\"communication\"}]}<\/script>\n<!-- \/ Yoast SEO plugin. -->","yoast_head_json":{"title":"An Israeli classroom adapted to students\u2019 needs &#8211; ArchiBat Mag","robots":{"index":"index","follow":"follow","max-snippet":"max-snippet:-1","max-image-preview":"max-image-preview:large","max-video-preview":"max-video-preview:-1"},"canonical":"https:\/\/archibat.com\/blog\/en-israel-une-classe-qui-sadapte-aux-besoins-des-eleves\/","og_locale":"en_US","og_type":"article","og_title":"An Israeli classroom adapted to students\u2019 needs &#8211; ArchiBat Mag","og_description":"The architect responsible for this project at the \u201cDarka\u201d school in Kiryat Malakhi, in southern Israel, wanted to design a classroom adapted to the needs\u2026","og_url":"https:\/\/archibat.com\/blog\/en-israel-une-classe-qui-sadapte-aux-besoins-des-eleves\/","og_site_name":"ArchiBat Mag","article_published_time":"2016-03-10T14:09:57+00:00","article_modified_time":"2018-12-06T14:13:14+00:00","og_image":[{"width":635,"height":357,"url":"https:\/\/archibat.com\/blog\/wp-content\/uploads\/2015\/09\/classe-sur-mesure-6-3.jpg","type":"image\/jpeg"}],"author":"communication","twitter_card":"summary_large_image","twitter_misc":{"Written by":"communication","Est. reading time":"2 minutes"},"schema":{"@context":"https:\/\/schema.org","@graph":[{"@type":"WebPage","@id":"https:\/\/archibat.com\/blog\/en-israel-une-classe-qui-sadapte-aux-besoins-des-eleves\/","url":"https:\/\/archibat.com\/blog\/en-israel-une-classe-qui-sadapte-aux-besoins-des-eleves\/","name":"An Israeli classroom adapted to students\u2019 needs &#8211; ArchiBat Mag","isPartOf":{"@id":"https:\/\/archibat.com\/blog\/#website"},"primaryImageOfPage":{"@id":"https:\/\/archibat.com\/blog\/en-israel-une-classe-qui-sadapte-aux-besoins-des-eleves\/#primaryimage"},"image":{"@id":"https:\/\/archibat.com\/blog\/en-israel-une-classe-qui-sadapte-aux-besoins-des-eleves\/#primaryimage"},"thumbnailUrl":"https:\/\/archibat.com\/blog\/wp-content\/uploads\/2015\/09\/classe-sur-mesure-6-3.jpg","datePublished":"2016-03-10T14:09:57+00:00","dateModified":"2018-12-06T14:13:14+00:00","author":{"@id":"https:\/\/archibat.com\/blog\/#\/schema\/person\/c246f0d63b5e719c2cbe4f9bd494bf12"},"breadcrumb":{"@id":"https:\/\/archibat.com\/blog\/en-israel-une-classe-qui-sadapte-aux-besoins-des-eleves\/#breadcrumb"},"inLanguage":"en-US","potentialAction":[{"@type":"ReadAction","target":["https:\/\/archibat.com\/blog\/en-israel-une-classe-qui-sadapte-aux-besoins-des-eleves\/"]}]},{"@type":"ImageObject","inLanguage":"en-US","@id":"https:\/\/archibat.com\/blog\/en-israel-une-classe-qui-sadapte-aux-besoins-des-eleves\/#primaryimage","url":"https:\/\/archibat.com\/blog\/wp-content\/uploads\/2015\/09\/classe-sur-mesure-6-3.jpg","contentUrl":"https:\/\/archibat.com\/blog\/wp-content\/uploads\/2015\/09\/classe-sur-mesure-6-3.jpg","width":635,"height":357},{"@type":"BreadcrumbList","@id":"https:\/\/archibat.com\/blog\/en-israel-une-classe-qui-sadapte-aux-besoins-des-eleves\/#breadcrumb","itemListElement":[{"@type":"ListItem","position":1,"name":"Home","item":"https:\/\/archibat.com\/blog\/en\/"},{"@type":"ListItem","position":2,"name":"An Israeli classroom adapted to students\u2019 needs"}]},{"@type":"WebSite","@id":"https:\/\/archibat.com\/blog\/#website","url":"https:\/\/archibat.com\/blog\/","name":"ArchiBat Mag","description":"Vous souhaitez connaitre les derni\u00e8res actualit\u00e9s sur l\u2019Architecture, le Design ou les Ressources Humaines ? D\u00e9couvrez ArchiBat Mag, le magazine d\u00e9di\u00e9 aux m\u00e9tiers de l&#039;Architecture et de l&#039;Ing\u00e9nierie.","potentialAction":[{"@type":"SearchAction","target":{"@type":"EntryPoint","urlTemplate":"https:\/\/archibat.com\/blog\/?s={search_term_string}"},"query-input":{"@type":"PropertyValueSpecification","valueRequired":true,"valueName":"search_term_string"}}],"inLanguage":"en-US"},{"@type":"Person","@id":"https:\/\/archibat.com\/blog\/#\/schema\/person\/c246f0d63b5e719c2cbe4f9bd494bf12","name":"communication"}]}},"_links":{"self":[{"href":"https:\/\/archibat.com\/blog\/en\/wp-json\/wp\/v2\/posts\/1580","targetHints":{"allow":["GET"]}}],"collection":[{"href":"https:\/\/archibat.com\/blog\/en\/wp-json\/wp\/v2\/posts"}],"about":[{"href":"https:\/\/archibat.com\/blog\/en\/wp-json\/wp\/v2\/types\/post"}],"author":[{"embeddable":true,"href":"https:\/\/archibat.com\/blog\/en\/wp-json\/wp\/v2\/users\/2"}],"replies":[{"embeddable":true,"href":"https:\/\/archibat.com\/blog\/en\/wp-json\/wp\/v2\/comments?post=1580"}],"version-history":[{"count":3,"href":"https:\/\/archibat.com\/blog\/en\/wp-json\/wp\/v2\/posts\/1580\/revisions"}],"predecessor-version":[{"id":8421,"href":"https:\/\/archibat.com\/blog\/en\/wp-json\/wp\/v2\/posts\/1580\/revisions\/8421"}],"wp:featuredmedia":[{"embeddable":true,"href":"https:\/\/archibat.com\/blog\/en\/wp-json\/wp\/v2\/media\/6565"}],"wp:attachment":[{"href":"https:\/\/archibat.com\/blog\/en\/wp-json\/wp\/v2\/media?parent=1580"}],"wp:term":[{"taxonomy":"category","embeddable":true,"href":"https:\/\/archibat.com\/blog\/en\/wp-json\/wp\/v2\/categories?post=1580"},{"taxonomy":"post_tag","embeddable":true,"href":"https:\/\/archibat.com\/blog\/en\/wp-json\/wp\/v2\/tags?post=1580"}],"curies":[{"name":"wp","href":"https:\/\/api.w.org\/{rel}","templated":true}]}}