{"id":1624,"date":"2016-03-10T18:07:40","date_gmt":"2016-03-10T17:07:40","guid":{"rendered":"https:\/\/www.archibat.com\/blog\/?p=1624&#038;lang=en"},"modified":"2018-11-16T10:43:48","modified_gmt":"2018-11-16T09:43:48","slug":"1624","status":"publish","type":"post","link":"https:\/\/archibat.com\/blog\/en\/1624\/","title":{"rendered":"A Japanese kindergarten designed with a child\u2019s-eye view"},"content":{"rendered":"<p>OB Kindergarten in Nagasaki was designed by Japanese architectural firm HIBINOSEKKEI + Youji no Shiro. The kindergarten was fully designed at a child\u2019s-eye view, resulting in a playground bursting with countless activities.<\/p>\n<h2>An adventure trail with something suited to the child\u2019s every mood<\/h2>\n<p>The architects also sought to encourage children to move around as much as possible by creating spaces dotted over a multi-level route with activities suited to children\u2019s different moods. For example, they can go to play in a mini cave, then move on to the blackboard where they can draw on the wall and then browse the large collection of books housed on shelves built at their height. To access the various levels, children climb ropes, slide down a pole or climb up through a tunnel to the rooftop terrace. The space is organised to encourage children to partake in physical activity and to keep them interested.<\/p>\n<p><img loading=\"lazy\" decoding=\"async\" class=\"alignnone size-full wp-image-838\" src=\"https:\/\/www.archibat.com\/blog\/wp-content\/uploads\/2015\/06\/OB-KINDERGARTEN-IMAGE-1-3.jpg\" alt=\"OB KINDERGARTEN\" width=\"635\" height=\"696\" srcset=\"https:\/\/archibat.com\/blog\/wp-content\/uploads\/2015\/06\/OB-KINDERGARTEN-IMAGE-1-3.jpg 635w, https:\/\/archibat.com\/blog\/wp-content\/uploads\/2015\/06\/OB-KINDERGARTEN-IMAGE-1-3-274x300.jpg 274w, https:\/\/archibat.com\/blog\/wp-content\/uploads\/2015\/06\/OB-KINDERGARTEN-IMAGE-1-3-438x480.jpg 438w\" sizes=\"auto, (max-width: 635px) 100vw, 635px\" \/><\/p>\n<p><img loading=\"lazy\" decoding=\"async\" class=\"alignnone wp-image-840 size-full\" src=\"https:\/\/www.archibat.com\/blog\/wp-content\/uploads\/2015\/06\/OB-Image-2-bis-3.png\" alt=\"OB KINDERGARTEN\" width=\"635\" height=\"357\" srcset=\"https:\/\/archibat.com\/blog\/wp-content\/uploads\/2015\/06\/OB-Image-2-bis-3.png 635w, https:\/\/archibat.com\/blog\/wp-content\/uploads\/2015\/06\/OB-Image-2-bis-3-300x169.png 300w\" sizes=\"auto, (max-width: 635px) 100vw, 635px\" \/><\/p>\n<h2>A building with a sea view<\/h2>\n<p>Being able to look out to sea was one of the priorities of the architectural design. An outdoor terrace looking out on to the seafront extends from the already spacious cafeteria. A mezzanine floor with glass windows overlooks the dining area. Children can also enjoy a 360-degree view from the rooftop space where a trampoline awaits them for even more fun.<\/p>\n<p><img loading=\"lazy\" decoding=\"async\" class=\"alignnone size-full wp-image-841\" src=\"https:\/\/www.archibat.com\/blog\/wp-content\/uploads\/2015\/06\/ob-image-3-3.jpg\" alt=\"OB KINDERGARTEN\" width=\"635\" height=\"357\" srcset=\"https:\/\/archibat.com\/blog\/wp-content\/uploads\/2015\/06\/ob-image-3-3.jpg 635w, https:\/\/archibat.com\/blog\/wp-content\/uploads\/2015\/06\/ob-image-3-3-300x169.jpg 300w\" sizes=\"auto, (max-width: 635px) 100vw, 635px\" \/><\/p>\n<p><img loading=\"lazy\" decoding=\"async\" class=\"alignnone size-full wp-image-842\" src=\"https:\/\/www.archibat.com\/blog\/wp-content\/uploads\/2015\/06\/OB-KINDERGARTEN-IMAGE-4-3.jpg\" alt=\"OB KINDERGARTEN\" width=\"635\" height=\"406\" srcset=\"https:\/\/archibat.com\/blog\/wp-content\/uploads\/2015\/06\/OB-KINDERGARTEN-IMAGE-4-3.jpg 635w, https:\/\/archibat.com\/blog\/wp-content\/uploads\/2015\/06\/OB-KINDERGARTEN-IMAGE-4-3-300x192.jpg 300w\" sizes=\"auto, (max-width: 635px) 100vw, 635px\" \/><\/p>\n<p><em><img loading=\"lazy\" decoding=\"async\" class=\"alignnone size-full wp-image-843\" src=\"https:\/\/www.archibat.com\/blog\/wp-content\/uploads\/2015\/06\/OB-IMAGE-5-3.png\" alt=\"OB KINDERGARTEN\" width=\"635\" height=\"357\" srcset=\"https:\/\/archibat.com\/blog\/wp-content\/uploads\/2015\/06\/OB-IMAGE-5-3.png 635w, https:\/\/archibat.com\/blog\/wp-content\/uploads\/2015\/06\/OB-IMAGE-5-3-300x169.png 300w\" sizes=\"auto, (max-width: 635px) 100vw, 635px\" \/><\/em><\/p>\n<p><em><strong>We almost want to be children again just to have a go in this playground! Wouldn\u2019t you?<\/strong><\/em><\/p>\n","protected":false},"excerpt":{"rendered":"<p>OB Kindergarten in Nagasaki was designed by Japanese architectural firm HIBINOSEKKEI + Youji no Shiro. The kindergarten was fully designed at a child\u2019s-eye view, resulting\u2026<\/p>\n","protected":false},"author":2,"featured_media":6554,"comment_status":"closed","ping_status":"closed","sticky":false,"template":"","format":"standard","meta":{"_acf_changed":false,"footnotes":""},"categories":[498],"tags":[],"class_list":["post-1624","post","type-post","status-publish","format-standard","has-post-thumbnail","hentry","category-architecture-and-design"],"acf":[],"yoast_head":"<!-- This site is optimized with the Yoast SEO plugin v24.8.1 - https:\/\/yoast.com\/wordpress\/plugins\/seo\/ -->\n<title>A Japanese kindergarten designed with a child\u2019s-eye view &#8211; ArchiBat Mag<\/title>\n<meta name=\"robots\" content=\"index, follow, max-snippet:-1, max-image-preview:large, max-video-preview:-1\" \/>\n<link rel=\"canonical\" href=\"https:\/\/archibat.com\/blog\/le-jardin-denfants-ob-kindergarten-de-lagence-hibinosekkei-youji-no-shiro\/\" \/>\n<meta property=\"og:locale\" content=\"en_US\" \/>\n<meta property=\"og:type\" content=\"article\" \/>\n<meta property=\"og:title\" content=\"A Japanese kindergarten designed with a child\u2019s-eye view &#8211; ArchiBat Mag\" \/>\n<meta property=\"og:description\" content=\"OB Kindergarten in Nagasaki was designed by Japanese architectural firm HIBINOSEKKEI + Youji no Shiro. The kindergarten was fully designed at a child\u2019s-eye view, resulting\u2026\" \/>\n<meta property=\"og:url\" content=\"https:\/\/archibat.com\/blog\/le-jardin-denfants-ob-kindergarten-de-lagence-hibinosekkei-youji-no-shiro\/\" \/>\n<meta property=\"og:site_name\" content=\"ArchiBat Mag\" \/>\n<meta property=\"article:published_time\" content=\"2016-03-10T17:07:40+00:00\" \/>\n<meta property=\"article:modified_time\" content=\"2018-11-16T09:43:48+00:00\" \/>\n<meta property=\"og:image\" content=\"https:\/\/archibat.com\/blog\/wp-content\/uploads\/2015\/06\/OB-Kindergarten-image-de-couverture-finale-3.jpg\" \/>\n\t<meta property=\"og:image:width\" content=\"818\" \/>\n\t<meta property=\"og:image:height\" content=\"546\" \/>\n\t<meta property=\"og:image:type\" content=\"image\/jpeg\" \/>\n<meta name=\"author\" content=\"communication\" \/>\n<meta name=\"twitter:card\" content=\"summary_large_image\" \/>\n<meta name=\"twitter:label1\" content=\"Written by\" \/>\n\t<meta name=\"twitter:data1\" content=\"communication\" \/>\n\t<meta name=\"twitter:label2\" content=\"Est. reading time\" \/>\n\t<meta name=\"twitter:data2\" content=\"1 minute\" \/>\n<script type=\"application\/ld+json\" class=\"yoast-schema-graph\">{\"@context\":\"https:\/\/schema.org\",\"@graph\":[{\"@type\":\"WebPage\",\"@id\":\"https:\/\/archibat.com\/blog\/le-jardin-denfants-ob-kindergarten-de-lagence-hibinosekkei-youji-no-shiro\/\",\"url\":\"https:\/\/archibat.com\/blog\/le-jardin-denfants-ob-kindergarten-de-lagence-hibinosekkei-youji-no-shiro\/\",\"name\":\"A Japanese kindergarten designed with a child\u2019s-eye view &#8211; ArchiBat Mag\",\"isPartOf\":{\"@id\":\"https:\/\/archibat.com\/blog\/#website\"},\"primaryImageOfPage\":{\"@id\":\"https:\/\/archibat.com\/blog\/le-jardin-denfants-ob-kindergarten-de-lagence-hibinosekkei-youji-no-shiro\/#primaryimage\"},\"image\":{\"@id\":\"https:\/\/archibat.com\/blog\/le-jardin-denfants-ob-kindergarten-de-lagence-hibinosekkei-youji-no-shiro\/#primaryimage\"},\"thumbnailUrl\":\"https:\/\/archibat.com\/blog\/wp-content\/uploads\/2015\/06\/OB-Kindergarten-image-de-couverture-finale-3.jpg\",\"datePublished\":\"2016-03-10T17:07:40+00:00\",\"dateModified\":\"2018-11-16T09:43:48+00:00\",\"author\":{\"@id\":\"https:\/\/archibat.com\/blog\/#\/schema\/person\/c246f0d63b5e719c2cbe4f9bd494bf12\"},\"breadcrumb\":{\"@id\":\"https:\/\/archibat.com\/blog\/le-jardin-denfants-ob-kindergarten-de-lagence-hibinosekkei-youji-no-shiro\/#breadcrumb\"},\"inLanguage\":\"en-US\",\"potentialAction\":[{\"@type\":\"ReadAction\",\"target\":[\"https:\/\/archibat.com\/blog\/le-jardin-denfants-ob-kindergarten-de-lagence-hibinosekkei-youji-no-shiro\/\"]}]},{\"@type\":\"ImageObject\",\"inLanguage\":\"en-US\",\"@id\":\"https:\/\/archibat.com\/blog\/le-jardin-denfants-ob-kindergarten-de-lagence-hibinosekkei-youji-no-shiro\/#primaryimage\",\"url\":\"https:\/\/archibat.com\/blog\/wp-content\/uploads\/2015\/06\/OB-Kindergarten-image-de-couverture-finale-3.jpg\",\"contentUrl\":\"https:\/\/archibat.com\/blog\/wp-content\/uploads\/2015\/06\/OB-Kindergarten-image-de-couverture-finale-3.jpg\",\"width\":818,\"height\":546},{\"@type\":\"BreadcrumbList\",\"@id\":\"https:\/\/archibat.com\/blog\/le-jardin-denfants-ob-kindergarten-de-lagence-hibinosekkei-youji-no-shiro\/#breadcrumb\",\"itemListElement\":[{\"@type\":\"ListItem\",\"position\":1,\"name\":\"Home\",\"item\":\"https:\/\/archibat.com\/blog\/en\/\"},{\"@type\":\"ListItem\",\"position\":2,\"name\":\"A Japanese kindergarten designed with a child\u2019s-eye view\"}]},{\"@type\":\"WebSite\",\"@id\":\"https:\/\/archibat.com\/blog\/#website\",\"url\":\"https:\/\/archibat.com\/blog\/\",\"name\":\"ArchiBat Mag\",\"description\":\"Vous souhaitez connaitre les derni\u00e8res actualit\u00e9s sur l\u2019Architecture, le Design ou les Ressources Humaines ? D\u00e9couvrez ArchiBat Mag, le magazine d\u00e9di\u00e9 aux m\u00e9tiers de l&#039;Architecture et de l&#039;Ing\u00e9nierie.\",\"potentialAction\":[{\"@type\":\"SearchAction\",\"target\":{\"@type\":\"EntryPoint\",\"urlTemplate\":\"https:\/\/archibat.com\/blog\/?s={search_term_string}\"},\"query-input\":{\"@type\":\"PropertyValueSpecification\",\"valueRequired\":true,\"valueName\":\"search_term_string\"}}],\"inLanguage\":\"en-US\"},{\"@type\":\"Person\",\"@id\":\"https:\/\/archibat.com\/blog\/#\/schema\/person\/c246f0d63b5e719c2cbe4f9bd494bf12\",\"name\":\"communication\"}]}<\/script>\n<!-- \/ Yoast SEO plugin. -->","yoast_head_json":{"title":"A Japanese kindergarten designed with a child\u2019s-eye view &#8211; ArchiBat Mag","robots":{"index":"index","follow":"follow","max-snippet":"max-snippet:-1","max-image-preview":"max-image-preview:large","max-video-preview":"max-video-preview:-1"},"canonical":"https:\/\/archibat.com\/blog\/le-jardin-denfants-ob-kindergarten-de-lagence-hibinosekkei-youji-no-shiro\/","og_locale":"en_US","og_type":"article","og_title":"A Japanese kindergarten designed with a child\u2019s-eye view &#8211; ArchiBat Mag","og_description":"OB Kindergarten in Nagasaki was designed by Japanese architectural firm HIBINOSEKKEI + Youji no Shiro. The kindergarten was fully designed at a child\u2019s-eye view, resulting\u2026","og_url":"https:\/\/archibat.com\/blog\/le-jardin-denfants-ob-kindergarten-de-lagence-hibinosekkei-youji-no-shiro\/","og_site_name":"ArchiBat Mag","article_published_time":"2016-03-10T17:07:40+00:00","article_modified_time":"2018-11-16T09:43:48+00:00","og_image":[{"width":818,"height":546,"url":"https:\/\/archibat.com\/blog\/wp-content\/uploads\/2015\/06\/OB-Kindergarten-image-de-couverture-finale-3.jpg","type":"image\/jpeg"}],"author":"communication","twitter_card":"summary_large_image","twitter_misc":{"Written by":"communication","Est. reading time":"1 minute"},"schema":{"@context":"https:\/\/schema.org","@graph":[{"@type":"WebPage","@id":"https:\/\/archibat.com\/blog\/le-jardin-denfants-ob-kindergarten-de-lagence-hibinosekkei-youji-no-shiro\/","url":"https:\/\/archibat.com\/blog\/le-jardin-denfants-ob-kindergarten-de-lagence-hibinosekkei-youji-no-shiro\/","name":"A Japanese kindergarten designed with a child\u2019s-eye view &#8211; ArchiBat Mag","isPartOf":{"@id":"https:\/\/archibat.com\/blog\/#website"},"primaryImageOfPage":{"@id":"https:\/\/archibat.com\/blog\/le-jardin-denfants-ob-kindergarten-de-lagence-hibinosekkei-youji-no-shiro\/#primaryimage"},"image":{"@id":"https:\/\/archibat.com\/blog\/le-jardin-denfants-ob-kindergarten-de-lagence-hibinosekkei-youji-no-shiro\/#primaryimage"},"thumbnailUrl":"https:\/\/archibat.com\/blog\/wp-content\/uploads\/2015\/06\/OB-Kindergarten-image-de-couverture-finale-3.jpg","datePublished":"2016-03-10T17:07:40+00:00","dateModified":"2018-11-16T09:43:48+00:00","author":{"@id":"https:\/\/archibat.com\/blog\/#\/schema\/person\/c246f0d63b5e719c2cbe4f9bd494bf12"},"breadcrumb":{"@id":"https:\/\/archibat.com\/blog\/le-jardin-denfants-ob-kindergarten-de-lagence-hibinosekkei-youji-no-shiro\/#breadcrumb"},"inLanguage":"en-US","potentialAction":[{"@type":"ReadAction","target":["https:\/\/archibat.com\/blog\/le-jardin-denfants-ob-kindergarten-de-lagence-hibinosekkei-youji-no-shiro\/"]}]},{"@type":"ImageObject","inLanguage":"en-US","@id":"https:\/\/archibat.com\/blog\/le-jardin-denfants-ob-kindergarten-de-lagence-hibinosekkei-youji-no-shiro\/#primaryimage","url":"https:\/\/archibat.com\/blog\/wp-content\/uploads\/2015\/06\/OB-Kindergarten-image-de-couverture-finale-3.jpg","contentUrl":"https:\/\/archibat.com\/blog\/wp-content\/uploads\/2015\/06\/OB-Kindergarten-image-de-couverture-finale-3.jpg","width":818,"height":546},{"@type":"BreadcrumbList","@id":"https:\/\/archibat.com\/blog\/le-jardin-denfants-ob-kindergarten-de-lagence-hibinosekkei-youji-no-shiro\/#breadcrumb","itemListElement":[{"@type":"ListItem","position":1,"name":"Home","item":"https:\/\/archibat.com\/blog\/en\/"},{"@type":"ListItem","position":2,"name":"A Japanese kindergarten designed with a child\u2019s-eye view"}]},{"@type":"WebSite","@id":"https:\/\/archibat.com\/blog\/#website","url":"https:\/\/archibat.com\/blog\/","name":"ArchiBat Mag","description":"Vous souhaitez connaitre les derni\u00e8res actualit\u00e9s sur l\u2019Architecture, le Design ou les Ressources Humaines ? D\u00e9couvrez ArchiBat Mag, le magazine d\u00e9di\u00e9 aux m\u00e9tiers de l&#039;Architecture et de l&#039;Ing\u00e9nierie.","potentialAction":[{"@type":"SearchAction","target":{"@type":"EntryPoint","urlTemplate":"https:\/\/archibat.com\/blog\/?s={search_term_string}"},"query-input":{"@type":"PropertyValueSpecification","valueRequired":true,"valueName":"search_term_string"}}],"inLanguage":"en-US"},{"@type":"Person","@id":"https:\/\/archibat.com\/blog\/#\/schema\/person\/c246f0d63b5e719c2cbe4f9bd494bf12","name":"communication"}]}},"_links":{"self":[{"href":"https:\/\/archibat.com\/blog\/en\/wp-json\/wp\/v2\/posts\/1624","targetHints":{"allow":["GET"]}}],"collection":[{"href":"https:\/\/archibat.com\/blog\/en\/wp-json\/wp\/v2\/posts"}],"about":[{"href":"https:\/\/archibat.com\/blog\/en\/wp-json\/wp\/v2\/types\/post"}],"author":[{"embeddable":true,"href":"https:\/\/archibat.com\/blog\/en\/wp-json\/wp\/v2\/users\/2"}],"replies":[{"embeddable":true,"href":"https:\/\/archibat.com\/blog\/en\/wp-json\/wp\/v2\/comments?post=1624"}],"version-history":[{"count":4,"href":"https:\/\/archibat.com\/blog\/en\/wp-json\/wp\/v2\/posts\/1624\/revisions"}],"predecessor-version":[{"id":7607,"href":"https:\/\/archibat.com\/blog\/en\/wp-json\/wp\/v2\/posts\/1624\/revisions\/7607"}],"wp:featuredmedia":[{"embeddable":true,"href":"https:\/\/archibat.com\/blog\/en\/wp-json\/wp\/v2\/media\/6554"}],"wp:attachment":[{"href":"https:\/\/archibat.com\/blog\/en\/wp-json\/wp\/v2\/media?parent=1624"}],"wp:term":[{"taxonomy":"category","embeddable":true,"href":"https:\/\/archibat.com\/blog\/en\/wp-json\/wp\/v2\/categories?post=1624"},{"taxonomy":"post_tag","embeddable":true,"href":"https:\/\/archibat.com\/blog\/en\/wp-json\/wp\/v2\/tags?post=1624"}],"curies":[{"name":"wp","href":"https:\/\/api.w.org\/{rel}","templated":true}]}}