{"id":1747,"date":"2016-04-27T13:53:50","date_gmt":"2016-04-27T12:53:50","guid":{"rendered":"https:\/\/www.archibat.com\/blog\/?p=1747&#038;lang=en"},"modified":"2018-12-06T16:45:42","modified_gmt":"2018-12-06T15:45:42","slug":"anne-merkelijn-program-director-at-klepierre-segece","status":"publish","type":"post","link":"https:\/\/archibat.com\/blog\/en\/anne-merkelijn-program-director-at-klepierre-segece\/","title":{"rendered":"Anne Merkelijn, Program Director at Kl\u00e9pierre S\u00e9g\u00e9c\u00e9"},"content":{"rendered":"<p>Program Director since 1998, as part of the team managing the development of the Kl\u00e9pierre group &#8211; a European specialist in business real estate and an investor who has mastered the design, management and development of its estate -, Anne Merkelijn, a government-licenced architect, manages the development of three projects in the north eastern region: <em>\u2018It takes at least eight to ten years to finalise a project,\u2019<\/em> she explains. In fact, given the number of players involved in every phase of a project, Anne Merkelijn finds herself in a position comparable to that of an orchestra conductor: <em>\u2018There is an entire part of the work which remains kind of invisible to the public because we work a lot in advance with local authorities, elected officials and town-planners\u2019.<\/em><\/p>\n<p>This doesn\u2019t even take into account the fact that no two operations are the same! In fact, in certain cases, Anne Merkelijn is responsible for acquiring land and thus designing a new project from scratch. In others, the architect might have to manage the extension of a site which is already part of the Company\u2019s portfolio. Kl\u00e9pierre Group has a presence in over 16 countries and owns more than 178 sites in Europe \u2013 this should already give you an idea of the significance of their property portfolio. Their estate on 31 December 2014 came to 21.4 billion euros.<\/p>\n<p>The interpersonal side of her profession is essential. She works with people who perform a very wide range of duties. <em>\u2018One minute I\u2019m working with a trader\u2026the next, an archaeologist!\u2019<\/em>, she explains jokingly, and adds, acknowledging simply: <em>\u2018What it comes down to is that I love meeting people I don\u2019t know, or whose professions are completely different from mine. For me, working with others is a must\u2019<\/em>. So what was the career path of this architect become program director who puts human relations at the heart of her professional concerns?<\/p>\n<p><img loading=\"lazy\" decoding=\"async\" class=\"alignnone size-large wp-image-1750\" src=\"https:\/\/www.archibat.com\/blog\/wp-content\/uploads\/2016\/04\/emporia-mail-0100-2-1024x681.jpg\" alt=\"emporia-mail-0100\" width=\"686\" height=\"456\" \/><\/p>\n<h2>An education spanning Paris and Bangkok<\/h2>\n<p>Anne Merkelijn did not come to architecture by chance. It was the profession\u2019s concrete approach which seduced her: \u2018Designing living spaces for people is a truly useful activity\u2019 she clarifies. The quality of her pencil strokes and her ability to conceive three dimensional volumes push her definitively down this path.<\/p>\n<p>As a student at the Paris Villemin School of Architecture (UP1), she specialises in projects in developing countries. Her degree work, carried out under the supervision of the Professor and town planner Charles Goldblum, concerns \u2018The major urban restructuring projects in Indonesia\u2019. She defended this thesis in 1983.<\/p>\n<p>Her course supervisor also offers her the opportunity to spend two years in Bangkok as part of a CNRS (French National Scientific Research Centre) assignment. She thus carries out a study on the terrain of a district of the Thai capital in collaboration with a multidisciplinary group of researchers. This group also goes on to strengthen the ties between Thai and French universities and trigger the creation of an anthropology department at a local university, the future beginnings of a <em>Mus\u00e9e de l\u2019Homme<\/em> (French anthropology museum) in Thailand.<\/p>\n<h2>10 years of experience at CVZ<\/h2>\n<p>In 1985, Anne Merkelijn is back in Paris and about to take a decision which will influence the rest of her career \u2013 choosing to practice as an architect in a firm. For two years, she completes assignments for firms specialised in the design and production of major hospital infrastructures. <em>\u2018I discovered that I really enjoyed working on major projects involving many people\u2019<\/em>, she comments.<\/p>\n<p>The experience she gained in developing complex buildings together with her knowledge of town planning catches the eye of CVZ, an architectural firm specialised in shopping centres. She stays with them for ten years. <em>\u2018It\u2019s a great company which encourages young people lots and offers additional in-house training in architecture, building site supervision and financial project management,\u2019<\/em> explains Anne Merkelijn.<\/p>\n<p>Whenever she is assigned a project, she becomes the client\u2019s only representative, and in this way quickly acquires an in-depth knowledge of the field. She also builds a solid and diverse professional network. Through responding to the requests of developers responsible for renovating and extending shopping centres, the architect discovers that she is particularly interested in Project Ownership as a profession.<\/p>\n<p><img loading=\"lazy\" decoding=\"async\" class=\"alignnone size-large wp-image-1752\" src=\"https:\/\/www.archibat.com\/blog\/wp-content\/uploads\/2016\/04\/emporia-mail-0124-2-1024x683.jpg\" alt=\"emporia-mail-0124\" width=\"686\" height=\"458\" \/><\/p>\n<h2>Moving towards project ownership<\/h2>\n<p>In 1998, Anne Merkelijn reaches a definitive milestone by becoming Program Manager for the Kl\u00e9pierre account. Her work turns out to be extremely varied. <em>\u2018No two days are the same,\u2019 <\/em>she explains enthusiastically.<\/p>\n<p>However, we can nonetheless distinguish three axes around which the activities inherent to her duties revolve: the work carried out in advance with local authorities, the operational management of the project (team organisation, architectural and technical project supervision) and the legal and financial arrangement and supervision of the project.<\/p>\n<p><em>\u2018As an architect, my perfect knowledge of the shopping centre tool is an advantage,\u2019<\/em> she clarifies, adding: <em>\u2018At Kl\u00e9pierre, there are different profiles which contribute to the performance of the same duties. This regards engineers, legal experts, economists, town planners. As a result, each one can help the other depending on their original specialisations.\u2019<\/em><\/p>\n<h2>What it takes to be a Program Director<\/h2>\n<p>When she is working with her colleagues, Anne Merkelijn reminds them regularly of the principles which govern shopping centres. <em>\u2018As a developer, I know that there are types of shop spaces which we will not be able to rent out to a shopkeeper,\u2019<\/em> she explains. However, she gives them considerable freedom so that they can use their skills and show off their talent: <em>\u2018If I didn\u2019t, they wouldn\u2019t be any point in hiring them.\u2019<\/em><\/p>\n<p>Anne Merkelijn believes that her current job requires both authority and lots of tact, and an energy and enthusiasm which must be used in conjunction with lots of perseverance and patience: <em>\u2018The architect is quite well prepared for meeting these needs which can at first seem conflicting.\u2019<\/em><\/p>\n<h2>Her references?<\/h2>\n<p><em>\u2018I truly admire the work of Ieoh Ming Pei, Rem Koolhas and Christian de Portzamparc. Discovering new places, lifestyles and approaches to housing during my travels also influences me greatly.\u2019<\/em><\/p>\n<p><img loading=\"lazy\" decoding=\"async\" class=\"alignnone size-large wp-image-1753\" src=\"https:\/\/www.archibat.com\/blog\/wp-content\/uploads\/2016\/04\/emporia-facade-0114-2-681x1024.jpg\" alt=\"emporia-facade-0114\" width=\"681\" height=\"1024\" \/><\/p>\n<p><strong><em>Photos: Emporia Shopping Centre (68,000 m2) in Malm\u00f6 (Sweden), designed by the Swedish architect Gert Wing\u00e4rdh.<\/em><\/strong><\/p>\n","protected":false},"excerpt":{"rendered":"<p>Program Director since 1998, as part of the team managing the development of the Kl\u00e9pierre group &#8211; a European specialist in business real estate and\u2026<\/p>\n","protected":false},"author":2,"featured_media":1749,"comment_status":"closed","ping_status":"closed","sticky":false,"template":"","format":"standard","meta":{"_acf_changed":false,"footnotes":""},"categories":[500],"tags":[],"class_list":["post-1747","post","type-post","status-publish","format-standard","has-post-thumbnail","hentry","category-portraits-en"],"acf":[],"yoast_head":"<!-- This site is optimized with the Yoast SEO plugin v24.8.1 - https:\/\/yoast.com\/wordpress\/plugins\/seo\/ -->\n<title>Anne Merkelijn, Program Director at Kl\u00e9pierre S\u00e9g\u00e9c\u00e9 &#8211; ArchiBat Mag<\/title>\n<meta name=\"robots\" content=\"index, follow, max-snippet:-1, max-image-preview:large, max-video-preview:-1\" \/>\n<link rel=\"canonical\" href=\"https:\/\/archibat.com\/blog\/parcours-de-l-architecte-anne-merkelijn-directrice-de-programmes-chez-klepierre-segece\/\" \/>\n<meta property=\"og:locale\" content=\"en_US\" \/>\n<meta property=\"og:type\" content=\"article\" \/>\n<meta property=\"og:title\" content=\"Anne Merkelijn, Program Director at Kl\u00e9pierre S\u00e9g\u00e9c\u00e9 &#8211; ArchiBat Mag\" \/>\n<meta property=\"og:description\" content=\"Program Director since 1998, as part of the team managing the development of the Kl\u00e9pierre group &#8211; a European specialist in business real estate and\u2026\" \/>\n<meta property=\"og:url\" content=\"https:\/\/archibat.com\/blog\/parcours-de-l-architecte-anne-merkelijn-directrice-de-programmes-chez-klepierre-segece\/\" \/>\n<meta property=\"og:site_name\" content=\"ArchiBat Mag\" \/>\n<meta property=\"article:published_time\" content=\"2016-04-27T12:53:50+00:00\" \/>\n<meta property=\"article:modified_time\" content=\"2018-12-06T15:45:42+00:00\" \/>\n<meta property=\"og:image\" content=\"https:\/\/archibat.com\/blog\/wp-content\/uploads\/2016\/04\/4-1-2.jpg\" \/>\n\t<meta property=\"og:image:width\" content=\"635\" \/>\n\t<meta property=\"og:image:height\" content=\"357\" \/>\n\t<meta property=\"og:image:type\" content=\"image\/jpeg\" \/>\n<meta name=\"author\" content=\"communication\" \/>\n<meta name=\"twitter:card\" content=\"summary_large_image\" \/>\n<meta name=\"twitter:label1\" content=\"Written by\" \/>\n\t<meta name=\"twitter:data1\" content=\"communication\" \/>\n\t<meta name=\"twitter:label2\" content=\"Est. reading time\" \/>\n\t<meta name=\"twitter:data2\" content=\"5 minutes\" \/>\n<script type=\"application\/ld+json\" class=\"yoast-schema-graph\">{\"@context\":\"https:\/\/schema.org\",\"@graph\":[{\"@type\":\"WebPage\",\"@id\":\"https:\/\/archibat.com\/blog\/parcours-de-l-architecte-anne-merkelijn-directrice-de-programmes-chez-klepierre-segece\/\",\"url\":\"https:\/\/archibat.com\/blog\/parcours-de-l-architecte-anne-merkelijn-directrice-de-programmes-chez-klepierre-segece\/\",\"name\":\"Anne Merkelijn, Program Director at Kl\u00e9pierre S\u00e9g\u00e9c\u00e9 &#8211; ArchiBat Mag\",\"isPartOf\":{\"@id\":\"https:\/\/archibat.com\/blog\/#website\"},\"primaryImageOfPage\":{\"@id\":\"https:\/\/archibat.com\/blog\/parcours-de-l-architecte-anne-merkelijn-directrice-de-programmes-chez-klepierre-segece\/#primaryimage\"},\"image\":{\"@id\":\"https:\/\/archibat.com\/blog\/parcours-de-l-architecte-anne-merkelijn-directrice-de-programmes-chez-klepierre-segece\/#primaryimage\"},\"thumbnailUrl\":\"https:\/\/archibat.com\/blog\/wp-content\/uploads\/2016\/04\/4-1-2.jpg\",\"datePublished\":\"2016-04-27T12:53:50+00:00\",\"dateModified\":\"2018-12-06T15:45:42+00:00\",\"author\":{\"@id\":\"https:\/\/archibat.com\/blog\/#\/schema\/person\/c246f0d63b5e719c2cbe4f9bd494bf12\"},\"breadcrumb\":{\"@id\":\"https:\/\/archibat.com\/blog\/parcours-de-l-architecte-anne-merkelijn-directrice-de-programmes-chez-klepierre-segece\/#breadcrumb\"},\"inLanguage\":\"en-US\",\"potentialAction\":[{\"@type\":\"ReadAction\",\"target\":[\"https:\/\/archibat.com\/blog\/parcours-de-l-architecte-anne-merkelijn-directrice-de-programmes-chez-klepierre-segece\/\"]}]},{\"@type\":\"ImageObject\",\"inLanguage\":\"en-US\",\"@id\":\"https:\/\/archibat.com\/blog\/parcours-de-l-architecte-anne-merkelijn-directrice-de-programmes-chez-klepierre-segece\/#primaryimage\",\"url\":\"https:\/\/archibat.com\/blog\/wp-content\/uploads\/2016\/04\/4-1-2.jpg\",\"contentUrl\":\"https:\/\/archibat.com\/blog\/wp-content\/uploads\/2016\/04\/4-1-2.jpg\",\"width\":635,\"height\":357},{\"@type\":\"BreadcrumbList\",\"@id\":\"https:\/\/archibat.com\/blog\/parcours-de-l-architecte-anne-merkelijn-directrice-de-programmes-chez-klepierre-segece\/#breadcrumb\",\"itemListElement\":[{\"@type\":\"ListItem\",\"position\":1,\"name\":\"Home\",\"item\":\"https:\/\/archibat.com\/blog\/en\/\"},{\"@type\":\"ListItem\",\"position\":2,\"name\":\"Anne Merkelijn, Program Director at Kl\u00e9pierre S\u00e9g\u00e9c\u00e9\"}]},{\"@type\":\"WebSite\",\"@id\":\"https:\/\/archibat.com\/blog\/#website\",\"url\":\"https:\/\/archibat.com\/blog\/\",\"name\":\"ArchiBat Mag\",\"description\":\"Vous souhaitez connaitre les derni\u00e8res actualit\u00e9s sur l\u2019Architecture, le Design ou les Ressources Humaines ? D\u00e9couvrez ArchiBat Mag, le magazine d\u00e9di\u00e9 aux m\u00e9tiers de l&#039;Architecture et de l&#039;Ing\u00e9nierie.\",\"potentialAction\":[{\"@type\":\"SearchAction\",\"target\":{\"@type\":\"EntryPoint\",\"urlTemplate\":\"https:\/\/archibat.com\/blog\/?s={search_term_string}\"},\"query-input\":{\"@type\":\"PropertyValueSpecification\",\"valueRequired\":true,\"valueName\":\"search_term_string\"}}],\"inLanguage\":\"en-US\"},{\"@type\":\"Person\",\"@id\":\"https:\/\/archibat.com\/blog\/#\/schema\/person\/c246f0d63b5e719c2cbe4f9bd494bf12\",\"name\":\"communication\"}]}<\/script>\n<!-- \/ Yoast SEO plugin. -->","yoast_head_json":{"title":"Anne Merkelijn, Program Director at Kl\u00e9pierre S\u00e9g\u00e9c\u00e9 &#8211; ArchiBat Mag","robots":{"index":"index","follow":"follow","max-snippet":"max-snippet:-1","max-image-preview":"max-image-preview:large","max-video-preview":"max-video-preview:-1"},"canonical":"https:\/\/archibat.com\/blog\/parcours-de-l-architecte-anne-merkelijn-directrice-de-programmes-chez-klepierre-segece\/","og_locale":"en_US","og_type":"article","og_title":"Anne Merkelijn, Program Director at Kl\u00e9pierre S\u00e9g\u00e9c\u00e9 &#8211; ArchiBat Mag","og_description":"Program Director since 1998, as part of the team managing the development of the Kl\u00e9pierre group &#8211; a European specialist in business real estate and\u2026","og_url":"https:\/\/archibat.com\/blog\/parcours-de-l-architecte-anne-merkelijn-directrice-de-programmes-chez-klepierre-segece\/","og_site_name":"ArchiBat Mag","article_published_time":"2016-04-27T12:53:50+00:00","article_modified_time":"2018-12-06T15:45:42+00:00","og_image":[{"width":635,"height":357,"url":"https:\/\/archibat.com\/blog\/wp-content\/uploads\/2016\/04\/4-1-2.jpg","type":"image\/jpeg"}],"author":"communication","twitter_card":"summary_large_image","twitter_misc":{"Written by":"communication","Est. reading time":"5 minutes"},"schema":{"@context":"https:\/\/schema.org","@graph":[{"@type":"WebPage","@id":"https:\/\/archibat.com\/blog\/parcours-de-l-architecte-anne-merkelijn-directrice-de-programmes-chez-klepierre-segece\/","url":"https:\/\/archibat.com\/blog\/parcours-de-l-architecte-anne-merkelijn-directrice-de-programmes-chez-klepierre-segece\/","name":"Anne Merkelijn, Program Director at Kl\u00e9pierre S\u00e9g\u00e9c\u00e9 &#8211; ArchiBat Mag","isPartOf":{"@id":"https:\/\/archibat.com\/blog\/#website"},"primaryImageOfPage":{"@id":"https:\/\/archibat.com\/blog\/parcours-de-l-architecte-anne-merkelijn-directrice-de-programmes-chez-klepierre-segece\/#primaryimage"},"image":{"@id":"https:\/\/archibat.com\/blog\/parcours-de-l-architecte-anne-merkelijn-directrice-de-programmes-chez-klepierre-segece\/#primaryimage"},"thumbnailUrl":"https:\/\/archibat.com\/blog\/wp-content\/uploads\/2016\/04\/4-1-2.jpg","datePublished":"2016-04-27T12:53:50+00:00","dateModified":"2018-12-06T15:45:42+00:00","author":{"@id":"https:\/\/archibat.com\/blog\/#\/schema\/person\/c246f0d63b5e719c2cbe4f9bd494bf12"},"breadcrumb":{"@id":"https:\/\/archibat.com\/blog\/parcours-de-l-architecte-anne-merkelijn-directrice-de-programmes-chez-klepierre-segece\/#breadcrumb"},"inLanguage":"en-US","potentialAction":[{"@type":"ReadAction","target":["https:\/\/archibat.com\/blog\/parcours-de-l-architecte-anne-merkelijn-directrice-de-programmes-chez-klepierre-segece\/"]}]},{"@type":"ImageObject","inLanguage":"en-US","@id":"https:\/\/archibat.com\/blog\/parcours-de-l-architecte-anne-merkelijn-directrice-de-programmes-chez-klepierre-segece\/#primaryimage","url":"https:\/\/archibat.com\/blog\/wp-content\/uploads\/2016\/04\/4-1-2.jpg","contentUrl":"https:\/\/archibat.com\/blog\/wp-content\/uploads\/2016\/04\/4-1-2.jpg","width":635,"height":357},{"@type":"BreadcrumbList","@id":"https:\/\/archibat.com\/blog\/parcours-de-l-architecte-anne-merkelijn-directrice-de-programmes-chez-klepierre-segece\/#breadcrumb","itemListElement":[{"@type":"ListItem","position":1,"name":"Home","item":"https:\/\/archibat.com\/blog\/en\/"},{"@type":"ListItem","position":2,"name":"Anne Merkelijn, Program Director at Kl\u00e9pierre S\u00e9g\u00e9c\u00e9"}]},{"@type":"WebSite","@id":"https:\/\/archibat.com\/blog\/#website","url":"https:\/\/archibat.com\/blog\/","name":"ArchiBat Mag","description":"Vous souhaitez connaitre les derni\u00e8res actualit\u00e9s sur l\u2019Architecture, le Design ou les Ressources Humaines ? D\u00e9couvrez ArchiBat Mag, le magazine d\u00e9di\u00e9 aux m\u00e9tiers de l&#039;Architecture et de l&#039;Ing\u00e9nierie.","potentialAction":[{"@type":"SearchAction","target":{"@type":"EntryPoint","urlTemplate":"https:\/\/archibat.com\/blog\/?s={search_term_string}"},"query-input":{"@type":"PropertyValueSpecification","valueRequired":true,"valueName":"search_term_string"}}],"inLanguage":"en-US"},{"@type":"Person","@id":"https:\/\/archibat.com\/blog\/#\/schema\/person\/c246f0d63b5e719c2cbe4f9bd494bf12","name":"communication"}]}},"_links":{"self":[{"href":"https:\/\/archibat.com\/blog\/en\/wp-json\/wp\/v2\/posts\/1747","targetHints":{"allow":["GET"]}}],"collection":[{"href":"https:\/\/archibat.com\/blog\/en\/wp-json\/wp\/v2\/posts"}],"about":[{"href":"https:\/\/archibat.com\/blog\/en\/wp-json\/wp\/v2\/types\/post"}],"author":[{"embeddable":true,"href":"https:\/\/archibat.com\/blog\/en\/wp-json\/wp\/v2\/users\/2"}],"replies":[{"embeddable":true,"href":"https:\/\/archibat.com\/blog\/en\/wp-json\/wp\/v2\/comments?post=1747"}],"version-history":[{"count":1,"href":"https:\/\/archibat.com\/blog\/en\/wp-json\/wp\/v2\/posts\/1747\/revisions"}],"predecessor-version":[{"id":8456,"href":"https:\/\/archibat.com\/blog\/en\/wp-json\/wp\/v2\/posts\/1747\/revisions\/8456"}],"wp:featuredmedia":[{"embeddable":true,"href":"https:\/\/archibat.com\/blog\/en\/wp-json\/wp\/v2\/media\/1749"}],"wp:attachment":[{"href":"https:\/\/archibat.com\/blog\/en\/wp-json\/wp\/v2\/media?parent=1747"}],"wp:term":[{"taxonomy":"category","embeddable":true,"href":"https:\/\/archibat.com\/blog\/en\/wp-json\/wp\/v2\/categories?post=1747"},{"taxonomy":"post_tag","embeddable":true,"href":"https:\/\/archibat.com\/blog\/en\/wp-json\/wp\/v2\/tags?post=1747"}],"curies":[{"name":"wp","href":"https:\/\/api.w.org\/{rel}","templated":true}]}}