{"id":4530,"date":"2018-05-30T12:07:31","date_gmt":"2018-05-30T11:07:31","guid":{"rendered":"https:\/\/www.archibat.com\/blog\/en\/?p=4530"},"modified":"2018-12-10T16:28:59","modified_gmt":"2018-12-10T15:28:59","slug":"who-said-that-the-garden-dwarves-were-tacky","status":"publish","type":"post","link":"https:\/\/archibat.com\/blog\/en\/who-said-that-the-garden-dwarves-were-tacky\/","title":{"rendered":"Who said that the garden dwarves were tacky?!"},"content":{"rendered":"<p>OK, I grant it to you, it is not about a dwarf of a garden but rather about a dwarf of an apartment. It is true that taking into account its very refined design, this dwarf-sculpture has its place rather in a living room.<\/p>\n<p><img loading=\"lazy\" decoding=\"async\" src=\"https:\/\/www.archibat.com\/blog\/wp-content\/uploads\/2018\/04\/Nino-16-tt-width-620-height-877-lazyload-0-crop-1-bgcolor-000000-except_gif-1-1-2.jpg\" alt=\"\" width=\"618\" height=\"532\" \/><\/p>\n<p>Here is Nino, a dwarf resulting from collaboration between the Rome company Plato Design and Pellegrino Cucciniello, the designer.<\/p>\n<p><img loading=\"lazy\" decoding=\"async\" src=\"https:\/\/www.archibat.com\/blog\/wp-content\/uploads\/2018\/04\/Nino-5-tt-width-620-height-414-lazyload-0-crop-1-bgcolor-000000-except_gif-1-2.jpg\" alt=\"\" width=\"620\" height=\"414\" \/><\/p>\n<p>The idea behind this redesigned dwarf was to prove that an object or a form considered as kitsch, even completely old-fashioned and outdated, could in the end prove to be trendy.<\/p>\n<p><img loading=\"lazy\" decoding=\"async\" src=\"https:\/\/www.archibat.com\/blog\/wp-content\/uploads\/2018\/04\/Nino-7-tt-width-620-height-355-lazyload-0-crop-1-bgcolor-000000-except_gif-1-2.jpg\" alt=\"\" width=\"620\" height=\"355\" \/><\/p>\n<p>And this challenge is cleverly pushed up as this dwarf becomes an object that finds its place in the most beautiful apartments, even worthy to appear on the cover of the most trendy interior decoration magazine.<\/p>\n<p><img loading=\"lazy\" decoding=\"async\" src=\"https:\/\/www.archibat.com\/blog\/wp-content\/uploads\/2018\/04\/Nino-12-tt-width-620-height-414-lazyload-0-crop-1-bgcolor-000000-except_gif-1-2.jpg\" alt=\"\" width=\"620\" height=\"414\" \/><\/p>\n<p>Cut out of concrete, it will match perfectly with any type of interior. Its raw aspect, its angular forms and its rather discrete colors, compared to the traditional dwarves, could be fit to equip an immaculate wall or on the contrary could join other design objects.<\/p>\n<p><img loading=\"lazy\" decoding=\"async\" src=\"https:\/\/www.archibat.com\/blog\/wp-content\/uploads\/2018\/04\/Nino-15-tt-width-620-height-877-lazyload-0-crop-1-bgcolor-000000-except_gif-1-2.jpg\" alt=\"\" width=\"620\" height=\"877\" \/><\/p>\n<p>And now, if you want to order in advance your Nino so that it can monitor your house, go to https:\/\/www.platodesign.it\/nino-garden-gnome\/, you&#8217;ll even get a 30% discount!<\/p>\n<p><img loading=\"lazy\" decoding=\"async\" src=\"https:\/\/www.archibat.com\/blog\/wp-content\/uploads\/2018\/04\/Nino-13-tt-width-620-height-877-lazyload-0-crop-1-bgcolor-000000-except_gif-1-2.jpg\" alt=\"\" width=\"620\" height=\"877\" \/><br \/>\n<img loading=\"lazy\" decoding=\"async\" src=\"https:\/\/www.archibat.com\/blog\/wp-content\/uploads\/2018\/04\/Nino-14-tt-width-620-height-877-lazyload-0-crop-1-bgcolor-000000-except_gif-1-2.jpg\" alt=\"\" width=\"620\" height=\"877\" \/><br \/>\n<img loading=\"lazy\" decoding=\"async\" src=\"https:\/\/www.archibat.com\/blog\/wp-content\/uploads\/2018\/04\/Nino-11-tt-width-620-height-414-lazyload-0-crop-1-bgcolor-000000-except_gif-1-2.jpg\" alt=\"\" width=\"620\" height=\"414\" \/><br \/>\n<img loading=\"lazy\" decoding=\"async\" src=\"https:\/\/www.archibat.com\/blog\/wp-content\/uploads\/2018\/04\/Nino-6-tt-width-620-height-877-lazyload-0-crop-1-bgcolor-000000-except_gif-1-2.jpg\" alt=\"\" width=\"620\" height=\"877\" \/><br \/>\n<img loading=\"lazy\" decoding=\"async\" src=\"https:\/\/www.archibat.com\/blog\/wp-content\/uploads\/2018\/04\/Nino-1-tt-width-620-height-930-lazyload-0-crop-1-bgcolor-000000-except_gif-1-2.jpg\" alt=\"\" width=\"620\" height=\"930\" \/><\/p>\n","protected":false},"excerpt":{"rendered":"<p>OK, I grant it to you, it is not about a dwarf of a garden but rather about a dwarf of an apartment. It is\u2026<\/p>\n","protected":false},"author":2,"featured_media":4262,"comment_status":"closed","ping_status":"closed","sticky":false,"template":"","format":"standard","meta":{"_acf_changed":false,"footnotes":""},"categories":[498],"tags":[1140,1141,1142],"class_list":["post-4530","post","type-post","status-publish","format-standard","has-post-thumbnail","hentry","category-architecture-and-design","tag-dwarf","tag-home-design","tag-interior-design"],"acf":[],"yoast_head":"<!-- This site is optimized with the Yoast SEO plugin v24.8.1 - https:\/\/yoast.com\/wordpress\/plugins\/seo\/ -->\n<title>Who said that the garden dwarves were tacky?! &#8211; ArchiBat Mag<\/title>\n<meta name=\"description\" content=\"Imagine that having a dwarf could be trendy. Probably not with the ones we know, but with Nino, we are sure that you will love him. Design and contemporary, this dwarf will bring some love in your flat\" \/>\n<meta name=\"robots\" content=\"index, follow, max-snippet:-1, max-image-preview:large, max-video-preview:-1\" \/>\n<link rel=\"canonical\" href=\"https:\/\/archibat.com\/blog\/qui-a-dit-que-les-nains-de-jardin-etaient-ringard\/\" \/>\n<meta property=\"og:locale\" content=\"en_US\" \/>\n<meta property=\"og:type\" content=\"article\" \/>\n<meta property=\"og:title\" content=\"Who said that the garden dwarves were tacky?! &#8211; ArchiBat Mag\" \/>\n<meta property=\"og:description\" content=\"Imagine that having a dwarf could be trendy. Probably not with the ones we know, but with Nino, we are sure that you will love him. Design and contemporary, this dwarf will bring some love in your flat\" \/>\n<meta property=\"og:url\" content=\"https:\/\/archibat.com\/blog\/qui-a-dit-que-les-nains-de-jardin-etaient-ringard\/\" \/>\n<meta property=\"og:site_name\" content=\"ArchiBat Mag\" \/>\n<meta property=\"article:published_time\" content=\"2018-05-30T11:07:31+00:00\" \/>\n<meta property=\"article:modified_time\" content=\"2018-12-10T15:28:59+00:00\" \/>\n<meta property=\"og:image\" content=\"https:\/\/archibat.com\/blog\/wp-content\/uploads\/2018\/04\/Nino-17-tt-width-620-height-466-lazyload-0-crop-1-bgcolor-000000-except_gif-1-2.jpg\" \/>\n\t<meta property=\"og:image:width\" content=\"620\" \/>\n\t<meta property=\"og:image:height\" content=\"466\" \/>\n\t<meta property=\"og:image:type\" content=\"image\/jpeg\" \/>\n<meta name=\"author\" content=\"communication\" \/>\n<meta name=\"twitter:card\" content=\"summary_large_image\" \/>\n<meta name=\"twitter:label1\" content=\"Written by\" \/>\n\t<meta name=\"twitter:data1\" content=\"communication\" \/>\n\t<meta name=\"twitter:label2\" content=\"Est. reading time\" \/>\n\t<meta name=\"twitter:data2\" content=\"1 minute\" \/>\n<script type=\"application\/ld+json\" class=\"yoast-schema-graph\">{\"@context\":\"https:\/\/schema.org\",\"@graph\":[{\"@type\":\"WebPage\",\"@id\":\"https:\/\/archibat.com\/blog\/qui-a-dit-que-les-nains-de-jardin-etaient-ringard\/\",\"url\":\"https:\/\/archibat.com\/blog\/qui-a-dit-que-les-nains-de-jardin-etaient-ringard\/\",\"name\":\"Who said that the garden dwarves were tacky?! &#8211; ArchiBat Mag\",\"isPartOf\":{\"@id\":\"https:\/\/archibat.com\/blog\/#website\"},\"primaryImageOfPage\":{\"@id\":\"https:\/\/archibat.com\/blog\/qui-a-dit-que-les-nains-de-jardin-etaient-ringard\/#primaryimage\"},\"image\":{\"@id\":\"https:\/\/archibat.com\/blog\/qui-a-dit-que-les-nains-de-jardin-etaient-ringard\/#primaryimage\"},\"thumbnailUrl\":\"https:\/\/archibat.com\/blog\/wp-content\/uploads\/2018\/04\/Nino-17-tt-width-620-height-466-lazyload-0-crop-1-bgcolor-000000-except_gif-1-2.jpg\",\"datePublished\":\"2018-05-30T11:07:31+00:00\",\"dateModified\":\"2018-12-10T15:28:59+00:00\",\"author\":{\"@id\":\"https:\/\/archibat.com\/blog\/#\/schema\/person\/c246f0d63b5e719c2cbe4f9bd494bf12\"},\"description\":\"Imagine that having a dwarf could be trendy. Probably not with the ones we know, but with Nino, we are sure that you will love him. Design and contemporary, this dwarf will bring some love in your flat\",\"breadcrumb\":{\"@id\":\"https:\/\/archibat.com\/blog\/qui-a-dit-que-les-nains-de-jardin-etaient-ringard\/#breadcrumb\"},\"inLanguage\":\"en-US\",\"potentialAction\":[{\"@type\":\"ReadAction\",\"target\":[\"https:\/\/archibat.com\/blog\/qui-a-dit-que-les-nains-de-jardin-etaient-ringard\/\"]}]},{\"@type\":\"ImageObject\",\"inLanguage\":\"en-US\",\"@id\":\"https:\/\/archibat.com\/blog\/qui-a-dit-que-les-nains-de-jardin-etaient-ringard\/#primaryimage\",\"url\":\"https:\/\/archibat.com\/blog\/wp-content\/uploads\/2018\/04\/Nino-17-tt-width-620-height-466-lazyload-0-crop-1-bgcolor-000000-except_gif-1-2.jpg\",\"contentUrl\":\"https:\/\/archibat.com\/blog\/wp-content\/uploads\/2018\/04\/Nino-17-tt-width-620-height-466-lazyload-0-crop-1-bgcolor-000000-except_gif-1-2.jpg\",\"width\":620,\"height\":466},{\"@type\":\"BreadcrumbList\",\"@id\":\"https:\/\/archibat.com\/blog\/qui-a-dit-que-les-nains-de-jardin-etaient-ringard\/#breadcrumb\",\"itemListElement\":[{\"@type\":\"ListItem\",\"position\":1,\"name\":\"Home\",\"item\":\"https:\/\/archibat.com\/blog\/en\/\"},{\"@type\":\"ListItem\",\"position\":2,\"name\":\"Who said that the garden dwarves were tacky?!\"}]},{\"@type\":\"WebSite\",\"@id\":\"https:\/\/archibat.com\/blog\/#website\",\"url\":\"https:\/\/archibat.com\/blog\/\",\"name\":\"ArchiBat Mag\",\"description\":\"Vous souhaitez connaitre les derni\u00e8res actualit\u00e9s sur l\u2019Architecture, le Design ou les Ressources Humaines ? D\u00e9couvrez ArchiBat Mag, le magazine d\u00e9di\u00e9 aux m\u00e9tiers de l&#039;Architecture et de l&#039;Ing\u00e9nierie.\",\"potentialAction\":[{\"@type\":\"SearchAction\",\"target\":{\"@type\":\"EntryPoint\",\"urlTemplate\":\"https:\/\/archibat.com\/blog\/?s={search_term_string}\"},\"query-input\":{\"@type\":\"PropertyValueSpecification\",\"valueRequired\":true,\"valueName\":\"search_term_string\"}}],\"inLanguage\":\"en-US\"},{\"@type\":\"Person\",\"@id\":\"https:\/\/archibat.com\/blog\/#\/schema\/person\/c246f0d63b5e719c2cbe4f9bd494bf12\",\"name\":\"communication\"}]}<\/script>\n<!-- \/ Yoast SEO plugin. -->","yoast_head_json":{"title":"Who said that the garden dwarves were tacky?! &#8211; ArchiBat Mag","description":"Imagine that having a dwarf could be trendy. Probably not with the ones we know, but with Nino, we are sure that you will love him. Design and contemporary, this dwarf will bring some love in your flat","robots":{"index":"index","follow":"follow","max-snippet":"max-snippet:-1","max-image-preview":"max-image-preview:large","max-video-preview":"max-video-preview:-1"},"canonical":"https:\/\/archibat.com\/blog\/qui-a-dit-que-les-nains-de-jardin-etaient-ringard\/","og_locale":"en_US","og_type":"article","og_title":"Who said that the garden dwarves were tacky?! &#8211; ArchiBat Mag","og_description":"Imagine that having a dwarf could be trendy. Probably not with the ones we know, but with Nino, we are sure that you will love him. Design and contemporary, this dwarf will bring some love in your flat","og_url":"https:\/\/archibat.com\/blog\/qui-a-dit-que-les-nains-de-jardin-etaient-ringard\/","og_site_name":"ArchiBat Mag","article_published_time":"2018-05-30T11:07:31+00:00","article_modified_time":"2018-12-10T15:28:59+00:00","og_image":[{"width":620,"height":466,"url":"https:\/\/archibat.com\/blog\/wp-content\/uploads\/2018\/04\/Nino-17-tt-width-620-height-466-lazyload-0-crop-1-bgcolor-000000-except_gif-1-2.jpg","type":"image\/jpeg"}],"author":"communication","twitter_card":"summary_large_image","twitter_misc":{"Written by":"communication","Est. reading time":"1 minute"},"schema":{"@context":"https:\/\/schema.org","@graph":[{"@type":"WebPage","@id":"https:\/\/archibat.com\/blog\/qui-a-dit-que-les-nains-de-jardin-etaient-ringard\/","url":"https:\/\/archibat.com\/blog\/qui-a-dit-que-les-nains-de-jardin-etaient-ringard\/","name":"Who said that the garden dwarves were tacky?! &#8211; ArchiBat Mag","isPartOf":{"@id":"https:\/\/archibat.com\/blog\/#website"},"primaryImageOfPage":{"@id":"https:\/\/archibat.com\/blog\/qui-a-dit-que-les-nains-de-jardin-etaient-ringard\/#primaryimage"},"image":{"@id":"https:\/\/archibat.com\/blog\/qui-a-dit-que-les-nains-de-jardin-etaient-ringard\/#primaryimage"},"thumbnailUrl":"https:\/\/archibat.com\/blog\/wp-content\/uploads\/2018\/04\/Nino-17-tt-width-620-height-466-lazyload-0-crop-1-bgcolor-000000-except_gif-1-2.jpg","datePublished":"2018-05-30T11:07:31+00:00","dateModified":"2018-12-10T15:28:59+00:00","author":{"@id":"https:\/\/archibat.com\/blog\/#\/schema\/person\/c246f0d63b5e719c2cbe4f9bd494bf12"},"description":"Imagine that having a dwarf could be trendy. Probably not with the ones we know, but with Nino, we are sure that you will love him. Design and contemporary, this dwarf will bring some love in your flat","breadcrumb":{"@id":"https:\/\/archibat.com\/blog\/qui-a-dit-que-les-nains-de-jardin-etaient-ringard\/#breadcrumb"},"inLanguage":"en-US","potentialAction":[{"@type":"ReadAction","target":["https:\/\/archibat.com\/blog\/qui-a-dit-que-les-nains-de-jardin-etaient-ringard\/"]}]},{"@type":"ImageObject","inLanguage":"en-US","@id":"https:\/\/archibat.com\/blog\/qui-a-dit-que-les-nains-de-jardin-etaient-ringard\/#primaryimage","url":"https:\/\/archibat.com\/blog\/wp-content\/uploads\/2018\/04\/Nino-17-tt-width-620-height-466-lazyload-0-crop-1-bgcolor-000000-except_gif-1-2.jpg","contentUrl":"https:\/\/archibat.com\/blog\/wp-content\/uploads\/2018\/04\/Nino-17-tt-width-620-height-466-lazyload-0-crop-1-bgcolor-000000-except_gif-1-2.jpg","width":620,"height":466},{"@type":"BreadcrumbList","@id":"https:\/\/archibat.com\/blog\/qui-a-dit-que-les-nains-de-jardin-etaient-ringard\/#breadcrumb","itemListElement":[{"@type":"ListItem","position":1,"name":"Home","item":"https:\/\/archibat.com\/blog\/en\/"},{"@type":"ListItem","position":2,"name":"Who said that the garden dwarves were tacky?!"}]},{"@type":"WebSite","@id":"https:\/\/archibat.com\/blog\/#website","url":"https:\/\/archibat.com\/blog\/","name":"ArchiBat Mag","description":"Vous souhaitez connaitre les derni\u00e8res actualit\u00e9s sur l\u2019Architecture, le Design ou les Ressources Humaines ? D\u00e9couvrez ArchiBat Mag, le magazine d\u00e9di\u00e9 aux m\u00e9tiers de l&#039;Architecture et de l&#039;Ing\u00e9nierie.","potentialAction":[{"@type":"SearchAction","target":{"@type":"EntryPoint","urlTemplate":"https:\/\/archibat.com\/blog\/?s={search_term_string}"},"query-input":{"@type":"PropertyValueSpecification","valueRequired":true,"valueName":"search_term_string"}}],"inLanguage":"en-US"},{"@type":"Person","@id":"https:\/\/archibat.com\/blog\/#\/schema\/person\/c246f0d63b5e719c2cbe4f9bd494bf12","name":"communication"}]}},"_links":{"self":[{"href":"https:\/\/archibat.com\/blog\/en\/wp-json\/wp\/v2\/posts\/4530","targetHints":{"allow":["GET"]}}],"collection":[{"href":"https:\/\/archibat.com\/blog\/en\/wp-json\/wp\/v2\/posts"}],"about":[{"href":"https:\/\/archibat.com\/blog\/en\/wp-json\/wp\/v2\/types\/post"}],"author":[{"embeddable":true,"href":"https:\/\/archibat.com\/blog\/en\/wp-json\/wp\/v2\/users\/2"}],"replies":[{"embeddable":true,"href":"https:\/\/archibat.com\/blog\/en\/wp-json\/wp\/v2\/comments?post=4530"}],"version-history":[{"count":2,"href":"https:\/\/archibat.com\/blog\/en\/wp-json\/wp\/v2\/posts\/4530\/revisions"}],"predecessor-version":[{"id":8620,"href":"https:\/\/archibat.com\/blog\/en\/wp-json\/wp\/v2\/posts\/4530\/revisions\/8620"}],"wp:featuredmedia":[{"embeddable":true,"href":"https:\/\/archibat.com\/blog\/en\/wp-json\/wp\/v2\/media\/4262"}],"wp:attachment":[{"href":"https:\/\/archibat.com\/blog\/en\/wp-json\/wp\/v2\/media?parent=4530"}],"wp:term":[{"taxonomy":"category","embeddable":true,"href":"https:\/\/archibat.com\/blog\/en\/wp-json\/wp\/v2\/categories?post=4530"},{"taxonomy":"post_tag","embeddable":true,"href":"https:\/\/archibat.com\/blog\/en\/wp-json\/wp\/v2\/tags?post=4530"}],"curies":[{"name":"wp","href":"https:\/\/api.w.org\/{rel}","templated":true}]}}