{"id":7406,"date":"2018-11-07T14:00:39","date_gmt":"2018-11-07T13:00:39","guid":{"rendered":"https:\/\/www.archibat.com\/blog\/?p=7406"},"modified":"2018-11-06T16:23:32","modified_gmt":"2018-11-06T15:23:32","slug":"space-optimization-and-minimalist-design","status":"publish","type":"post","link":"https:\/\/archibat.com\/blog\/en\/space-optimization-and-minimalist-design\/","title":{"rendered":"Space optimization and minimalist design"},"content":{"rendered":"<p>Arnaud, a young bachelor who lives in a studio located in Saint-Denis near Paris, knows a problem that many students are facing, lack of space.<br \/>\n<img loading=\"lazy\" decoding=\"async\" class=\"alignnone size-full wp-image-3402\" src=\"https:\/\/www.archibat.com\/blog\/wp-content\/uploads\/2017\/08\/Architecture_ArnaudApartment_BatiikStudio_BertrandFompeyrine_05-600x400-2.jpg\" alt=\"\" width=\"600\" height=\"400\" srcset=\"https:\/\/archibat.com\/blog\/wp-content\/uploads\/2017\/08\/Architecture_ArnaudApartment_BatiikStudio_BertrandFompeyrine_05-600x400-2.jpg 600w, https:\/\/archibat.com\/blog\/wp-content\/uploads\/2017\/08\/Architecture_ArnaudApartment_BatiikStudio_BertrandFompeyrine_05-600x400-2-300x200.jpg 300w, https:\/\/archibat.com\/blog\/wp-content\/uploads\/2017\/08\/Architecture_ArnaudApartment_BatiikStudio_BertrandFompeyrine_05-600x400-2-350x233.jpg 350w\" sizes=\"auto, (max-width: 600px) 100vw, 600px\" \/><br \/>\nThus, with a budget of around 32,000 euros, the apartment was taken in hand by the founder of Batiik Studio, Rebecca Benichou, to optimize the space while maintaining a singular and minimalist design.<br \/>\n<img loading=\"lazy\" decoding=\"async\" class=\"alignnone size-full wp-image-3406\" src=\"https:\/\/www.archibat.com\/blog\/wp-content\/uploads\/2017\/08\/Architecture_ArnaudApartment_BatiikStudio_BertrandFompeyrine_07-600x400-2.jpg\" alt=\"\" width=\"600\" height=\"400\" srcset=\"https:\/\/archibat.com\/blog\/wp-content\/uploads\/2017\/08\/Architecture_ArnaudApartment_BatiikStudio_BertrandFompeyrine_07-600x400-2.jpg 600w, https:\/\/archibat.com\/blog\/wp-content\/uploads\/2017\/08\/Architecture_ArnaudApartment_BatiikStudio_BertrandFompeyrine_07-600x400-2-300x200.jpg 300w, https:\/\/archibat.com\/blog\/wp-content\/uploads\/2017\/08\/Architecture_ArnaudApartment_BatiikStudio_BertrandFompeyrine_07-600x400-2-350x233.jpg 350w\" sizes=\"auto, (max-width: 600px) 100vw, 600px\" \/><br \/>\nProfiting a surface of 32 square meters to express himself, the architectural firm has designed a project ingenious and creative down to the smallest detail. Each corner of the studio has been designed to combine aesthetics with functionality, while taking into account the specificities of the place.<br \/>\n<img loading=\"lazy\" decoding=\"async\" class=\"alignnone size-full wp-image-3410\" src=\"https:\/\/www.archibat.com\/blog\/wp-content\/uploads\/2017\/08\/Architecture_ArnaudApartment_BatiikStudio_BertrandFompeyrine_11-600x400-2.gif\" alt=\"\" width=\"600\" height=\"400\" \/><br \/>\nThe worn aspect and rough appearance of the walls without plaster gives a very industrial side that contrasts with the purity and minimalism of the furniture. The bed is cleverly built in a corner, accessible by 3 small steps. Hidden in this staircase is storage, practicality requires.<br \/>\n<img loading=\"lazy\" decoding=\"async\" class=\"alignnone size-full wp-image-3403\" src=\"https:\/\/www.archibat.com\/blog\/wp-content\/uploads\/2017\/08\/Architecture_ArnaudApartment_BatiikStudio_BertrandFompeyrine_a-600x900-2.jpg\" alt=\"\" width=\"600\" height=\"900\" srcset=\"https:\/\/archibat.com\/blog\/wp-content\/uploads\/2017\/08\/Architecture_ArnaudApartment_BatiikStudio_BertrandFompeyrine_a-600x900-2.jpg 600w, https:\/\/archibat.com\/blog\/wp-content\/uploads\/2017\/08\/Architecture_ArnaudApartment_BatiikStudio_BertrandFompeyrine_a-600x900-2-200x300.jpg 200w, https:\/\/archibat.com\/blog\/wp-content\/uploads\/2017\/08\/Architecture_ArnaudApartment_BatiikStudio_BertrandFompeyrine_a-600x900-2-320x480.jpg 320w\" sizes=\"auto, (max-width: 600px) 100vw, 600px\" \/><br \/>\nThe furniture of the kitchen-living room is cleverly harmonized in a contemporary style while preserving the raw appearance of the walls. Here is a student who must be happy to receive!<br \/>\n<img loading=\"lazy\" decoding=\"async\" class=\"alignnone size-full wp-image-3407\" src=\"https:\/\/www.archibat.com\/blog\/wp-content\/uploads\/2017\/08\/Architecture_ArnaudApartment_BatiikStudio_BertrandFompeyrine_d-600x900-2.jpg\" alt=\"\" width=\"600\" height=\"900\" srcset=\"https:\/\/archibat.com\/blog\/wp-content\/uploads\/2017\/08\/Architecture_ArnaudApartment_BatiikStudio_BertrandFompeyrine_d-600x900-2.jpg 600w, https:\/\/archibat.com\/blog\/wp-content\/uploads\/2017\/08\/Architecture_ArnaudApartment_BatiikStudio_BertrandFompeyrine_d-600x900-2-200x300.jpg 200w, https:\/\/archibat.com\/blog\/wp-content\/uploads\/2017\/08\/Architecture_ArnaudApartment_BatiikStudio_BertrandFompeyrine_d-600x900-2-320x480.jpg 320w\" sizes=\"auto, (max-width: 600px) 100vw, 600px\" \/> <img loading=\"lazy\" decoding=\"async\" class=\"alignnone size-full wp-image-3408\" src=\"https:\/\/www.archibat.com\/blog\/wp-content\/uploads\/2017\/08\/Architecture_ArnaudApartment_BatiikStudio_BertrandFompeyrine_c-600x901-2.jpg\" alt=\"\" width=\"600\" height=\"901\" srcset=\"https:\/\/archibat.com\/blog\/wp-content\/uploads\/2017\/08\/Architecture_ArnaudApartment_BatiikStudio_BertrandFompeyrine_c-600x901-2.jpg 600w, https:\/\/archibat.com\/blog\/wp-content\/uploads\/2017\/08\/Architecture_ArnaudApartment_BatiikStudio_BertrandFompeyrine_c-600x901-2-200x300.jpg 200w, https:\/\/archibat.com\/blog\/wp-content\/uploads\/2017\/08\/Architecture_ArnaudApartment_BatiikStudio_BertrandFompeyrine_c-600x901-2-320x480.jpg 320w\" sizes=\"auto, (max-width: 600px) 100vw, 600px\" \/><\/p>\n","protected":false},"excerpt":{"rendered":"<p>Arnaud, a young bachelor who lives in a studio located in Saint-Denis near Paris, knows a problem that many students are facing, lack of space.\u2026<\/p>\n","protected":false},"author":2,"featured_media":7407,"comment_status":"closed","ping_status":"closed","sticky":false,"template":"","format":"standard","meta":{"_acf_changed":false,"footnotes":""},"categories":[498],"tags":[1795,1797,1179],"class_list":["post-7406","post","type-post","status-publish","format-standard","has-post-thumbnail","hentry","category-architecture-and-design","tag-minimalism","tag-opimization","tag-studio"],"acf":[],"yoast_head":"<!-- This site is optimized with the Yoast SEO plugin v24.8.1 - https:\/\/yoast.com\/wordpress\/plugins\/seo\/ -->\n<title>Space optimization and minimalist design &#8211; ArchiBat Mag<\/title>\n<meta name=\"robots\" content=\"index, follow, max-snippet:-1, max-image-preview:large, max-video-preview:-1\" \/>\n<link rel=\"canonical\" href=\"https:\/\/archibat.com\/blog\/loptimisation-despace-signee-batiik-studio\/\" \/>\n<meta property=\"og:locale\" content=\"en_US\" \/>\n<meta property=\"og:type\" content=\"article\" \/>\n<meta property=\"og:title\" content=\"Space optimization and minimalist design &#8211; ArchiBat Mag\" \/>\n<meta property=\"og:description\" content=\"Arnaud, a young bachelor who lives in a studio located in Saint-Denis near Paris, knows a problem that many students are facing, lack of space.\u2026\" \/>\n<meta property=\"og:url\" content=\"https:\/\/archibat.com\/blog\/loptimisation-despace-signee-batiik-studio\/\" \/>\n<meta property=\"og:site_name\" content=\"ArchiBat Mag\" \/>\n<meta property=\"article:published_time\" content=\"2018-11-07T13:00:39+00:00\" \/>\n<meta property=\"og:image\" content=\"https:\/\/archibat.com\/blog\/wp-content\/uploads\/2017\/08\/Architecture_ArnaudApartment_BatiikStudio_BertrandFompeyrine_02-600x400-2.jpg\" \/>\n\t<meta property=\"og:image:width\" content=\"600\" \/>\n\t<meta property=\"og:image:height\" content=\"400\" \/>\n\t<meta property=\"og:image:type\" content=\"image\/jpeg\" \/>\n<meta name=\"author\" content=\"communication\" \/>\n<meta name=\"twitter:card\" content=\"summary_large_image\" \/>\n<meta name=\"twitter:label1\" content=\"Written by\" \/>\n\t<meta name=\"twitter:data1\" content=\"communication\" \/>\n\t<meta name=\"twitter:label2\" content=\"Est. reading time\" \/>\n\t<meta name=\"twitter:data2\" content=\"1 minute\" \/>\n<script type=\"application\/ld+json\" class=\"yoast-schema-graph\">{\"@context\":\"https:\/\/schema.org\",\"@graph\":[{\"@type\":\"WebPage\",\"@id\":\"https:\/\/archibat.com\/blog\/loptimisation-despace-signee-batiik-studio\/\",\"url\":\"https:\/\/archibat.com\/blog\/loptimisation-despace-signee-batiik-studio\/\",\"name\":\"Space optimization and minimalist design &#8211; ArchiBat Mag\",\"isPartOf\":{\"@id\":\"https:\/\/archibat.com\/blog\/#website\"},\"primaryImageOfPage\":{\"@id\":\"https:\/\/archibat.com\/blog\/loptimisation-despace-signee-batiik-studio\/#primaryimage\"},\"image\":{\"@id\":\"https:\/\/archibat.com\/blog\/loptimisation-despace-signee-batiik-studio\/#primaryimage\"},\"thumbnailUrl\":\"https:\/\/archibat.com\/blog\/wp-content\/uploads\/2017\/08\/Architecture_ArnaudApartment_BatiikStudio_BertrandFompeyrine_02-600x400-2.jpg\",\"datePublished\":\"2018-11-07T13:00:39+00:00\",\"author\":{\"@id\":\"https:\/\/archibat.com\/blog\/#\/schema\/person\/c246f0d63b5e719c2cbe4f9bd494bf12\"},\"breadcrumb\":{\"@id\":\"https:\/\/archibat.com\/blog\/loptimisation-despace-signee-batiik-studio\/#breadcrumb\"},\"inLanguage\":\"en-US\",\"potentialAction\":[{\"@type\":\"ReadAction\",\"target\":[\"https:\/\/archibat.com\/blog\/loptimisation-despace-signee-batiik-studio\/\"]}]},{\"@type\":\"ImageObject\",\"inLanguage\":\"en-US\",\"@id\":\"https:\/\/archibat.com\/blog\/loptimisation-despace-signee-batiik-studio\/#primaryimage\",\"url\":\"https:\/\/archibat.com\/blog\/wp-content\/uploads\/2017\/08\/Architecture_ArnaudApartment_BatiikStudio_BertrandFompeyrine_02-600x400-2.jpg\",\"contentUrl\":\"https:\/\/archibat.com\/blog\/wp-content\/uploads\/2017\/08\/Architecture_ArnaudApartment_BatiikStudio_BertrandFompeyrine_02-600x400-2.jpg\",\"width\":600,\"height\":400},{\"@type\":\"BreadcrumbList\",\"@id\":\"https:\/\/archibat.com\/blog\/loptimisation-despace-signee-batiik-studio\/#breadcrumb\",\"itemListElement\":[{\"@type\":\"ListItem\",\"position\":1,\"name\":\"Home\",\"item\":\"https:\/\/archibat.com\/blog\/en\/\"},{\"@type\":\"ListItem\",\"position\":2,\"name\":\"Space optimization and minimalist design\"}]},{\"@type\":\"WebSite\",\"@id\":\"https:\/\/archibat.com\/blog\/#website\",\"url\":\"https:\/\/archibat.com\/blog\/\",\"name\":\"ArchiBat Mag\",\"description\":\"Vous souhaitez connaitre les derni\u00e8res actualit\u00e9s sur l\u2019Architecture, le Design ou les Ressources Humaines ? D\u00e9couvrez ArchiBat Mag, le magazine d\u00e9di\u00e9 aux m\u00e9tiers de l&#039;Architecture et de l&#039;Ing\u00e9nierie.\",\"potentialAction\":[{\"@type\":\"SearchAction\",\"target\":{\"@type\":\"EntryPoint\",\"urlTemplate\":\"https:\/\/archibat.com\/blog\/?s={search_term_string}\"},\"query-input\":{\"@type\":\"PropertyValueSpecification\",\"valueRequired\":true,\"valueName\":\"search_term_string\"}}],\"inLanguage\":\"en-US\"},{\"@type\":\"Person\",\"@id\":\"https:\/\/archibat.com\/blog\/#\/schema\/person\/c246f0d63b5e719c2cbe4f9bd494bf12\",\"name\":\"communication\"}]}<\/script>\n<!-- \/ Yoast SEO plugin. -->","yoast_head_json":{"title":"Space optimization and minimalist design &#8211; ArchiBat Mag","robots":{"index":"index","follow":"follow","max-snippet":"max-snippet:-1","max-image-preview":"max-image-preview:large","max-video-preview":"max-video-preview:-1"},"canonical":"https:\/\/archibat.com\/blog\/loptimisation-despace-signee-batiik-studio\/","og_locale":"en_US","og_type":"article","og_title":"Space optimization and minimalist design &#8211; ArchiBat Mag","og_description":"Arnaud, a young bachelor who lives in a studio located in Saint-Denis near Paris, knows a problem that many students are facing, lack of space.\u2026","og_url":"https:\/\/archibat.com\/blog\/loptimisation-despace-signee-batiik-studio\/","og_site_name":"ArchiBat Mag","article_published_time":"2018-11-07T13:00:39+00:00","og_image":[{"width":600,"height":400,"url":"https:\/\/archibat.com\/blog\/wp-content\/uploads\/2017\/08\/Architecture_ArnaudApartment_BatiikStudio_BertrandFompeyrine_02-600x400-2.jpg","type":"image\/jpeg"}],"author":"communication","twitter_card":"summary_large_image","twitter_misc":{"Written by":"communication","Est. reading time":"1 minute"},"schema":{"@context":"https:\/\/schema.org","@graph":[{"@type":"WebPage","@id":"https:\/\/archibat.com\/blog\/loptimisation-despace-signee-batiik-studio\/","url":"https:\/\/archibat.com\/blog\/loptimisation-despace-signee-batiik-studio\/","name":"Space optimization and minimalist design &#8211; ArchiBat Mag","isPartOf":{"@id":"https:\/\/archibat.com\/blog\/#website"},"primaryImageOfPage":{"@id":"https:\/\/archibat.com\/blog\/loptimisation-despace-signee-batiik-studio\/#primaryimage"},"image":{"@id":"https:\/\/archibat.com\/blog\/loptimisation-despace-signee-batiik-studio\/#primaryimage"},"thumbnailUrl":"https:\/\/archibat.com\/blog\/wp-content\/uploads\/2017\/08\/Architecture_ArnaudApartment_BatiikStudio_BertrandFompeyrine_02-600x400-2.jpg","datePublished":"2018-11-07T13:00:39+00:00","author":{"@id":"https:\/\/archibat.com\/blog\/#\/schema\/person\/c246f0d63b5e719c2cbe4f9bd494bf12"},"breadcrumb":{"@id":"https:\/\/archibat.com\/blog\/loptimisation-despace-signee-batiik-studio\/#breadcrumb"},"inLanguage":"en-US","potentialAction":[{"@type":"ReadAction","target":["https:\/\/archibat.com\/blog\/loptimisation-despace-signee-batiik-studio\/"]}]},{"@type":"ImageObject","inLanguage":"en-US","@id":"https:\/\/archibat.com\/blog\/loptimisation-despace-signee-batiik-studio\/#primaryimage","url":"https:\/\/archibat.com\/blog\/wp-content\/uploads\/2017\/08\/Architecture_ArnaudApartment_BatiikStudio_BertrandFompeyrine_02-600x400-2.jpg","contentUrl":"https:\/\/archibat.com\/blog\/wp-content\/uploads\/2017\/08\/Architecture_ArnaudApartment_BatiikStudio_BertrandFompeyrine_02-600x400-2.jpg","width":600,"height":400},{"@type":"BreadcrumbList","@id":"https:\/\/archibat.com\/blog\/loptimisation-despace-signee-batiik-studio\/#breadcrumb","itemListElement":[{"@type":"ListItem","position":1,"name":"Home","item":"https:\/\/archibat.com\/blog\/en\/"},{"@type":"ListItem","position":2,"name":"Space optimization and minimalist design"}]},{"@type":"WebSite","@id":"https:\/\/archibat.com\/blog\/#website","url":"https:\/\/archibat.com\/blog\/","name":"ArchiBat Mag","description":"Vous souhaitez connaitre les derni\u00e8res actualit\u00e9s sur l\u2019Architecture, le Design ou les Ressources Humaines ? D\u00e9couvrez ArchiBat Mag, le magazine d\u00e9di\u00e9 aux m\u00e9tiers de l&#039;Architecture et de l&#039;Ing\u00e9nierie.","potentialAction":[{"@type":"SearchAction","target":{"@type":"EntryPoint","urlTemplate":"https:\/\/archibat.com\/blog\/?s={search_term_string}"},"query-input":{"@type":"PropertyValueSpecification","valueRequired":true,"valueName":"search_term_string"}}],"inLanguage":"en-US"},{"@type":"Person","@id":"https:\/\/archibat.com\/blog\/#\/schema\/person\/c246f0d63b5e719c2cbe4f9bd494bf12","name":"communication"}]}},"_links":{"self":[{"href":"https:\/\/archibat.com\/blog\/en\/wp-json\/wp\/v2\/posts\/7406","targetHints":{"allow":["GET"]}}],"collection":[{"href":"https:\/\/archibat.com\/blog\/en\/wp-json\/wp\/v2\/posts"}],"about":[{"href":"https:\/\/archibat.com\/blog\/en\/wp-json\/wp\/v2\/types\/post"}],"author":[{"embeddable":true,"href":"https:\/\/archibat.com\/blog\/en\/wp-json\/wp\/v2\/users\/2"}],"replies":[{"embeddable":true,"href":"https:\/\/archibat.com\/blog\/en\/wp-json\/wp\/v2\/comments?post=7406"}],"version-history":[{"count":1,"href":"https:\/\/archibat.com\/blog\/en\/wp-json\/wp\/v2\/posts\/7406\/revisions"}],"predecessor-version":[{"id":7414,"href":"https:\/\/archibat.com\/blog\/en\/wp-json\/wp\/v2\/posts\/7406\/revisions\/7414"}],"wp:featuredmedia":[{"embeddable":true,"href":"https:\/\/archibat.com\/blog\/en\/wp-json\/wp\/v2\/media\/7407"}],"wp:attachment":[{"href":"https:\/\/archibat.com\/blog\/en\/wp-json\/wp\/v2\/media?parent=7406"}],"wp:term":[{"taxonomy":"category","embeddable":true,"href":"https:\/\/archibat.com\/blog\/en\/wp-json\/wp\/v2\/categories?post=7406"},{"taxonomy":"post_tag","embeddable":true,"href":"https:\/\/archibat.com\/blog\/en\/wp-json\/wp\/v2\/tags?post=7406"}],"curies":[{"name":"wp","href":"https:\/\/api.w.org\/{rel}","templated":true}]}}