{"id":8935,"date":"2019-01-17T07:00:58","date_gmt":"2019-01-17T06:00:58","guid":{"rendered":"https:\/\/www.archibat.com\/blog\/?p=8935"},"modified":"2019-01-14T15:07:43","modified_gmt":"2019-01-14T14:07:43","slug":"areas-specifically-devoted-to-millennials","status":"publish","type":"post","link":"https:\/\/archibat.com\/blog\/en\/areas-specifically-devoted-to-millennials\/","title":{"rendered":"Areas specifically devoted to millennials"},"content":{"rendered":"<p>In Hackney Central, under the arches of the metro lines, the Night Tales complex, designed by Sella Concept, has opened and is home to many millennial key players. The food court is vast, street food on offer and as well as some alcoholic beverages, all available while enjoying ephemeral concerts. Under the pink roof of Night Tales, the mantra is this: Anyone can be a potential friend, even if only for one night.<\/p>\n<div id='gallery-1' class='slide-gallery'><div><img loading=\"lazy\" decoding=\"async\" width=\"495\" height=\"640\" src=\"https:\/\/archibat.com\/blog\/wp-content\/uploads\/2018\/12\/sella_concept_night_tales-07.jpg\" class=\"attachment-default_full_width size-default_full_width\" alt=\"\" srcset=\"https:\/\/archibat.com\/blog\/wp-content\/uploads\/2018\/12\/sella_concept_night_tales-07.jpg 1080w, https:\/\/archibat.com\/blog\/wp-content\/uploads\/2018\/12\/sella_concept_night_tales-07-232x300.jpg 232w, https:\/\/archibat.com\/blog\/wp-content\/uploads\/2018\/12\/sella_concept_night_tales-07-768x992.jpg 768w, https:\/\/archibat.com\/blog\/wp-content\/uploads\/2018\/12\/sella_concept_night_tales-07-372x480.jpg 372w\" sizes=\"auto, (max-width: 495px) 100vw, 495px\" \/><\/div><div><img loading=\"lazy\" decoding=\"async\" width=\"597\" height=\"640\" src=\"https:\/\/archibat.com\/blog\/wp-content\/uploads\/2018\/12\/sella_concept_night_tales-05.jpg\" class=\"attachment-default_full_width size-default_full_width\" alt=\"\" srcset=\"https:\/\/archibat.com\/blog\/wp-content\/uploads\/2018\/12\/sella_concept_night_tales-05.jpg 1080w, https:\/\/archibat.com\/blog\/wp-content\/uploads\/2018\/12\/sella_concept_night_tales-05-280x300.jpg 280w, https:\/\/archibat.com\/blog\/wp-content\/uploads\/2018\/12\/sella_concept_night_tales-05-768x823.jpg 768w, https:\/\/archibat.com\/blog\/wp-content\/uploads\/2018\/12\/sella_concept_night_tales-05-448x480.jpg 448w\" sizes=\"auto, (max-width: 597px) 100vw, 597px\" \/><\/div><div><img loading=\"lazy\" decoding=\"async\" width=\"940\" height=\"640\" src=\"https:\/\/archibat.com\/blog\/wp-content\/uploads\/2018\/12\/sella_concept_night_tales-04.jpg\" class=\"attachment-default_full_width size-default_full_width\" alt=\"\" srcset=\"https:\/\/archibat.com\/blog\/wp-content\/uploads\/2018\/12\/sella_concept_night_tales-04.jpg 1920w, https:\/\/archibat.com\/blog\/wp-content\/uploads\/2018\/12\/sella_concept_night_tales-04-300x204.jpg 300w, https:\/\/archibat.com\/blog\/wp-content\/uploads\/2018\/12\/sella_concept_night_tales-04-768x523.jpg 768w, https:\/\/archibat.com\/blog\/wp-content\/uploads\/2018\/12\/sella_concept_night_tales-04-705x480.jpg 705w\" sizes=\"auto, (max-width: 940px) 100vw, 940px\" \/><\/div><\/div>\n<p>This gathering place is also a witness to a trouble that overwhelms this generation\u2014that of loneliness. The 18- to 24-year-olds are said to feel three times more lonely than those over the age of 64. In the United Kingdom, which recently appointed a Minister for Loneliness, there is talk of an epidemic. This problem of loneliness is not only expressed at night, it is also expressed during the day through the development of co-working spaces.<\/p>\n<p>Many communities are now trying to find a solution and this solution involves the creation of community spaces. These are designed to foster relationships, help people make contacts while providing them with spaces to meet.<\/p>\n<p>Many of these spaces have emerged in urban areas over the past two years, but what distinguishes The Collective in Seattle, designed by Gendler, is its unexpected complexity. With options such as a bar open day and night, a gym, a garden with a two-story hammock, yoga classes, painting and live music, this Seattle-based &#8220;social club&#8221; appears to be a nighttime and daytime alternative to meet the anxieties of this generation.<\/p>\n<p><img loading=\"lazy\" decoding=\"async\" class=\"alignnone size-large wp-image-8829\" src=\"https:\/\/www.archibat.com\/blog\/wp-content\/uploads\/2018\/12\/Gensler_The_Collective-09-720x480.jpg\" alt=\"\" width=\"720\" height=\"480\" srcset=\"https:\/\/archibat.com\/blog\/wp-content\/uploads\/2018\/12\/Gensler_The_Collective-09-720x480.jpg 720w, https:\/\/archibat.com\/blog\/wp-content\/uploads\/2018\/12\/Gensler_The_Collective-09-300x200.jpg 300w, https:\/\/archibat.com\/blog\/wp-content\/uploads\/2018\/12\/Gensler_The_Collective-09-768x512.jpg 768w, https:\/\/archibat.com\/blog\/wp-content\/uploads\/2018\/12\/Gensler_The_Collective-09-1536x1024.jpg 1536w, https:\/\/archibat.com\/blog\/wp-content\/uploads\/2018\/12\/Gensler_The_Collective-09-1440x960.jpg 1440w, https:\/\/archibat.com\/blog\/wp-content\/uploads\/2018\/12\/Gensler_The_Collective-09-960x640.jpg 960w, https:\/\/archibat.com\/blog\/wp-content\/uploads\/2018\/12\/Gensler_The_Collective-09.jpg 1920w, https:\/\/archibat.com\/blog\/wp-content\/uploads\/2018\/12\/Gensler_The_Collective-09-350x233.jpg 350w, https:\/\/archibat.com\/blog\/wp-content\/uploads\/2018\/12\/Gensler_The_Collective-09-700x466.jpg 700w\" sizes=\"auto, (max-width: 720px) 100vw, 720px\" \/><\/p>\n<p>The Collective creates bonds between young people to help them develop their passions and meet to form micro-communities, more commonly known as groups of friends.<\/p>\n<p><img loading=\"lazy\" decoding=\"async\" class=\"alignnone wp-image-8841\" src=\"https:\/\/www.archibat.com\/blog\/wp-content\/uploads\/2018\/12\/Gensler_The_Collective-10-320x480.jpg\" alt=\"\" width=\"700\" height=\"1050\" srcset=\"https:\/\/archibat.com\/blog\/wp-content\/uploads\/2018\/12\/Gensler_The_Collective-10-320x480.jpg 320w, https:\/\/archibat.com\/blog\/wp-content\/uploads\/2018\/12\/Gensler_The_Collective-10-200x300.jpg 200w, https:\/\/archibat.com\/blog\/wp-content\/uploads\/2018\/12\/Gensler_The_Collective-10-768x1152.jpg 768w, https:\/\/archibat.com\/blog\/wp-content\/uploads\/2018\/12\/Gensler_The_Collective-10-1024x1536.jpg 1024w, https:\/\/archibat.com\/blog\/wp-content\/uploads\/2018\/12\/Gensler_The_Collective-10.jpg 1080w\" sizes=\"auto, (max-width: 700px) 100vw, 700px\" \/><\/p>\n<p>The Collective offers a generous 1400 m\u00b2 space for everyone to express themselves and realize their passions. It is often people from the world of technology, coming from all over the country to work in large companies, who come together to forge bonds with each other.<\/p>\n<p><img loading=\"lazy\" decoding=\"async\" class=\"alignnone size-large wp-image-8843\" src=\"https:\/\/www.archibat.com\/blog\/wp-content\/uploads\/2018\/12\/Gensler_The_Collective-05-720x480.jpg\" alt=\"\" width=\"720\" height=\"480\" srcset=\"https:\/\/archibat.com\/blog\/wp-content\/uploads\/2018\/12\/Gensler_The_Collective-05-720x480.jpg 720w, https:\/\/archibat.com\/blog\/wp-content\/uploads\/2018\/12\/Gensler_The_Collective-05-300x200.jpg 300w, https:\/\/archibat.com\/blog\/wp-content\/uploads\/2018\/12\/Gensler_The_Collective-05-768x512.jpg 768w, https:\/\/archibat.com\/blog\/wp-content\/uploads\/2018\/12\/Gensler_The_Collective-05-1536x1024.jpg 1536w, https:\/\/archibat.com\/blog\/wp-content\/uploads\/2018\/12\/Gensler_The_Collective-05-1440x960.jpg 1440w, https:\/\/archibat.com\/blog\/wp-content\/uploads\/2018\/12\/Gensler_The_Collective-05-960x640.jpg 960w, https:\/\/archibat.com\/blog\/wp-content\/uploads\/2018\/12\/Gensler_The_Collective-05.jpg 1920w, https:\/\/archibat.com\/blog\/wp-content\/uploads\/2018\/12\/Gensler_The_Collective-05-350x233.jpg 350w, https:\/\/archibat.com\/blog\/wp-content\/uploads\/2018\/12\/Gensler_The_Collective-05-700x466.jpg 700w\" sizes=\"auto, (max-width: 720px) 100vw, 720px\" \/><\/p>\n<p>Quality relationships are created through repeated and unplanned interactions, like those typically occurring at school or university. On the other hand, the relationships that can be developed in adulthood are often less genuine.<\/p>\n<p><img loading=\"lazy\" decoding=\"async\" class=\"alignnone size-large wp-image-8845\" src=\"https:\/\/www.archibat.com\/blog\/wp-content\/uploads\/2018\/12\/Gensler_The_Collective-02-720x480.jpg\" alt=\"\" width=\"720\" height=\"480\" srcset=\"https:\/\/archibat.com\/blog\/wp-content\/uploads\/2018\/12\/Gensler_The_Collective-02-720x480.jpg 720w, https:\/\/archibat.com\/blog\/wp-content\/uploads\/2018\/12\/Gensler_The_Collective-02-300x200.jpg 300w, https:\/\/archibat.com\/blog\/wp-content\/uploads\/2018\/12\/Gensler_The_Collective-02-768x512.jpg 768w, https:\/\/archibat.com\/blog\/wp-content\/uploads\/2018\/12\/Gensler_The_Collective-02-1536x1024.jpg 1536w, https:\/\/archibat.com\/blog\/wp-content\/uploads\/2018\/12\/Gensler_The_Collective-02-1440x960.jpg 1440w, https:\/\/archibat.com\/blog\/wp-content\/uploads\/2018\/12\/Gensler_The_Collective-02-960x640.jpg 960w, https:\/\/archibat.com\/blog\/wp-content\/uploads\/2018\/12\/Gensler_The_Collective-02.jpg 1920w, https:\/\/archibat.com\/blog\/wp-content\/uploads\/2018\/12\/Gensler_The_Collective-02-350x233.jpg 350w, https:\/\/archibat.com\/blog\/wp-content\/uploads\/2018\/12\/Gensler_The_Collective-02-700x466.jpg 700w\" sizes=\"auto, (max-width: 720px) 100vw, 720px\" \/><\/p>\n<p>&#8220;With proximity, people will eventually connect organically, naturally. However, by creating a dynamic space designed for creative collisions, catalyzed by shared activities, these connections occur much more quickly,&#8221; said Tommy Trause, founder of The Collective.<\/p>\n<p><img loading=\"lazy\" decoding=\"async\" class=\"alignnone size-large wp-image-8847\" src=\"https:\/\/www.archibat.com\/blog\/wp-content\/uploads\/2018\/12\/Gensler_The_Collective-03-720x480.jpg\" alt=\"\" width=\"720\" height=\"480\" srcset=\"https:\/\/archibat.com\/blog\/wp-content\/uploads\/2018\/12\/Gensler_The_Collective-03-720x480.jpg 720w, https:\/\/archibat.com\/blog\/wp-content\/uploads\/2018\/12\/Gensler_The_Collective-03-300x200.jpg 300w, https:\/\/archibat.com\/blog\/wp-content\/uploads\/2018\/12\/Gensler_The_Collective-03-768x512.jpg 768w, https:\/\/archibat.com\/blog\/wp-content\/uploads\/2018\/12\/Gensler_The_Collective-03-1536x1024.jpg 1536w, https:\/\/archibat.com\/blog\/wp-content\/uploads\/2018\/12\/Gensler_The_Collective-03-1440x960.jpg 1440w, https:\/\/archibat.com\/blog\/wp-content\/uploads\/2018\/12\/Gensler_The_Collective-03-960x640.jpg 960w, https:\/\/archibat.com\/blog\/wp-content\/uploads\/2018\/12\/Gensler_The_Collective-03.jpg 1920w, https:\/\/archibat.com\/blog\/wp-content\/uploads\/2018\/12\/Gensler_The_Collective-03-350x233.jpg 350w, https:\/\/archibat.com\/blog\/wp-content\/uploads\/2018\/12\/Gensler_The_Collective-03-700x466.jpg 700w\" sizes=\"auto, (max-width: 720px) 100vw, 720px\" \/><\/p>\n","protected":false},"excerpt":{"rendered":"<p>In Hackney Central, under the arches of the metro lines, the Night Tales complex, designed by Sella Concept, has opened and is home to many\u2026<\/p>\n","protected":false},"author":2,"featured_media":8839,"comment_status":"closed","ping_status":"closed","sticky":false,"template":"","format":"standard","meta":{"_acf_changed":false,"footnotes":""},"categories":[498],"tags":[1240,1228,2191,2189],"class_list":["post-8935","post","type-post","status-publish","format-standard","has-post-thumbnail","hentry","category-architecture-and-design","tag-architecture-2","tag-design","tag-sella-concept","tag-the-collective"],"acf":[],"yoast_head":"<!-- This site is optimized with the Yoast SEO plugin v24.8.1 - https:\/\/yoast.com\/wordpress\/plugins\/seo\/ -->\n<title>Areas specifically devoted to millennials &#8211; ArchiBat Mag<\/title>\n<meta name=\"robots\" content=\"index, follow, max-snippet:-1, max-image-preview:large, max-video-preview:-1\" \/>\n<link rel=\"canonical\" href=\"https:\/\/archibat.com\/blog\/des-espaces-pour-combattre-la-solitude-des-millenials\/\" \/>\n<meta property=\"og:locale\" content=\"en_US\" \/>\n<meta property=\"og:type\" content=\"article\" \/>\n<meta property=\"og:title\" content=\"Areas specifically devoted to millennials &#8211; ArchiBat Mag\" \/>\n<meta property=\"og:description\" content=\"In Hackney Central, under the arches of the metro lines, the Night Tales complex, designed by Sella Concept, has opened and is home to many\u2026\" \/>\n<meta property=\"og:url\" content=\"https:\/\/archibat.com\/blog\/des-espaces-pour-combattre-la-solitude-des-millenials\/\" \/>\n<meta property=\"og:site_name\" content=\"ArchiBat Mag\" \/>\n<meta property=\"article:published_time\" content=\"2019-01-17T06:00:58+00:00\" \/>\n<meta property=\"og:image\" content=\"https:\/\/archibat.com\/blog\/wp-content\/uploads\/2018\/12\/289684.jpg\" \/>\n\t<meta property=\"og:image:width\" content=\"1920\" \/>\n\t<meta property=\"og:image:height\" content=\"1080\" \/>\n\t<meta property=\"og:image:type\" content=\"image\/jpeg\" \/>\n<meta name=\"author\" content=\"communication\" \/>\n<meta name=\"twitter:card\" content=\"summary_large_image\" \/>\n<meta name=\"twitter:label1\" content=\"Written by\" \/>\n\t<meta name=\"twitter:data1\" content=\"communication\" \/>\n\t<meta name=\"twitter:label2\" content=\"Est. reading time\" \/>\n\t<meta name=\"twitter:data2\" content=\"2 minutes\" \/>\n<script type=\"application\/ld+json\" class=\"yoast-schema-graph\">{\"@context\":\"https:\/\/schema.org\",\"@graph\":[{\"@type\":\"WebPage\",\"@id\":\"https:\/\/archibat.com\/blog\/des-espaces-pour-combattre-la-solitude-des-millenials\/\",\"url\":\"https:\/\/archibat.com\/blog\/des-espaces-pour-combattre-la-solitude-des-millenials\/\",\"name\":\"Areas specifically devoted to millennials &#8211; ArchiBat Mag\",\"isPartOf\":{\"@id\":\"https:\/\/archibat.com\/blog\/#website\"},\"primaryImageOfPage\":{\"@id\":\"https:\/\/archibat.com\/blog\/des-espaces-pour-combattre-la-solitude-des-millenials\/#primaryimage\"},\"image\":{\"@id\":\"https:\/\/archibat.com\/blog\/des-espaces-pour-combattre-la-solitude-des-millenials\/#primaryimage\"},\"thumbnailUrl\":\"https:\/\/archibat.com\/blog\/wp-content\/uploads\/2018\/12\/289684.jpg\",\"datePublished\":\"2019-01-17T06:00:58+00:00\",\"author\":{\"@id\":\"https:\/\/archibat.com\/blog\/#\/schema\/person\/c246f0d63b5e719c2cbe4f9bd494bf12\"},\"breadcrumb\":{\"@id\":\"https:\/\/archibat.com\/blog\/des-espaces-pour-combattre-la-solitude-des-millenials\/#breadcrumb\"},\"inLanguage\":\"en-US\",\"potentialAction\":[{\"@type\":\"ReadAction\",\"target\":[\"https:\/\/archibat.com\/blog\/des-espaces-pour-combattre-la-solitude-des-millenials\/\"]}]},{\"@type\":\"ImageObject\",\"inLanguage\":\"en-US\",\"@id\":\"https:\/\/archibat.com\/blog\/des-espaces-pour-combattre-la-solitude-des-millenials\/#primaryimage\",\"url\":\"https:\/\/archibat.com\/blog\/wp-content\/uploads\/2018\/12\/289684.jpg\",\"contentUrl\":\"https:\/\/archibat.com\/blog\/wp-content\/uploads\/2018\/12\/289684.jpg\",\"width\":1920,\"height\":1080},{\"@type\":\"BreadcrumbList\",\"@id\":\"https:\/\/archibat.com\/blog\/des-espaces-pour-combattre-la-solitude-des-millenials\/#breadcrumb\",\"itemListElement\":[{\"@type\":\"ListItem\",\"position\":1,\"name\":\"Home\",\"item\":\"https:\/\/archibat.com\/blog\/en\/\"},{\"@type\":\"ListItem\",\"position\":2,\"name\":\"Areas specifically devoted to millennials\"}]},{\"@type\":\"WebSite\",\"@id\":\"https:\/\/archibat.com\/blog\/#website\",\"url\":\"https:\/\/archibat.com\/blog\/\",\"name\":\"ArchiBat Mag\",\"description\":\"Vous souhaitez connaitre les derni\u00e8res actualit\u00e9s sur l\u2019Architecture, le Design ou les Ressources Humaines ? D\u00e9couvrez ArchiBat Mag, le magazine d\u00e9di\u00e9 aux m\u00e9tiers de l&#039;Architecture et de l&#039;Ing\u00e9nierie.\",\"potentialAction\":[{\"@type\":\"SearchAction\",\"target\":{\"@type\":\"EntryPoint\",\"urlTemplate\":\"https:\/\/archibat.com\/blog\/?s={search_term_string}\"},\"query-input\":{\"@type\":\"PropertyValueSpecification\",\"valueRequired\":true,\"valueName\":\"search_term_string\"}}],\"inLanguage\":\"en-US\"},{\"@type\":\"Person\",\"@id\":\"https:\/\/archibat.com\/blog\/#\/schema\/person\/c246f0d63b5e719c2cbe4f9bd494bf12\",\"name\":\"communication\"}]}<\/script>\n<!-- \/ Yoast SEO plugin. -->","yoast_head_json":{"title":"Areas specifically devoted to millennials &#8211; ArchiBat Mag","robots":{"index":"index","follow":"follow","max-snippet":"max-snippet:-1","max-image-preview":"max-image-preview:large","max-video-preview":"max-video-preview:-1"},"canonical":"https:\/\/archibat.com\/blog\/des-espaces-pour-combattre-la-solitude-des-millenials\/","og_locale":"en_US","og_type":"article","og_title":"Areas specifically devoted to millennials &#8211; ArchiBat Mag","og_description":"In Hackney Central, under the arches of the metro lines, the Night Tales complex, designed by Sella Concept, has opened and is home to many\u2026","og_url":"https:\/\/archibat.com\/blog\/des-espaces-pour-combattre-la-solitude-des-millenials\/","og_site_name":"ArchiBat Mag","article_published_time":"2019-01-17T06:00:58+00:00","og_image":[{"width":1920,"height":1080,"url":"https:\/\/archibat.com\/blog\/wp-content\/uploads\/2018\/12\/289684.jpg","type":"image\/jpeg"}],"author":"communication","twitter_card":"summary_large_image","twitter_misc":{"Written by":"communication","Est. reading time":"2 minutes"},"schema":{"@context":"https:\/\/schema.org","@graph":[{"@type":"WebPage","@id":"https:\/\/archibat.com\/blog\/des-espaces-pour-combattre-la-solitude-des-millenials\/","url":"https:\/\/archibat.com\/blog\/des-espaces-pour-combattre-la-solitude-des-millenials\/","name":"Areas specifically devoted to millennials &#8211; ArchiBat Mag","isPartOf":{"@id":"https:\/\/archibat.com\/blog\/#website"},"primaryImageOfPage":{"@id":"https:\/\/archibat.com\/blog\/des-espaces-pour-combattre-la-solitude-des-millenials\/#primaryimage"},"image":{"@id":"https:\/\/archibat.com\/blog\/des-espaces-pour-combattre-la-solitude-des-millenials\/#primaryimage"},"thumbnailUrl":"https:\/\/archibat.com\/blog\/wp-content\/uploads\/2018\/12\/289684.jpg","datePublished":"2019-01-17T06:00:58+00:00","author":{"@id":"https:\/\/archibat.com\/blog\/#\/schema\/person\/c246f0d63b5e719c2cbe4f9bd494bf12"},"breadcrumb":{"@id":"https:\/\/archibat.com\/blog\/des-espaces-pour-combattre-la-solitude-des-millenials\/#breadcrumb"},"inLanguage":"en-US","potentialAction":[{"@type":"ReadAction","target":["https:\/\/archibat.com\/blog\/des-espaces-pour-combattre-la-solitude-des-millenials\/"]}]},{"@type":"ImageObject","inLanguage":"en-US","@id":"https:\/\/archibat.com\/blog\/des-espaces-pour-combattre-la-solitude-des-millenials\/#primaryimage","url":"https:\/\/archibat.com\/blog\/wp-content\/uploads\/2018\/12\/289684.jpg","contentUrl":"https:\/\/archibat.com\/blog\/wp-content\/uploads\/2018\/12\/289684.jpg","width":1920,"height":1080},{"@type":"BreadcrumbList","@id":"https:\/\/archibat.com\/blog\/des-espaces-pour-combattre-la-solitude-des-millenials\/#breadcrumb","itemListElement":[{"@type":"ListItem","position":1,"name":"Home","item":"https:\/\/archibat.com\/blog\/en\/"},{"@type":"ListItem","position":2,"name":"Areas specifically devoted to millennials"}]},{"@type":"WebSite","@id":"https:\/\/archibat.com\/blog\/#website","url":"https:\/\/archibat.com\/blog\/","name":"ArchiBat Mag","description":"Vous souhaitez connaitre les derni\u00e8res actualit\u00e9s sur l\u2019Architecture, le Design ou les Ressources Humaines ? D\u00e9couvrez ArchiBat Mag, le magazine d\u00e9di\u00e9 aux m\u00e9tiers de l&#039;Architecture et de l&#039;Ing\u00e9nierie.","potentialAction":[{"@type":"SearchAction","target":{"@type":"EntryPoint","urlTemplate":"https:\/\/archibat.com\/blog\/?s={search_term_string}"},"query-input":{"@type":"PropertyValueSpecification","valueRequired":true,"valueName":"search_term_string"}}],"inLanguage":"en-US"},{"@type":"Person","@id":"https:\/\/archibat.com\/blog\/#\/schema\/person\/c246f0d63b5e719c2cbe4f9bd494bf12","name":"communication"}]}},"_links":{"self":[{"href":"https:\/\/archibat.com\/blog\/en\/wp-json\/wp\/v2\/posts\/8935","targetHints":{"allow":["GET"]}}],"collection":[{"href":"https:\/\/archibat.com\/blog\/en\/wp-json\/wp\/v2\/posts"}],"about":[{"href":"https:\/\/archibat.com\/blog\/en\/wp-json\/wp\/v2\/types\/post"}],"author":[{"embeddable":true,"href":"https:\/\/archibat.com\/blog\/en\/wp-json\/wp\/v2\/users\/2"}],"replies":[{"embeddable":true,"href":"https:\/\/archibat.com\/blog\/en\/wp-json\/wp\/v2\/comments?post=8935"}],"version-history":[{"count":1,"href":"https:\/\/archibat.com\/blog\/en\/wp-json\/wp\/v2\/posts\/8935\/revisions"}],"predecessor-version":[{"id":8936,"href":"https:\/\/archibat.com\/blog\/en\/wp-json\/wp\/v2\/posts\/8935\/revisions\/8936"}],"wp:featuredmedia":[{"embeddable":true,"href":"https:\/\/archibat.com\/blog\/en\/wp-json\/wp\/v2\/media\/8839"}],"wp:attachment":[{"href":"https:\/\/archibat.com\/blog\/en\/wp-json\/wp\/v2\/media?parent=8935"}],"wp:term":[{"taxonomy":"category","embeddable":true,"href":"https:\/\/archibat.com\/blog\/en\/wp-json\/wp\/v2\/categories?post=8935"},{"taxonomy":"post_tag","embeddable":true,"href":"https:\/\/archibat.com\/blog\/en\/wp-json\/wp\/v2\/tags?post=8935"}],"curies":[{"name":"wp","href":"https:\/\/api.w.org\/{rel}","templated":true}]}}