{"id":10100,"date":"2019-07-19T14:00:37","date_gmt":"2019-07-19T12:00:37","guid":{"rendered":"https:\/\/archibat.com\/blog\/?p=10100"},"modified":"2019-07-12T16:03:43","modified_gmt":"2019-07-12T14:03:43","slug":"un-pavillon-jaune-vif-pour-les-sauveteurs-belges","status":"publish","type":"post","link":"https:\/\/archibat.com\/blog\/un-pavillon-jaune-vif-pour-les-sauveteurs-belges\/","title":{"rendered":"Un pavillon jaune vif pour les sauveteurs belges"},"content":{"rendered":"\n<p>L\u2019architecte&nbsp;John K\u00f6rmeling\na con\u00e7u pour&nbsp;la ville de Knokke un poste de\nsauvetage original et d\u00e9cal\u00e9. Le choix non conventionnel du jaune vif \u00e9voque un canard de bain\nou un jouet de plage.&nbsp; C\u2019est surtout une\ncouleur tr\u00e8s fonctionnelle pour que les enfants \u00e9gar\u00e9s puissent se rep\u00e9rer. Ce pavillon est atypique par sa forme\nronde, ainsi que par la pr\u00e9sence de sa vigie qui permet aux sauveteurs de\nsurveiller jusqu\u2019\u00e0 11 kilom\u00e8tres de c\u00f4te.<\/p>\n\n\n\n<figure class=\"wp-block-image\"><img loading=\"lazy\" decoding=\"async\" width=\"720\" height=\"480\" src=\"https:\/\/archibat.com\/blog\/wp-content\/uploads\/2019\/07\/2-720x480.jpg\" alt=\"\" class=\"wp-image-10103\" srcset=\"https:\/\/archibat.com\/blog\/wp-content\/uploads\/2019\/07\/2-720x480.jpg 720w, https:\/\/archibat.com\/blog\/wp-content\/uploads\/2019\/07\/2-300x200.jpg 300w, https:\/\/archibat.com\/blog\/wp-content\/uploads\/2019\/07\/2-768x512.jpg 768w, https:\/\/archibat.com\/blog\/wp-content\/uploads\/2019\/07\/2-960x640.jpg 960w, https:\/\/archibat.com\/blog\/wp-content\/uploads\/2019\/07\/2-350x233.jpg 350w, https:\/\/archibat.com\/blog\/wp-content\/uploads\/2019\/07\/2-700x466.jpg 700w, https:\/\/archibat.com\/blog\/wp-content\/uploads\/2019\/07\/2.jpg 1280w\" sizes=\"auto, (max-width: 720px) 100vw, 720px\" \/><\/figure>\n\n\n\n<p>L&rsquo;ensemble\ndu b\u00e2timent\nest envelopp\u00e9&nbsp;de\nPolyurea,&nbsp;une membrane\nimperm\u00e9able, antirouille et sans joints.\nCe pavillon de plage multifonctionnel abrite le poste\nprincipal des sauveteurs,&nbsp;des toilettes publiques, une salle de premiers\nsoins et un bureau de police.&nbsp;En cas d&rsquo;urgence, le pavillon peut servir de\ncentre de crise.<\/p>\n\n\n\n<figure class=\"wp-block-image is-resized\"><img loading=\"lazy\" decoding=\"async\" src=\"https:\/\/archibat.com\/blog\/wp-content\/uploads\/2019\/07\/4-320x480.jpg\" alt=\"\" class=\"wp-image-10107\" width=\"675\" height=\"1013\" srcset=\"https:\/\/archibat.com\/blog\/wp-content\/uploads\/2019\/07\/4-320x480.jpg 320w, https:\/\/archibat.com\/blog\/wp-content\/uploads\/2019\/07\/4-200x300.jpg 200w, https:\/\/archibat.com\/blog\/wp-content\/uploads\/2019\/07\/4-768x1152.jpg 768w, https:\/\/archibat.com\/blog\/wp-content\/uploads\/2019\/07\/4-1024x1536.jpg 1024w, https:\/\/archibat.com\/blog\/wp-content\/uploads\/2019\/07\/4.jpg 1280w\" sizes=\"auto, (max-width: 675px) 100vw, 675px\" \/><\/figure>\n\n\n\n<p>\u00ab&nbsp;<em>Pour moi, la c\u00f4te belge est la plus belle qui soit&nbsp;<\/em>\u00bb, d\u00e9clare&nbsp;John K\u00f6rmeling.&nbsp;\u00ab&nbsp;<em>C&rsquo;est le meilleur concept urbain que je connaisse : une ville lin\u00e9aire \u00e9tir\u00e9e, avec un espace naturel et agricole \u00e0&nbsp;l&rsquo;arri\u00e8re, dans lequel on ne peut entrer qu&rsquo;en tracteur ou \u00e0&nbsp;cheval.<\/em> \u00bb Il pr\u00e9cise : \u00ab <em>Nous ne voulions pas g\u00e2cher la vue sur la mer. Notre b\u00e2timent ne devait pas \u00eatre une grosse Porsche noire qui, telle un monstre massif, obstruerait la vue<\/em>. \u00bb<\/p>\n\n\n\n<figure class=\"wp-block-image\"><img loading=\"lazy\" decoding=\"async\" width=\"720\" height=\"480\" src=\"https:\/\/archibat.com\/blog\/wp-content\/uploads\/2019\/07\/3-720x480.jpg\" alt=\"\" class=\"wp-image-10105\" srcset=\"https:\/\/archibat.com\/blog\/wp-content\/uploads\/2019\/07\/3-720x480.jpg 720w, https:\/\/archibat.com\/blog\/wp-content\/uploads\/2019\/07\/3-300x200.jpg 300w, https:\/\/archibat.com\/blog\/wp-content\/uploads\/2019\/07\/3-768x512.jpg 768w, https:\/\/archibat.com\/blog\/wp-content\/uploads\/2019\/07\/3-960x640.jpg 960w, https:\/\/archibat.com\/blog\/wp-content\/uploads\/2019\/07\/3-350x233.jpg 350w, https:\/\/archibat.com\/blog\/wp-content\/uploads\/2019\/07\/3-700x466.jpg 700w, https:\/\/archibat.com\/blog\/wp-content\/uploads\/2019\/07\/3.jpg 1280w\" sizes=\"auto, (max-width: 720px) 100vw, 720px\" \/><\/figure>\n\n\n\n<p>On retrouve dans ce pavillon la signature de l\u2019architecte que l\u2019on peut observer dans ses autres projets : humoristique, l\u00e9ger et ludique. Le travail a \u00e9t\u00e9 men\u00e9 en collaboration avec l&rsquo;agence Compagnie-O, bas\u00e9e \u00e0 Gand. Le pavillon de sauvetage de Knokke est en service depuis le 11 mai 2019, soit quatre ans apr\u00e8s la publication du concours d&rsquo;architecture. <\/p>\n\n\n\n<figure class=\"wp-block-image is-resized\"><img loading=\"lazy\" decoding=\"async\" src=\"https:\/\/archibat.com\/blog\/wp-content\/uploads\/2019\/07\/5-320x480.jpg\" alt=\"\" class=\"wp-image-10109\" width=\"651\" height=\"977\" srcset=\"https:\/\/archibat.com\/blog\/wp-content\/uploads\/2019\/07\/5-320x480.jpg 320w, https:\/\/archibat.com\/blog\/wp-content\/uploads\/2019\/07\/5-200x300.jpg 200w, https:\/\/archibat.com\/blog\/wp-content\/uploads\/2019\/07\/5-768x1152.jpg 768w, https:\/\/archibat.com\/blog\/wp-content\/uploads\/2019\/07\/5-1024x1536.jpg 1024w, https:\/\/archibat.com\/blog\/wp-content\/uploads\/2019\/07\/5.jpg 1280w\" sizes=\"auto, (max-width: 651px) 100vw, 651px\" \/><\/figure>\n","protected":false},"excerpt":{"rendered":"<p>L\u2019architecte&nbsp;John K\u00f6rmeling a con\u00e7u pour&nbsp;la ville de Knokke un poste de sauvetage original et d\u00e9cal\u00e9. Le choix non conventionnel du jaune vif \u00e9voque un canard\u2026<\/p>\n","protected":false},"author":2,"featured_media":10101,"comment_status":"closed","ping_status":"closed","sticky":false,"template":"","format":"standard","meta":{"_acf_changed":false,"footnotes":""},"categories":[3],"tags":[1240,1228,2292],"class_list":["post-10100","post","type-post","status-publish","format-standard","has-post-thumbnail","hentry","category-architecture-et-design","tag-architecture-2","tag-design","tag-john-kormeling"],"acf":[],"yoast_head":"<!-- This site is optimized with the Yoast SEO plugin v24.8.1 - https:\/\/yoast.com\/wordpress\/plugins\/seo\/ -->\n<title>Un pavillon jaune vif pour les sauveteurs belges &#8211; ArchiBat Mag<\/title>\n<meta name=\"robots\" content=\"index, follow, max-snippet:-1, max-image-preview:large, max-video-preview:-1\" \/>\n<link rel=\"canonical\" href=\"https:\/\/archibat.com\/blog\/un-pavillon-jaune-vif-pour-les-sauveteurs-belges\/\" \/>\n<meta property=\"og:locale\" content=\"fr_FR\" \/>\n<meta property=\"og:type\" content=\"article\" \/>\n<meta property=\"og:title\" content=\"Un pavillon jaune vif pour les sauveteurs belges &#8211; ArchiBat Mag\" \/>\n<meta property=\"og:description\" content=\"L\u2019architecte&nbsp;John K\u00f6rmeling a con\u00e7u pour&nbsp;la ville de Knokke un poste de sauvetage original et d\u00e9cal\u00e9. Le choix non conventionnel du jaune vif \u00e9voque un canard\u2026\" \/>\n<meta property=\"og:url\" content=\"https:\/\/archibat.com\/blog\/un-pavillon-jaune-vif-pour-les-sauveteurs-belges\/\" \/>\n<meta property=\"og:site_name\" content=\"ArchiBat Mag\" \/>\n<meta property=\"article:published_time\" content=\"2019-07-19T12:00:37+00:00\" \/>\n<meta property=\"og:image\" content=\"https:\/\/archibat.com\/blog\/wp-content\/uploads\/2019\/07\/1.jpg\" \/>\n\t<meta property=\"og:image:width\" content=\"1280\" \/>\n\t<meta property=\"og:image:height\" content=\"720\" \/>\n\t<meta property=\"og:image:type\" content=\"image\/jpeg\" \/>\n<meta name=\"author\" content=\"communication\" \/>\n<meta name=\"twitter:card\" content=\"summary_large_image\" \/>\n<meta name=\"twitter:label1\" content=\"\u00c9crit par\" \/>\n\t<meta name=\"twitter:data1\" content=\"communication\" \/>\n\t<meta name=\"twitter:label2\" content=\"Dur\u00e9e de lecture estim\u00e9e\" \/>\n\t<meta name=\"twitter:data2\" content=\"1 minute\" \/>\n<script type=\"application\/ld+json\" class=\"yoast-schema-graph\">{\"@context\":\"https:\/\/schema.org\",\"@graph\":[{\"@type\":\"WebPage\",\"@id\":\"https:\/\/archibat.com\/blog\/un-pavillon-jaune-vif-pour-les-sauveteurs-belges\/\",\"url\":\"https:\/\/archibat.com\/blog\/un-pavillon-jaune-vif-pour-les-sauveteurs-belges\/\",\"name\":\"Un pavillon jaune vif pour les sauveteurs belges &#8211; ArchiBat Mag\",\"isPartOf\":{\"@id\":\"https:\/\/archibat.com\/blog\/#website\"},\"primaryImageOfPage\":{\"@id\":\"https:\/\/archibat.com\/blog\/un-pavillon-jaune-vif-pour-les-sauveteurs-belges\/#primaryimage\"},\"image\":{\"@id\":\"https:\/\/archibat.com\/blog\/un-pavillon-jaune-vif-pour-les-sauveteurs-belges\/#primaryimage\"},\"thumbnailUrl\":\"https:\/\/archibat.com\/blog\/wp-content\/uploads\/2019\/07\/1.jpg\",\"datePublished\":\"2019-07-19T12:00:37+00:00\",\"author\":{\"@id\":\"https:\/\/archibat.com\/blog\/#\/schema\/person\/c246f0d63b5e719c2cbe4f9bd494bf12\"},\"breadcrumb\":{\"@id\":\"https:\/\/archibat.com\/blog\/un-pavillon-jaune-vif-pour-les-sauveteurs-belges\/#breadcrumb\"},\"inLanguage\":\"fr-FR\",\"potentialAction\":[{\"@type\":\"ReadAction\",\"target\":[\"https:\/\/archibat.com\/blog\/un-pavillon-jaune-vif-pour-les-sauveteurs-belges\/\"]}]},{\"@type\":\"ImageObject\",\"inLanguage\":\"fr-FR\",\"@id\":\"https:\/\/archibat.com\/blog\/un-pavillon-jaune-vif-pour-les-sauveteurs-belges\/#primaryimage\",\"url\":\"https:\/\/archibat.com\/blog\/wp-content\/uploads\/2019\/07\/1.jpg\",\"contentUrl\":\"https:\/\/archibat.com\/blog\/wp-content\/uploads\/2019\/07\/1.jpg\",\"width\":1280,\"height\":720},{\"@type\":\"BreadcrumbList\",\"@id\":\"https:\/\/archibat.com\/blog\/un-pavillon-jaune-vif-pour-les-sauveteurs-belges\/#breadcrumb\",\"itemListElement\":[{\"@type\":\"ListItem\",\"position\":1,\"name\":\"Home\",\"item\":\"https:\/\/archibat.com\/blog\/\"},{\"@type\":\"ListItem\",\"position\":2,\"name\":\"Un pavillon jaune vif pour les sauveteurs belges\"}]},{\"@type\":\"WebSite\",\"@id\":\"https:\/\/archibat.com\/blog\/#website\",\"url\":\"https:\/\/archibat.com\/blog\/\",\"name\":\"ArchiBat Mag\",\"description\":\"Vous souhaitez connaitre les derni\u00e8res actualit\u00e9s sur l\u2019Architecture, le Design ou les Ressources Humaines ? D\u00e9couvrez ArchiBat Mag, le magazine d\u00e9di\u00e9 aux m\u00e9tiers de l&#039;Architecture et de l&#039;Ing\u00e9nierie.\",\"potentialAction\":[{\"@type\":\"SearchAction\",\"target\":{\"@type\":\"EntryPoint\",\"urlTemplate\":\"https:\/\/archibat.com\/blog\/?s={search_term_string}\"},\"query-input\":{\"@type\":\"PropertyValueSpecification\",\"valueRequired\":true,\"valueName\":\"search_term_string\"}}],\"inLanguage\":\"fr-FR\"},{\"@type\":\"Person\",\"@id\":\"https:\/\/archibat.com\/blog\/#\/schema\/person\/c246f0d63b5e719c2cbe4f9bd494bf12\",\"name\":\"communication\"}]}<\/script>\n<!-- \/ Yoast SEO plugin. -->","yoast_head_json":{"title":"Un pavillon jaune vif pour les sauveteurs belges &#8211; ArchiBat Mag","robots":{"index":"index","follow":"follow","max-snippet":"max-snippet:-1","max-image-preview":"max-image-preview:large","max-video-preview":"max-video-preview:-1"},"canonical":"https:\/\/archibat.com\/blog\/un-pavillon-jaune-vif-pour-les-sauveteurs-belges\/","og_locale":"fr_FR","og_type":"article","og_title":"Un pavillon jaune vif pour les sauveteurs belges &#8211; ArchiBat Mag","og_description":"L\u2019architecte&nbsp;John K\u00f6rmeling a con\u00e7u pour&nbsp;la ville de Knokke un poste de sauvetage original et d\u00e9cal\u00e9. Le choix non conventionnel du jaune vif \u00e9voque un canard\u2026","og_url":"https:\/\/archibat.com\/blog\/un-pavillon-jaune-vif-pour-les-sauveteurs-belges\/","og_site_name":"ArchiBat Mag","article_published_time":"2019-07-19T12:00:37+00:00","og_image":[{"width":1280,"height":720,"url":"https:\/\/archibat.com\/blog\/wp-content\/uploads\/2019\/07\/1.jpg","type":"image\/jpeg"}],"author":"communication","twitter_card":"summary_large_image","twitter_misc":{"\u00c9crit par":"communication","Dur\u00e9e de lecture estim\u00e9e":"1 minute"},"schema":{"@context":"https:\/\/schema.org","@graph":[{"@type":"WebPage","@id":"https:\/\/archibat.com\/blog\/un-pavillon-jaune-vif-pour-les-sauveteurs-belges\/","url":"https:\/\/archibat.com\/blog\/un-pavillon-jaune-vif-pour-les-sauveteurs-belges\/","name":"Un pavillon jaune vif pour les sauveteurs belges &#8211; ArchiBat Mag","isPartOf":{"@id":"https:\/\/archibat.com\/blog\/#website"},"primaryImageOfPage":{"@id":"https:\/\/archibat.com\/blog\/un-pavillon-jaune-vif-pour-les-sauveteurs-belges\/#primaryimage"},"image":{"@id":"https:\/\/archibat.com\/blog\/un-pavillon-jaune-vif-pour-les-sauveteurs-belges\/#primaryimage"},"thumbnailUrl":"https:\/\/archibat.com\/blog\/wp-content\/uploads\/2019\/07\/1.jpg","datePublished":"2019-07-19T12:00:37+00:00","author":{"@id":"https:\/\/archibat.com\/blog\/#\/schema\/person\/c246f0d63b5e719c2cbe4f9bd494bf12"},"breadcrumb":{"@id":"https:\/\/archibat.com\/blog\/un-pavillon-jaune-vif-pour-les-sauveteurs-belges\/#breadcrumb"},"inLanguage":"fr-FR","potentialAction":[{"@type":"ReadAction","target":["https:\/\/archibat.com\/blog\/un-pavillon-jaune-vif-pour-les-sauveteurs-belges\/"]}]},{"@type":"ImageObject","inLanguage":"fr-FR","@id":"https:\/\/archibat.com\/blog\/un-pavillon-jaune-vif-pour-les-sauveteurs-belges\/#primaryimage","url":"https:\/\/archibat.com\/blog\/wp-content\/uploads\/2019\/07\/1.jpg","contentUrl":"https:\/\/archibat.com\/blog\/wp-content\/uploads\/2019\/07\/1.jpg","width":1280,"height":720},{"@type":"BreadcrumbList","@id":"https:\/\/archibat.com\/blog\/un-pavillon-jaune-vif-pour-les-sauveteurs-belges\/#breadcrumb","itemListElement":[{"@type":"ListItem","position":1,"name":"Home","item":"https:\/\/archibat.com\/blog\/"},{"@type":"ListItem","position":2,"name":"Un pavillon jaune vif pour les sauveteurs belges"}]},{"@type":"WebSite","@id":"https:\/\/archibat.com\/blog\/#website","url":"https:\/\/archibat.com\/blog\/","name":"ArchiBat Mag","description":"Vous souhaitez connaitre les derni\u00e8res actualit\u00e9s sur l\u2019Architecture, le Design ou les Ressources Humaines ? D\u00e9couvrez ArchiBat Mag, le magazine d\u00e9di\u00e9 aux m\u00e9tiers de l&#039;Architecture et de l&#039;Ing\u00e9nierie.","potentialAction":[{"@type":"SearchAction","target":{"@type":"EntryPoint","urlTemplate":"https:\/\/archibat.com\/blog\/?s={search_term_string}"},"query-input":{"@type":"PropertyValueSpecification","valueRequired":true,"valueName":"search_term_string"}}],"inLanguage":"fr-FR"},{"@type":"Person","@id":"https:\/\/archibat.com\/blog\/#\/schema\/person\/c246f0d63b5e719c2cbe4f9bd494bf12","name":"communication"}]}},"_links":{"self":[{"href":"https:\/\/archibat.com\/blog\/wp-json\/wp\/v2\/posts\/10100","targetHints":{"allow":["GET"]}}],"collection":[{"href":"https:\/\/archibat.com\/blog\/wp-json\/wp\/v2\/posts"}],"about":[{"href":"https:\/\/archibat.com\/blog\/wp-json\/wp\/v2\/types\/post"}],"author":[{"embeddable":true,"href":"https:\/\/archibat.com\/blog\/wp-json\/wp\/v2\/users\/2"}],"replies":[{"embeddable":true,"href":"https:\/\/archibat.com\/blog\/wp-json\/wp\/v2\/comments?post=10100"}],"version-history":[{"count":3,"href":"https:\/\/archibat.com\/blog\/wp-json\/wp\/v2\/posts\/10100\/revisions"}],"predecessor-version":[{"id":10118,"href":"https:\/\/archibat.com\/blog\/wp-json\/wp\/v2\/posts\/10100\/revisions\/10118"}],"wp:featuredmedia":[{"embeddable":true,"href":"https:\/\/archibat.com\/blog\/wp-json\/wp\/v2\/media\/10101"}],"wp:attachment":[{"href":"https:\/\/archibat.com\/blog\/wp-json\/wp\/v2\/media?parent=10100"}],"wp:term":[{"taxonomy":"category","embeddable":true,"href":"https:\/\/archibat.com\/blog\/wp-json\/wp\/v2\/categories?post=10100"},{"taxonomy":"post_tag","embeddable":true,"href":"https:\/\/archibat.com\/blog\/wp-json\/wp\/v2\/tags?post=10100"}],"curies":[{"name":"wp","href":"https:\/\/api.w.org\/{rel}","templated":true}]}}