{"id":10680,"date":"2019-10-18T14:00:25","date_gmt":"2019-10-18T12:00:25","guid":{"rendered":"https:\/\/archibat.com\/blog\/?p=10680"},"modified":"2019-11-05T11:58:00","modified_gmt":"2019-11-05T10:58:00","slug":"26-projets-avec-le-ciel-comme-seule-limite","status":"publish","type":"post","link":"https:\/\/archibat.com\/blog\/26-projets-avec-le-ciel-comme-seule-limite\/","title":{"rendered":"26 projets\u2026 avec le ciel comme seule limite"},"content":{"rendered":"\n<p>Comment tirer pleinement parti de la cinqui\u00e8me fa\u00e7ade ?<\/p>\n\n\n\n<p>Sachant qu&rsquo;ils peuvent repr\u00e9senter jusqu\u2019\u00e0 32% des surfaces horizontales des villes, les toits ne sont pas des espaces anecdotiques. Outre les rev\u00eatements classiques, les projets les plus courants sont les toitures v\u00e9g\u00e9tales d\u2019agr\u00e9ment ou les potagers install\u00e9s au sommet des immeubles. L\u2019int\u00e9r\u00eat de la v\u00e9g\u00e9talisation des toits en zone urbaine est confirm\u00e9 que ce soit au niveau de la gestion des d\u00e9chets, des ressources alimentaires, du stockage des eaux de pluie et du carbone. <\/p>\n\n\n\n<p>Mais en r\u00e9alit\u00e9, il existe un \u00e9ventail beaucoup plus large de traitements\nen fonction des besoins techniques sp\u00e9cifiques de chaque toit ainsi que des\npossibilit\u00e9s li\u00e9es au site et au climat. Les toits peuvent \u00e9galement pr\u00eater\nleurs espaces pour le d\u00e9veloppement d\u2019extensions b\u00e2ties, de structures de\nloisirs ou interactives. Bref, les toits n\u2019ont pas dit leur dernier mot et nous\nvous laissons d\u00e9couvrir ces 26 projets o\u00f9 les architectes ont laiss\u00e9 libre\ncours \u00e0 leur cr\u00e9ativit\u00e9 sans oublier l\u2019essentiel&nbsp;: l\u2019int\u00e9gration dans le\npaysage.<\/p>\n\n\n\n<h2 class=\"wp-block-heading\">Wow Lab \/ Wutopia Lab<\/h2>\n\n\n\n<figure class=\"wp-block-image\"><img loading=\"lazy\" decoding=\"async\" width=\"720\" height=\"476\" src=\"https:\/\/archibat.com\/blog\/wp-content\/uploads\/2019\/10\/Projet-1-720x476.jpg\" alt=\"\" class=\"wp-image-10725\" srcset=\"https:\/\/archibat.com\/blog\/wp-content\/uploads\/2019\/10\/Projet-1-720x476.jpg 720w, https:\/\/archibat.com\/blog\/wp-content\/uploads\/2019\/10\/Projet-1-300x198.jpg 300w, https:\/\/archibat.com\/blog\/wp-content\/uploads\/2019\/10\/Projet-1-768x508.jpg 768w, https:\/\/archibat.com\/blog\/wp-content\/uploads\/2019\/10\/Projet-1.jpg 1512w\" sizes=\"auto, (max-width: 720px) 100vw, 720px\" \/><\/figure>\n\n\n\n<h2 class=\"wp-block-heading\">Activity Homes at Yunjin Road \/ Scenic Architecture <\/h2>\n\n\n\n<figure class=\"wp-block-image\"><img loading=\"lazy\" decoding=\"async\" width=\"620\" height=\"480\" src=\"https:\/\/archibat.com\/blog\/wp-content\/uploads\/2019\/10\/Projet-2-620x480.jpg\" alt=\"\" class=\"wp-image-10723\" srcset=\"https:\/\/archibat.com\/blog\/wp-content\/uploads\/2019\/10\/Projet-2-620x480.jpg 620w, https:\/\/archibat.com\/blog\/wp-content\/uploads\/2019\/10\/Projet-2-300x232.jpg 300w, https:\/\/archibat.com\/blog\/wp-content\/uploads\/2019\/10\/Projet-2-768x594.jpg 768w, https:\/\/archibat.com\/blog\/wp-content\/uploads\/2019\/10\/Projet-2.jpg 1079w\" sizes=\"auto, (max-width: 620px) 100vw, 620px\" \/><\/figure>\n\n\n\n<h2 class=\"wp-block-heading\">Garden House \/ Hayhurst and Co<\/h2>\n\n\n\n<figure class=\"wp-block-image\"><img loading=\"lazy\" decoding=\"async\" width=\"617\" height=\"480\" src=\"https:\/\/archibat.com\/blog\/wp-content\/uploads\/2019\/10\/Projet-3-617x480.jpg\" alt=\"\" class=\"wp-image-10715\" srcset=\"https:\/\/archibat.com\/blog\/wp-content\/uploads\/2019\/10\/Projet-3-617x480.jpg 617w, https:\/\/archibat.com\/blog\/wp-content\/uploads\/2019\/10\/Projet-3-300x233.jpg 300w, https:\/\/archibat.com\/blog\/wp-content\/uploads\/2019\/10\/Projet-3-768x597.jpg 768w, https:\/\/archibat.com\/blog\/wp-content\/uploads\/2019\/10\/Projet-3.jpg 1286w\" sizes=\"auto, (max-width: 617px) 100vw, 617px\" \/><\/figure>\n\n\n\n<h2 class=\"wp-block-heading\">Green House \/ Sean Godsell Architects<\/h2>\n\n\n\n<figure class=\"wp-block-image\"><img loading=\"lazy\" decoding=\"async\" width=\"645\" height=\"480\" src=\"https:\/\/archibat.com\/blog\/wp-content\/uploads\/2019\/10\/Projet-4-645x480.jpg\" alt=\"\" class=\"wp-image-10731\" srcset=\"https:\/\/archibat.com\/blog\/wp-content\/uploads\/2019\/10\/Projet-4-645x480.jpg 645w, https:\/\/archibat.com\/blog\/wp-content\/uploads\/2019\/10\/Projet-4-300x223.jpg 300w, https:\/\/archibat.com\/blog\/wp-content\/uploads\/2019\/10\/Projet-4.jpg 720w\" sizes=\"auto, (max-width: 645px) 100vw, 645px\" \/><\/figure>\n\n\n\n<h2 class=\"wp-block-heading\">Gijang Waveon \/ Heesoo Kwak and IDMM Architects<\/h2>\n\n\n\n<figure class=\"wp-block-image\"><img loading=\"lazy\" decoding=\"async\" width=\"720\" height=\"480\" src=\"https:\/\/archibat.com\/blog\/wp-content\/uploads\/2019\/10\/Projet-5-720x480.jpg\" alt=\"\" class=\"wp-image-10721\" srcset=\"https:\/\/archibat.com\/blog\/wp-content\/uploads\/2019\/10\/Projet-5-720x480.jpg 720w, https:\/\/archibat.com\/blog\/wp-content\/uploads\/2019\/10\/Projet-5-300x200.jpg 300w, https:\/\/archibat.com\/blog\/wp-content\/uploads\/2019\/10\/Projet-5-768x512.jpg 768w, https:\/\/archibat.com\/blog\/wp-content\/uploads\/2019\/10\/Projet-5-1440x960.jpg 1440w, https:\/\/archibat.com\/blog\/wp-content\/uploads\/2019\/10\/Projet-5-960x640.jpg 960w, https:\/\/archibat.com\/blog\/wp-content\/uploads\/2019\/10\/Projet-5-350x233.jpg 350w, https:\/\/archibat.com\/blog\/wp-content\/uploads\/2019\/10\/Projet-5-700x466.jpg 700w, https:\/\/archibat.com\/blog\/wp-content\/uploads\/2019\/10\/Projet-5.jpg 1500w\" sizes=\"auto, (max-width: 720px) 100vw, 720px\" \/><\/figure>\n\n\n\n<h2 class=\"wp-block-heading\">Arc en Ciel School \/ Label Architecture<\/h2>\n\n\n\n<figure class=\"wp-block-image\"><img loading=\"lazy\" decoding=\"async\" width=\"720\" height=\"480\" src=\"https:\/\/archibat.com\/blog\/wp-content\/uploads\/2019\/10\/Projet-6-1-720x480.jpg\" alt=\"\" class=\"wp-image-10733\" srcset=\"https:\/\/archibat.com\/blog\/wp-content\/uploads\/2019\/10\/Projet-6-1-720x480.jpg 720w, https:\/\/archibat.com\/blog\/wp-content\/uploads\/2019\/10\/Projet-6-1-300x200.jpg 300w, https:\/\/archibat.com\/blog\/wp-content\/uploads\/2019\/10\/Projet-6-1-768x512.jpg 768w, https:\/\/archibat.com\/blog\/wp-content\/uploads\/2019\/10\/Projet-6-1-1440x960.jpg 1440w, https:\/\/archibat.com\/blog\/wp-content\/uploads\/2019\/10\/Projet-6-1-960x640.jpg 960w, https:\/\/archibat.com\/blog\/wp-content\/uploads\/2019\/10\/Projet-6-1-350x233.jpg 350w, https:\/\/archibat.com\/blog\/wp-content\/uploads\/2019\/10\/Projet-6-1-700x466.jpg 700w, https:\/\/archibat.com\/blog\/wp-content\/uploads\/2019\/10\/Projet-6-1.jpg 1500w\" sizes=\"auto, (max-width: 720px) 100vw, 720px\" \/><\/figure>\n\n\n\n<h2 class=\"wp-block-heading\">OB Kindergarten and Nursery \/ HIBINOSEKKEI + Youji no Shiro<\/h2>\n\n\n\n<figure class=\"wp-block-image\"><img loading=\"lazy\" decoding=\"async\" width=\"720\" height=\"480\" src=\"https:\/\/archibat.com\/blog\/wp-content\/uploads\/2019\/10\/Projet-7-720x480.jpg\" alt=\"\" class=\"wp-image-10717\" srcset=\"https:\/\/archibat.com\/blog\/wp-content\/uploads\/2019\/10\/Projet-7-720x480.jpg 720w, https:\/\/archibat.com\/blog\/wp-content\/uploads\/2019\/10\/Projet-7-300x200.jpg 300w, https:\/\/archibat.com\/blog\/wp-content\/uploads\/2019\/10\/Projet-7-768x512.jpg 768w, https:\/\/archibat.com\/blog\/wp-content\/uploads\/2019\/10\/Projet-7-1440x960.jpg 1440w, https:\/\/archibat.com\/blog\/wp-content\/uploads\/2019\/10\/Projet-7-960x640.jpg 960w, https:\/\/archibat.com\/blog\/wp-content\/uploads\/2019\/10\/Projet-7-350x233.jpg 350w, https:\/\/archibat.com\/blog\/wp-content\/uploads\/2019\/10\/Projet-7-700x466.jpg 700w, https:\/\/archibat.com\/blog\/wp-content\/uploads\/2019\/10\/Projet-7.jpg 1500w\" sizes=\"auto, (max-width: 720px) 100vw, 720px\" \/><\/figure>\n\n\n\n<h2 class=\"wp-block-heading\">Rodeph Sholom School Playdecks \/ Murphy Burnham &amp; Buttrick Architects<\/h2>\n\n\n\n<figure class=\"wp-block-image\"><img loading=\"lazy\" decoding=\"async\" width=\"720\" height=\"480\" src=\"https:\/\/archibat.com\/blog\/wp-content\/uploads\/2019\/10\/Projet-8-720x480.jpg\" alt=\"\" class=\"wp-image-10683\" srcset=\"https:\/\/archibat.com\/blog\/wp-content\/uploads\/2019\/10\/Projet-8-720x480.jpg 720w, https:\/\/archibat.com\/blog\/wp-content\/uploads\/2019\/10\/Projet-8-300x200.jpg 300w, https:\/\/archibat.com\/blog\/wp-content\/uploads\/2019\/10\/Projet-8-768x512.jpg 768w, https:\/\/archibat.com\/blog\/wp-content\/uploads\/2019\/10\/Projet-8-1440x960.jpg 1440w, https:\/\/archibat.com\/blog\/wp-content\/uploads\/2019\/10\/Projet-8-960x640.jpg 960w, https:\/\/archibat.com\/blog\/wp-content\/uploads\/2019\/10\/Projet-8-350x233.jpg 350w, https:\/\/archibat.com\/blog\/wp-content\/uploads\/2019\/10\/Projet-8-700x466.jpg 700w, https:\/\/archibat.com\/blog\/wp-content\/uploads\/2019\/10\/Projet-8.jpg 1500w\" sizes=\"auto, (max-width: 720px) 100vw, 720px\" \/><\/figure>\n\n\n\n<h2 class=\"wp-block-heading\">Park &lsquo;n&rsquo; Play \/ JAJA Architects<\/h2>\n\n\n\n<figure class=\"wp-block-image\"><img loading=\"lazy\" decoding=\"async\" width=\"699\" height=\"480\" src=\"https:\/\/archibat.com\/blog\/wp-content\/uploads\/2019\/10\/Projet-9-699x480.jpg\" alt=\"\" class=\"wp-image-10703\" srcset=\"https:\/\/archibat.com\/blog\/wp-content\/uploads\/2019\/10\/Projet-9-699x480.jpg 699w, https:\/\/archibat.com\/blog\/wp-content\/uploads\/2019\/10\/Projet-9-300x206.jpg 300w, https:\/\/archibat.com\/blog\/wp-content\/uploads\/2019\/10\/Projet-9-768x527.jpg 768w, https:\/\/archibat.com\/blog\/wp-content\/uploads\/2019\/10\/Projet-9.jpg 1250w\" sizes=\"auto, (max-width: 699px) 100vw, 699px\" \/><\/figure>\n\n\n\n<h2 class=\"wp-block-heading\">House J \/ Keiko Maita Architect<\/h2>\n\n\n\n<figure class=\"wp-block-image\"><img loading=\"lazy\" decoding=\"async\" width=\"672\" height=\"480\" src=\"https:\/\/archibat.com\/blog\/wp-content\/uploads\/2019\/10\/Projet-10-672x480.jpg\" alt=\"\" class=\"wp-image-10729\" srcset=\"https:\/\/archibat.com\/blog\/wp-content\/uploads\/2019\/10\/Projet-10-672x480.jpg 672w, https:\/\/archibat.com\/blog\/wp-content\/uploads\/2019\/10\/Projet-10-300x214.jpg 300w, https:\/\/archibat.com\/blog\/wp-content\/uploads\/2019\/10\/Projet-10-768x548.jpg 768w, https:\/\/archibat.com\/blog\/wp-content\/uploads\/2019\/10\/Projet-10.jpg 1000w\" sizes=\"auto, (max-width: 672px) 100vw, 672px\" \/><\/figure>\n\n\n\n<h2 class=\"wp-block-heading\">Tilt Roof House \/ BCHO Architects<\/h2>\n\n\n\n<figure class=\"wp-block-image\"><img loading=\"lazy\" decoding=\"async\" width=\"704\" height=\"480\" src=\"https:\/\/archibat.com\/blog\/wp-content\/uploads\/2019\/10\/Projet-11-704x480.jpg\" alt=\"\" class=\"wp-image-10691\" srcset=\"https:\/\/archibat.com\/blog\/wp-content\/uploads\/2019\/10\/Projet-11-704x480.jpg 704w, https:\/\/archibat.com\/blog\/wp-content\/uploads\/2019\/10\/Projet-11-300x204.jpg 300w, https:\/\/archibat.com\/blog\/wp-content\/uploads\/2019\/10\/Projet-11-768x524.jpg 768w, https:\/\/archibat.com\/blog\/wp-content\/uploads\/2019\/10\/Projet-11.jpg 1467w\" sizes=\"auto, (max-width: 704px) 100vw, 704px\" \/><\/figure>\n\n\n\n<h2 class=\"wp-block-heading\">Jintai Village Reconstruction \/ Rural Urban Framework<\/h2>\n\n\n\n<figure class=\"wp-block-image\"><img loading=\"lazy\" decoding=\"async\" width=\"720\" height=\"383\" src=\"https:\/\/archibat.com\/blog\/wp-content\/uploads\/2019\/10\/Projet-12-720x383.jpg\" alt=\"\" class=\"wp-image-10695\" srcset=\"https:\/\/archibat.com\/blog\/wp-content\/uploads\/2019\/10\/Projet-12-720x383.jpg 720w, https:\/\/archibat.com\/blog\/wp-content\/uploads\/2019\/10\/Projet-12-300x159.jpg 300w, https:\/\/archibat.com\/blog\/wp-content\/uploads\/2019\/10\/Projet-12-768x408.jpg 768w, https:\/\/archibat.com\/blog\/wp-content\/uploads\/2019\/10\/Projet-12-1536x817.jpg 1536w, https:\/\/archibat.com\/blog\/wp-content\/uploads\/2019\/10\/Projet-12.jpg 1582w\" sizes=\"auto, (max-width: 720px) 100vw, 720px\" \/><\/figure>\n\n\n\n<h2 class=\"wp-block-heading\">Green Cloud \/ ZHUBO-AAO<\/h2>\n\n\n\n<figure class=\"wp-block-image\"><img loading=\"lazy\" decoding=\"async\" width=\"720\" height=\"480\" src=\"https:\/\/archibat.com\/blog\/wp-content\/uploads\/2019\/10\/Projet-13-720x480.jpg\" alt=\"\" class=\"wp-image-10685\" srcset=\"https:\/\/archibat.com\/blog\/wp-content\/uploads\/2019\/10\/Projet-13-720x480.jpg 720w, https:\/\/archibat.com\/blog\/wp-content\/uploads\/2019\/10\/Projet-13-300x200.jpg 300w, https:\/\/archibat.com\/blog\/wp-content\/uploads\/2019\/10\/Projet-13-768x512.jpg 768w, https:\/\/archibat.com\/blog\/wp-content\/uploads\/2019\/10\/Projet-13-1440x960.jpg 1440w, https:\/\/archibat.com\/blog\/wp-content\/uploads\/2019\/10\/Projet-13-960x640.jpg 960w, https:\/\/archibat.com\/blog\/wp-content\/uploads\/2019\/10\/Projet-13-350x233.jpg 350w, https:\/\/archibat.com\/blog\/wp-content\/uploads\/2019\/10\/Projet-13-700x466.jpg 700w, https:\/\/archibat.com\/blog\/wp-content\/uploads\/2019\/10\/Projet-13.jpg 1500w\" sizes=\"auto, (max-width: 720px) 100vw, 720px\" \/><\/figure>\n\n\n\n<h2 class=\"wp-block-heading\">10 Roof Pavilion \/ Espiral<\/h2>\n\n\n\n<figure class=\"wp-block-image\"><img loading=\"lazy\" decoding=\"async\" width=\"720\" height=\"473\" src=\"https:\/\/archibat.com\/blog\/wp-content\/uploads\/2019\/10\/Projet-14-720x473.jpg\" alt=\"\" class=\"wp-image-10711\" srcset=\"https:\/\/archibat.com\/blog\/wp-content\/uploads\/2019\/10\/Projet-14-720x473.jpg 720w, https:\/\/archibat.com\/blog\/wp-content\/uploads\/2019\/10\/Projet-14-300x197.jpg 300w, https:\/\/archibat.com\/blog\/wp-content\/uploads\/2019\/10\/Projet-14-768x505.jpg 768w, https:\/\/archibat.com\/blog\/wp-content\/uploads\/2019\/10\/Projet-14.jpg 1521w\" sizes=\"auto, (max-width: 720px) 100vw, 720px\" \/><\/figure>\n\n\n\n<h2 class=\"wp-block-heading\">A House in Nha Trang \/ VTN Architects + ICADA<\/h2>\n\n\n\n<figure class=\"wp-block-image\"><img loading=\"lazy\" decoding=\"async\" width=\"720\" height=\"480\" src=\"https:\/\/archibat.com\/blog\/wp-content\/uploads\/2019\/10\/Projet-15-720x480.jpg\" alt=\"\" class=\"wp-image-10681\" srcset=\"https:\/\/archibat.com\/blog\/wp-content\/uploads\/2019\/10\/Projet-15-720x480.jpg 720w, https:\/\/archibat.com\/blog\/wp-content\/uploads\/2019\/10\/Projet-15-300x200.jpg 300w, https:\/\/archibat.com\/blog\/wp-content\/uploads\/2019\/10\/Projet-15-768x512.jpg 768w, https:\/\/archibat.com\/blog\/wp-content\/uploads\/2019\/10\/Projet-15-1440x960.jpg 1440w, https:\/\/archibat.com\/blog\/wp-content\/uploads\/2019\/10\/Projet-15-960x640.jpg 960w, https:\/\/archibat.com\/blog\/wp-content\/uploads\/2019\/10\/Projet-15-350x233.jpg 350w, https:\/\/archibat.com\/blog\/wp-content\/uploads\/2019\/10\/Projet-15-700x466.jpg 700w, https:\/\/archibat.com\/blog\/wp-content\/uploads\/2019\/10\/Projet-15.jpg 1500w\" sizes=\"auto, (max-width: 720px) 100vw, 720px\" \/><\/figure>\n\n\n\n<h2 class=\"wp-block-heading\">Solr\u00f8dg\u00e5rd Water Treatment Plant \/ Henning Larsen<\/h2>\n\n\n\n<figure class=\"wp-block-image\"><img loading=\"lazy\" decoding=\"async\" width=\"720\" height=\"480\" src=\"https:\/\/archibat.com\/blog\/wp-content\/uploads\/2019\/10\/Projet-16-720x480.jpg\" alt=\"\" class=\"wp-image-10705\" srcset=\"https:\/\/archibat.com\/blog\/wp-content\/uploads\/2019\/10\/Projet-16-720x480.jpg 720w, https:\/\/archibat.com\/blog\/wp-content\/uploads\/2019\/10\/Projet-16-300x200.jpg 300w, https:\/\/archibat.com\/blog\/wp-content\/uploads\/2019\/10\/Projet-16-768x513.jpg 768w, https:\/\/archibat.com\/blog\/wp-content\/uploads\/2019\/10\/Projet-16-1440x960.jpg 1440w, https:\/\/archibat.com\/blog\/wp-content\/uploads\/2019\/10\/Projet-16-960x640.jpg 960w, https:\/\/archibat.com\/blog\/wp-content\/uploads\/2019\/10\/Projet-16-350x233.jpg 350w, https:\/\/archibat.com\/blog\/wp-content\/uploads\/2019\/10\/Projet-16-700x466.jpg 700w, https:\/\/archibat.com\/blog\/wp-content\/uploads\/2019\/10\/Projet-16.jpg 1498w\" sizes=\"auto, (max-width: 720px) 100vw, 720px\" \/><\/figure>\n\n\n\n<h2 class=\"wp-block-heading\">Hilltop Gallery \/ dEEP Architects<\/h2>\n\n\n\n<figure class=\"wp-block-image\"><img loading=\"lazy\" decoding=\"async\" width=\"640\" height=\"480\" src=\"https:\/\/archibat.com\/blog\/wp-content\/uploads\/2019\/10\/Projet-17-640x480.jpg\" alt=\"\" class=\"wp-image-10697\" srcset=\"https:\/\/archibat.com\/blog\/wp-content\/uploads\/2019\/10\/Projet-17-640x480.jpg 640w, https:\/\/archibat.com\/blog\/wp-content\/uploads\/2019\/10\/Projet-17-300x225.jpg 300w, https:\/\/archibat.com\/blog\/wp-content\/uploads\/2019\/10\/Projet-17-768x576.jpg 768w, https:\/\/archibat.com\/blog\/wp-content\/uploads\/2019\/10\/Projet-17.jpg 1334w\" sizes=\"auto, (max-width: 640px) 100vw, 640px\" \/><\/figure>\n\n\n\n<h2 class=\"wp-block-heading\">Villa Ypsilon \/ LASSA architects<\/h2>\n\n\n\n<figure class=\"wp-block-image\"><img loading=\"lazy\" decoding=\"async\" width=\"720\" height=\"424\" src=\"https:\/\/archibat.com\/blog\/wp-content\/uploads\/2019\/10\/Projet-18-720x424.jpg\" alt=\"\" class=\"wp-image-10693\" srcset=\"https:\/\/archibat.com\/blog\/wp-content\/uploads\/2019\/10\/Projet-18-720x424.jpg 720w, https:\/\/archibat.com\/blog\/wp-content\/uploads\/2019\/10\/Projet-18-300x177.jpg 300w, https:\/\/archibat.com\/blog\/wp-content\/uploads\/2019\/10\/Projet-18-768x452.jpg 768w, https:\/\/archibat.com\/blog\/wp-content\/uploads\/2019\/10\/Projet-18-1536x904.jpg 1536w, https:\/\/archibat.com\/blog\/wp-content\/uploads\/2019\/10\/Projet-18.jpg 1582w\" sizes=\"auto, (max-width: 720px) 100vw, 720px\" \/><\/figure>\n\n\n\n<h2 class=\"wp-block-heading\">Rocksplit House \/ Cometa Architects<\/h2>\n\n\n\n<figure class=\"wp-block-image\"><img loading=\"lazy\" decoding=\"async\" width=\"720\" height=\"480\" src=\"https:\/\/archibat.com\/blog\/wp-content\/uploads\/2019\/10\/Projet-19-720x480.jpg\" alt=\"\" class=\"wp-image-10687\" srcset=\"https:\/\/archibat.com\/blog\/wp-content\/uploads\/2019\/10\/Projet-19-720x480.jpg 720w, https:\/\/archibat.com\/blog\/wp-content\/uploads\/2019\/10\/Projet-19-300x200.jpg 300w, https:\/\/archibat.com\/blog\/wp-content\/uploads\/2019\/10\/Projet-19-768x512.jpg 768w, https:\/\/archibat.com\/blog\/wp-content\/uploads\/2019\/10\/Projet-19-1440x960.jpg 1440w, https:\/\/archibat.com\/blog\/wp-content\/uploads\/2019\/10\/Projet-19-960x640.jpg 960w, https:\/\/archibat.com\/blog\/wp-content\/uploads\/2019\/10\/Projet-19-350x233.jpg 350w, https:\/\/archibat.com\/blog\/wp-content\/uploads\/2019\/10\/Projet-19-700x466.jpg 700w, https:\/\/archibat.com\/blog\/wp-content\/uploads\/2019\/10\/Projet-19.jpg 1500w\" sizes=\"auto, (max-width: 720px) 100vw, 720px\" \/><\/figure>\n\n\n\n<h2 class=\"wp-block-heading\">Heavenly Water Service Center of International Horticultural Exposition 2014 \/ HHD_FUN<\/h2>\n\n\n\n<figure class=\"wp-block-image\"><img loading=\"lazy\" decoding=\"async\" width=\"720\" height=\"480\" src=\"https:\/\/archibat.com\/blog\/wp-content\/uploads\/2019\/10\/Projet-20-720x480.jpg\" alt=\"\" class=\"wp-image-10713\" srcset=\"https:\/\/archibat.com\/blog\/wp-content\/uploads\/2019\/10\/Projet-20-720x480.jpg 720w, https:\/\/archibat.com\/blog\/wp-content\/uploads\/2019\/10\/Projet-20-300x200.jpg 300w, https:\/\/archibat.com\/blog\/wp-content\/uploads\/2019\/10\/Projet-20-768x512.jpg 768w, https:\/\/archibat.com\/blog\/wp-content\/uploads\/2019\/10\/Projet-20-1440x960.jpg 1440w, https:\/\/archibat.com\/blog\/wp-content\/uploads\/2019\/10\/Projet-20-960x640.jpg 960w, https:\/\/archibat.com\/blog\/wp-content\/uploads\/2019\/10\/Projet-20-350x233.jpg 350w, https:\/\/archibat.com\/blog\/wp-content\/uploads\/2019\/10\/Projet-20-700x466.jpg 700w, https:\/\/archibat.com\/blog\/wp-content\/uploads\/2019\/10\/Projet-20.jpg 1499w\" sizes=\"auto, (max-width: 720px) 100vw, 720px\" \/><\/figure>\n\n\n\n<h2 class=\"wp-block-heading\">Issa Megaron \/ PROARH<\/h2>\n\n\n\n<figure class=\"wp-block-image\"><img loading=\"lazy\" decoding=\"async\" width=\"640\" height=\"480\" src=\"https:\/\/archibat.com\/blog\/wp-content\/uploads\/2019\/10\/Projet-21-640x480.jpg\" alt=\"\" class=\"wp-image-10689\" srcset=\"https:\/\/archibat.com\/blog\/wp-content\/uploads\/2019\/10\/Projet-21-640x480.jpg 640w, https:\/\/archibat.com\/blog\/wp-content\/uploads\/2019\/10\/Projet-21-300x225.jpg 300w, https:\/\/archibat.com\/blog\/wp-content\/uploads\/2019\/10\/Projet-21-768x576.jpg 768w, https:\/\/archibat.com\/blog\/wp-content\/uploads\/2019\/10\/Projet-21.jpg 1334w\" sizes=\"auto, (max-width: 640px) 100vw, 640px\" \/><\/figure>\n\n\n\n<h2 class=\"wp-block-heading\">Antepavilion \/ PUP architects<\/h2>\n\n\n\n<figure class=\"wp-block-image\"><img loading=\"lazy\" decoding=\"async\" width=\"648\" height=\"480\" src=\"https:\/\/archibat.com\/blog\/wp-content\/uploads\/2019\/10\/Projet-22-648x480.jpg\" alt=\"\" class=\"wp-image-10727\" srcset=\"https:\/\/archibat.com\/blog\/wp-content\/uploads\/2019\/10\/Projet-22-648x480.jpg 648w, https:\/\/archibat.com\/blog\/wp-content\/uploads\/2019\/10\/Projet-22-300x222.jpg 300w, https:\/\/archibat.com\/blog\/wp-content\/uploads\/2019\/10\/Projet-22.jpg 689w\" sizes=\"auto, (max-width: 648px) 100vw, 648px\" \/><\/figure>\n\n\n\n<h2 class=\"wp-block-heading\">Parasite House \/ El Sindicato Arquitectura<\/h2>\n\n\n\n<figure class=\"wp-block-image\"><img loading=\"lazy\" decoding=\"async\" width=\"720\" height=\"405\" src=\"https:\/\/archibat.com\/blog\/wp-content\/uploads\/2019\/10\/Projet-23-720x405.jpg\" alt=\"\" class=\"wp-image-10699\" srcset=\"https:\/\/archibat.com\/blog\/wp-content\/uploads\/2019\/10\/Projet-23-720x405.jpg 720w, https:\/\/archibat.com\/blog\/wp-content\/uploads\/2019\/10\/Projet-23-300x169.jpg 300w, https:\/\/archibat.com\/blog\/wp-content\/uploads\/2019\/10\/Projet-23-768x432.jpg 768w, https:\/\/archibat.com\/blog\/wp-content\/uploads\/2019\/10\/Projet-23-1536x863.jpg 1536w, https:\/\/archibat.com\/blog\/wp-content\/uploads\/2019\/10\/Projet-23.jpg 1582w\" sizes=\"auto, (max-width: 720px) 100vw, 720px\" \/><\/figure>\n\n\n\n<h2 class=\"wp-block-heading\">Hofstraat House Addition \/ Dierendonckblancke Architects<\/h2>\n\n\n\n<figure class=\"wp-block-image\"><img loading=\"lazy\" decoding=\"async\" width=\"705\" height=\"480\" src=\"https:\/\/archibat.com\/blog\/wp-content\/uploads\/2019\/10\/Projet-24-705x480.jpg\" alt=\"\" class=\"wp-image-10719\" srcset=\"https:\/\/archibat.com\/blog\/wp-content\/uploads\/2019\/10\/Projet-24-705x480.jpg 705w, https:\/\/archibat.com\/blog\/wp-content\/uploads\/2019\/10\/Projet-24-300x204.jpg 300w, https:\/\/archibat.com\/blog\/wp-content\/uploads\/2019\/10\/Projet-24-768x523.jpg 768w, https:\/\/archibat.com\/blog\/wp-content\/uploads\/2019\/10\/Projet-24.jpg 1469w\" sizes=\"auto, (max-width: 705px) 100vw, 705px\" \/><\/figure>\n\n\n\n<h2 class=\"wp-block-heading\">One More Room \/ ANTN<\/h2>\n\n\n\n<figure class=\"wp-block-image\"><img loading=\"lazy\" decoding=\"async\" width=\"720\" height=\"395\" src=\"https:\/\/archibat.com\/blog\/wp-content\/uploads\/2019\/10\/Projet-25-720x395.jpg\" alt=\"\" class=\"wp-image-10707\" srcset=\"https:\/\/archibat.com\/blog\/wp-content\/uploads\/2019\/10\/Projet-25-720x395.jpg 720w, https:\/\/archibat.com\/blog\/wp-content\/uploads\/2019\/10\/Projet-25-300x165.jpg 300w, https:\/\/archibat.com\/blog\/wp-content\/uploads\/2019\/10\/Projet-25-768x422.jpg 768w, https:\/\/archibat.com\/blog\/wp-content\/uploads\/2019\/10\/Projet-25-1536x844.jpg 1536w, https:\/\/archibat.com\/blog\/wp-content\/uploads\/2019\/10\/Projet-25.jpg 1582w\" sizes=\"auto, (max-width: 720px) 100vw, 720px\" \/><\/figure>\n\n\n\n<h2 class=\"wp-block-heading\">Workshop in the City \/ Romero Silva Arquitectos <\/h2>\n\n\n\n<figure class=\"wp-block-image\"><img loading=\"lazy\" decoding=\"async\" width=\"720\" height=\"480\" src=\"https:\/\/archibat.com\/blog\/wp-content\/uploads\/2019\/10\/Projet-26-720x480.jpg\" alt=\"\" class=\"wp-image-10709\" srcset=\"https:\/\/archibat.com\/blog\/wp-content\/uploads\/2019\/10\/Projet-26-720x480.jpg 720w, https:\/\/archibat.com\/blog\/wp-content\/uploads\/2019\/10\/Projet-26-300x200.jpg 300w, https:\/\/archibat.com\/blog\/wp-content\/uploads\/2019\/10\/Projet-26-768x513.jpg 768w, https:\/\/archibat.com\/blog\/wp-content\/uploads\/2019\/10\/Projet-26-1440x960.jpg 1440w, https:\/\/archibat.com\/blog\/wp-content\/uploads\/2019\/10\/Projet-26-960x640.jpg 960w, https:\/\/archibat.com\/blog\/wp-content\/uploads\/2019\/10\/Projet-26-350x233.jpg 350w, https:\/\/archibat.com\/blog\/wp-content\/uploads\/2019\/10\/Projet-26-700x466.jpg 700w, https:\/\/archibat.com\/blog\/wp-content\/uploads\/2019\/10\/Projet-26.jpg 1498w\" sizes=\"auto, (max-width: 720px) 100vw, 720px\" \/><\/figure>\n","protected":false},"excerpt":{"rendered":"<p>Comment tirer pleinement parti de la cinqui\u00e8me fa\u00e7ade ? Sachant qu&rsquo;ils peuvent repr\u00e9senter jusqu\u2019\u00e0 32% des surfaces horizontales des villes, les toits ne sont pas\u2026<\/p>\n","protected":false},"author":2,"featured_media":10735,"comment_status":"closed","ping_status":"closed","sticky":false,"template":"","format":"standard","meta":{"_acf_changed":false,"footnotes":""},"categories":[3],"tags":[2317,1724,2319,2320,2318],"class_list":["post-10680","post","type-post","status-publish","format-standard","has-post-thumbnail","hentry","category-architecture-et-design","tag-ciel","tag-projet","tag-roof","tag-sky","tag-toit"],"acf":[],"yoast_head":"<!-- This site is optimized with the Yoast SEO plugin v24.8.1 - https:\/\/yoast.com\/wordpress\/plugins\/seo\/ -->\n<title>26 projets\u2026 avec le ciel comme seule limite &#8211; ArchiBat Mag<\/title>\n<meta name=\"robots\" content=\"index, follow, max-snippet:-1, max-image-preview:large, max-video-preview:-1\" \/>\n<link rel=\"canonical\" href=\"https:\/\/archibat.com\/blog\/26-projets-avec-le-ciel-comme-seule-limite\/\" \/>\n<meta property=\"og:locale\" content=\"fr_FR\" \/>\n<meta property=\"og:type\" content=\"article\" \/>\n<meta property=\"og:title\" content=\"26 projets\u2026 avec le ciel comme seule limite &#8211; ArchiBat Mag\" \/>\n<meta property=\"og:description\" content=\"Comment tirer pleinement parti de la cinqui\u00e8me fa\u00e7ade ? Sachant qu&rsquo;ils peuvent repr\u00e9senter jusqu\u2019\u00e0 32% des surfaces horizontales des villes, les toits ne sont pas\u2026\" \/>\n<meta property=\"og:url\" content=\"https:\/\/archibat.com\/blog\/26-projets-avec-le-ciel-comme-seule-limite\/\" \/>\n<meta property=\"og:site_name\" content=\"ArchiBat Mag\" \/>\n<meta property=\"article:published_time\" content=\"2019-10-18T12:00:25+00:00\" \/>\n<meta property=\"article:modified_time\" content=\"2019-11-05T10:58:00+00:00\" \/>\n<meta property=\"og:image\" content=\"https:\/\/archibat.com\/blog\/wp-content\/uploads\/2019\/10\/Cover-26-projets.jpg\" \/>\n\t<meta property=\"og:image:width\" content=\"1000\" \/>\n\t<meta property=\"og:image:height\" content=\"763\" \/>\n\t<meta property=\"og:image:type\" content=\"image\/jpeg\" \/>\n<meta name=\"author\" content=\"communication\" \/>\n<meta name=\"twitter:card\" content=\"summary_large_image\" \/>\n<meta name=\"twitter:label1\" content=\"\u00c9crit par\" \/>\n\t<meta name=\"twitter:data1\" content=\"communication\" \/>\n\t<meta name=\"twitter:label2\" content=\"Dur\u00e9e de lecture estim\u00e9e\" \/>\n\t<meta name=\"twitter:data2\" content=\"2 minutes\" \/>\n<script type=\"application\/ld+json\" class=\"yoast-schema-graph\">{\"@context\":\"https:\/\/schema.org\",\"@graph\":[{\"@type\":\"WebPage\",\"@id\":\"https:\/\/archibat.com\/blog\/26-projets-avec-le-ciel-comme-seule-limite\/\",\"url\":\"https:\/\/archibat.com\/blog\/26-projets-avec-le-ciel-comme-seule-limite\/\",\"name\":\"26 projets\u2026 avec le ciel comme seule limite &#8211; ArchiBat Mag\",\"isPartOf\":{\"@id\":\"https:\/\/archibat.com\/blog\/#website\"},\"primaryImageOfPage\":{\"@id\":\"https:\/\/archibat.com\/blog\/26-projets-avec-le-ciel-comme-seule-limite\/#primaryimage\"},\"image\":{\"@id\":\"https:\/\/archibat.com\/blog\/26-projets-avec-le-ciel-comme-seule-limite\/#primaryimage\"},\"thumbnailUrl\":\"https:\/\/archibat.com\/blog\/wp-content\/uploads\/2019\/10\/Cover-26-projets.jpg\",\"datePublished\":\"2019-10-18T12:00:25+00:00\",\"dateModified\":\"2019-11-05T10:58:00+00:00\",\"author\":{\"@id\":\"https:\/\/archibat.com\/blog\/#\/schema\/person\/c246f0d63b5e719c2cbe4f9bd494bf12\"},\"breadcrumb\":{\"@id\":\"https:\/\/archibat.com\/blog\/26-projets-avec-le-ciel-comme-seule-limite\/#breadcrumb\"},\"inLanguage\":\"fr-FR\",\"potentialAction\":[{\"@type\":\"ReadAction\",\"target\":[\"https:\/\/archibat.com\/blog\/26-projets-avec-le-ciel-comme-seule-limite\/\"]}]},{\"@type\":\"ImageObject\",\"inLanguage\":\"fr-FR\",\"@id\":\"https:\/\/archibat.com\/blog\/26-projets-avec-le-ciel-comme-seule-limite\/#primaryimage\",\"url\":\"https:\/\/archibat.com\/blog\/wp-content\/uploads\/2019\/10\/Cover-26-projets.jpg\",\"contentUrl\":\"https:\/\/archibat.com\/blog\/wp-content\/uploads\/2019\/10\/Cover-26-projets.jpg\",\"width\":1000,\"height\":763,\"caption\":\"H-VAC by PUP Architecture. Copyright Jim Stephenson 2017.\"},{\"@type\":\"BreadcrumbList\",\"@id\":\"https:\/\/archibat.com\/blog\/26-projets-avec-le-ciel-comme-seule-limite\/#breadcrumb\",\"itemListElement\":[{\"@type\":\"ListItem\",\"position\":1,\"name\":\"Home\",\"item\":\"https:\/\/archibat.com\/blog\/\"},{\"@type\":\"ListItem\",\"position\":2,\"name\":\"26 projets\u2026 avec le ciel comme seule limite\"}]},{\"@type\":\"WebSite\",\"@id\":\"https:\/\/archibat.com\/blog\/#website\",\"url\":\"https:\/\/archibat.com\/blog\/\",\"name\":\"ArchiBat Mag\",\"description\":\"Vous souhaitez connaitre les derni\u00e8res actualit\u00e9s sur l\u2019Architecture, le Design ou les Ressources Humaines ? D\u00e9couvrez ArchiBat Mag, le magazine d\u00e9di\u00e9 aux m\u00e9tiers de l&#039;Architecture et de l&#039;Ing\u00e9nierie.\",\"potentialAction\":[{\"@type\":\"SearchAction\",\"target\":{\"@type\":\"EntryPoint\",\"urlTemplate\":\"https:\/\/archibat.com\/blog\/?s={search_term_string}\"},\"query-input\":{\"@type\":\"PropertyValueSpecification\",\"valueRequired\":true,\"valueName\":\"search_term_string\"}}],\"inLanguage\":\"fr-FR\"},{\"@type\":\"Person\",\"@id\":\"https:\/\/archibat.com\/blog\/#\/schema\/person\/c246f0d63b5e719c2cbe4f9bd494bf12\",\"name\":\"communication\"}]}<\/script>\n<!-- \/ Yoast SEO plugin. -->","yoast_head_json":{"title":"26 projets\u2026 avec le ciel comme seule limite &#8211; ArchiBat Mag","robots":{"index":"index","follow":"follow","max-snippet":"max-snippet:-1","max-image-preview":"max-image-preview:large","max-video-preview":"max-video-preview:-1"},"canonical":"https:\/\/archibat.com\/blog\/26-projets-avec-le-ciel-comme-seule-limite\/","og_locale":"fr_FR","og_type":"article","og_title":"26 projets\u2026 avec le ciel comme seule limite &#8211; ArchiBat Mag","og_description":"Comment tirer pleinement parti de la cinqui\u00e8me fa\u00e7ade ? Sachant qu&rsquo;ils peuvent repr\u00e9senter jusqu\u2019\u00e0 32% des surfaces horizontales des villes, les toits ne sont pas\u2026","og_url":"https:\/\/archibat.com\/blog\/26-projets-avec-le-ciel-comme-seule-limite\/","og_site_name":"ArchiBat Mag","article_published_time":"2019-10-18T12:00:25+00:00","article_modified_time":"2019-11-05T10:58:00+00:00","og_image":[{"width":1000,"height":763,"url":"https:\/\/archibat.com\/blog\/wp-content\/uploads\/2019\/10\/Cover-26-projets.jpg","type":"image\/jpeg"}],"author":"communication","twitter_card":"summary_large_image","twitter_misc":{"\u00c9crit par":"communication","Dur\u00e9e de lecture estim\u00e9e":"2 minutes"},"schema":{"@context":"https:\/\/schema.org","@graph":[{"@type":"WebPage","@id":"https:\/\/archibat.com\/blog\/26-projets-avec-le-ciel-comme-seule-limite\/","url":"https:\/\/archibat.com\/blog\/26-projets-avec-le-ciel-comme-seule-limite\/","name":"26 projets\u2026 avec le ciel comme seule limite &#8211; ArchiBat Mag","isPartOf":{"@id":"https:\/\/archibat.com\/blog\/#website"},"primaryImageOfPage":{"@id":"https:\/\/archibat.com\/blog\/26-projets-avec-le-ciel-comme-seule-limite\/#primaryimage"},"image":{"@id":"https:\/\/archibat.com\/blog\/26-projets-avec-le-ciel-comme-seule-limite\/#primaryimage"},"thumbnailUrl":"https:\/\/archibat.com\/blog\/wp-content\/uploads\/2019\/10\/Cover-26-projets.jpg","datePublished":"2019-10-18T12:00:25+00:00","dateModified":"2019-11-05T10:58:00+00:00","author":{"@id":"https:\/\/archibat.com\/blog\/#\/schema\/person\/c246f0d63b5e719c2cbe4f9bd494bf12"},"breadcrumb":{"@id":"https:\/\/archibat.com\/blog\/26-projets-avec-le-ciel-comme-seule-limite\/#breadcrumb"},"inLanguage":"fr-FR","potentialAction":[{"@type":"ReadAction","target":["https:\/\/archibat.com\/blog\/26-projets-avec-le-ciel-comme-seule-limite\/"]}]},{"@type":"ImageObject","inLanguage":"fr-FR","@id":"https:\/\/archibat.com\/blog\/26-projets-avec-le-ciel-comme-seule-limite\/#primaryimage","url":"https:\/\/archibat.com\/blog\/wp-content\/uploads\/2019\/10\/Cover-26-projets.jpg","contentUrl":"https:\/\/archibat.com\/blog\/wp-content\/uploads\/2019\/10\/Cover-26-projets.jpg","width":1000,"height":763,"caption":"H-VAC by PUP Architecture. Copyright Jim Stephenson 2017."},{"@type":"BreadcrumbList","@id":"https:\/\/archibat.com\/blog\/26-projets-avec-le-ciel-comme-seule-limite\/#breadcrumb","itemListElement":[{"@type":"ListItem","position":1,"name":"Home","item":"https:\/\/archibat.com\/blog\/"},{"@type":"ListItem","position":2,"name":"26 projets\u2026 avec le ciel comme seule limite"}]},{"@type":"WebSite","@id":"https:\/\/archibat.com\/blog\/#website","url":"https:\/\/archibat.com\/blog\/","name":"ArchiBat Mag","description":"Vous souhaitez connaitre les derni\u00e8res actualit\u00e9s sur l\u2019Architecture, le Design ou les Ressources Humaines ? D\u00e9couvrez ArchiBat Mag, le magazine d\u00e9di\u00e9 aux m\u00e9tiers de l&#039;Architecture et de l&#039;Ing\u00e9nierie.","potentialAction":[{"@type":"SearchAction","target":{"@type":"EntryPoint","urlTemplate":"https:\/\/archibat.com\/blog\/?s={search_term_string}"},"query-input":{"@type":"PropertyValueSpecification","valueRequired":true,"valueName":"search_term_string"}}],"inLanguage":"fr-FR"},{"@type":"Person","@id":"https:\/\/archibat.com\/blog\/#\/schema\/person\/c246f0d63b5e719c2cbe4f9bd494bf12","name":"communication"}]}},"_links":{"self":[{"href":"https:\/\/archibat.com\/blog\/wp-json\/wp\/v2\/posts\/10680","targetHints":{"allow":["GET"]}}],"collection":[{"href":"https:\/\/archibat.com\/blog\/wp-json\/wp\/v2\/posts"}],"about":[{"href":"https:\/\/archibat.com\/blog\/wp-json\/wp\/v2\/types\/post"}],"author":[{"embeddable":true,"href":"https:\/\/archibat.com\/blog\/wp-json\/wp\/v2\/users\/2"}],"replies":[{"embeddable":true,"href":"https:\/\/archibat.com\/blog\/wp-json\/wp\/v2\/comments?post=10680"}],"version-history":[{"count":3,"href":"https:\/\/archibat.com\/blog\/wp-json\/wp\/v2\/posts\/10680\/revisions"}],"predecessor-version":[{"id":10938,"href":"https:\/\/archibat.com\/blog\/wp-json\/wp\/v2\/posts\/10680\/revisions\/10938"}],"wp:featuredmedia":[{"embeddable":true,"href":"https:\/\/archibat.com\/blog\/wp-json\/wp\/v2\/media\/10735"}],"wp:attachment":[{"href":"https:\/\/archibat.com\/blog\/wp-json\/wp\/v2\/media?parent=10680"}],"wp:term":[{"taxonomy":"category","embeddable":true,"href":"https:\/\/archibat.com\/blog\/wp-json\/wp\/v2\/categories?post=10680"},{"taxonomy":"post_tag","embeddable":true,"href":"https:\/\/archibat.com\/blog\/wp-json\/wp\/v2\/tags?post=10680"}],"curies":[{"name":"wp","href":"https:\/\/api.w.org\/{rel}","templated":true}]}}