{"id":1077,"date":"2015-09-24T07:15:02","date_gmt":"2015-09-24T05:15:02","guid":{"rendered":"https:\/\/www.archibat.com\/blog\/?p=1077"},"modified":"2018-12-21T11:59:10","modified_gmt":"2018-12-21T10:59:10","slug":"en-israel-une-classe-qui-sadapte-aux-besoins-des-eleves","status":"publish","type":"post","link":"https:\/\/archibat.com\/blog\/en-israel-une-classe-qui-sadapte-aux-besoins-des-eleves\/","title":{"rendered":"En Isra\u00ebl, une classe qui s\u2019adapte aux besoins des \u00e9l\u00e8ves"},"content":{"rendered":"<p>Une classe qui s\u2019adapte aux besoins de ses \u00e9l\u00e8ves\u00a0: tel \u00e9tait l\u2019objectif de l\u2019architecte en charge de ce projet au sein de l\u2019\u00e9cole \u00ab\u00a0Darka\u00a0\u00bb \u00e0 Kiryat Malakhi dans le sud d\u2019Isra\u00ebl. Parmi les 700 enfants scolaris\u00e9s dans cette \u00e9cole, 55 d\u2019entre eux souffrant de troubles de l\u2019apprentissage et de troubles du d\u00e9ficit de l\u2019attention b\u00e9n\u00e9ficient de cette salle de classe originale.<\/p>\n<h2>Une classe sur-mesure<\/h2>\n<p>En effet, celle-ci a \u00e9t\u00e9 con\u00e7ue sp\u00e9cifiquement pour ces \u00e9l\u00e8ves. L\u2019architecte isra\u00e9lien, Lior Ben Shitrit, a \u00e9tudi\u00e9 les troubles dont souffrent ces enfants, et les a \u00e9galement observ\u00e9 dans l\u2019environnement scolaire. Cela lui a permis de concevoir une salle de classe sur-mesure qui r\u00e9pond mieux \u00e0 leurs besoins.<\/p>\n<p>Ainsi, tous les meubles sont mobiles, ce qui permet de les agencer et des les orienter en fonction des besoins du cours. Les chaises ont \u00e9t\u00e9 remplac\u00e9es par des ballons, pour que les enfants puissent bouger dessus sans perturber le cours. Les murs sont transparents sauf un qui est en r\u00e9alit\u00e9 un mur recouvert de plantes.<\/p>\n<p><img loading=\"lazy\" decoding=\"async\" class=\"alignnone size-full wp-image-1078\" src=\"https:\/\/www.archibat.com\/blog\/wp-content\/uploads\/2015\/09\/Classe-sur-mesure-1.jpg\" alt=\"Classe sur-mesure\" width=\"635\" height=\"387\" \/><\/p>\n<p><img loading=\"lazy\" decoding=\"async\" class=\"alignnone size-full wp-image-1079\" src=\"https:\/\/www.archibat.com\/blog\/wp-content\/uploads\/2015\/09\/Classe-sur-mesure-2.jpg\" alt=\"Classe sur-mesure 2\" width=\"635\" height=\"387\" \/><\/p>\n<p><img loading=\"lazy\" decoding=\"async\" class=\"alignnone size-full wp-image-1080\" src=\"https:\/\/www.archibat.com\/blog\/wp-content\/uploads\/2015\/09\/Classe-sur-mesure-3.jpg\" alt=\"Classe sur-mesure\" width=\"635\" height=\"357\" \/><\/p>\n<p>Trois bureaux individuels ont \u00e9t\u00e9 install\u00e9s au fond de la classe afin que les jeunes puissent b\u00e9n\u00e9ficier de le\u00e7ons priv\u00e9es et s\u2019isoler du reste de la classe pour plus de concentration.<\/p>\n<h2>Un design inspir\u00e9 de Minecraft<\/h2>\n<p>L\u2019\u00e9cole voulait un design ressemblant plus \u00e0 celui d\u2019une entreprise de Marketing qu\u2019\u00e0 celui d\u2019une \u00e9cole classique. Finalement, c\u2019est en observant l\u2019un des \u00e9l\u00e8ves jouer au c\u00e9l\u00e8bre jeu Minecraft que Lior Ben Shitrit a trouv\u00e9 l\u2019inspiration. Il en r\u00e9sulte des formes g\u00e9om\u00e9triques tr\u00e8s \u00e9pur\u00e9es, et une classe dans les tons verts.<\/p>\n<p><img loading=\"lazy\" decoding=\"async\" class=\"alignnone size-full wp-image-1081\" src=\"https:\/\/www.archibat.com\/blog\/wp-content\/uploads\/2015\/09\/Classe-sur-mesure.jpg\" alt=\"Classe sur-mesure\" width=\"635\" height=\"531\" \/><\/p>\n<p>Les \u00e9l\u00e8ves ont pu participer au projet. En effet, ils ont \u00e9t\u00e9 missionn\u00e9s par l\u2019architecte pour s\u2019occuper du mur ext\u00e9rieur du b\u00e2timent qui jusque l\u00e0 avait \u00e9t\u00e9 laiss\u00e9 \u00e0 l\u2019abandon.<\/p>\n<p>La directrice de l\u2019\u00e9cole envisage maintenant d\u2019\u00e9tendre le projet \u00e0 l\u2019ensemble du b\u00e2timent afin que les enfants puissent b\u00e9n\u00e9ficier d\u2019une m\u00e9thode d\u2019\u00e9ducation alternative.<\/p>\n<p>Cette initiative a \u00e9t\u00e9 financ\u00e9e par des donateurs isra\u00e9liens.<\/p>\n<p><em>Source\u00a0: <a href=\"http:\/\/xnet.ynet.co.il\/architecture\/articles\/0,14710,L-3110352,00.html\" target=\"_blank\" rel=\"noopener\">Xnet<\/a><\/em><\/p>\n<p>&nbsp;<\/p>\n<p><em><strong>On aimerait vraiment essayer cette salle de classe innovante ! Pas vous ?<\/strong><\/em><\/p>\n","protected":false},"excerpt":{"rendered":"<p>Une classe qui s\u2019adapte aux besoins de ses \u00e9l\u00e8ves\u00a0: tel \u00e9tait l\u2019objectif de l\u2019architecte en charge de ce projet au sein de l\u2019\u00e9cole \u00ab\u00a0Darka\u00a0\u00bb \u00e0\u2026<\/p>\n","protected":false},"author":2,"featured_media":1082,"comment_status":"closed","ping_status":"closed","sticky":false,"template":"","format":"standard","meta":{"_acf_changed":false,"footnotes":""},"categories":[3],"tags":[1240,1821,1228,1753,2168,2167,2169],"class_list":["post-1077","post","type-post","status-publish","format-standard","has-post-thumbnail","hentry","category-architecture-et-design","tag-architecture-2","tag-architecture-dinterieur","tag-design","tag-ecole","tag-israel","tag-kiryat-malakhi","tag-lior-ben-shitrit"],"acf":[],"yoast_head":"<!-- This site is optimized with the Yoast SEO plugin v24.8.1 - https:\/\/yoast.com\/wordpress\/plugins\/seo\/ -->\n<title>En Isra\u00ebl, une classe qui s\u2019adapte aux besoins des \u00e9l\u00e8ves &#8211; ArchiBat Mag<\/title>\n<meta name=\"description\" content=\"Une classe sur-mesure a \u00e9t\u00e9 con\u00e7ue dans une \u00e9cole isra\u00e9lienne pour r\u00e9pondre au mieux aux besoins d&#039;enfants souffrant de troubles de l&#039;apprentissage.\" \/>\n<meta name=\"robots\" content=\"index, follow, max-snippet:-1, max-image-preview:large, max-video-preview:-1\" \/>\n<link rel=\"canonical\" href=\"https:\/\/archibat.com\/blog\/en-israel-une-classe-qui-sadapte-aux-besoins-des-eleves\/\" \/>\n<meta property=\"og:locale\" content=\"fr_FR\" \/>\n<meta property=\"og:type\" content=\"article\" \/>\n<meta property=\"og:title\" content=\"En Isra\u00ebl, une classe qui s\u2019adapte aux besoins des \u00e9l\u00e8ves &#8211; ArchiBat Mag\" \/>\n<meta property=\"og:description\" content=\"Une classe sur-mesure a \u00e9t\u00e9 con\u00e7ue dans une \u00e9cole isra\u00e9lienne pour r\u00e9pondre au mieux aux besoins d&#039;enfants souffrant de troubles de l&#039;apprentissage.\" \/>\n<meta property=\"og:url\" content=\"https:\/\/archibat.com\/blog\/en-israel-une-classe-qui-sadapte-aux-besoins-des-eleves\/\" \/>\n<meta property=\"og:site_name\" content=\"ArchiBat Mag\" \/>\n<meta property=\"article:published_time\" content=\"2015-09-24T05:15:02+00:00\" \/>\n<meta property=\"article:modified_time\" content=\"2018-12-21T10:59:10+00:00\" \/>\n<meta property=\"og:image\" content=\"https:\/\/archibat.com\/blog\/wp-content\/uploads\/2015\/09\/classe-sur-mesure-6-3.jpg\" \/>\n\t<meta property=\"og:image:width\" content=\"635\" \/>\n\t<meta property=\"og:image:height\" content=\"357\" \/>\n\t<meta property=\"og:image:type\" content=\"image\/jpeg\" \/>\n<meta name=\"author\" content=\"communication\" \/>\n<meta name=\"twitter:card\" content=\"summary_large_image\" \/>\n<meta name=\"twitter:label1\" content=\"\u00c9crit par\" \/>\n\t<meta name=\"twitter:data1\" content=\"communication\" \/>\n\t<meta name=\"twitter:label2\" content=\"Dur\u00e9e de lecture estim\u00e9e\" \/>\n\t<meta name=\"twitter:data2\" content=\"2 minutes\" \/>\n<script type=\"application\/ld+json\" class=\"yoast-schema-graph\">{\"@context\":\"https:\/\/schema.org\",\"@graph\":[{\"@type\":\"WebPage\",\"@id\":\"https:\/\/archibat.com\/blog\/en-israel-une-classe-qui-sadapte-aux-besoins-des-eleves\/\",\"url\":\"https:\/\/archibat.com\/blog\/en-israel-une-classe-qui-sadapte-aux-besoins-des-eleves\/\",\"name\":\"En Isra\u00ebl, une classe qui s\u2019adapte aux besoins des \u00e9l\u00e8ves &#8211; ArchiBat Mag\",\"isPartOf\":{\"@id\":\"https:\/\/archibat.com\/blog\/#website\"},\"primaryImageOfPage\":{\"@id\":\"https:\/\/archibat.com\/blog\/en-israel-une-classe-qui-sadapte-aux-besoins-des-eleves\/#primaryimage\"},\"image\":{\"@id\":\"https:\/\/archibat.com\/blog\/en-israel-une-classe-qui-sadapte-aux-besoins-des-eleves\/#primaryimage\"},\"thumbnailUrl\":\"https:\/\/archibat.com\/blog\/wp-content\/uploads\/2015\/09\/classe-sur-mesure-6-3.jpg\",\"datePublished\":\"2015-09-24T05:15:02+00:00\",\"dateModified\":\"2018-12-21T10:59:10+00:00\",\"author\":{\"@id\":\"https:\/\/archibat.com\/blog\/#\/schema\/person\/c246f0d63b5e719c2cbe4f9bd494bf12\"},\"description\":\"Une classe sur-mesure a \u00e9t\u00e9 con\u00e7ue dans une \u00e9cole isra\u00e9lienne pour r\u00e9pondre au mieux aux besoins d'enfants souffrant de troubles de l'apprentissage.\",\"breadcrumb\":{\"@id\":\"https:\/\/archibat.com\/blog\/en-israel-une-classe-qui-sadapte-aux-besoins-des-eleves\/#breadcrumb\"},\"inLanguage\":\"fr-FR\",\"potentialAction\":[{\"@type\":\"ReadAction\",\"target\":[\"https:\/\/archibat.com\/blog\/en-israel-une-classe-qui-sadapte-aux-besoins-des-eleves\/\"]}]},{\"@type\":\"ImageObject\",\"inLanguage\":\"fr-FR\",\"@id\":\"https:\/\/archibat.com\/blog\/en-israel-une-classe-qui-sadapte-aux-besoins-des-eleves\/#primaryimage\",\"url\":\"https:\/\/archibat.com\/blog\/wp-content\/uploads\/2015\/09\/classe-sur-mesure-6-3.jpg\",\"contentUrl\":\"https:\/\/archibat.com\/blog\/wp-content\/uploads\/2015\/09\/classe-sur-mesure-6-3.jpg\",\"width\":635,\"height\":357},{\"@type\":\"BreadcrumbList\",\"@id\":\"https:\/\/archibat.com\/blog\/en-israel-une-classe-qui-sadapte-aux-besoins-des-eleves\/#breadcrumb\",\"itemListElement\":[{\"@type\":\"ListItem\",\"position\":1,\"name\":\"Home\",\"item\":\"https:\/\/archibat.com\/blog\/\"},{\"@type\":\"ListItem\",\"position\":2,\"name\":\"En Isra\u00ebl, une classe qui s\u2019adapte aux besoins des \u00e9l\u00e8ves\"}]},{\"@type\":\"WebSite\",\"@id\":\"https:\/\/archibat.com\/blog\/#website\",\"url\":\"https:\/\/archibat.com\/blog\/\",\"name\":\"ArchiBat Mag\",\"description\":\"Vous souhaitez connaitre les derni\u00e8res actualit\u00e9s sur l\u2019Architecture, le Design ou les Ressources Humaines ? D\u00e9couvrez ArchiBat Mag, le magazine d\u00e9di\u00e9 aux m\u00e9tiers de l&#039;Architecture et de l&#039;Ing\u00e9nierie.\",\"potentialAction\":[{\"@type\":\"SearchAction\",\"target\":{\"@type\":\"EntryPoint\",\"urlTemplate\":\"https:\/\/archibat.com\/blog\/?s={search_term_string}\"},\"query-input\":{\"@type\":\"PropertyValueSpecification\",\"valueRequired\":true,\"valueName\":\"search_term_string\"}}],\"inLanguage\":\"fr-FR\"},{\"@type\":\"Person\",\"@id\":\"https:\/\/archibat.com\/blog\/#\/schema\/person\/c246f0d63b5e719c2cbe4f9bd494bf12\",\"name\":\"communication\"}]}<\/script>\n<!-- \/ Yoast SEO plugin. -->","yoast_head_json":{"title":"En Isra\u00ebl, une classe qui s\u2019adapte aux besoins des \u00e9l\u00e8ves &#8211; ArchiBat Mag","description":"Une classe sur-mesure a \u00e9t\u00e9 con\u00e7ue dans une \u00e9cole isra\u00e9lienne pour r\u00e9pondre au mieux aux besoins d'enfants souffrant de troubles de l'apprentissage.","robots":{"index":"index","follow":"follow","max-snippet":"max-snippet:-1","max-image-preview":"max-image-preview:large","max-video-preview":"max-video-preview:-1"},"canonical":"https:\/\/archibat.com\/blog\/en-israel-une-classe-qui-sadapte-aux-besoins-des-eleves\/","og_locale":"fr_FR","og_type":"article","og_title":"En Isra\u00ebl, une classe qui s\u2019adapte aux besoins des \u00e9l\u00e8ves &#8211; ArchiBat Mag","og_description":"Une classe sur-mesure a \u00e9t\u00e9 con\u00e7ue dans une \u00e9cole isra\u00e9lienne pour r\u00e9pondre au mieux aux besoins d'enfants souffrant de troubles de l'apprentissage.","og_url":"https:\/\/archibat.com\/blog\/en-israel-une-classe-qui-sadapte-aux-besoins-des-eleves\/","og_site_name":"ArchiBat Mag","article_published_time":"2015-09-24T05:15:02+00:00","article_modified_time":"2018-12-21T10:59:10+00:00","og_image":[{"width":635,"height":357,"url":"https:\/\/archibat.com\/blog\/wp-content\/uploads\/2015\/09\/classe-sur-mesure-6-3.jpg","type":"image\/jpeg"}],"author":"communication","twitter_card":"summary_large_image","twitter_misc":{"\u00c9crit par":"communication","Dur\u00e9e de lecture estim\u00e9e":"2 minutes"},"schema":{"@context":"https:\/\/schema.org","@graph":[{"@type":"WebPage","@id":"https:\/\/archibat.com\/blog\/en-israel-une-classe-qui-sadapte-aux-besoins-des-eleves\/","url":"https:\/\/archibat.com\/blog\/en-israel-une-classe-qui-sadapte-aux-besoins-des-eleves\/","name":"En Isra\u00ebl, une classe qui s\u2019adapte aux besoins des \u00e9l\u00e8ves &#8211; ArchiBat Mag","isPartOf":{"@id":"https:\/\/archibat.com\/blog\/#website"},"primaryImageOfPage":{"@id":"https:\/\/archibat.com\/blog\/en-israel-une-classe-qui-sadapte-aux-besoins-des-eleves\/#primaryimage"},"image":{"@id":"https:\/\/archibat.com\/blog\/en-israel-une-classe-qui-sadapte-aux-besoins-des-eleves\/#primaryimage"},"thumbnailUrl":"https:\/\/archibat.com\/blog\/wp-content\/uploads\/2015\/09\/classe-sur-mesure-6-3.jpg","datePublished":"2015-09-24T05:15:02+00:00","dateModified":"2018-12-21T10:59:10+00:00","author":{"@id":"https:\/\/archibat.com\/blog\/#\/schema\/person\/c246f0d63b5e719c2cbe4f9bd494bf12"},"description":"Une classe sur-mesure a \u00e9t\u00e9 con\u00e7ue dans une \u00e9cole isra\u00e9lienne pour r\u00e9pondre au mieux aux besoins d'enfants souffrant de troubles de l'apprentissage.","breadcrumb":{"@id":"https:\/\/archibat.com\/blog\/en-israel-une-classe-qui-sadapte-aux-besoins-des-eleves\/#breadcrumb"},"inLanguage":"fr-FR","potentialAction":[{"@type":"ReadAction","target":["https:\/\/archibat.com\/blog\/en-israel-une-classe-qui-sadapte-aux-besoins-des-eleves\/"]}]},{"@type":"ImageObject","inLanguage":"fr-FR","@id":"https:\/\/archibat.com\/blog\/en-israel-une-classe-qui-sadapte-aux-besoins-des-eleves\/#primaryimage","url":"https:\/\/archibat.com\/blog\/wp-content\/uploads\/2015\/09\/classe-sur-mesure-6-3.jpg","contentUrl":"https:\/\/archibat.com\/blog\/wp-content\/uploads\/2015\/09\/classe-sur-mesure-6-3.jpg","width":635,"height":357},{"@type":"BreadcrumbList","@id":"https:\/\/archibat.com\/blog\/en-israel-une-classe-qui-sadapte-aux-besoins-des-eleves\/#breadcrumb","itemListElement":[{"@type":"ListItem","position":1,"name":"Home","item":"https:\/\/archibat.com\/blog\/"},{"@type":"ListItem","position":2,"name":"En Isra\u00ebl, une classe qui s\u2019adapte aux besoins des \u00e9l\u00e8ves"}]},{"@type":"WebSite","@id":"https:\/\/archibat.com\/blog\/#website","url":"https:\/\/archibat.com\/blog\/","name":"ArchiBat Mag","description":"Vous souhaitez connaitre les derni\u00e8res actualit\u00e9s sur l\u2019Architecture, le Design ou les Ressources Humaines ? D\u00e9couvrez ArchiBat Mag, le magazine d\u00e9di\u00e9 aux m\u00e9tiers de l&#039;Architecture et de l&#039;Ing\u00e9nierie.","potentialAction":[{"@type":"SearchAction","target":{"@type":"EntryPoint","urlTemplate":"https:\/\/archibat.com\/blog\/?s={search_term_string}"},"query-input":{"@type":"PropertyValueSpecification","valueRequired":true,"valueName":"search_term_string"}}],"inLanguage":"fr-FR"},{"@type":"Person","@id":"https:\/\/archibat.com\/blog\/#\/schema\/person\/c246f0d63b5e719c2cbe4f9bd494bf12","name":"communication"}]}},"_links":{"self":[{"href":"https:\/\/archibat.com\/blog\/wp-json\/wp\/v2\/posts\/1077","targetHints":{"allow":["GET"]}}],"collection":[{"href":"https:\/\/archibat.com\/blog\/wp-json\/wp\/v2\/posts"}],"about":[{"href":"https:\/\/archibat.com\/blog\/wp-json\/wp\/v2\/types\/post"}],"author":[{"embeddable":true,"href":"https:\/\/archibat.com\/blog\/wp-json\/wp\/v2\/users\/2"}],"replies":[{"embeddable":true,"href":"https:\/\/archibat.com\/blog\/wp-json\/wp\/v2\/comments?post=1077"}],"version-history":[{"count":5,"href":"https:\/\/archibat.com\/blog\/wp-json\/wp\/v2\/posts\/1077\/revisions"}],"predecessor-version":[{"id":8809,"href":"https:\/\/archibat.com\/blog\/wp-json\/wp\/v2\/posts\/1077\/revisions\/8809"}],"wp:featuredmedia":[{"embeddable":true,"href":"https:\/\/archibat.com\/blog\/wp-json\/wp\/v2\/media\/1082"}],"wp:attachment":[{"href":"https:\/\/archibat.com\/blog\/wp-json\/wp\/v2\/media?parent=1077"}],"wp:term":[{"taxonomy":"category","embeddable":true,"href":"https:\/\/archibat.com\/blog\/wp-json\/wp\/v2\/categories?post=1077"},{"taxonomy":"post_tag","embeddable":true,"href":"https:\/\/archibat.com\/blog\/wp-json\/wp\/v2\/tags?post=1077"}],"curies":[{"name":"wp","href":"https:\/\/api.w.org\/{rel}","templated":true}]}}