{"id":1104,"date":"2015-10-08T07:02:18","date_gmt":"2015-10-08T06:02:18","guid":{"rendered":"https:\/\/www.archibat.com\/blog\/?p=1104"},"modified":"2018-11-20T16:10:10","modified_gmt":"2018-11-20T15:10:10","slug":"un-nouveau-refuge-pour-les-alpes-slovenes-rencontre-au-sommet-entre-nature-et-design","status":"publish","type":"post","link":"https:\/\/archibat.com\/blog\/un-nouveau-refuge-pour-les-alpes-slovenes-rencontre-au-sommet-entre-nature-et-design\/","title":{"rendered":"Un nouveau refuge pour les alpes slov\u00e8nes : rencontre au sommet entre nature et design !"},"content":{"rendered":"<p>Les architectes de l\u2019agence OFIS, les ing\u00e9nieurs d\u2019AKT II et les \u00e9l\u00e8ves de la Harvard University Graduate School of Design ont travaill\u00e9 en partenariat sur le projet de refuge au sommet de la montagne Skuta. Ce refuge remplace un bivouac vieux d\u2019une cinquantaine d\u2019ann\u00e9es. Il doit pouvoir accueillir jusqu\u2019 \u00e0 8 grimpeurs en cas d\u2019urgence.<\/p>\n<p>Skuta \u00e9tant le troisi\u00e8me sommet des alpes kamniques (Slov\u00e9nie), les contraintes en termes de conception \u00e9taient fortes. En effet, le refuge devait \u00eatre capable de r\u00e9sister aux conditions climatiques peu avenantes qui r\u00e8gnent dans la r\u00e9gion\u00a0: des vents forts, de grosses chutes de neige, et des glissements de terrain. Un autre des objectifs fix\u00e9s pour ce projet \u00e9tait d\u2019avoir un impact le plus faible possible sur l\u2019environnement autour du refuge. C\u2019est pour toutes ces raisons que les mat\u00e9riaux ont \u00e9t\u00e9 choisis avec une attention particuli\u00e8re.<\/p>\n<h2>Trois modules pour former un refuge<\/h2>\n<p>Afin de faciliter le transport et l\u2019installation du refuge, celui-ci a \u00e9t\u00e9 con\u00e7u en trois modules distincts. Le premier sert d\u2019entr\u00e9e et d\u2019espace de stockage, avec un coin permettant aux grimpeurs de pr\u00e9parer leur nourriture. Le second est un espace de vie commune mais sert \u00e9galement de coin couchette le soir. Enfin, le troisi\u00e8me espace est enti\u00e8rement compos\u00e9 de lits superpos\u00e9s. L\u2019un des avantages de cette structure modulaire est que les espaces sont clairement d\u00e9finis et identifi\u00e9s.<\/p>\n<p>Ces modules ont \u00e9t\u00e9 transport\u00e9s, assembl\u00e9s et fix\u00e9s sur la roche \u00e0 des points strat\u00e9giques en une journ\u00e9e\u00a0!<\/p>\n<p><img loading=\"lazy\" decoding=\"async\" class=\"alignnone size-full wp-image-1106\" src=\"https:\/\/www.archibat.com\/blog\/wp-content\/uploads\/2015\/10\/OFIS-architects-alpine-shleter-skuta-akt-II-harvard-graduate-students-designboom-07-2.jpg\" alt=\"OFIS refuge Slov\u00e9nie\" width=\"635\" height=\"474\" srcset=\"https:\/\/archibat.com\/blog\/wp-content\/uploads\/2015\/10\/OFIS-architects-alpine-shleter-skuta-akt-II-harvard-graduate-students-designboom-07-2.jpg 635w, https:\/\/archibat.com\/blog\/wp-content\/uploads\/2015\/10\/OFIS-architects-alpine-shleter-skuta-akt-II-harvard-graduate-students-designboom-07-2-300x224.jpg 300w\" sizes=\"auto, (max-width: 635px) 100vw, 635px\" \/><\/p>\n<p><img loading=\"lazy\" decoding=\"async\" class=\"alignnone size-full wp-image-1108\" src=\"https:\/\/www.archibat.com\/blog\/wp-content\/uploads\/2015\/10\/g10-2.jpg\" alt=\"OFIS refuge Slov\u00e9nie\" width=\"635\" height=\"356\" srcset=\"https:\/\/archibat.com\/blog\/wp-content\/uploads\/2015\/10\/g10-2.jpg 635w, https:\/\/archibat.com\/blog\/wp-content\/uploads\/2015\/10\/g10-2-300x168.jpg 300w\" sizes=\"auto, (max-width: 635px) 100vw, 635px\" \/><\/p>\n<p><img loading=\"lazy\" decoding=\"async\" class=\"alignnone size-full wp-image-1109\" src=\"https:\/\/www.archibat.com\/blog\/wp-content\/uploads\/2015\/10\/OFIS-architects-alpine-shleter-skuta-akt-II-harvard-graduate-students-designboom-05-2.jpg\" alt=\"OFIS refuge Slov\u00e9nie\" width=\"635\" height=\"473\" srcset=\"https:\/\/archibat.com\/blog\/wp-content\/uploads\/2015\/10\/OFIS-architects-alpine-shleter-skuta-akt-II-harvard-graduate-students-designboom-05-2.jpg 635w, https:\/\/archibat.com\/blog\/wp-content\/uploads\/2015\/10\/OFIS-architects-alpine-shleter-skuta-akt-II-harvard-graduate-students-designboom-05-2-300x223.jpg 300w\" sizes=\"auto, (max-width: 635px) 100vw, 635px\" \/><\/p>\n<h2>Une vue \u00e0 couper le souffle<\/h2>\n<p>Afin que les usagers du refuge puissent profiter de l\u2019environnement qui les entoure, ses concepteurs ont d\u00e9cid\u00e9 d\u2019utiliser des fen\u00eatres \u00e0 triple vitrage, permettant d\u2019offrir aux grimpeurs une vue panoramique sur la vall\u00e9e s\u2019\u00e9tendant \u00e0 leurs pieds ainsi que sur les montagnes environnantes.<\/p>\n<p><img loading=\"lazy\" decoding=\"async\" class=\"alignnone size-full wp-image-1107\" src=\"https:\/\/www.archibat.com\/blog\/wp-content\/uploads\/2015\/10\/OFIS-architects-alpine-shleter-skuta-akt-II-harvard-graduate-students-designboom-04-2.jpg\" alt=\"OFIS refuge Slov\u00e9nie\" width=\"635\" height=\"393\" srcset=\"https:\/\/archibat.com\/blog\/wp-content\/uploads\/2015\/10\/OFIS-architects-alpine-shleter-skuta-akt-II-harvard-graduate-students-designboom-04-2.jpg 635w, https:\/\/archibat.com\/blog\/wp-content\/uploads\/2015\/10\/OFIS-architects-alpine-shleter-skuta-akt-II-harvard-graduate-students-designboom-04-2-300x186.jpg 300w\" sizes=\"auto, (max-width: 635px) 100vw, 635px\" \/><\/p>\n<p><img loading=\"lazy\" decoding=\"async\" class=\"alignnone size-full wp-image-1110\" src=\"https:\/\/www.archibat.com\/blog\/wp-content\/uploads\/2015\/10\/OFIS-architects-alpine-shleter-skuta-akt-II-harvard-graduate-students-designboom-08-2.jpg\" alt=\"OFIS refuge Slov\u00e9nie\" width=\"635\" height=\"417\" srcset=\"https:\/\/archibat.com\/blog\/wp-content\/uploads\/2015\/10\/OFIS-architects-alpine-shleter-skuta-akt-II-harvard-graduate-students-designboom-08-2.jpg 635w, https:\/\/archibat.com\/blog\/wp-content\/uploads\/2015\/10\/OFIS-architects-alpine-shleter-skuta-akt-II-harvard-graduate-students-designboom-08-2-300x197.jpg 300w\" sizes=\"auto, (max-width: 635px) 100vw, 635px\" \/><\/p>\n<p><em>Source\u00a0: <a href=\"http:\/\/www.ofis-a.si\/str_8%20-%20HOUSE\/17_ALPINE_SHELTER_SKUTA\/ofis_17_ALPINE_SHELTER_SKUTA.html\" target=\"_blank\" rel=\"noopener\">Agence OFIS<\/a><\/em><\/p>\n<p>&nbsp;<\/p>\n<p><em><strong>Ce refuge nous a donn\u00e9 envie de randonner en Slov\u00e9nie, pas vous\u00a0?<\/strong><\/em><\/p>\n","protected":false},"excerpt":{"rendered":"<p>Les architectes de l\u2019agence OFIS, les ing\u00e9nieurs d\u2019AKT II et les \u00e9l\u00e8ves de la Harvard University Graduate School of Design ont travaill\u00e9 en partenariat sur\u2026<\/p>\n","protected":false},"author":2,"featured_media":1105,"comment_status":"closed","ping_status":"closed","sticky":false,"template":"","format":"standard","meta":{"_acf_changed":false,"footnotes":""},"categories":[3],"tags":[1499,1500,1501],"class_list":["post-1104","post","type-post","status-publish","format-standard","has-post-thumbnail","hentry","category-architecture-et-design","tag-ofis","tag-refuge","tag-slovenie"],"acf":[],"yoast_head":"<!-- This site is optimized with the Yoast SEO plugin v24.8.1 - https:\/\/yoast.com\/wordpress\/plugins\/seo\/ -->\n<title>Un nouveau refuge pour les alpes slov\u00e8nes : rencontre au sommet entre nature et design ! &#8211; ArchiBat Mag<\/title>\n<meta name=\"description\" content=\"Les architectes de l\u2019agence OFIS, les ing\u00e9nieurs d\u2019AKT II et des \u00e9l\u00e8ves ont travaill\u00e9 en partenariat sur un projet de refuge dans les Alpes Slov\u00e8nes.\" \/>\n<meta name=\"robots\" content=\"index, follow, max-snippet:-1, max-image-preview:large, max-video-preview:-1\" \/>\n<link rel=\"canonical\" href=\"https:\/\/archibat.com\/blog\/un-nouveau-refuge-pour-les-alpes-slovenes-rencontre-au-sommet-entre-nature-et-design\/\" \/>\n<meta property=\"og:locale\" content=\"fr_FR\" \/>\n<meta property=\"og:type\" content=\"article\" \/>\n<meta property=\"og:title\" content=\"Un nouveau refuge pour les alpes slov\u00e8nes : rencontre au sommet entre nature et design ! &#8211; ArchiBat Mag\" \/>\n<meta property=\"og:description\" content=\"Les architectes de l\u2019agence OFIS, les ing\u00e9nieurs d\u2019AKT II et des \u00e9l\u00e8ves ont travaill\u00e9 en partenariat sur un projet de refuge dans les Alpes Slov\u00e8nes.\" \/>\n<meta property=\"og:url\" content=\"https:\/\/archibat.com\/blog\/un-nouveau-refuge-pour-les-alpes-slovenes-rencontre-au-sommet-entre-nature-et-design\/\" \/>\n<meta property=\"og:site_name\" content=\"ArchiBat Mag\" \/>\n<meta property=\"article:published_time\" content=\"2015-10-08T06:02:18+00:00\" \/>\n<meta property=\"article:modified_time\" content=\"2018-11-20T15:10:10+00:00\" \/>\n<meta property=\"og:image\" content=\"https:\/\/archibat.com\/blog\/wp-content\/uploads\/2015\/10\/OFIS-architects-alpine-shleter-skuta-akt-II-harvard-graduate-students-designboom-01-2.jpg\" \/>\n\t<meta property=\"og:image:width\" content=\"635\" \/>\n\t<meta property=\"og:image:height\" content=\"327\" \/>\n\t<meta property=\"og:image:type\" content=\"image\/jpeg\" \/>\n<meta name=\"author\" content=\"communication\" \/>\n<meta name=\"twitter:card\" content=\"summary_large_image\" \/>\n<meta name=\"twitter:label1\" content=\"\u00c9crit par\" \/>\n\t<meta name=\"twitter:data1\" content=\"communication\" \/>\n\t<meta name=\"twitter:label2\" content=\"Dur\u00e9e de lecture estim\u00e9e\" \/>\n\t<meta name=\"twitter:data2\" content=\"2 minutes\" \/>\n<script type=\"application\/ld+json\" class=\"yoast-schema-graph\">{\"@context\":\"https:\/\/schema.org\",\"@graph\":[{\"@type\":\"WebPage\",\"@id\":\"https:\/\/archibat.com\/blog\/un-nouveau-refuge-pour-les-alpes-slovenes-rencontre-au-sommet-entre-nature-et-design\/\",\"url\":\"https:\/\/archibat.com\/blog\/un-nouveau-refuge-pour-les-alpes-slovenes-rencontre-au-sommet-entre-nature-et-design\/\",\"name\":\"Un nouveau refuge pour les alpes slov\u00e8nes : rencontre au sommet entre nature et design ! &#8211; ArchiBat Mag\",\"isPartOf\":{\"@id\":\"https:\/\/archibat.com\/blog\/#website\"},\"primaryImageOfPage\":{\"@id\":\"https:\/\/archibat.com\/blog\/un-nouveau-refuge-pour-les-alpes-slovenes-rencontre-au-sommet-entre-nature-et-design\/#primaryimage\"},\"image\":{\"@id\":\"https:\/\/archibat.com\/blog\/un-nouveau-refuge-pour-les-alpes-slovenes-rencontre-au-sommet-entre-nature-et-design\/#primaryimage\"},\"thumbnailUrl\":\"https:\/\/archibat.com\/blog\/wp-content\/uploads\/2015\/10\/OFIS-architects-alpine-shleter-skuta-akt-II-harvard-graduate-students-designboom-01-2.jpg\",\"datePublished\":\"2015-10-08T06:02:18+00:00\",\"dateModified\":\"2018-11-20T15:10:10+00:00\",\"author\":{\"@id\":\"https:\/\/archibat.com\/blog\/#\/schema\/person\/c246f0d63b5e719c2cbe4f9bd494bf12\"},\"description\":\"Les architectes de l\u2019agence OFIS, les ing\u00e9nieurs d\u2019AKT II et des \u00e9l\u00e8ves ont travaill\u00e9 en partenariat sur un projet de refuge dans les Alpes Slov\u00e8nes.\",\"breadcrumb\":{\"@id\":\"https:\/\/archibat.com\/blog\/un-nouveau-refuge-pour-les-alpes-slovenes-rencontre-au-sommet-entre-nature-et-design\/#breadcrumb\"},\"inLanguage\":\"fr-FR\",\"potentialAction\":[{\"@type\":\"ReadAction\",\"target\":[\"https:\/\/archibat.com\/blog\/un-nouveau-refuge-pour-les-alpes-slovenes-rencontre-au-sommet-entre-nature-et-design\/\"]}]},{\"@type\":\"ImageObject\",\"inLanguage\":\"fr-FR\",\"@id\":\"https:\/\/archibat.com\/blog\/un-nouveau-refuge-pour-les-alpes-slovenes-rencontre-au-sommet-entre-nature-et-design\/#primaryimage\",\"url\":\"https:\/\/archibat.com\/blog\/wp-content\/uploads\/2015\/10\/OFIS-architects-alpine-shleter-skuta-akt-II-harvard-graduate-students-designboom-01-2.jpg\",\"contentUrl\":\"https:\/\/archibat.com\/blog\/wp-content\/uploads\/2015\/10\/OFIS-architects-alpine-shleter-skuta-akt-II-harvard-graduate-students-designboom-01-2.jpg\",\"width\":635,\"height\":327,\"caption\":\"OFIS refuge Slov\u00e9nie\"},{\"@type\":\"BreadcrumbList\",\"@id\":\"https:\/\/archibat.com\/blog\/un-nouveau-refuge-pour-les-alpes-slovenes-rencontre-au-sommet-entre-nature-et-design\/#breadcrumb\",\"itemListElement\":[{\"@type\":\"ListItem\",\"position\":1,\"name\":\"Home\",\"item\":\"https:\/\/archibat.com\/blog\/\"},{\"@type\":\"ListItem\",\"position\":2,\"name\":\"Un nouveau refuge pour les alpes slov\u00e8nes : rencontre au sommet entre nature et design !\"}]},{\"@type\":\"WebSite\",\"@id\":\"https:\/\/archibat.com\/blog\/#website\",\"url\":\"https:\/\/archibat.com\/blog\/\",\"name\":\"ArchiBat Mag\",\"description\":\"Vous souhaitez connaitre les derni\u00e8res actualit\u00e9s sur l\u2019Architecture, le Design ou les Ressources Humaines ? D\u00e9couvrez ArchiBat Mag, le magazine d\u00e9di\u00e9 aux m\u00e9tiers de l&#039;Architecture et de l&#039;Ing\u00e9nierie.\",\"potentialAction\":[{\"@type\":\"SearchAction\",\"target\":{\"@type\":\"EntryPoint\",\"urlTemplate\":\"https:\/\/archibat.com\/blog\/?s={search_term_string}\"},\"query-input\":{\"@type\":\"PropertyValueSpecification\",\"valueRequired\":true,\"valueName\":\"search_term_string\"}}],\"inLanguage\":\"fr-FR\"},{\"@type\":\"Person\",\"@id\":\"https:\/\/archibat.com\/blog\/#\/schema\/person\/c246f0d63b5e719c2cbe4f9bd494bf12\",\"name\":\"communication\"}]}<\/script>\n<!-- \/ Yoast SEO plugin. -->","yoast_head_json":{"title":"Un nouveau refuge pour les alpes slov\u00e8nes : rencontre au sommet entre nature et design ! &#8211; ArchiBat Mag","description":"Les architectes de l\u2019agence OFIS, les ing\u00e9nieurs d\u2019AKT II et des \u00e9l\u00e8ves ont travaill\u00e9 en partenariat sur un projet de refuge dans les Alpes Slov\u00e8nes.","robots":{"index":"index","follow":"follow","max-snippet":"max-snippet:-1","max-image-preview":"max-image-preview:large","max-video-preview":"max-video-preview:-1"},"canonical":"https:\/\/archibat.com\/blog\/un-nouveau-refuge-pour-les-alpes-slovenes-rencontre-au-sommet-entre-nature-et-design\/","og_locale":"fr_FR","og_type":"article","og_title":"Un nouveau refuge pour les alpes slov\u00e8nes : rencontre au sommet entre nature et design ! &#8211; ArchiBat Mag","og_description":"Les architectes de l\u2019agence OFIS, les ing\u00e9nieurs d\u2019AKT II et des \u00e9l\u00e8ves ont travaill\u00e9 en partenariat sur un projet de refuge dans les Alpes Slov\u00e8nes.","og_url":"https:\/\/archibat.com\/blog\/un-nouveau-refuge-pour-les-alpes-slovenes-rencontre-au-sommet-entre-nature-et-design\/","og_site_name":"ArchiBat Mag","article_published_time":"2015-10-08T06:02:18+00:00","article_modified_time":"2018-11-20T15:10:10+00:00","og_image":[{"width":635,"height":327,"url":"https:\/\/archibat.com\/blog\/wp-content\/uploads\/2015\/10\/OFIS-architects-alpine-shleter-skuta-akt-II-harvard-graduate-students-designboom-01-2.jpg","type":"image\/jpeg"}],"author":"communication","twitter_card":"summary_large_image","twitter_misc":{"\u00c9crit par":"communication","Dur\u00e9e de lecture estim\u00e9e":"2 minutes"},"schema":{"@context":"https:\/\/schema.org","@graph":[{"@type":"WebPage","@id":"https:\/\/archibat.com\/blog\/un-nouveau-refuge-pour-les-alpes-slovenes-rencontre-au-sommet-entre-nature-et-design\/","url":"https:\/\/archibat.com\/blog\/un-nouveau-refuge-pour-les-alpes-slovenes-rencontre-au-sommet-entre-nature-et-design\/","name":"Un nouveau refuge pour les alpes slov\u00e8nes : rencontre au sommet entre nature et design ! &#8211; ArchiBat Mag","isPartOf":{"@id":"https:\/\/archibat.com\/blog\/#website"},"primaryImageOfPage":{"@id":"https:\/\/archibat.com\/blog\/un-nouveau-refuge-pour-les-alpes-slovenes-rencontre-au-sommet-entre-nature-et-design\/#primaryimage"},"image":{"@id":"https:\/\/archibat.com\/blog\/un-nouveau-refuge-pour-les-alpes-slovenes-rencontre-au-sommet-entre-nature-et-design\/#primaryimage"},"thumbnailUrl":"https:\/\/archibat.com\/blog\/wp-content\/uploads\/2015\/10\/OFIS-architects-alpine-shleter-skuta-akt-II-harvard-graduate-students-designboom-01-2.jpg","datePublished":"2015-10-08T06:02:18+00:00","dateModified":"2018-11-20T15:10:10+00:00","author":{"@id":"https:\/\/archibat.com\/blog\/#\/schema\/person\/c246f0d63b5e719c2cbe4f9bd494bf12"},"description":"Les architectes de l\u2019agence OFIS, les ing\u00e9nieurs d\u2019AKT II et des \u00e9l\u00e8ves ont travaill\u00e9 en partenariat sur un projet de refuge dans les Alpes Slov\u00e8nes.","breadcrumb":{"@id":"https:\/\/archibat.com\/blog\/un-nouveau-refuge-pour-les-alpes-slovenes-rencontre-au-sommet-entre-nature-et-design\/#breadcrumb"},"inLanguage":"fr-FR","potentialAction":[{"@type":"ReadAction","target":["https:\/\/archibat.com\/blog\/un-nouveau-refuge-pour-les-alpes-slovenes-rencontre-au-sommet-entre-nature-et-design\/"]}]},{"@type":"ImageObject","inLanguage":"fr-FR","@id":"https:\/\/archibat.com\/blog\/un-nouveau-refuge-pour-les-alpes-slovenes-rencontre-au-sommet-entre-nature-et-design\/#primaryimage","url":"https:\/\/archibat.com\/blog\/wp-content\/uploads\/2015\/10\/OFIS-architects-alpine-shleter-skuta-akt-II-harvard-graduate-students-designboom-01-2.jpg","contentUrl":"https:\/\/archibat.com\/blog\/wp-content\/uploads\/2015\/10\/OFIS-architects-alpine-shleter-skuta-akt-II-harvard-graduate-students-designboom-01-2.jpg","width":635,"height":327,"caption":"OFIS refuge Slov\u00e9nie"},{"@type":"BreadcrumbList","@id":"https:\/\/archibat.com\/blog\/un-nouveau-refuge-pour-les-alpes-slovenes-rencontre-au-sommet-entre-nature-et-design\/#breadcrumb","itemListElement":[{"@type":"ListItem","position":1,"name":"Home","item":"https:\/\/archibat.com\/blog\/"},{"@type":"ListItem","position":2,"name":"Un nouveau refuge pour les alpes slov\u00e8nes : rencontre au sommet entre nature et design !"}]},{"@type":"WebSite","@id":"https:\/\/archibat.com\/blog\/#website","url":"https:\/\/archibat.com\/blog\/","name":"ArchiBat Mag","description":"Vous souhaitez connaitre les derni\u00e8res actualit\u00e9s sur l\u2019Architecture, le Design ou les Ressources Humaines ? D\u00e9couvrez ArchiBat Mag, le magazine d\u00e9di\u00e9 aux m\u00e9tiers de l&#039;Architecture et de l&#039;Ing\u00e9nierie.","potentialAction":[{"@type":"SearchAction","target":{"@type":"EntryPoint","urlTemplate":"https:\/\/archibat.com\/blog\/?s={search_term_string}"},"query-input":{"@type":"PropertyValueSpecification","valueRequired":true,"valueName":"search_term_string"}}],"inLanguage":"fr-FR"},{"@type":"Person","@id":"https:\/\/archibat.com\/blog\/#\/schema\/person\/c246f0d63b5e719c2cbe4f9bd494bf12","name":"communication"}]}},"_links":{"self":[{"href":"https:\/\/archibat.com\/blog\/wp-json\/wp\/v2\/posts\/1104","targetHints":{"allow":["GET"]}}],"collection":[{"href":"https:\/\/archibat.com\/blog\/wp-json\/wp\/v2\/posts"}],"about":[{"href":"https:\/\/archibat.com\/blog\/wp-json\/wp\/v2\/types\/post"}],"author":[{"embeddable":true,"href":"https:\/\/archibat.com\/blog\/wp-json\/wp\/v2\/users\/2"}],"replies":[{"embeddable":true,"href":"https:\/\/archibat.com\/blog\/wp-json\/wp\/v2\/comments?post=1104"}],"version-history":[{"count":3,"href":"https:\/\/archibat.com\/blog\/wp-json\/wp\/v2\/posts\/1104\/revisions"}],"predecessor-version":[{"id":7716,"href":"https:\/\/archibat.com\/blog\/wp-json\/wp\/v2\/posts\/1104\/revisions\/7716"}],"wp:featuredmedia":[{"embeddable":true,"href":"https:\/\/archibat.com\/blog\/wp-json\/wp\/v2\/media\/1105"}],"wp:attachment":[{"href":"https:\/\/archibat.com\/blog\/wp-json\/wp\/v2\/media?parent=1104"}],"wp:term":[{"taxonomy":"category","embeddable":true,"href":"https:\/\/archibat.com\/blog\/wp-json\/wp\/v2\/categories?post=1104"},{"taxonomy":"post_tag","embeddable":true,"href":"https:\/\/archibat.com\/blog\/wp-json\/wp\/v2\/tags?post=1104"}],"curies":[{"name":"wp","href":"https:\/\/api.w.org\/{rel}","templated":true}]}}