{"id":1119,"date":"2015-10-13T10:38:42","date_gmt":"2015-10-13T09:38:42","guid":{"rendered":"https:\/\/www.archibat.com\/blog\/?p=1119"},"modified":"2022-10-24T15:33:59","modified_gmt":"2022-10-24T13:33:59","slug":"parcours-de-l-architecte-anne-merkelijn-directrice-de-programmes-chez-klepierre-segece","status":"publish","type":"post","link":"https:\/\/archibat.com\/blog\/parcours-de-l-architecte-anne-merkelijn-directrice-de-programmes-chez-klepierre-segece\/","title":{"rendered":"D\u00e9couvrez le parcours de l&rsquo;architecte Anne Merkelijn, Directrice de Programmes chez Kl\u00e9pierre S\u00e9g\u00e9c\u00e9"},"content":{"rendered":"<p>Directrice de programmes depuis 1998, au sein de la Direction du d\u00e9veloppement du groupe Kl\u00e9pierre, sp\u00e9cialiste europ\u00e9en de l\u2019immobilier de commerce, investisseur qui ma\u00eetrise la conception, la gestion et la valorisation de son patrimoine, Anne Merkelijn, architecte dplg, g\u00e8re le d\u00e9veloppement de trois dossiers dans la r\u00e9gion nord-est: \u00ab <em>Il faut huit \u00e0 dix ans en moyenne pour finaliser un dossier<\/em> \u00bb, explique-t-elle. En effet, \u00e9tant donn\u00e9 le nombre d\u2019acteurs impliqu\u00e9s dans toutes les phases de la r\u00e9alisation d\u2019un projet, Anne Merkelijn se trouve dans une position comparable \u00e0 celle d\u2019un chef d\u2019orchestre : \u00ab <em>Il existe toute une partie du travail qui reste en quelque sorte invisible du grand public puisque nous travaillons beaucoup en amont avec les communes, les \u00e9lus, les urbanistes <\/em>\u00bb.<\/p>\n<p>Sans compter qu\u2019aucune op\u00e9ration ne ressemble \u00e0 une autre ! En effet, dans certains cas, Anne Merkelijn est charg\u00e9e d\u2019acqu\u00e9rir un terrain et de concevoir ainsi un projet neuf dans son int\u00e9gralit\u00e9. Dans d\u2019autres, l\u2019architecte peut avoir \u00e0 g\u00e9rer l\u2019extension d\u2019un site appartenant d\u00e9j\u00e0 au portefeuille de la Soci\u00e9t\u00e9. Afin de se faire une id\u00e9e de l\u2019importance du parc immobilier d\u00e9tenu par le Groupe Kl\u00e9pierre, soci\u00e9t\u00e9 d\u2019investissements immobiliers, pr\u00e9cisons qu\u2019il est pr\u00e9sent dans 16 pays et poss\u00e8de plus de 178 sites en Europe. Son patrimoine au 31 d\u00e9cembre 2014 s\u2019\u00e9l\u00e8ve \u00e0 21,4 milliards d\u2019euros.<\/p>\n<p>La dimension relationnelle de son m\u00e9tier est essentielle. Elle collabore avec des personnes aux fonctions tr\u00e8s diverses. \u00ab <em>Cela va du commer\u00e7ant\u2026 \u00e0 l\u2019arch\u00e9ologue ! <\/em>\u00bb, explique-t-elle avec humour tout en ajoutant : \u00ab <em>A la base, j\u2019aime rencontrer des gens que je ne connais pas, ou qui exercent des m\u00e9tiers compl\u00e8tement diff\u00e9rents du mien. Travailler avec les autres est une n\u00e9cessit\u00e9 pour moi<\/em> \u00bb, reconna\u00eet-elle avec simplicit\u00e9. Quel est le parcours de cette architecte devenue directrice de programmes qui inscrit la relation humaine au coeur de ses pr\u00e9occupations ?<\/p>\n<p><img loading=\"lazy\" decoding=\"async\" class=\"alignnone size-full wp-image-1122\" src=\"https:\/\/www.archibat.com\/blog\/wp-content\/uploads\/2015\/10\/emporia-mail-0100-2.jpg\" alt=\"parcours de l'architecte Anne Merkelijn, Directrice de Programmes chez Kl\u00e9pierre S\u00e9g\u00e9c\u00e9. Portrait et Interview\" width=\"4558\" height=\"3033\"><\/p>\n<h2>Une scolarit\u00e9 entre Paris et Bangkok<\/h2>\n<p>Anne Merkelijn n\u2019est pas arriv\u00e9e \u00e0 l\u2019architecture par hasard. C&rsquo;est l\u2019approche concr\u00e8te du m\u00e9tier qui l&rsquo;a s\u00e9duite : \u00ab Concevoir des espaces de vie pour des personnes est une activit\u00e9 vraiment utile \u00bb pr\u00e9cise-t-elle. La qualit\u00e9 de son trait de crayon et son habilet\u00e9 \u00e0 concevoir des volumes en trois dimensions la poussent d\u00e9finitivement dans cette voie.<\/p>\n<p>Etudiante \u00e0 l\u2019\u00e9cole d\u2019Architecture Paris Villemin (UP1), elle se sp\u00e9cialise dans les projets relatifs aux pays en voie de d\u00e9veloppement. Son travail de dipl\u00f4me, effectu\u00e9 sous la direction du Professeur et urbaniste Charles Goldblum porte sur \u00ab\u00a0Les grands projets de restructurations urbaines en Indon\u00e9sie\u00a0\u00bb. Il est soutenu en 1983.<\/p>\n<p>Son directeur d\u2019\u00e9tudes lui offre \u00e9galement l\u2019opportunit\u00e9 de partir deux ans \u00e0 Bangkok dans le cadre d\u2019une mission avec le CNRS. Elle effectue alors une \u00e9tude sur le terrain d\u2019un quartier de la capitale tha\u00efe en collaboration avec une \u00e9quipe pluridisciplinaire de chercheurs. Ce groupe va \u00e9galement s\u2019attacher \u00e0 renforcer les liens entre les universit\u00e9s tha\u00efes et fran\u00e7aises et d\u00e9marrer la cr\u00e9ation du d\u00e9partement d\u2019anthropologie d\u2019une universit\u00e9 locale, embryon futur d\u2019un Mus\u00e9e de l\u2019Homme en Tha\u00eflande.<\/p>\n<h2>10 ans d&rsquo;exp\u00e9rience chez CVZ<\/h2>\n<p>En 1985, de retour \u00e0 Paris, Anne Merkelijn va prendre une d\u00e9cision qui influencera toute la suite de son parcours, en optant pour l\u2019exercice de son m\u00e9tier d\u2019architecte en agence. Pendant deux ans, elle effectue des missions pour le compte de cabinets sp\u00e9cialis\u00e9s dans la conception et la r\u00e9alisation de grandes infrastructures hospitali\u00e8res. \u00ab <em>J\u2019ai d\u00e9couvert que j\u2019aimais beaucoup travailler sur des grandes op\u00e9rations incluant de nombreux intervenants <\/em>\u00bb, commente-t-elle.<\/p>\n<p>Cette exp\u00e9rience acquise dans l\u2019\u00e9laboration de b\u00e2timents complexes associ\u00e9e \u00e0 sa connaissance de l\u2019urbanisme s\u00e9duit CVZ, cabinet d\u2019architecture sp\u00e9cialis\u00e9 dans le domaine des centres commerciaux. Elle y reste dix ans. \u00ab <em>C\u2019est une tr\u00e8s bonne entreprise, elle pousse beaucoup les jeunes, offre des formations compl\u00e9mentaires en interne en architecture, en suivi de chantier et en gestion financi\u00e8re de projets&nbsp;<\/em>\u00bb, analyse Anne Merkelijn.<\/p>\n<p>Lorsqu\u2019un projet lui est confi\u00e9, elle devient l\u2019interlocuteur unique du client, et acquiert ainsi tr\u00e8s rapidement une connaissance approfondie du secteur. Elle se constitue \u00e9galement un r\u00e9seau professionnel solide et vari\u00e9. A force de r\u00e9pondre aux demandes des promoteurs qui effectuent des r\u00e9novations et des extensions de centres commerciaux, l\u2019architecte d\u00e9couvre que la position de Ma\u00eetre d\u2019Ouvrage l\u2019int\u00e9resse tout particuli\u00e8rement.<\/p>\n<h2><img loading=\"lazy\" decoding=\"async\" class=\"alignnone size-full wp-image-1123\" src=\"https:\/\/www.archibat.com\/blog\/wp-content\/uploads\/2015\/10\/emporia-mail-0124-2.jpg\" alt=\"parcours de l'architecte Anne Merkelijn, Directrice de Programmes chez Kl\u00e9pierre S\u00e9g\u00e9c\u00e9. Portrait et Interview\" width=\"5184\" height=\"3456\"><\/h2>\n<h2>Passage \u00e0 la maitrise d&rsquo;ouvrage<\/h2>\n<p>En 1998, Anne Merkelijn passe le cap d\u00e9finitivement en devenant Responsable de Programmes pour le compte de Kl\u00e9pierre. Son travail s\u2019av\u00e8re extr\u00eamement vari\u00e9. \u00ab <em>Aucune journ\u00e9e ne ressemble \u00e0 une autre<\/em> \u00bb explique-t-elle, enthousiaste.<\/p>\n<p>Cependant, on peut tout de m\u00eame distinguer trois axes autour desquels s\u2019articulent les activit\u00e9s inh\u00e9rentes \u00e0 sa fonction : le travail effectu\u00e9 en amont avec les communes, la conduite op\u00e9rationnelle du projet (organisation des \u00e9quipes, suivi architectural et technique du projet), le montage et le suivi juridique et financier du dossier.<\/p>\n<p>\u00ab <em>En tant qu\u2019architecte, ma connaissance parfaite de l\u2019outil centre commercial est un atout <\/em>\u00bb, analyse-t-elle tout en ajoutant : \u00ab <em>Chez Kl\u00e9pierre, il existe diff\u00e9rents profils permettant d\u2019exercer le m\u00eame poste. Cela concerne des ing\u00e9nieurs, des juristes, \u00e9conomistes, urbanistes. Du coup, chacun peut s\u2019entraider en fonction de sa sp\u00e9cialit\u00e9 de d\u00e9part<\/em> \u00bb.<\/p>\n<h2>&nbsp;Les qualit\u00e9s requises au poste de Directeur de Programmes<\/h2>\n<p>Lorsqu\u2019elle collabore avec ses confr\u00e8res et cons\u0153urs, Anne Merkelijn leur rappelle r\u00e9guli\u00e8rement les principes qui r\u00e9gissent les centres commerciaux. \u00ab <em>En tant que promoteur, je sais qu\u2019il existe des typologies d\u2019espaces commerciaux que l\u2019on ne pourra pas louer \u00e0 un commer\u00e7ant<\/em> \u00bb, explique-t-elle. Cependant, elle leur laisse une libert\u00e9 cons\u00e9quente afin qu\u2019ils puissent exercer leurs comp\u00e9tences et faire preuve de leur talent : \u00ab <em>Sinon, cela ne sert \u00e0 rien de faire appel \u00e0 eux<\/em> \u00bb.<\/p>\n<p>Anne Merkelijn estime que son job actuel n\u00e9cessite \u00e0 la fois de l\u2019autorit\u00e9 et beaucoup de doigt\u00e9, une \u00e9nergie et de l\u2019enthousiasme \u00e0 associer \u00e0 beaucoup de pers\u00e9v\u00e9rance et de patience : \u00ab <em>L\u2019architecte est plut\u00f4t bien pr\u00e9par\u00e9e pour r\u00e9pondre \u00e0 ces demandes qui peuvent sembler \u00e0 premi\u00e8re vue contradictoires<\/em> \u00bb.<\/p>\n<h2>&nbsp;Ses r\u00e9f\u00e9rences ?<\/h2>\n<p>\u00ab <em>J\u2019\u00e9prouve une r\u00e9elle admiration pour les r\u00e9alisations de Ieoh Ming Pei, Rem&nbsp;<\/em><em>Koolhas, et Christian de Portzamparc. D\u00e9couvrir des nouveaux lieux, styles de vie et mode d\u2019habitat lors de mes voyages m\u2019influence beaucoup \u00e9galement. <\/em>\u00bb<\/p>\n<p><img loading=\"lazy\" decoding=\"async\" class=\"alignnone size-full wp-image-1121\" src=\"https:\/\/www.archibat.com\/blog\/wp-content\/uploads\/2015\/10\/emporia-facade-0114-2.jpg\" alt=\"emporia-facade-0114\" width=\"3033\" height=\"4558\"><\/p>\n<p><strong><em>Photos : Centre Commercial Emporia (68 000 m2) \u00e0 Malm\u00f6 (Su\u00e8de) con\u00e7u par l&rsquo;architecte su\u00e9dois Gert Wing\u00e4rdh.<\/em><\/strong><\/p>\n","protected":false},"excerpt":{"rendered":"<p>Directrice de programmes depuis 1998, au sein de la Direction du d\u00e9veloppement du groupe Kl\u00e9pierre, sp\u00e9cialiste europ\u00e9en de l\u2019immobilier de commerce, investisseur qui ma\u00eetrise la\u2026<\/p>\n","protected":false},"author":2,"featured_media":1124,"comment_status":"closed","ping_status":"closed","sticky":false,"template":"","format":"standard","meta":{"_acf_changed":false,"footnotes":""},"categories":[5],"tags":[],"class_list":["post-1119","post","type-post","status-publish","format-standard","has-post-thumbnail","hentry","category-portraits"],"acf":[],"yoast_head":"<!-- This site is optimized with the Yoast SEO plugin v24.8.1 - https:\/\/yoast.com\/wordpress\/plugins\/seo\/ -->\n<title>Parcours de l&#039;architecte Anne Merkelijn chez Kl\u00e9pierre S\u00e9g\u00e9c\u00e9<\/title>\n<meta name=\"description\" content=\"Portrait d&#039;architecte : D\u00e9couvrez le parcours de l&#039;architecte Anne Merkelijn, Directrice de Programmes chez Kl\u00e9pierre S\u00e9g\u00e9c\u00e9\" \/>\n<meta name=\"robots\" content=\"index, follow, max-snippet:-1, max-image-preview:large, max-video-preview:-1\" \/>\n<link rel=\"canonical\" href=\"https:\/\/archibat.com\/blog\/parcours-de-l-architecte-anne-merkelijn-directrice-de-programmes-chez-klepierre-segece\/\" \/>\n<meta property=\"og:locale\" content=\"fr_FR\" \/>\n<meta property=\"og:type\" content=\"article\" \/>\n<meta property=\"og:title\" content=\"Parcours de l&#039;architecte Anne Merkelijn chez Kl\u00e9pierre S\u00e9g\u00e9c\u00e9\" \/>\n<meta property=\"og:description\" content=\"Portrait d&#039;architecte : D\u00e9couvrez le parcours de l&#039;architecte Anne Merkelijn, Directrice de Programmes chez Kl\u00e9pierre S\u00e9g\u00e9c\u00e9\" \/>\n<meta property=\"og:url\" content=\"https:\/\/archibat.com\/blog\/parcours-de-l-architecte-anne-merkelijn-directrice-de-programmes-chez-klepierre-segece\/\" \/>\n<meta property=\"og:site_name\" content=\"ArchiBat Mag\" \/>\n<meta property=\"article:published_time\" content=\"2015-10-13T09:38:42+00:00\" \/>\n<meta property=\"article:modified_time\" content=\"2022-10-24T13:33:59+00:00\" \/>\n<meta property=\"og:image\" content=\"https:\/\/archibat.com\/blog\/wp-content\/uploads\/2015\/10\/4-2.jpg\" \/>\n\t<meta property=\"og:image:width\" content=\"635\" \/>\n\t<meta property=\"og:image:height\" content=\"357\" \/>\n\t<meta property=\"og:image:type\" content=\"image\/jpeg\" \/>\n<meta name=\"author\" content=\"communication\" \/>\n<meta name=\"twitter:card\" content=\"summary_large_image\" \/>\n<meta name=\"twitter:label1\" content=\"\u00c9crit par\" \/>\n\t<meta name=\"twitter:data1\" content=\"communication\" \/>\n\t<meta name=\"twitter:label2\" content=\"Dur\u00e9e de lecture estim\u00e9e\" \/>\n\t<meta name=\"twitter:data2\" content=\"6 minutes\" \/>\n<script type=\"application\/ld+json\" class=\"yoast-schema-graph\">{\"@context\":\"https:\/\/schema.org\",\"@graph\":[{\"@type\":\"WebPage\",\"@id\":\"https:\/\/archibat.com\/blog\/parcours-de-l-architecte-anne-merkelijn-directrice-de-programmes-chez-klepierre-segece\/\",\"url\":\"https:\/\/archibat.com\/blog\/parcours-de-l-architecte-anne-merkelijn-directrice-de-programmes-chez-klepierre-segece\/\",\"name\":\"Parcours de l'architecte Anne Merkelijn chez Kl\u00e9pierre S\u00e9g\u00e9c\u00e9\",\"isPartOf\":{\"@id\":\"https:\/\/archibat.com\/blog\/#website\"},\"primaryImageOfPage\":{\"@id\":\"https:\/\/archibat.com\/blog\/parcours-de-l-architecte-anne-merkelijn-directrice-de-programmes-chez-klepierre-segece\/#primaryimage\"},\"image\":{\"@id\":\"https:\/\/archibat.com\/blog\/parcours-de-l-architecte-anne-merkelijn-directrice-de-programmes-chez-klepierre-segece\/#primaryimage\"},\"thumbnailUrl\":\"https:\/\/archibat.com\/blog\/wp-content\/uploads\/2015\/10\/4-2.jpg\",\"datePublished\":\"2015-10-13T09:38:42+00:00\",\"dateModified\":\"2022-10-24T13:33:59+00:00\",\"author\":{\"@id\":\"https:\/\/archibat.com\/blog\/#\/schema\/person\/c246f0d63b5e719c2cbe4f9bd494bf12\"},\"description\":\"Portrait d'architecte : D\u00e9couvrez le parcours de l'architecte Anne Merkelijn, Directrice de Programmes chez Kl\u00e9pierre S\u00e9g\u00e9c\u00e9\",\"breadcrumb\":{\"@id\":\"https:\/\/archibat.com\/blog\/parcours-de-l-architecte-anne-merkelijn-directrice-de-programmes-chez-klepierre-segece\/#breadcrumb\"},\"inLanguage\":\"fr-FR\",\"potentialAction\":[{\"@type\":\"ReadAction\",\"target\":[\"https:\/\/archibat.com\/blog\/parcours-de-l-architecte-anne-merkelijn-directrice-de-programmes-chez-klepierre-segece\/\"]}]},{\"@type\":\"ImageObject\",\"inLanguage\":\"fr-FR\",\"@id\":\"https:\/\/archibat.com\/blog\/parcours-de-l-architecte-anne-merkelijn-directrice-de-programmes-chez-klepierre-segece\/#primaryimage\",\"url\":\"https:\/\/archibat.com\/blog\/wp-content\/uploads\/2015\/10\/4-2.jpg\",\"contentUrl\":\"https:\/\/archibat.com\/blog\/wp-content\/uploads\/2015\/10\/4-2.jpg\",\"width\":635,\"height\":357},{\"@type\":\"BreadcrumbList\",\"@id\":\"https:\/\/archibat.com\/blog\/parcours-de-l-architecte-anne-merkelijn-directrice-de-programmes-chez-klepierre-segece\/#breadcrumb\",\"itemListElement\":[{\"@type\":\"ListItem\",\"position\":1,\"name\":\"Home\",\"item\":\"https:\/\/archibat.com\/blog\/\"},{\"@type\":\"ListItem\",\"position\":2,\"name\":\"D\u00e9couvrez le parcours de l&rsquo;architecte Anne Merkelijn, Directrice de Programmes chez Kl\u00e9pierre S\u00e9g\u00e9c\u00e9\"}]},{\"@type\":\"WebSite\",\"@id\":\"https:\/\/archibat.com\/blog\/#website\",\"url\":\"https:\/\/archibat.com\/blog\/\",\"name\":\"ArchiBat Mag\",\"description\":\"Vous souhaitez connaitre les derni\u00e8res actualit\u00e9s sur l\u2019Architecture, le Design ou les Ressources Humaines ? D\u00e9couvrez ArchiBat Mag, le magazine d\u00e9di\u00e9 aux m\u00e9tiers de l&#039;Architecture et de l&#039;Ing\u00e9nierie.\",\"potentialAction\":[{\"@type\":\"SearchAction\",\"target\":{\"@type\":\"EntryPoint\",\"urlTemplate\":\"https:\/\/archibat.com\/blog\/?s={search_term_string}\"},\"query-input\":{\"@type\":\"PropertyValueSpecification\",\"valueRequired\":true,\"valueName\":\"search_term_string\"}}],\"inLanguage\":\"fr-FR\"},{\"@type\":\"Person\",\"@id\":\"https:\/\/archibat.com\/blog\/#\/schema\/person\/c246f0d63b5e719c2cbe4f9bd494bf12\",\"name\":\"communication\"}]}<\/script>\n<!-- \/ Yoast SEO plugin. -->","yoast_head_json":{"title":"Parcours de l'architecte Anne Merkelijn chez Kl\u00e9pierre S\u00e9g\u00e9c\u00e9","description":"Portrait d'architecte : D\u00e9couvrez le parcours de l'architecte Anne Merkelijn, Directrice de Programmes chez Kl\u00e9pierre S\u00e9g\u00e9c\u00e9","robots":{"index":"index","follow":"follow","max-snippet":"max-snippet:-1","max-image-preview":"max-image-preview:large","max-video-preview":"max-video-preview:-1"},"canonical":"https:\/\/archibat.com\/blog\/parcours-de-l-architecte-anne-merkelijn-directrice-de-programmes-chez-klepierre-segece\/","og_locale":"fr_FR","og_type":"article","og_title":"Parcours de l'architecte Anne Merkelijn chez Kl\u00e9pierre S\u00e9g\u00e9c\u00e9","og_description":"Portrait d'architecte : D\u00e9couvrez le parcours de l'architecte Anne Merkelijn, Directrice de Programmes chez Kl\u00e9pierre S\u00e9g\u00e9c\u00e9","og_url":"https:\/\/archibat.com\/blog\/parcours-de-l-architecte-anne-merkelijn-directrice-de-programmes-chez-klepierre-segece\/","og_site_name":"ArchiBat Mag","article_published_time":"2015-10-13T09:38:42+00:00","article_modified_time":"2022-10-24T13:33:59+00:00","og_image":[{"width":635,"height":357,"url":"https:\/\/archibat.com\/blog\/wp-content\/uploads\/2015\/10\/4-2.jpg","type":"image\/jpeg"}],"author":"communication","twitter_card":"summary_large_image","twitter_misc":{"\u00c9crit par":"communication","Dur\u00e9e de lecture estim\u00e9e":"6 minutes"},"schema":{"@context":"https:\/\/schema.org","@graph":[{"@type":"WebPage","@id":"https:\/\/archibat.com\/blog\/parcours-de-l-architecte-anne-merkelijn-directrice-de-programmes-chez-klepierre-segece\/","url":"https:\/\/archibat.com\/blog\/parcours-de-l-architecte-anne-merkelijn-directrice-de-programmes-chez-klepierre-segece\/","name":"Parcours de l'architecte Anne Merkelijn chez Kl\u00e9pierre S\u00e9g\u00e9c\u00e9","isPartOf":{"@id":"https:\/\/archibat.com\/blog\/#website"},"primaryImageOfPage":{"@id":"https:\/\/archibat.com\/blog\/parcours-de-l-architecte-anne-merkelijn-directrice-de-programmes-chez-klepierre-segece\/#primaryimage"},"image":{"@id":"https:\/\/archibat.com\/blog\/parcours-de-l-architecte-anne-merkelijn-directrice-de-programmes-chez-klepierre-segece\/#primaryimage"},"thumbnailUrl":"https:\/\/archibat.com\/blog\/wp-content\/uploads\/2015\/10\/4-2.jpg","datePublished":"2015-10-13T09:38:42+00:00","dateModified":"2022-10-24T13:33:59+00:00","author":{"@id":"https:\/\/archibat.com\/blog\/#\/schema\/person\/c246f0d63b5e719c2cbe4f9bd494bf12"},"description":"Portrait d'architecte : D\u00e9couvrez le parcours de l'architecte Anne Merkelijn, Directrice de Programmes chez Kl\u00e9pierre S\u00e9g\u00e9c\u00e9","breadcrumb":{"@id":"https:\/\/archibat.com\/blog\/parcours-de-l-architecte-anne-merkelijn-directrice-de-programmes-chez-klepierre-segece\/#breadcrumb"},"inLanguage":"fr-FR","potentialAction":[{"@type":"ReadAction","target":["https:\/\/archibat.com\/blog\/parcours-de-l-architecte-anne-merkelijn-directrice-de-programmes-chez-klepierre-segece\/"]}]},{"@type":"ImageObject","inLanguage":"fr-FR","@id":"https:\/\/archibat.com\/blog\/parcours-de-l-architecte-anne-merkelijn-directrice-de-programmes-chez-klepierre-segece\/#primaryimage","url":"https:\/\/archibat.com\/blog\/wp-content\/uploads\/2015\/10\/4-2.jpg","contentUrl":"https:\/\/archibat.com\/blog\/wp-content\/uploads\/2015\/10\/4-2.jpg","width":635,"height":357},{"@type":"BreadcrumbList","@id":"https:\/\/archibat.com\/blog\/parcours-de-l-architecte-anne-merkelijn-directrice-de-programmes-chez-klepierre-segece\/#breadcrumb","itemListElement":[{"@type":"ListItem","position":1,"name":"Home","item":"https:\/\/archibat.com\/blog\/"},{"@type":"ListItem","position":2,"name":"D\u00e9couvrez le parcours de l&rsquo;architecte Anne Merkelijn, Directrice de Programmes chez Kl\u00e9pierre S\u00e9g\u00e9c\u00e9"}]},{"@type":"WebSite","@id":"https:\/\/archibat.com\/blog\/#website","url":"https:\/\/archibat.com\/blog\/","name":"ArchiBat Mag","description":"Vous souhaitez connaitre les derni\u00e8res actualit\u00e9s sur l\u2019Architecture, le Design ou les Ressources Humaines ? D\u00e9couvrez ArchiBat Mag, le magazine d\u00e9di\u00e9 aux m\u00e9tiers de l&#039;Architecture et de l&#039;Ing\u00e9nierie.","potentialAction":[{"@type":"SearchAction","target":{"@type":"EntryPoint","urlTemplate":"https:\/\/archibat.com\/blog\/?s={search_term_string}"},"query-input":{"@type":"PropertyValueSpecification","valueRequired":true,"valueName":"search_term_string"}}],"inLanguage":"fr-FR"},{"@type":"Person","@id":"https:\/\/archibat.com\/blog\/#\/schema\/person\/c246f0d63b5e719c2cbe4f9bd494bf12","name":"communication"}]}},"_links":{"self":[{"href":"https:\/\/archibat.com\/blog\/wp-json\/wp\/v2\/posts\/1119","targetHints":{"allow":["GET"]}}],"collection":[{"href":"https:\/\/archibat.com\/blog\/wp-json\/wp\/v2\/posts"}],"about":[{"href":"https:\/\/archibat.com\/blog\/wp-json\/wp\/v2\/types\/post"}],"author":[{"embeddable":true,"href":"https:\/\/archibat.com\/blog\/wp-json\/wp\/v2\/users\/2"}],"replies":[{"embeddable":true,"href":"https:\/\/archibat.com\/blog\/wp-json\/wp\/v2\/comments?post=1119"}],"version-history":[{"count":2,"href":"https:\/\/archibat.com\/blog\/wp-json\/wp\/v2\/posts\/1119\/revisions"}],"predecessor-version":[{"id":19145,"href":"https:\/\/archibat.com\/blog\/wp-json\/wp\/v2\/posts\/1119\/revisions\/19145"}],"wp:featuredmedia":[{"embeddable":true,"href":"https:\/\/archibat.com\/blog\/wp-json\/wp\/v2\/media\/1124"}],"wp:attachment":[{"href":"https:\/\/archibat.com\/blog\/wp-json\/wp\/v2\/media?parent=1119"}],"wp:term":[{"taxonomy":"category","embeddable":true,"href":"https:\/\/archibat.com\/blog\/wp-json\/wp\/v2\/categories?post=1119"},{"taxonomy":"post_tag","embeddable":true,"href":"https:\/\/archibat.com\/blog\/wp-json\/wp\/v2\/tags?post=1119"}],"curies":[{"name":"wp","href":"https:\/\/api.w.org\/{rel}","templated":true}]}}