{"id":11632,"date":"2020-01-10T14:00:44","date_gmt":"2020-01-10T13:00:44","guid":{"rendered":"https:\/\/archibat.com\/blog\/?p=11632"},"modified":"2020-01-23T11:26:13","modified_gmt":"2020-01-23T10:26:13","slug":"un-metier-en-phase-avec-ses-valeurs","status":"publish","type":"post","link":"https:\/\/archibat.com\/blog\/un-metier-en-phase-avec-ses-valeurs\/","title":{"rendered":"Un m\u00e9tier en phase avec ses valeurs"},"content":{"rendered":"\n<p>Nos attentes li\u00e9es \u00e0 notre vie professionnelle ont \u00e9volu\u00e9 pour aller vers la recherche d\u2019un m\u00e9tier qui nous convient parfaitement, c\u2019est-\u00e0-dire qui corresponde \u00e0 nos comp\u00e9tences\u2026mais pas seulement. Aujourd\u2019hui plus que jamais, nous cherchons \u00e0 nous \u00e9panouir dans un m\u00e9tier qui soit parfaitement en phase avec nos valeurs.<\/p>\n\n\n\n<p><\/p>\n\n\n\n<p>Selon une \u00e9tude Ipsos publi\u00e9e en janvier 2018, les jeunes de la g\u00e9n\u00e9ration Y sont particuli\u00e8rement attach\u00e9s \u00e0 ce crit\u00e8re. En effet, 72% d\u2019entre eux  consid\u00e8rent qu\u2019exercer un m\u00e9tier en phase avec leurs valeurs est un \u00e9l\u00e9ment essentiel dans le choix de leur future carri\u00e8re. <\/p>\n\n\n\n<p><\/p>\n\n\n\n<h2 class=\"wp-block-heading\"><strong>SAVOIR IDENTIFIER SES VALEURS<\/strong> <\/h2>\n\n\n\n<p><\/p>\n\n\n\n<p>Nos valeurs sont en quelque sorte notre carburant. Elles nous donnent la motivation n\u00e9cessaire dans tout ce que nous accomplissons au quotidien, aussi bien sur le plan personnel que professionnel. Mais qu\u2019est-ce qu\u2019une valeur exactement&nbsp;? Selon Shalom Scwartz,&nbsp;professeur de psychologie sociale \u00e0 l\u2019Universit\u00e9 de J\u00e9rusalem, \u00ab&nbsp;<em>Les valeurs sont les convictions que nous consid\u00e9rons comme particuli\u00e8rement importantes pour nous, celles qui constituent&nbsp;nos rep\u00e8res essentiels, qui nous servent pour effectuer nos choix les plus cruciaux et qui orientent donc, pour une large part, nos actions et notre comportement.&nbsp;\u00bb<\/em><\/p>\n\n\n\n<p><\/p>\n\n\n\n<p>Nos valeurs personnelles d\u00e9coulent de notre vision du monde. Par exemple, on retrouve l\u2019altruisme, l\u2019empathie, la conviction mais \u00e9galement la combativit\u00e9, l\u2019ambition ou la force de caract\u00e8re. La liste est longue. En fait, il est essentiel de r\u00e9pondre \u00e0 la question&nbsp;\u00ab&nbsp;Qu\u2019est-ce qui est vraiment important pour moi, dans mon quotidien&nbsp;\u00bb&nbsp;? Cela peut d\u00e9j\u00e0 nous donner une id\u00e9e de nos principales attentes par rapport \u00e0 un m\u00e9tier. Ensuite, il faut faire le tri pour identifier nos valeurs fondamentales, celles que l\u2019on souhaiterait voir appliquer au sein de notre entreprise et celles qui sont non n\u00e9gociables.<\/p>\n\n\n\n<p><\/p>\n\n\n\n<h2 class=\"wp-block-heading\">TROUVER UN \u00c9QUILIBRE<strong> ENTRE NOS VALEURS ET CELLES DE L\u2019ENTREPRISE<\/strong><\/h2>\n\n\n\n<p><\/p>\n\n\n\n<p>Nous travaillons pour des raisons diverses&nbsp;: gagner de l\u2019argent, relever des d\u00e9fis, progresser au sein d\u2019une entreprise, se sentir utile \u00e0 la soci\u00e9t\u00e9\u2026 Avoir un m\u00e9tier qui soit en phase avec nos valeurs fondamentales est l\u2019une de ces raisons. Pour trouver l\u2019\u00e9quilibre entre notre vie professionnelle et nos attentes personnelles, il faut tout d\u2019abord se demander quelles satisfactions nous obtenons de notre travail&nbsp;: reconnaissance, lien social avec les coll\u00e8gues, t\u00e2ches int\u00e9ressantes en lien avec nos comp\u00e9tences, challenges \u00e0 relever, cr\u00e9ativit\u00e9 etc. <\/p>\n\n\n\n<p><\/p>\n\n\n\n<p>\u00c0 l\u2019inverse, on peut se sentir totalement d\u00e9motiv\u00e9s au sein de son entreprise et le bore out peut nous guetter. Dans ce cas, il est urgent d\u2019essayer de comprendre pourquoi on n\u2019a plus envie de s\u2019investir et vers quoi l\u2019on voudrait tendre pour que la motivation revienne<em>. <\/em>Si nous subissons une trop forte pression ou que l\u2019on s\u2019installe dans une situation contraire \u00e0 nos convictions profondes, nous risquons de perdre toute r\u00e9activit\u00e9 et prise d\u2019initiatives et donc le carburant n\u00e9cessaire \u00e0 l\u2019\u00e9panouissement professionnel. <\/p>\n\n\n\n<p><\/p>\n\n\n\n<h2 class=\"wp-block-heading\"><strong>ET SI MON TRAVAIL NE CORRESPOND PLUS \u00c0 MES VALEURS&nbsp;?<\/strong><\/h2>\n\n\n\n<p><\/p>\n\n\n\n<p>Parfois, on se retrouve dans l\u2019impasse. Malgr\u00e9 nos efforts, on se rend compte que l\u2019image v\u00e9hicul\u00e9e par notre m\u00e9tier, ou l\u2019ADN de notre entreprise, ne correspond plus du tout au sens que l\u2019on veut donner \u00e0 sa vie. Pour ne pas trop souffrir de cette situation et basculer dangereusement vers un burn out, le mieux est d\u2019anticiper et de trouver des nouvelles solutions conformes \u00e0 ses aspirations. Par exemple, il est tout \u00e0 fait possible de se reconvertir, de chercher une soci\u00e9t\u00e9 qui incarne mieux nos valeurs profondes, de cr\u00e9er sa propre micro-entreprise, de travailler en freelance, de partir \u00e0 l\u2019international\u2026<\/p>\n\n\n\n<p><\/p>\n\n\n\n<p>Avant\nd\u2019en arriver l\u00e0, il est conseill\u00e9 de demander un bilan de comp\u00e9tences au\nservice des ressources humaines de votre soci\u00e9t\u00e9, ou aupr\u00e8s de P\u00f4le Emploi.\nCela vous permettra d\u00e9j\u00e0 d\u2019y voir plus clair&nbsp;! Toutefois, avant\nd\u2019envisager un changement de cap&nbsp;radical, essayez de remettre en\nperspective vos projets et convictions personnelles, pour r\u00e9ussir \u00e0 retrouver\nune dynamique au travail, en lien avec vos valeurs. <\/p>\n","protected":false},"excerpt":{"rendered":"<p>Nos attentes li\u00e9es \u00e0 notre vie professionnelle ont \u00e9volu\u00e9 pour aller vers la recherche d\u2019un m\u00e9tier qui nous convient parfaitement, c\u2019est-\u00e0-dire qui corresponde \u00e0 nos\u2026<\/p>\n","protected":false},"author":2,"featured_media":11718,"comment_status":"closed","ping_status":"closed","sticky":false,"template":"","format":"standard","meta":{"_acf_changed":false,"footnotes":""},"categories":[4],"tags":[2392,2393,2197],"class_list":["post-11632","post","type-post","status-publish","format-standard","has-post-thumbnail","hentry","category-ressources-humaines","tag-metier","tag-phase","tag-valeurs"],"acf":[],"yoast_head":"<!-- This site is optimized with the Yoast SEO plugin v24.8.1 - https:\/\/yoast.com\/wordpress\/plugins\/seo\/ -->\n<title>Un m\u00e9tier en phase avec ses valeurs &#8211; ArchiBat Mag<\/title>\n<meta name=\"robots\" content=\"index, follow, max-snippet:-1, max-image-preview:large, max-video-preview:-1\" \/>\n<link rel=\"canonical\" href=\"https:\/\/archibat.com\/blog\/un-metier-en-phase-avec-ses-valeurs\/\" \/>\n<meta property=\"og:locale\" content=\"fr_FR\" \/>\n<meta property=\"og:type\" content=\"article\" \/>\n<meta property=\"og:title\" content=\"Un m\u00e9tier en phase avec ses valeurs &#8211; ArchiBat Mag\" \/>\n<meta property=\"og:description\" content=\"Nos attentes li\u00e9es \u00e0 notre vie professionnelle ont \u00e9volu\u00e9 pour aller vers la recherche d\u2019un m\u00e9tier qui nous convient parfaitement, c\u2019est-\u00e0-dire qui corresponde \u00e0 nos\u2026\" \/>\n<meta property=\"og:url\" content=\"https:\/\/archibat.com\/blog\/un-metier-en-phase-avec-ses-valeurs\/\" \/>\n<meta property=\"og:site_name\" content=\"ArchiBat Mag\" \/>\n<meta property=\"article:published_time\" content=\"2020-01-10T13:00:44+00:00\" \/>\n<meta property=\"article:modified_time\" content=\"2020-01-23T10:26:13+00:00\" \/>\n<meta property=\"og:image\" content=\"https:\/\/archibat.com\/blog\/wp-content\/uploads\/2020\/01\/iStock-614872732-scaled.jpg\" \/>\n\t<meta property=\"og:image:width\" content=\"2560\" \/>\n\t<meta property=\"og:image:height\" content=\"1707\" \/>\n\t<meta property=\"og:image:type\" content=\"image\/jpeg\" \/>\n<meta name=\"author\" content=\"communication\" \/>\n<meta name=\"twitter:card\" content=\"summary_large_image\" \/>\n<meta name=\"twitter:label1\" content=\"\u00c9crit par\" \/>\n\t<meta name=\"twitter:data1\" content=\"communication\" \/>\n\t<meta name=\"twitter:label2\" content=\"Dur\u00e9e de lecture estim\u00e9e\" \/>\n\t<meta name=\"twitter:data2\" content=\"4 minutes\" \/>\n<script type=\"application\/ld+json\" class=\"yoast-schema-graph\">{\"@context\":\"https:\/\/schema.org\",\"@graph\":[{\"@type\":\"WebPage\",\"@id\":\"https:\/\/archibat.com\/blog\/un-metier-en-phase-avec-ses-valeurs\/\",\"url\":\"https:\/\/archibat.com\/blog\/un-metier-en-phase-avec-ses-valeurs\/\",\"name\":\"Un m\u00e9tier en phase avec ses valeurs &#8211; ArchiBat Mag\",\"isPartOf\":{\"@id\":\"https:\/\/archibat.com\/blog\/#website\"},\"primaryImageOfPage\":{\"@id\":\"https:\/\/archibat.com\/blog\/un-metier-en-phase-avec-ses-valeurs\/#primaryimage\"},\"image\":{\"@id\":\"https:\/\/archibat.com\/blog\/un-metier-en-phase-avec-ses-valeurs\/#primaryimage\"},\"thumbnailUrl\":\"https:\/\/archibat.com\/blog\/wp-content\/uploads\/2020\/01\/iStock-614872732-scaled.jpg\",\"datePublished\":\"2020-01-10T13:00:44+00:00\",\"dateModified\":\"2020-01-23T10:26:13+00:00\",\"author\":{\"@id\":\"https:\/\/archibat.com\/blog\/#\/schema\/person\/c246f0d63b5e719c2cbe4f9bd494bf12\"},\"breadcrumb\":{\"@id\":\"https:\/\/archibat.com\/blog\/un-metier-en-phase-avec-ses-valeurs\/#breadcrumb\"},\"inLanguage\":\"fr-FR\",\"potentialAction\":[{\"@type\":\"ReadAction\",\"target\":[\"https:\/\/archibat.com\/blog\/un-metier-en-phase-avec-ses-valeurs\/\"]}]},{\"@type\":\"ImageObject\",\"inLanguage\":\"fr-FR\",\"@id\":\"https:\/\/archibat.com\/blog\/un-metier-en-phase-avec-ses-valeurs\/#primaryimage\",\"url\":\"https:\/\/archibat.com\/blog\/wp-content\/uploads\/2020\/01\/iStock-614872732-scaled.jpg\",\"contentUrl\":\"https:\/\/archibat.com\/blog\/wp-content\/uploads\/2020\/01\/iStock-614872732-scaled.jpg\",\"width\":2560,\"height\":1707,\"caption\":\"A measuring scale measuring a green heart and a pile of golden coins \/ Business ethics \/ Moral behavior in business \/ Corporate social responsibility \/ Weighing nature and economy\"},{\"@type\":\"BreadcrumbList\",\"@id\":\"https:\/\/archibat.com\/blog\/un-metier-en-phase-avec-ses-valeurs\/#breadcrumb\",\"itemListElement\":[{\"@type\":\"ListItem\",\"position\":1,\"name\":\"Home\",\"item\":\"https:\/\/archibat.com\/blog\/\"},{\"@type\":\"ListItem\",\"position\":2,\"name\":\"Un m\u00e9tier en phase avec ses valeurs\"}]},{\"@type\":\"WebSite\",\"@id\":\"https:\/\/archibat.com\/blog\/#website\",\"url\":\"https:\/\/archibat.com\/blog\/\",\"name\":\"ArchiBat Mag\",\"description\":\"Vous souhaitez connaitre les derni\u00e8res actualit\u00e9s sur l\u2019Architecture, le Design ou les Ressources Humaines ? D\u00e9couvrez ArchiBat Mag, le magazine d\u00e9di\u00e9 aux m\u00e9tiers de l&#039;Architecture et de l&#039;Ing\u00e9nierie.\",\"potentialAction\":[{\"@type\":\"SearchAction\",\"target\":{\"@type\":\"EntryPoint\",\"urlTemplate\":\"https:\/\/archibat.com\/blog\/?s={search_term_string}\"},\"query-input\":{\"@type\":\"PropertyValueSpecification\",\"valueRequired\":true,\"valueName\":\"search_term_string\"}}],\"inLanguage\":\"fr-FR\"},{\"@type\":\"Person\",\"@id\":\"https:\/\/archibat.com\/blog\/#\/schema\/person\/c246f0d63b5e719c2cbe4f9bd494bf12\",\"name\":\"communication\"}]}<\/script>\n<!-- \/ Yoast SEO plugin. -->","yoast_head_json":{"title":"Un m\u00e9tier en phase avec ses valeurs &#8211; ArchiBat Mag","robots":{"index":"index","follow":"follow","max-snippet":"max-snippet:-1","max-image-preview":"max-image-preview:large","max-video-preview":"max-video-preview:-1"},"canonical":"https:\/\/archibat.com\/blog\/un-metier-en-phase-avec-ses-valeurs\/","og_locale":"fr_FR","og_type":"article","og_title":"Un m\u00e9tier en phase avec ses valeurs &#8211; ArchiBat Mag","og_description":"Nos attentes li\u00e9es \u00e0 notre vie professionnelle ont \u00e9volu\u00e9 pour aller vers la recherche d\u2019un m\u00e9tier qui nous convient parfaitement, c\u2019est-\u00e0-dire qui corresponde \u00e0 nos\u2026","og_url":"https:\/\/archibat.com\/blog\/un-metier-en-phase-avec-ses-valeurs\/","og_site_name":"ArchiBat Mag","article_published_time":"2020-01-10T13:00:44+00:00","article_modified_time":"2020-01-23T10:26:13+00:00","og_image":[{"width":2560,"height":1707,"url":"https:\/\/archibat.com\/blog\/wp-content\/uploads\/2020\/01\/iStock-614872732-scaled.jpg","type":"image\/jpeg"}],"author":"communication","twitter_card":"summary_large_image","twitter_misc":{"\u00c9crit par":"communication","Dur\u00e9e de lecture estim\u00e9e":"4 minutes"},"schema":{"@context":"https:\/\/schema.org","@graph":[{"@type":"WebPage","@id":"https:\/\/archibat.com\/blog\/un-metier-en-phase-avec-ses-valeurs\/","url":"https:\/\/archibat.com\/blog\/un-metier-en-phase-avec-ses-valeurs\/","name":"Un m\u00e9tier en phase avec ses valeurs &#8211; ArchiBat Mag","isPartOf":{"@id":"https:\/\/archibat.com\/blog\/#website"},"primaryImageOfPage":{"@id":"https:\/\/archibat.com\/blog\/un-metier-en-phase-avec-ses-valeurs\/#primaryimage"},"image":{"@id":"https:\/\/archibat.com\/blog\/un-metier-en-phase-avec-ses-valeurs\/#primaryimage"},"thumbnailUrl":"https:\/\/archibat.com\/blog\/wp-content\/uploads\/2020\/01\/iStock-614872732-scaled.jpg","datePublished":"2020-01-10T13:00:44+00:00","dateModified":"2020-01-23T10:26:13+00:00","author":{"@id":"https:\/\/archibat.com\/blog\/#\/schema\/person\/c246f0d63b5e719c2cbe4f9bd494bf12"},"breadcrumb":{"@id":"https:\/\/archibat.com\/blog\/un-metier-en-phase-avec-ses-valeurs\/#breadcrumb"},"inLanguage":"fr-FR","potentialAction":[{"@type":"ReadAction","target":["https:\/\/archibat.com\/blog\/un-metier-en-phase-avec-ses-valeurs\/"]}]},{"@type":"ImageObject","inLanguage":"fr-FR","@id":"https:\/\/archibat.com\/blog\/un-metier-en-phase-avec-ses-valeurs\/#primaryimage","url":"https:\/\/archibat.com\/blog\/wp-content\/uploads\/2020\/01\/iStock-614872732-scaled.jpg","contentUrl":"https:\/\/archibat.com\/blog\/wp-content\/uploads\/2020\/01\/iStock-614872732-scaled.jpg","width":2560,"height":1707,"caption":"A measuring scale measuring a green heart and a pile of golden coins \/ Business ethics \/ Moral behavior in business \/ Corporate social responsibility \/ Weighing nature and economy"},{"@type":"BreadcrumbList","@id":"https:\/\/archibat.com\/blog\/un-metier-en-phase-avec-ses-valeurs\/#breadcrumb","itemListElement":[{"@type":"ListItem","position":1,"name":"Home","item":"https:\/\/archibat.com\/blog\/"},{"@type":"ListItem","position":2,"name":"Un m\u00e9tier en phase avec ses valeurs"}]},{"@type":"WebSite","@id":"https:\/\/archibat.com\/blog\/#website","url":"https:\/\/archibat.com\/blog\/","name":"ArchiBat Mag","description":"Vous souhaitez connaitre les derni\u00e8res actualit\u00e9s sur l\u2019Architecture, le Design ou les Ressources Humaines ? D\u00e9couvrez ArchiBat Mag, le magazine d\u00e9di\u00e9 aux m\u00e9tiers de l&#039;Architecture et de l&#039;Ing\u00e9nierie.","potentialAction":[{"@type":"SearchAction","target":{"@type":"EntryPoint","urlTemplate":"https:\/\/archibat.com\/blog\/?s={search_term_string}"},"query-input":{"@type":"PropertyValueSpecification","valueRequired":true,"valueName":"search_term_string"}}],"inLanguage":"fr-FR"},{"@type":"Person","@id":"https:\/\/archibat.com\/blog\/#\/schema\/person\/c246f0d63b5e719c2cbe4f9bd494bf12","name":"communication"}]}},"_links":{"self":[{"href":"https:\/\/archibat.com\/blog\/wp-json\/wp\/v2\/posts\/11632","targetHints":{"allow":["GET"]}}],"collection":[{"href":"https:\/\/archibat.com\/blog\/wp-json\/wp\/v2\/posts"}],"about":[{"href":"https:\/\/archibat.com\/blog\/wp-json\/wp\/v2\/types\/post"}],"author":[{"embeddable":true,"href":"https:\/\/archibat.com\/blog\/wp-json\/wp\/v2\/users\/2"}],"replies":[{"embeddable":true,"href":"https:\/\/archibat.com\/blog\/wp-json\/wp\/v2\/comments?post=11632"}],"version-history":[{"count":3,"href":"https:\/\/archibat.com\/blog\/wp-json\/wp\/v2\/posts\/11632\/revisions"}],"predecessor-version":[{"id":11720,"href":"https:\/\/archibat.com\/blog\/wp-json\/wp\/v2\/posts\/11632\/revisions\/11720"}],"wp:featuredmedia":[{"embeddable":true,"href":"https:\/\/archibat.com\/blog\/wp-json\/wp\/v2\/media\/11718"}],"wp:attachment":[{"href":"https:\/\/archibat.com\/blog\/wp-json\/wp\/v2\/media?parent=11632"}],"wp:term":[{"taxonomy":"category","embeddable":true,"href":"https:\/\/archibat.com\/blog\/wp-json\/wp\/v2\/categories?post=11632"},{"taxonomy":"post_tag","embeddable":true,"href":"https:\/\/archibat.com\/blog\/wp-json\/wp\/v2\/tags?post=11632"}],"curies":[{"name":"wp","href":"https:\/\/api.w.org\/{rel}","templated":true}]}}