{"id":11721,"date":"2020-01-24T14:59:51","date_gmt":"2020-01-24T13:59:51","guid":{"rendered":"https:\/\/archibat.com\/blog\/?p=11721"},"modified":"2020-02-06T10:52:31","modified_gmt":"2020-02-06T09:52:31","slug":"une-residence-pour-les-sans-abris-en-pologne","status":"publish","type":"post","link":"https:\/\/archibat.com\/blog\/une-residence-pour-les-sans-abris-en-pologne\/","title":{"rendered":"Une r\u00e9sidence pour les sans-abris en Pologne"},"content":{"rendered":"\n<p>Le refuge de Jankowice, en Pologne, est un b\u00e2timent singulier \u00e9labor\u00e9 sp\u00e9cialement pour les sans-abris n\u2019ayant pas acc\u00e8s aux syst\u00e8mes de soins. En effet, ils sont soit en \u00ab&nbsp;trop bonne sant\u00e9&nbsp;\u00bb pour vivre dans un foyer social, soit en \u00ab&nbsp;trop mauvaise sant\u00e9&nbsp;\u00bb pour \u00eatre log\u00e9s en dortoir. Ce grand b\u00e2timent au toit ondul\u00e9 se fond dans les champs et les collines avoisinantes. Il est dissimul\u00e9 derri\u00e8re de grands arbres anciens, le rendant presque invisible depuis la route.<\/p>\n\n\n\n<figure class=\"wp-block-image size-large\"><img loading=\"lazy\" decoding=\"async\" width=\"720\" height=\"405\" src=\"https:\/\/archibat.com\/blog\/wp-content\/uploads\/2020\/01\/photo1-5-720x405.jpg\" alt=\"\" class=\"wp-image-11750\" srcset=\"https:\/\/archibat.com\/blog\/wp-content\/uploads\/2020\/01\/photo1-5-720x405.jpg 720w, https:\/\/archibat.com\/blog\/wp-content\/uploads\/2020\/01\/photo1-5-300x169.jpg 300w, https:\/\/archibat.com\/blog\/wp-content\/uploads\/2020\/01\/photo1-5-768x432.jpg 768w, https:\/\/archibat.com\/blog\/wp-content\/uploads\/2020\/01\/photo1-5-1536x864.jpg 1536w, https:\/\/archibat.com\/blog\/wp-content\/uploads\/2020\/01\/photo1-5.jpg 1582w\" sizes=\"auto, (max-width: 720px) 100vw, 720px\" \/><\/figure>\n\n\n\n<p>Le b\u00e2timent, con\u00e7u par le cabinet d\u2019architectes Xystudio, est enti\u00e8rement accessible aux personnes \u00e0 mobilit\u00e9 r\u00e9duite et se divise en trois zones principales, s\u00e9par\u00e9es par des murs de briques. L\u2019entr\u00e9e est d\u00e9di\u00e9e \u00e0 la vie quotidienne et collective du refuge, cr\u00e9ant un espace public qui comprend une chapelle, des bureaux, des salles de r\u00e9\u00e9ducation ainsi qu\u2019une salle commune et une cantine. La partie nuit, quant \u00e0 elle, abrite 19 chambres avec salles de bains adapt\u00e9es aux diff\u00e9rents handicaps, ainsi que des studios. Enfin, une section du refuge est consacr\u00e9e aux personnes qui se d\u00e9vouent \u00e0 la cause des sans-abris, sous la forme de trois petits appartements avec kitchenette.<\/p>\n\n\n\n<figure class=\"wp-block-image size-large is-resized\"><img loading=\"lazy\" decoding=\"async\" src=\"https:\/\/archibat.com\/blog\/wp-content\/uploads\/2020\/01\/maison-ext\u00e9rieure-501x480.jpg\" alt=\"\" class=\"wp-image-11725\" width=\"649\" height=\"622\" srcset=\"https:\/\/archibat.com\/blog\/wp-content\/uploads\/2020\/01\/maison-ext\u00e9rieure-501x480.jpg 501w, https:\/\/archibat.com\/blog\/wp-content\/uploads\/2020\/01\/maison-ext\u00e9rieure-300x288.jpg 300w, https:\/\/archibat.com\/blog\/wp-content\/uploads\/2020\/01\/maison-ext\u00e9rieure-768x736.jpg 768w, https:\/\/archibat.com\/blog\/wp-content\/uploads\/2020\/01\/maison-ext\u00e9rieure.jpg 1043w\" sizes=\"auto, (max-width: 649px) 100vw, 649px\" \/><\/figure>\n\n\n\n<figure class=\"wp-block-image size-large is-resized\"><img loading=\"lazy\" decoding=\"async\" src=\"https:\/\/archibat.com\/blog\/wp-content\/uploads\/2020\/01\/eglise-720x480.jpg\" alt=\"\" class=\"wp-image-11737\" width=\"655\" height=\"436\" srcset=\"https:\/\/archibat.com\/blog\/wp-content\/uploads\/2020\/01\/eglise-720x480.jpg 720w, https:\/\/archibat.com\/blog\/wp-content\/uploads\/2020\/01\/eglise-300x200.jpg 300w, https:\/\/archibat.com\/blog\/wp-content\/uploads\/2020\/01\/eglise-768x512.jpg 768w, https:\/\/archibat.com\/blog\/wp-content\/uploads\/2020\/01\/eglise-1440x960.jpg 1440w, https:\/\/archibat.com\/blog\/wp-content\/uploads\/2020\/01\/eglise-960x640.jpg 960w, https:\/\/archibat.com\/blog\/wp-content\/uploads\/2020\/01\/eglise-350x233.jpg 350w, https:\/\/archibat.com\/blog\/wp-content\/uploads\/2020\/01\/eglise-700x466.jpg 700w, https:\/\/archibat.com\/blog\/wp-content\/uploads\/2020\/01\/eglise.jpg 1500w\" sizes=\"auto, (max-width: 655px) 100vw, 655px\" \/><\/figure>\n\n\n\n<p>Les chambres des sans-abris sont peu spacieuses, car elles offrent simplement un espace pour dormir. \u00ab&nbsp;Gr\u00e2ce \u00e0 cela, les r\u00e9sidents sont encourag\u00e9s \u00e0 quitter la chambre pendant la journ\u00e9e. C\u2019est un facteur essentiel \u00e0 leur resocialisation&nbsp;\u00bb indiquent les architectes. La cuisine, fonctionnelle, invite les r\u00e9sidents \u00e0 aider dans la pr\u00e9paration des repas, par le biais de t\u00e2ches simples.<\/p>\n\n\n\n<figure class=\"wp-block-image size-large is-resized\"><img loading=\"lazy\" decoding=\"async\" src=\"https:\/\/archibat.com\/blog\/wp-content\/uploads\/2020\/01\/chambre-480x480.jpg\" alt=\"\" class=\"wp-image-11729\" width=\"637\" height=\"637\" srcset=\"https:\/\/archibat.com\/blog\/wp-content\/uploads\/2020\/01\/chambre-480x480.jpg 480w, https:\/\/archibat.com\/blog\/wp-content\/uploads\/2020\/01\/chambre-300x300.jpg 300w, https:\/\/archibat.com\/blog\/wp-content\/uploads\/2020\/01\/chambre-432x432.jpg 432w, https:\/\/archibat.com\/blog\/wp-content\/uploads\/2020\/01\/chambre-768x768.jpg 768w, https:\/\/archibat.com\/blog\/wp-content\/uploads\/2020\/01\/chambre-864x864.jpg 864w, https:\/\/archibat.com\/blog\/wp-content\/uploads\/2020\/01\/chambre-600x600.jpg 600w, https:\/\/archibat.com\/blog\/wp-content\/uploads\/2020\/01\/chambre.jpg 1000w\" sizes=\"auto, (max-width: 637px) 100vw, 637px\" \/><\/figure>\n\n\n\n<figure class=\"wp-block-image size-large is-resized\"><img loading=\"lazy\" decoding=\"async\" src=\"https:\/\/archibat.com\/blog\/wp-content\/uploads\/2020\/01\/salon-1-456x480.jpg\" alt=\"\" class=\"wp-image-11731\" width=\"641\" height=\"675\" srcset=\"https:\/\/archibat.com\/blog\/wp-content\/uploads\/2020\/01\/salon-1-456x480.jpg 456w, https:\/\/archibat.com\/blog\/wp-content\/uploads\/2020\/01\/salon-1-285x300.jpg 285w, https:\/\/archibat.com\/blog\/wp-content\/uploads\/2020\/01\/salon-1-768x809.jpg 768w, https:\/\/archibat.com\/blog\/wp-content\/uploads\/2020\/01\/salon-1.jpg 949w\" sizes=\"auto, (max-width: 641px) 100vw, 641px\" \/><\/figure>\n\n\n\n<p>La cour reste un \u00e9l\u00e9ment central du refuge&nbsp;: \u00ab&nbsp;Le vitrage qui l\u2019entoure apporte une impression d\u2019espace, et permet aux soignants d\u2019observer les r\u00e9sidents.&nbsp;\u00bb En outre, cette cour est orn\u00e9e d\u2019une immense fresque murale \u00ab&nbsp;Quatre Saisons&nbsp;\u00bb de Marcin Czaja, qui apporte de la couleur et brise ainsi l\u2019asc\u00e9tisme du b\u00e2timent.<\/p>\n\n\n\n<figure class=\"wp-block-image size-large is-resized\"><img loading=\"lazy\" decoding=\"async\" src=\"https:\/\/archibat.com\/blog\/wp-content\/uploads\/2020\/01\/maison-ext\u00e9rieure-1-501x480.jpg\" alt=\"\" class=\"wp-image-11735\" width=\"681\" height=\"653\" srcset=\"https:\/\/archibat.com\/blog\/wp-content\/uploads\/2020\/01\/maison-ext\u00e9rieure-1-501x480.jpg 501w, https:\/\/archibat.com\/blog\/wp-content\/uploads\/2020\/01\/maison-ext\u00e9rieure-1-300x288.jpg 300w, https:\/\/archibat.com\/blog\/wp-content\/uploads\/2020\/01\/maison-ext\u00e9rieure-1-768x736.jpg 768w, https:\/\/archibat.com\/blog\/wp-content\/uploads\/2020\/01\/maison-ext\u00e9rieure-1.jpg 1043w\" sizes=\"auto, (max-width: 681px) 100vw, 681px\" \/><\/figure>\n\n\n\n<p>Au d\u00e9part, le refuge de Jankowice devait \u00eatre enti\u00e8rement \u00e9cologique, autosuffisant et donc peu on\u00e9reux. Le pari est presque r\u00e9ussi, malgr\u00e9 quelques difficult\u00e9s&nbsp;: \u00ab&nbsp;Nous avons d\u00fb abandonner les pompes \u00e0 chaleur face \u00e0 l\u2019augmentation rapide du prix de l\u2019\u00e9lectricit\u00e9 courant et de la zone g\u00e9ologique. Le chauffage au gaz s\u2019est av\u00e9r\u00e9 bien plus \u00e9conomique et plus facile d\u2019utilisation.&nbsp;Nous avons donc appliqu\u00e9 le chauffage au sol et la ventilation avec r\u00e9cup\u00e9ration de chaleur.&nbsp;\u00bb<\/p>\n\n\n\n<p><br>Une station d\u2019\u00e9puration \u00e9cologique a \u00e9galement \u00e9t\u00e9 mise en place et des r\u00e9servoirs d\u2019eau de pluie permettent d\u2019arroser la zone.&nbsp;\u00ab&nbsp;Les fa\u00e7ades sont fabriqu\u00e9es \u00e0 partir de mat\u00e9riaux de r\u00e9cup\u00e9ration provenant de diff\u00e9rents sites.&nbsp;Il y a notamment des briques qui proviennent d\u2019un moulin vieux de 200 ans et des morceaux de vieille grange d\u00e9molie \u00bb.<br><\/p>\n\n\n\n<p>Dans l\u2019espace ext\u00e9rieur, des terrasses couvertes et des bancs en bois permettent aux fumeurs de s\u2019asseoir, de discuter et d\u2019observer. \u00ab&nbsp;Vous pouvez exiger beaucoup des habitants, mais vous ne pouvez pas les gu\u00e9rir de leur addiction \u00e0 la cigarette&nbsp;\u00bb poursuivent les architectes. \u00ab&nbsp;Mais cette d\u00e9pendance les aide aussi \u00e0 s\u2019int\u00e9grer.&nbsp;\u00bb<\/p>\n\n\n\n<figure class=\"wp-block-image size-large\"><img loading=\"lazy\" decoding=\"async\" width=\"640\" height=\"480\" src=\"https:\/\/archibat.com\/blog\/wp-content\/uploads\/2020\/01\/banc-640x480.jpg\" alt=\"\" class=\"wp-image-11740\" srcset=\"https:\/\/archibat.com\/blog\/wp-content\/uploads\/2020\/01\/banc-640x480.jpg 640w, https:\/\/archibat.com\/blog\/wp-content\/uploads\/2020\/01\/banc-300x225.jpg 300w, https:\/\/archibat.com\/blog\/wp-content\/uploads\/2020\/01\/banc-768x576.jpg 768w, https:\/\/archibat.com\/blog\/wp-content\/uploads\/2020\/01\/banc.jpg 1333w\" sizes=\"auto, (max-width: 640px) 100vw, 640px\" \/><\/figure>\n\n\n\n<p><em>Article r\u00e9dig\u00e9 par Marie BESSE.<\/em><\/p>\n","protected":false},"excerpt":{"rendered":"<p>Le refuge de Jankowice, en Pologne, est un b\u00e2timent singulier \u00e9labor\u00e9 sp\u00e9cialement pour les sans-abris n\u2019ayant pas acc\u00e8s aux syst\u00e8mes de soins. En effet, ils\u2026<\/p>\n","protected":false},"author":2,"featured_media":11742,"comment_status":"closed","ping_status":"closed","sticky":false,"template":"","format":"standard","meta":{"_acf_changed":false,"footnotes":""},"categories":[3],"tags":[2400,1619,1500,2399],"class_list":["post-11721","post","type-post","status-publish","format-standard","has-post-thumbnail","hentry","category-architecture-et-design","tag-jankowice","tag-pologne","tag-refuge","tag-sans-abris"],"acf":[],"yoast_head":"<!-- This site is optimized with the Yoast SEO plugin v24.8.1 - https:\/\/yoast.com\/wordpress\/plugins\/seo\/ -->\n<title>Une r\u00e9sidence pour les sans-abris en Pologne &#8211; ArchiBat Mag<\/title>\n<meta name=\"robots\" content=\"index, follow, max-snippet:-1, max-image-preview:large, max-video-preview:-1\" \/>\n<link rel=\"canonical\" href=\"https:\/\/archibat.com\/blog\/une-residence-pour-les-sans-abris-en-pologne\/\" \/>\n<meta property=\"og:locale\" content=\"fr_FR\" \/>\n<meta property=\"og:type\" content=\"article\" \/>\n<meta property=\"og:title\" content=\"Une r\u00e9sidence pour les sans-abris en Pologne &#8211; ArchiBat Mag\" \/>\n<meta property=\"og:description\" content=\"Le refuge de Jankowice, en Pologne, est un b\u00e2timent singulier \u00e9labor\u00e9 sp\u00e9cialement pour les sans-abris n\u2019ayant pas acc\u00e8s aux syst\u00e8mes de soins. En effet, ils\u2026\" \/>\n<meta property=\"og:url\" content=\"https:\/\/archibat.com\/blog\/une-residence-pour-les-sans-abris-en-pologne\/\" \/>\n<meta property=\"og:site_name\" content=\"ArchiBat Mag\" \/>\n<meta property=\"article:published_time\" content=\"2020-01-24T13:59:51+00:00\" \/>\n<meta property=\"article:modified_time\" content=\"2020-02-06T09:52:31+00:00\" \/>\n<meta property=\"og:image\" content=\"https:\/\/archibat.com\/blog\/wp-content\/uploads\/2020\/01\/cover-2.jpg\" \/>\n\t<meta property=\"og:image:width\" content=\"1500\" \/>\n\t<meta property=\"og:image:height\" content=\"1000\" \/>\n\t<meta property=\"og:image:type\" content=\"image\/jpeg\" \/>\n<meta name=\"author\" content=\"communication\" \/>\n<meta name=\"twitter:card\" content=\"summary_large_image\" \/>\n<meta name=\"twitter:label1\" content=\"\u00c9crit par\" \/>\n\t<meta name=\"twitter:data1\" content=\"communication\" \/>\n\t<meta name=\"twitter:label2\" content=\"Dur\u00e9e de lecture estim\u00e9e\" \/>\n\t<meta name=\"twitter:data2\" content=\"3 minutes\" \/>\n<script type=\"application\/ld+json\" class=\"yoast-schema-graph\">{\"@context\":\"https:\/\/schema.org\",\"@graph\":[{\"@type\":\"WebPage\",\"@id\":\"https:\/\/archibat.com\/blog\/une-residence-pour-les-sans-abris-en-pologne\/\",\"url\":\"https:\/\/archibat.com\/blog\/une-residence-pour-les-sans-abris-en-pologne\/\",\"name\":\"Une r\u00e9sidence pour les sans-abris en Pologne &#8211; ArchiBat Mag\",\"isPartOf\":{\"@id\":\"https:\/\/archibat.com\/blog\/#website\"},\"primaryImageOfPage\":{\"@id\":\"https:\/\/archibat.com\/blog\/une-residence-pour-les-sans-abris-en-pologne\/#primaryimage\"},\"image\":{\"@id\":\"https:\/\/archibat.com\/blog\/une-residence-pour-les-sans-abris-en-pologne\/#primaryimage\"},\"thumbnailUrl\":\"https:\/\/archibat.com\/blog\/wp-content\/uploads\/2020\/01\/cover-2.jpg\",\"datePublished\":\"2020-01-24T13:59:51+00:00\",\"dateModified\":\"2020-02-06T09:52:31+00:00\",\"author\":{\"@id\":\"https:\/\/archibat.com\/blog\/#\/schema\/person\/c246f0d63b5e719c2cbe4f9bd494bf12\"},\"breadcrumb\":{\"@id\":\"https:\/\/archibat.com\/blog\/une-residence-pour-les-sans-abris-en-pologne\/#breadcrumb\"},\"inLanguage\":\"fr-FR\",\"potentialAction\":[{\"@type\":\"ReadAction\",\"target\":[\"https:\/\/archibat.com\/blog\/une-residence-pour-les-sans-abris-en-pologne\/\"]}]},{\"@type\":\"ImageObject\",\"inLanguage\":\"fr-FR\",\"@id\":\"https:\/\/archibat.com\/blog\/une-residence-pour-les-sans-abris-en-pologne\/#primaryimage\",\"url\":\"https:\/\/archibat.com\/blog\/wp-content\/uploads\/2020\/01\/cover-2.jpg\",\"contentUrl\":\"https:\/\/archibat.com\/blog\/wp-content\/uploads\/2020\/01\/cover-2.jpg\",\"width\":1500,\"height\":1000},{\"@type\":\"BreadcrumbList\",\"@id\":\"https:\/\/archibat.com\/blog\/une-residence-pour-les-sans-abris-en-pologne\/#breadcrumb\",\"itemListElement\":[{\"@type\":\"ListItem\",\"position\":1,\"name\":\"Home\",\"item\":\"https:\/\/archibat.com\/blog\/\"},{\"@type\":\"ListItem\",\"position\":2,\"name\":\"Une r\u00e9sidence pour les sans-abris en Pologne\"}]},{\"@type\":\"WebSite\",\"@id\":\"https:\/\/archibat.com\/blog\/#website\",\"url\":\"https:\/\/archibat.com\/blog\/\",\"name\":\"ArchiBat Mag\",\"description\":\"Vous souhaitez connaitre les derni\u00e8res actualit\u00e9s sur l\u2019Architecture, le Design ou les Ressources Humaines ? D\u00e9couvrez ArchiBat Mag, le magazine d\u00e9di\u00e9 aux m\u00e9tiers de l&#039;Architecture et de l&#039;Ing\u00e9nierie.\",\"potentialAction\":[{\"@type\":\"SearchAction\",\"target\":{\"@type\":\"EntryPoint\",\"urlTemplate\":\"https:\/\/archibat.com\/blog\/?s={search_term_string}\"},\"query-input\":{\"@type\":\"PropertyValueSpecification\",\"valueRequired\":true,\"valueName\":\"search_term_string\"}}],\"inLanguage\":\"fr-FR\"},{\"@type\":\"Person\",\"@id\":\"https:\/\/archibat.com\/blog\/#\/schema\/person\/c246f0d63b5e719c2cbe4f9bd494bf12\",\"name\":\"communication\"}]}<\/script>\n<!-- \/ Yoast SEO plugin. -->","yoast_head_json":{"title":"Une r\u00e9sidence pour les sans-abris en Pologne &#8211; ArchiBat Mag","robots":{"index":"index","follow":"follow","max-snippet":"max-snippet:-1","max-image-preview":"max-image-preview:large","max-video-preview":"max-video-preview:-1"},"canonical":"https:\/\/archibat.com\/blog\/une-residence-pour-les-sans-abris-en-pologne\/","og_locale":"fr_FR","og_type":"article","og_title":"Une r\u00e9sidence pour les sans-abris en Pologne &#8211; ArchiBat Mag","og_description":"Le refuge de Jankowice, en Pologne, est un b\u00e2timent singulier \u00e9labor\u00e9 sp\u00e9cialement pour les sans-abris n\u2019ayant pas acc\u00e8s aux syst\u00e8mes de soins. En effet, ils\u2026","og_url":"https:\/\/archibat.com\/blog\/une-residence-pour-les-sans-abris-en-pologne\/","og_site_name":"ArchiBat Mag","article_published_time":"2020-01-24T13:59:51+00:00","article_modified_time":"2020-02-06T09:52:31+00:00","og_image":[{"width":1500,"height":1000,"url":"https:\/\/archibat.com\/blog\/wp-content\/uploads\/2020\/01\/cover-2.jpg","type":"image\/jpeg"}],"author":"communication","twitter_card":"summary_large_image","twitter_misc":{"\u00c9crit par":"communication","Dur\u00e9e de lecture estim\u00e9e":"3 minutes"},"schema":{"@context":"https:\/\/schema.org","@graph":[{"@type":"WebPage","@id":"https:\/\/archibat.com\/blog\/une-residence-pour-les-sans-abris-en-pologne\/","url":"https:\/\/archibat.com\/blog\/une-residence-pour-les-sans-abris-en-pologne\/","name":"Une r\u00e9sidence pour les sans-abris en Pologne &#8211; ArchiBat Mag","isPartOf":{"@id":"https:\/\/archibat.com\/blog\/#website"},"primaryImageOfPage":{"@id":"https:\/\/archibat.com\/blog\/une-residence-pour-les-sans-abris-en-pologne\/#primaryimage"},"image":{"@id":"https:\/\/archibat.com\/blog\/une-residence-pour-les-sans-abris-en-pologne\/#primaryimage"},"thumbnailUrl":"https:\/\/archibat.com\/blog\/wp-content\/uploads\/2020\/01\/cover-2.jpg","datePublished":"2020-01-24T13:59:51+00:00","dateModified":"2020-02-06T09:52:31+00:00","author":{"@id":"https:\/\/archibat.com\/blog\/#\/schema\/person\/c246f0d63b5e719c2cbe4f9bd494bf12"},"breadcrumb":{"@id":"https:\/\/archibat.com\/blog\/une-residence-pour-les-sans-abris-en-pologne\/#breadcrumb"},"inLanguage":"fr-FR","potentialAction":[{"@type":"ReadAction","target":["https:\/\/archibat.com\/blog\/une-residence-pour-les-sans-abris-en-pologne\/"]}]},{"@type":"ImageObject","inLanguage":"fr-FR","@id":"https:\/\/archibat.com\/blog\/une-residence-pour-les-sans-abris-en-pologne\/#primaryimage","url":"https:\/\/archibat.com\/blog\/wp-content\/uploads\/2020\/01\/cover-2.jpg","contentUrl":"https:\/\/archibat.com\/blog\/wp-content\/uploads\/2020\/01\/cover-2.jpg","width":1500,"height":1000},{"@type":"BreadcrumbList","@id":"https:\/\/archibat.com\/blog\/une-residence-pour-les-sans-abris-en-pologne\/#breadcrumb","itemListElement":[{"@type":"ListItem","position":1,"name":"Home","item":"https:\/\/archibat.com\/blog\/"},{"@type":"ListItem","position":2,"name":"Une r\u00e9sidence pour les sans-abris en Pologne"}]},{"@type":"WebSite","@id":"https:\/\/archibat.com\/blog\/#website","url":"https:\/\/archibat.com\/blog\/","name":"ArchiBat Mag","description":"Vous souhaitez connaitre les derni\u00e8res actualit\u00e9s sur l\u2019Architecture, le Design ou les Ressources Humaines ? D\u00e9couvrez ArchiBat Mag, le magazine d\u00e9di\u00e9 aux m\u00e9tiers de l&#039;Architecture et de l&#039;Ing\u00e9nierie.","potentialAction":[{"@type":"SearchAction","target":{"@type":"EntryPoint","urlTemplate":"https:\/\/archibat.com\/blog\/?s={search_term_string}"},"query-input":{"@type":"PropertyValueSpecification","valueRequired":true,"valueName":"search_term_string"}}],"inLanguage":"fr-FR"},{"@type":"Person","@id":"https:\/\/archibat.com\/blog\/#\/schema\/person\/c246f0d63b5e719c2cbe4f9bd494bf12","name":"communication"}]}},"_links":{"self":[{"href":"https:\/\/archibat.com\/blog\/wp-json\/wp\/v2\/posts\/11721","targetHints":{"allow":["GET"]}}],"collection":[{"href":"https:\/\/archibat.com\/blog\/wp-json\/wp\/v2\/posts"}],"about":[{"href":"https:\/\/archibat.com\/blog\/wp-json\/wp\/v2\/types\/post"}],"author":[{"embeddable":true,"href":"https:\/\/archibat.com\/blog\/wp-json\/wp\/v2\/users\/2"}],"replies":[{"embeddable":true,"href":"https:\/\/archibat.com\/blog\/wp-json\/wp\/v2\/comments?post=11721"}],"version-history":[{"count":3,"href":"https:\/\/archibat.com\/blog\/wp-json\/wp\/v2\/posts\/11721\/revisions"}],"predecessor-version":[{"id":11877,"href":"https:\/\/archibat.com\/blog\/wp-json\/wp\/v2\/posts\/11721\/revisions\/11877"}],"wp:featuredmedia":[{"embeddable":true,"href":"https:\/\/archibat.com\/blog\/wp-json\/wp\/v2\/media\/11742"}],"wp:attachment":[{"href":"https:\/\/archibat.com\/blog\/wp-json\/wp\/v2\/media?parent=11721"}],"wp:term":[{"taxonomy":"category","embeddable":true,"href":"https:\/\/archibat.com\/blog\/wp-json\/wp\/v2\/categories?post=11721"},{"taxonomy":"post_tag","embeddable":true,"href":"https:\/\/archibat.com\/blog\/wp-json\/wp\/v2\/tags?post=11721"}],"curies":[{"name":"wp","href":"https:\/\/api.w.org\/{rel}","templated":true}]}}