{"id":11753,"date":"2020-01-28T14:29:40","date_gmt":"2020-01-28T13:29:40","guid":{"rendered":"https:\/\/archibat.com\/blog\/?p=11753"},"modified":"2020-01-28T14:29:42","modified_gmt":"2020-01-28T13:29:42","slug":"reussir-sa-reconversion-professionnelle","status":"publish","type":"post","link":"https:\/\/archibat.com\/blog\/reussir-sa-reconversion-professionnelle\/","title":{"rendered":"R\u00e9ussir sa reconversion professionnelle"},"content":{"rendered":"\n<p>Le fait de se lancer dans une reconversion professionnelle est souvent motiv\u00e9 par l\u2019envie de retrouver un \u00e9panouissement au travail ou d\u2019apprendre un nouveau m\u00e9tier pour s\u2019enrichir personnellement, mais aussi relever de nouveaux d\u00e9fis. Il s\u2019agit en quelque sorte d\u2019un chemin que vous vous tracez pour r\u00e9pondre \u00e0 vos aspirations profondes et trouver un m\u00e9tier qui vous corresponde au mieux. Selon une \u00e9tude de l\u2019AFPA, 56 % des actifs ont d\u00e9j\u00e0 chang\u00e9 d\u2019orientation professionnelle et 35% se disent pr\u00eat \u00e0 changer de m\u00e9tier dans l\u2019ann\u00e9e qui vient. \u00c0 noter que 64% des reconvertis se disent plus \u00e9panouis dans leur vie professionnelle\u00a0!<\/p>\n\n\n\n<p><\/p>\n\n\n\n<p>Apr\u00e8s notre article sur <a href=\"https:\/\/archibat.com\/blog\/un-metier-en-phase-avec-ses-valeurs\/\">Un m\u00e9tier en phase avec ses valeurs<\/a>, nous vous partageons ici quelques id\u00e9es pour r\u00e9ussir votre reconversion.<br><\/p>\n\n\n\n<h2 class=\"wp-block-heading\">LA RECONVERSION, UN PROJET QUI SE R\u00c9FL\u00c9CHIT<\/h2>\n\n\n\n<p>Un changement de cap dans votre vie professionnelle peut \u00eatre motiv\u00e9e par diff\u00e9rents facteurs, comme le mal-\u00eatre dans votre travail actuel, le sentiment de ne pas \u00e9voluer, l\u2019envie d\u2019entreprendre, de se lancer de nouveaux d\u00e9fis, le d\u00e9sir de trouver une meilleure harmonie avec la vie personnelle ou familiale, le besoin de donner un sens \u00e0 son travail. Quelle qu\u2019en soit la raison, une reconversion professionnelle exige un travail de r\u00e9flexion. Il s\u2019av\u00e8re essentiel en premier lieu de se demander ce qui vous motive, ce que vous voulez changer et ce que vous attendez de votre futur m\u00e9tier. N\u2019oubliez pas que vous risquez d\u2019id\u00e9aliser ce fameux m\u00e9tier que vous r\u00eavez d\u2019exercer\u00a0!<\/p>\n\n\n\n<p><br>Dans un premier temps, essayez de noter toutes vos envies et vos besoins, qui pourraient vous permettre de parvenir \u00e0 un \u00e9quilibre entre vie professionnelle et vie priv\u00e9e. Cela concerne aussi bien vos d\u00e9placements pour aller au travail que votre vie sociale et familiale, vos loisirs, votre fa\u00e7on d\u2019\u00eatre au travail, les contextes professionnels que vous appr\u00e9ciez, ceux que vous d\u00e9testez ou qui vous mettent mal \u00e0 l\u2019aise, les comp\u00e9tences que vous souhaitez mettre \u00e0 profit.<br><\/p>\n\n\n\n<h2 class=\"wp-block-heading\">QUELS OUTILS POUR UNE RECONVERSION ?<\/h2>\n\n\n\n<p>Pour y voir plus clair, n\u2019h\u00e9sitez pas \u00e0 demander un bilan de comp\u00e9tences ou un test d\u2019orientation professionnelle, aupr\u00e8s de P\u00f4le Emploi ou au sein d\u2019un organisme de conseil sp\u00e9cialis\u00e9. Le bilan de comp\u00e9tences comprend \u00e9galement des temps de travail personnel, consacr\u00e9s \u00e0 la recherche documentaire et aux prises de contact avec des professionnels et organismes ext\u00e9rieurs. \u00c0 la fin du bilan, vous recevrez un document de synth\u00e8se qui vous indiquera o\u00f9 vous en \u00eates professionnellement et o\u00f9 vous pourriez aller, tout en vous apportant une meilleure connaissance de l\u2019environnement \u00e9conomique.<\/p>\n\n\n\n<p><br>Ensuite, il faut bien faire la diff\u00e9rence entre vos envies et la r\u00e9alit\u00e9. Les stages sont un bon moyen de concr\u00e9tiser votre projet car ils vous \u00e9clairent sur votre futur m\u00e9tier et vous aident \u00e0 mettre un pied dans un nouvel environnement de travail. Il est n\u00e9cessaire \u00e9galement de se renseigner aupr\u00e8s des professionnels du secteur qui vous int\u00e9resse, car ils pourront r\u00e9pondre \u00e0 vos questions mieux que personne d\u2019autre. Par exemple, si votre ambition est de devenir architecte d\u2019int\u00e9rieur, contactez une personne exer\u00e7ant ce m\u00e9tier pour conna\u00eetre les qualit\u00e9s et les comp\u00e9tences requises, comprendre le fonctionnement et les attentes de la client\u00e8le, les modes d\u2019exercices etc.<\/p>\n\n\n\n<h2 class=\"wp-block-heading\">UN MOOC D\u2019ORIENTATION POUR CHOISIR VOTRE M\u00c9TIER<\/h2>\n\n\n\n<p>Le MOOC\u00a0(Massive Open Online Course)\u00a0est un cours accessible en ligne et 100 % gratuit, qui peut vous accompagner lors de votre reconversion professionnelle. Avec une simple connexion internet, vous pouvez vous former \u00e0 distance et \u00e0 votre rythme, sur un mode interactif. Vous aurez ainsi un aper\u00e7u des d\u00e9bouch\u00e9s d\u2019un secteur en particulier. Le MOOC pr\u00e9sente aussi l\u2019environnement concret d\u2019une profession, \u00e9tay\u00e9 par des vid\u00e9os, t\u00e9moignages ou mises en situation. En plus de satisfaire votre curiosit\u00e9 intellectuelle, un MOOC d\u2019orientation vous permet\u00a0de tester votre niveau de connaissance\u00a0en vous auto-\u00e9valuant gr\u00e2ce \u00e0 des questionnaires, tout en profitant des conseils de professionnels qui vous montrent\u00a0la r\u00e9alit\u00e9 du terrain\u00a0en partageant leur savoir-faire et la passion de leur m\u00e9tier.<\/p>\n\n\n\n<p><\/p>\n\n\n\n<p>Sachant qu\u2019une personne passe en moyenne par 3 carri\u00e8res et 10 emplois diff\u00e9rents au cours de sa vie, il y a de fortes probabilit\u00e9s que vous connaissiez au moins une fois une \u00e9volution professionnelle cons\u00e9quente voire une reconversion. Le moins risqu\u00e9 pour une reconversion, c\u2019est de privil\u00e9gier les m\u00e9tiers qui requi\u00e8rent des comp\u00e9tences proches de votre ancien m\u00e9tier. Si vous changez compl\u00e8tement de voie, vous repartirez de z\u00e9ro, ce qui n\u2019est pas toujours \u00e9vident quand on a 20 ans d\u2019exp\u00e9rience mais que l\u2019on est pay\u00e9 comme un junior. Mais si vous vous \u00e9panouissez dans ce nouveau m\u00e9tier, vous progresserez vite et vous ne regretterez pas votre d\u00e9cision, les statistiques le confirment\u00a0!<\/p>\n","protected":false},"excerpt":{"rendered":"<p>Le fait de se lancer dans une reconversion professionnelle est souvent motiv\u00e9 par l\u2019envie de retrouver un \u00e9panouissement au travail ou d\u2019apprendre un nouveau m\u00e9tier\u2026<\/p>\n","protected":false},"author":2,"featured_media":11757,"comment_status":"closed","ping_status":"closed","sticky":false,"template":"","format":"standard","meta":{"_acf_changed":false,"footnotes":""},"categories":[4],"tags":[2392,1715,2401,1273],"class_list":["post-11753","post","type-post","status-publish","format-standard","has-post-thumbnail","hentry","category-ressources-humaines","tag-metier","tag-professionnel","tag-reconversion","tag-travail"],"acf":[],"yoast_head":"<!-- This site is optimized with the Yoast SEO plugin v24.8.1 - https:\/\/yoast.com\/wordpress\/plugins\/seo\/ -->\n<title>R\u00e9ussir sa reconversion professionnelle &#8211; ArchiBat Mag<\/title>\n<meta name=\"robots\" content=\"index, follow, max-snippet:-1, max-image-preview:large, max-video-preview:-1\" \/>\n<link rel=\"canonical\" href=\"https:\/\/archibat.com\/blog\/reussir-sa-reconversion-professionnelle\/\" \/>\n<meta property=\"og:locale\" content=\"fr_FR\" \/>\n<meta property=\"og:type\" content=\"article\" \/>\n<meta property=\"og:title\" content=\"R\u00e9ussir sa reconversion professionnelle &#8211; ArchiBat Mag\" \/>\n<meta property=\"og:description\" content=\"Le fait de se lancer dans une reconversion professionnelle est souvent motiv\u00e9 par l\u2019envie de retrouver un \u00e9panouissement au travail ou d\u2019apprendre un nouveau m\u00e9tier\u2026\" \/>\n<meta property=\"og:url\" content=\"https:\/\/archibat.com\/blog\/reussir-sa-reconversion-professionnelle\/\" \/>\n<meta property=\"og:site_name\" content=\"ArchiBat Mag\" \/>\n<meta property=\"article:published_time\" content=\"2020-01-28T13:29:40+00:00\" \/>\n<meta property=\"article:modified_time\" content=\"2020-01-28T13:29:42+00:00\" \/>\n<meta property=\"og:image\" content=\"https:\/\/archibat.com\/blog\/wp-content\/uploads\/2020\/01\/iStock-1196551251-1.jpeg\" \/>\n\t<meta property=\"og:image:width\" content=\"1280\" \/>\n\t<meta property=\"og:image:height\" content=\"960\" \/>\n\t<meta property=\"og:image:type\" content=\"image\/jpeg\" \/>\n<meta name=\"author\" content=\"communication\" \/>\n<meta name=\"twitter:card\" content=\"summary_large_image\" \/>\n<meta name=\"twitter:label1\" content=\"\u00c9crit par\" \/>\n\t<meta name=\"twitter:data1\" content=\"communication\" \/>\n\t<meta name=\"twitter:label2\" content=\"Dur\u00e9e de lecture estim\u00e9e\" \/>\n\t<meta name=\"twitter:data2\" content=\"4 minutes\" \/>\n<script type=\"application\/ld+json\" class=\"yoast-schema-graph\">{\"@context\":\"https:\/\/schema.org\",\"@graph\":[{\"@type\":\"WebPage\",\"@id\":\"https:\/\/archibat.com\/blog\/reussir-sa-reconversion-professionnelle\/\",\"url\":\"https:\/\/archibat.com\/blog\/reussir-sa-reconversion-professionnelle\/\",\"name\":\"R\u00e9ussir sa reconversion professionnelle &#8211; ArchiBat Mag\",\"isPartOf\":{\"@id\":\"https:\/\/archibat.com\/blog\/#website\"},\"primaryImageOfPage\":{\"@id\":\"https:\/\/archibat.com\/blog\/reussir-sa-reconversion-professionnelle\/#primaryimage\"},\"image\":{\"@id\":\"https:\/\/archibat.com\/blog\/reussir-sa-reconversion-professionnelle\/#primaryimage\"},\"thumbnailUrl\":\"https:\/\/archibat.com\/blog\/wp-content\/uploads\/2020\/01\/iStock-1196551251-1.jpeg\",\"datePublished\":\"2020-01-28T13:29:40+00:00\",\"dateModified\":\"2020-01-28T13:29:42+00:00\",\"author\":{\"@id\":\"https:\/\/archibat.com\/blog\/#\/schema\/person\/c246f0d63b5e719c2cbe4f9bd494bf12\"},\"breadcrumb\":{\"@id\":\"https:\/\/archibat.com\/blog\/reussir-sa-reconversion-professionnelle\/#breadcrumb\"},\"inLanguage\":\"fr-FR\",\"potentialAction\":[{\"@type\":\"ReadAction\",\"target\":[\"https:\/\/archibat.com\/blog\/reussir-sa-reconversion-professionnelle\/\"]}]},{\"@type\":\"ImageObject\",\"inLanguage\":\"fr-FR\",\"@id\":\"https:\/\/archibat.com\/blog\/reussir-sa-reconversion-professionnelle\/#primaryimage\",\"url\":\"https:\/\/archibat.com\/blog\/wp-content\/uploads\/2020\/01\/iStock-1196551251-1.jpeg\",\"contentUrl\":\"https:\/\/archibat.com\/blog\/wp-content\/uploads\/2020\/01\/iStock-1196551251-1.jpeg\",\"width\":1280,\"height\":960,\"caption\":\"photo on top of the sneakers and the inscription choose your way on the asphalt, the concept of free choice, direction of movement, the philosophical question of life\"},{\"@type\":\"BreadcrumbList\",\"@id\":\"https:\/\/archibat.com\/blog\/reussir-sa-reconversion-professionnelle\/#breadcrumb\",\"itemListElement\":[{\"@type\":\"ListItem\",\"position\":1,\"name\":\"Home\",\"item\":\"https:\/\/archibat.com\/blog\/\"},{\"@type\":\"ListItem\",\"position\":2,\"name\":\"R\u00e9ussir sa reconversion professionnelle\"}]},{\"@type\":\"WebSite\",\"@id\":\"https:\/\/archibat.com\/blog\/#website\",\"url\":\"https:\/\/archibat.com\/blog\/\",\"name\":\"ArchiBat Mag\",\"description\":\"Vous souhaitez connaitre les derni\u00e8res actualit\u00e9s sur l\u2019Architecture, le Design ou les Ressources Humaines ? D\u00e9couvrez ArchiBat Mag, le magazine d\u00e9di\u00e9 aux m\u00e9tiers de l&#039;Architecture et de l&#039;Ing\u00e9nierie.\",\"potentialAction\":[{\"@type\":\"SearchAction\",\"target\":{\"@type\":\"EntryPoint\",\"urlTemplate\":\"https:\/\/archibat.com\/blog\/?s={search_term_string}\"},\"query-input\":{\"@type\":\"PropertyValueSpecification\",\"valueRequired\":true,\"valueName\":\"search_term_string\"}}],\"inLanguage\":\"fr-FR\"},{\"@type\":\"Person\",\"@id\":\"https:\/\/archibat.com\/blog\/#\/schema\/person\/c246f0d63b5e719c2cbe4f9bd494bf12\",\"name\":\"communication\"}]}<\/script>\n<!-- \/ Yoast SEO plugin. -->","yoast_head_json":{"title":"R\u00e9ussir sa reconversion professionnelle &#8211; ArchiBat Mag","robots":{"index":"index","follow":"follow","max-snippet":"max-snippet:-1","max-image-preview":"max-image-preview:large","max-video-preview":"max-video-preview:-1"},"canonical":"https:\/\/archibat.com\/blog\/reussir-sa-reconversion-professionnelle\/","og_locale":"fr_FR","og_type":"article","og_title":"R\u00e9ussir sa reconversion professionnelle &#8211; ArchiBat Mag","og_description":"Le fait de se lancer dans une reconversion professionnelle est souvent motiv\u00e9 par l\u2019envie de retrouver un \u00e9panouissement au travail ou d\u2019apprendre un nouveau m\u00e9tier\u2026","og_url":"https:\/\/archibat.com\/blog\/reussir-sa-reconversion-professionnelle\/","og_site_name":"ArchiBat Mag","article_published_time":"2020-01-28T13:29:40+00:00","article_modified_time":"2020-01-28T13:29:42+00:00","og_image":[{"width":1280,"height":960,"url":"https:\/\/archibat.com\/blog\/wp-content\/uploads\/2020\/01\/iStock-1196551251-1.jpeg","type":"image\/jpeg"}],"author":"communication","twitter_card":"summary_large_image","twitter_misc":{"\u00c9crit par":"communication","Dur\u00e9e de lecture estim\u00e9e":"4 minutes"},"schema":{"@context":"https:\/\/schema.org","@graph":[{"@type":"WebPage","@id":"https:\/\/archibat.com\/blog\/reussir-sa-reconversion-professionnelle\/","url":"https:\/\/archibat.com\/blog\/reussir-sa-reconversion-professionnelle\/","name":"R\u00e9ussir sa reconversion professionnelle &#8211; ArchiBat Mag","isPartOf":{"@id":"https:\/\/archibat.com\/blog\/#website"},"primaryImageOfPage":{"@id":"https:\/\/archibat.com\/blog\/reussir-sa-reconversion-professionnelle\/#primaryimage"},"image":{"@id":"https:\/\/archibat.com\/blog\/reussir-sa-reconversion-professionnelle\/#primaryimage"},"thumbnailUrl":"https:\/\/archibat.com\/blog\/wp-content\/uploads\/2020\/01\/iStock-1196551251-1.jpeg","datePublished":"2020-01-28T13:29:40+00:00","dateModified":"2020-01-28T13:29:42+00:00","author":{"@id":"https:\/\/archibat.com\/blog\/#\/schema\/person\/c246f0d63b5e719c2cbe4f9bd494bf12"},"breadcrumb":{"@id":"https:\/\/archibat.com\/blog\/reussir-sa-reconversion-professionnelle\/#breadcrumb"},"inLanguage":"fr-FR","potentialAction":[{"@type":"ReadAction","target":["https:\/\/archibat.com\/blog\/reussir-sa-reconversion-professionnelle\/"]}]},{"@type":"ImageObject","inLanguage":"fr-FR","@id":"https:\/\/archibat.com\/blog\/reussir-sa-reconversion-professionnelle\/#primaryimage","url":"https:\/\/archibat.com\/blog\/wp-content\/uploads\/2020\/01\/iStock-1196551251-1.jpeg","contentUrl":"https:\/\/archibat.com\/blog\/wp-content\/uploads\/2020\/01\/iStock-1196551251-1.jpeg","width":1280,"height":960,"caption":"photo on top of the sneakers and the inscription choose your way on the asphalt, the concept of free choice, direction of movement, the philosophical question of life"},{"@type":"BreadcrumbList","@id":"https:\/\/archibat.com\/blog\/reussir-sa-reconversion-professionnelle\/#breadcrumb","itemListElement":[{"@type":"ListItem","position":1,"name":"Home","item":"https:\/\/archibat.com\/blog\/"},{"@type":"ListItem","position":2,"name":"R\u00e9ussir sa reconversion professionnelle"}]},{"@type":"WebSite","@id":"https:\/\/archibat.com\/blog\/#website","url":"https:\/\/archibat.com\/blog\/","name":"ArchiBat Mag","description":"Vous souhaitez connaitre les derni\u00e8res actualit\u00e9s sur l\u2019Architecture, le Design ou les Ressources Humaines ? D\u00e9couvrez ArchiBat Mag, le magazine d\u00e9di\u00e9 aux m\u00e9tiers de l&#039;Architecture et de l&#039;Ing\u00e9nierie.","potentialAction":[{"@type":"SearchAction","target":{"@type":"EntryPoint","urlTemplate":"https:\/\/archibat.com\/blog\/?s={search_term_string}"},"query-input":{"@type":"PropertyValueSpecification","valueRequired":true,"valueName":"search_term_string"}}],"inLanguage":"fr-FR"},{"@type":"Person","@id":"https:\/\/archibat.com\/blog\/#\/schema\/person\/c246f0d63b5e719c2cbe4f9bd494bf12","name":"communication"}]}},"_links":{"self":[{"href":"https:\/\/archibat.com\/blog\/wp-json\/wp\/v2\/posts\/11753","targetHints":{"allow":["GET"]}}],"collection":[{"href":"https:\/\/archibat.com\/blog\/wp-json\/wp\/v2\/posts"}],"about":[{"href":"https:\/\/archibat.com\/blog\/wp-json\/wp\/v2\/types\/post"}],"author":[{"embeddable":true,"href":"https:\/\/archibat.com\/blog\/wp-json\/wp\/v2\/users\/2"}],"replies":[{"embeddable":true,"href":"https:\/\/archibat.com\/blog\/wp-json\/wp\/v2\/comments?post=11753"}],"version-history":[{"count":3,"href":"https:\/\/archibat.com\/blog\/wp-json\/wp\/v2\/posts\/11753\/revisions"}],"predecessor-version":[{"id":11761,"href":"https:\/\/archibat.com\/blog\/wp-json\/wp\/v2\/posts\/11753\/revisions\/11761"}],"wp:featuredmedia":[{"embeddable":true,"href":"https:\/\/archibat.com\/blog\/wp-json\/wp\/v2\/media\/11757"}],"wp:attachment":[{"href":"https:\/\/archibat.com\/blog\/wp-json\/wp\/v2\/media?parent=11753"}],"wp:term":[{"taxonomy":"category","embeddable":true,"href":"https:\/\/archibat.com\/blog\/wp-json\/wp\/v2\/categories?post=11753"},{"taxonomy":"post_tag","embeddable":true,"href":"https:\/\/archibat.com\/blog\/wp-json\/wp\/v2\/tags?post=11753"}],"curies":[{"name":"wp","href":"https:\/\/api.w.org\/{rel}","templated":true}]}}