{"id":11967,"date":"2020-02-25T14:00:57","date_gmt":"2020-02-25T13:00:57","guid":{"rendered":"https:\/\/archibat.com\/blog\/?p=11967"},"modified":"2020-02-25T10:45:43","modified_gmt":"2020-02-25T09:45:43","slug":"limportance-des-soft-skills","status":"publish","type":"post","link":"https:\/\/archibat.com\/blog\/limportance-des-soft-skills\/","title":{"rendered":"L\u2019importance des soft skills"},"content":{"rendered":"\n<p>Les soft skills, autrement dit \u00ab\u00a0comp\u00e9tences douces\u00a0\u00bb sont plus que jamais appr\u00e9ci\u00e9es et valoris\u00e9es par les recruteurs. Elles d\u00e9signent entre autres les capacit\u00e9s de communication, le caract\u00e8re, le sens du relationnel, ou encore l\u2019adaptabilit\u00e9. Ces comp\u00e9tences sont compl\u00e9mentaires \u00e0 ce que l\u2019on appelle les \u00ab\u00a0hard skills\u00a0\u00bb, qui comprennent la ma\u00eetrise des logiciels, les savoir-faire techniques, les performances linguistiques, l\u2019exp\u00e9rience acquise\u2026 Dans un pr\u00e9c\u00e9dent article, nous vous parlions de la mani\u00e8re de <a href=\"https:\/\/archibat.com\/blog\/faut-il-deposer-son-cv-sur-une-cvtheque\/\">se d\u00e9marquer dans un CV<\/a> en mettant en avant vos centres d\u2019int\u00e9r\u00eats et certains traits de votre personnalit\u00e9. Il s\u2019agit du m\u00eame principe pour les soft skills, qui peuvent faire toute la diff\u00e9rence lors d\u2019un recrutement.<\/p>\n\n\n\n<p><\/p>\n\n\n\n<h2 class=\"wp-block-heading\">Les soft skills\u00a0: des atouts indispensables\u00a0?\u00a0<\/h2>\n\n\n\n<p><\/p>\n\n\n\n<p>Avec la transformation des entreprises, les m\u00e9tiers changent, les exigences techniques se renouvellent et les comp\u00e9tences attendues \u00e9voluent r\u00e9guli\u00e8rement. Les soft skills apparaissent comme des \u00e9l\u00e9ments essentiels pour surfer sur la vague de la nouveaut\u00e9 en entreprise et s\u2019adapter au mieux \u00e0 ces changements. Avec la digitalisation et l\u2019\u00e9volution de l\u2019intelligence artificielle, les t\u00e2ches de routine sont de plus en plus automatis\u00e9es\u2026 Mais les t\u00e2ches plus complexes doivent \u00eatre r\u00e9alis\u00e9es par les salari\u00e9s. D\u00e8s lors, les comp\u00e9tences techniques ne suffisent plus.<\/p>\n\n\n\n<p><\/p>\n\n\n\n<p>La cr\u00e9ativit\u00e9, l\u2019originalit\u00e9 ou encore la capacit\u00e9 \u00e0 r\u00e9soudre des probl\u00e8mes pour rebondir deviennent des talents essentiels dans le monde de l\u2019entreprenariat. D\u2019apr\u00e8s une enqu\u00eate de Cadremploi r\u00e9alis\u00e9e en mai 2019,\u00a062 % des dirigeants et managers se disent pr\u00eat \u00e0 recruter des candidats principalement sur les crit\u00e8res de soft skills.<\/p>\n\n\n\n<p><\/p>\n\n\n\n<h2 class=\"wp-block-heading\">La capacit\u00e9 d\u2019adaptation\u00a0: une qualit\u00e9 recherch\u00e9e des managers<\/h2>\n\n\n\n<p><\/p>\n\n\n\n<p>\u00catre volontaire, autonome et organis\u00e9 est bien vu des recruteurs. D\u2019apr\u00e8s une \u00e9tupe Ifop parue en septembre 2019, 84 % des cadres interrog\u00e9s accordent de l\u2019importance au volontarisme et \u00e0 l\u2019adaptabilit\u00e9 des salari\u00e9s. La facult\u00e9 d&rsquo;adaptation est \u00ab\u00a0l&rsquo;aisance d&rsquo;un individu \u00e0 \u00e9voluer en fonction du contexte, des \u00e9v\u00e9nements ou d&rsquo;un besoin sans se laisser conditionner ou influencer, en restructurant ses propres croyances, modes de fonctionnement, pens\u00e9es et autres automatismes habituels.\u00a0\u00bb Il s\u2019agit de savoir s\u2019adapter aux changement et aux \u00e9volutions qui ont lieu dans le cadre professionnel. Toutefois, cela implique de se former r\u00e9guli\u00e8rement (notamment aux nouvelles technologies) et d\u2019\u00eatre capable d\u2019apprendre rapidement.<\/p>\n\n\n\n<p><\/p>\n\n\n\n<h2 class=\"wp-block-heading\">La cr\u00e9ativit\u00e9 et l\u2019innovation font bon m\u00e9nage<\/h2>\n\n\n\n<p><\/p>\n\n\n\n<p>Avoir l\u2019esprit cr\u00e9atif est aujourd\u2019hui un atout majeur dans le monde du travail, notamment dans la sph\u00e8re des start-up. En effet, la cr\u00e9ativit\u00e9 est un peu le moteur de l\u2019innovation, car elle ouvre de nouvelles voies et permet de sortir des sentiers battus. C\u2019est pourquoi de nombreuses entreprises \u00e9laborent un v\u00e9ritable processus de cr\u00e9ativit\u00e9, compos\u00e9 de diff\u00e9rentes \u00e9tapes\u00a0: la pr\u00e9paration, l\u2019incubation, l\u2019illumination et enfin la validation. Ces proc\u00e9d\u00e9s prennent du temps, certes, mais sont efficaces. Toujours selon l\u2019Ifop, 58 % des cadres privil\u00e9gient les talents cr\u00e9atifs au sein de leur \u00e9quipe.<\/p>\n\n\n\n<p><\/p>\n\n\n\n<h2 class=\"wp-block-heading\">Intelligence \u00e9motionnelle et gestion du stress<\/h2>\n\n\n\n<p><\/p>\n\n\n\n<p>L\u2019Intelligence \u00e9motionnelle (IE) a \u00e9t\u00e9 conceptualis\u00e9e par John Mayer et Peter Salovey, deux psychologues qui ont officialis\u00e9 ce terme dans les ann\u00e9es 1990. Selon eux, lorsque l\u2019on reconna\u00eet ses \u00e9motions et que l\u2019on conna\u00eet leurs impacts, on peut les utiliser \u00e0 notre profit.\u00a0Nos \u00e9motions nous permettent alors de mieux \u00ab\u00a0performer\u00a0\u00bb et servent notre r\u00e9ussite professionnelle. Ces facteurs font partie de l\u2019intelligence \u00e9motionnelle, consid\u00e9r\u00e9e comme \u00e9tant \u00ab\u00a0la soft skill\u00a0ultime. \u00bb<\/p>\n\n\n\n<p><\/p>\n\n\n\n<p>Qui dit gestion de ses \u00e9motions dit \u00e9galement gestion du stress au travail, qualit\u00e9 que les recruteurs appr\u00e9cient, m\u00eame s\u2019ils ne le formulent pas toujours clairement. Mais cette comp\u00e9tence douce est aussi essentielle pour les managers, car cela leur permet de mieux g\u00e9rer la r\u00e9solution des conflits au sein d\u2019une \u00e9quipe de salari\u00e9s, ou au contraire de mieux f\u00e9d\u00e9rer les personnes entre elles. L\u2019intelligence \u00e9motionnelle inclut tout aussi bien la conscience et la ma\u00eetrise de soi que la motivation, ou encore l\u2019empathie.<\/p>\n\n\n\n<p><\/p>\n\n\n\n<p>Bien s\u00fbr, on ne vous demande pas d\u2019\u00eatre parfait, mais savoir d\u00e9montrer que vous poss\u00e9dez ces qualit\u00e9s dites de\u00a0savoir-\u00eatre ne pourra \u00eatre que b\u00e9n\u00e9fique pour \u00e9voluer au sein de votre entreprise ou d\u00e9crocher votre prochain poste\u00a0!<\/p>\n","protected":false},"excerpt":{"rendered":"<p>Les soft skills, autrement dit \u00ab\u00a0comp\u00e9tences douces\u00a0\u00bb sont plus que jamais appr\u00e9ci\u00e9es et valoris\u00e9es par les recruteurs. Elles d\u00e9signent entre autres les capacit\u00e9s de communication,\u2026<\/p>\n","protected":false},"author":2,"featured_media":11969,"comment_status":"closed","ping_status":"closed","sticky":false,"template":"","format":"standard","meta":{"_acf_changed":false,"footnotes":""},"categories":[4],"tags":[1472,1321,1641],"class_list":["post-11967","post","type-post","status-publish","format-standard","has-post-thumbnail","hentry","category-ressources-humaines","tag-entreprise","tag-recrutement","tag-soft-skills"],"acf":[],"yoast_head":"<!-- This site is optimized with the Yoast SEO plugin v24.8.1 - https:\/\/yoast.com\/wordpress\/plugins\/seo\/ -->\n<title>L\u2019importance des soft skills &#8211; ArchiBat Mag<\/title>\n<meta name=\"robots\" content=\"index, follow, max-snippet:-1, max-image-preview:large, max-video-preview:-1\" \/>\n<link rel=\"canonical\" href=\"https:\/\/archibat.com\/blog\/limportance-des-soft-skills\/\" \/>\n<meta property=\"og:locale\" content=\"fr_FR\" \/>\n<meta property=\"og:type\" content=\"article\" \/>\n<meta property=\"og:title\" content=\"L\u2019importance des soft skills &#8211; ArchiBat Mag\" \/>\n<meta property=\"og:description\" content=\"Les soft skills, autrement dit \u00ab\u00a0comp\u00e9tences douces\u00a0\u00bb sont plus que jamais appr\u00e9ci\u00e9es et valoris\u00e9es par les recruteurs. Elles d\u00e9signent entre autres les capacit\u00e9s de communication,\u2026\" \/>\n<meta property=\"og:url\" content=\"https:\/\/archibat.com\/blog\/limportance-des-soft-skills\/\" \/>\n<meta property=\"og:site_name\" content=\"ArchiBat Mag\" \/>\n<meta property=\"article:published_time\" content=\"2020-02-25T13:00:57+00:00\" \/>\n<meta property=\"og:image\" content=\"https:\/\/archibat.com\/blog\/wp-content\/uploads\/2020\/02\/iStock-896352582.jpeg\" \/>\n\t<meta property=\"og:image:width\" content=\"1280\" \/>\n\t<meta property=\"og:image:height\" content=\"853\" \/>\n\t<meta property=\"og:image:type\" content=\"image\/jpeg\" \/>\n<meta name=\"author\" content=\"communication\" \/>\n<meta name=\"twitter:card\" content=\"summary_large_image\" \/>\n<meta name=\"twitter:label1\" content=\"\u00c9crit par\" \/>\n\t<meta name=\"twitter:data1\" content=\"communication\" \/>\n\t<meta name=\"twitter:label2\" content=\"Dur\u00e9e de lecture estim\u00e9e\" \/>\n\t<meta name=\"twitter:data2\" content=\"4 minutes\" \/>\n<script type=\"application\/ld+json\" class=\"yoast-schema-graph\">{\"@context\":\"https:\/\/schema.org\",\"@graph\":[{\"@type\":\"WebPage\",\"@id\":\"https:\/\/archibat.com\/blog\/limportance-des-soft-skills\/\",\"url\":\"https:\/\/archibat.com\/blog\/limportance-des-soft-skills\/\",\"name\":\"L\u2019importance des soft skills &#8211; ArchiBat Mag\",\"isPartOf\":{\"@id\":\"https:\/\/archibat.com\/blog\/#website\"},\"primaryImageOfPage\":{\"@id\":\"https:\/\/archibat.com\/blog\/limportance-des-soft-skills\/#primaryimage\"},\"image\":{\"@id\":\"https:\/\/archibat.com\/blog\/limportance-des-soft-skills\/#primaryimage\"},\"thumbnailUrl\":\"https:\/\/archibat.com\/blog\/wp-content\/uploads\/2020\/02\/iStock-896352582.jpeg\",\"datePublished\":\"2020-02-25T13:00:57+00:00\",\"author\":{\"@id\":\"https:\/\/archibat.com\/blog\/#\/schema\/person\/c246f0d63b5e719c2cbe4f9bd494bf12\"},\"breadcrumb\":{\"@id\":\"https:\/\/archibat.com\/blog\/limportance-des-soft-skills\/#breadcrumb\"},\"inLanguage\":\"fr-FR\",\"potentialAction\":[{\"@type\":\"ReadAction\",\"target\":[\"https:\/\/archibat.com\/blog\/limportance-des-soft-skills\/\"]}]},{\"@type\":\"ImageObject\",\"inLanguage\":\"fr-FR\",\"@id\":\"https:\/\/archibat.com\/blog\/limportance-des-soft-skills\/#primaryimage\",\"url\":\"https:\/\/archibat.com\/blog\/wp-content\/uploads\/2020\/02\/iStock-896352582.jpeg\",\"contentUrl\":\"https:\/\/archibat.com\/blog\/wp-content\/uploads\/2020\/02\/iStock-896352582.jpeg\",\"width\":1280,\"height\":853,\"caption\":\"Consent of mind and emotions\"},{\"@type\":\"BreadcrumbList\",\"@id\":\"https:\/\/archibat.com\/blog\/limportance-des-soft-skills\/#breadcrumb\",\"itemListElement\":[{\"@type\":\"ListItem\",\"position\":1,\"name\":\"Home\",\"item\":\"https:\/\/archibat.com\/blog\/\"},{\"@type\":\"ListItem\",\"position\":2,\"name\":\"L\u2019importance des soft skills\"}]},{\"@type\":\"WebSite\",\"@id\":\"https:\/\/archibat.com\/blog\/#website\",\"url\":\"https:\/\/archibat.com\/blog\/\",\"name\":\"ArchiBat Mag\",\"description\":\"Vous souhaitez connaitre les derni\u00e8res actualit\u00e9s sur l\u2019Architecture, le Design ou les Ressources Humaines ? D\u00e9couvrez ArchiBat Mag, le magazine d\u00e9di\u00e9 aux m\u00e9tiers de l&#039;Architecture et de l&#039;Ing\u00e9nierie.\",\"potentialAction\":[{\"@type\":\"SearchAction\",\"target\":{\"@type\":\"EntryPoint\",\"urlTemplate\":\"https:\/\/archibat.com\/blog\/?s={search_term_string}\"},\"query-input\":{\"@type\":\"PropertyValueSpecification\",\"valueRequired\":true,\"valueName\":\"search_term_string\"}}],\"inLanguage\":\"fr-FR\"},{\"@type\":\"Person\",\"@id\":\"https:\/\/archibat.com\/blog\/#\/schema\/person\/c246f0d63b5e719c2cbe4f9bd494bf12\",\"name\":\"communication\"}]}<\/script>\n<!-- \/ Yoast SEO plugin. -->","yoast_head_json":{"title":"L\u2019importance des soft skills &#8211; ArchiBat Mag","robots":{"index":"index","follow":"follow","max-snippet":"max-snippet:-1","max-image-preview":"max-image-preview:large","max-video-preview":"max-video-preview:-1"},"canonical":"https:\/\/archibat.com\/blog\/limportance-des-soft-skills\/","og_locale":"fr_FR","og_type":"article","og_title":"L\u2019importance des soft skills &#8211; ArchiBat Mag","og_description":"Les soft skills, autrement dit \u00ab\u00a0comp\u00e9tences douces\u00a0\u00bb sont plus que jamais appr\u00e9ci\u00e9es et valoris\u00e9es par les recruteurs. Elles d\u00e9signent entre autres les capacit\u00e9s de communication,\u2026","og_url":"https:\/\/archibat.com\/blog\/limportance-des-soft-skills\/","og_site_name":"ArchiBat Mag","article_published_time":"2020-02-25T13:00:57+00:00","og_image":[{"width":1280,"height":853,"url":"https:\/\/archibat.com\/blog\/wp-content\/uploads\/2020\/02\/iStock-896352582.jpeg","type":"image\/jpeg"}],"author":"communication","twitter_card":"summary_large_image","twitter_misc":{"\u00c9crit par":"communication","Dur\u00e9e de lecture estim\u00e9e":"4 minutes"},"schema":{"@context":"https:\/\/schema.org","@graph":[{"@type":"WebPage","@id":"https:\/\/archibat.com\/blog\/limportance-des-soft-skills\/","url":"https:\/\/archibat.com\/blog\/limportance-des-soft-skills\/","name":"L\u2019importance des soft skills &#8211; ArchiBat Mag","isPartOf":{"@id":"https:\/\/archibat.com\/blog\/#website"},"primaryImageOfPage":{"@id":"https:\/\/archibat.com\/blog\/limportance-des-soft-skills\/#primaryimage"},"image":{"@id":"https:\/\/archibat.com\/blog\/limportance-des-soft-skills\/#primaryimage"},"thumbnailUrl":"https:\/\/archibat.com\/blog\/wp-content\/uploads\/2020\/02\/iStock-896352582.jpeg","datePublished":"2020-02-25T13:00:57+00:00","author":{"@id":"https:\/\/archibat.com\/blog\/#\/schema\/person\/c246f0d63b5e719c2cbe4f9bd494bf12"},"breadcrumb":{"@id":"https:\/\/archibat.com\/blog\/limportance-des-soft-skills\/#breadcrumb"},"inLanguage":"fr-FR","potentialAction":[{"@type":"ReadAction","target":["https:\/\/archibat.com\/blog\/limportance-des-soft-skills\/"]}]},{"@type":"ImageObject","inLanguage":"fr-FR","@id":"https:\/\/archibat.com\/blog\/limportance-des-soft-skills\/#primaryimage","url":"https:\/\/archibat.com\/blog\/wp-content\/uploads\/2020\/02\/iStock-896352582.jpeg","contentUrl":"https:\/\/archibat.com\/blog\/wp-content\/uploads\/2020\/02\/iStock-896352582.jpeg","width":1280,"height":853,"caption":"Consent of mind and emotions"},{"@type":"BreadcrumbList","@id":"https:\/\/archibat.com\/blog\/limportance-des-soft-skills\/#breadcrumb","itemListElement":[{"@type":"ListItem","position":1,"name":"Home","item":"https:\/\/archibat.com\/blog\/"},{"@type":"ListItem","position":2,"name":"L\u2019importance des soft skills"}]},{"@type":"WebSite","@id":"https:\/\/archibat.com\/blog\/#website","url":"https:\/\/archibat.com\/blog\/","name":"ArchiBat Mag","description":"Vous souhaitez connaitre les derni\u00e8res actualit\u00e9s sur l\u2019Architecture, le Design ou les Ressources Humaines ? D\u00e9couvrez ArchiBat Mag, le magazine d\u00e9di\u00e9 aux m\u00e9tiers de l&#039;Architecture et de l&#039;Ing\u00e9nierie.","potentialAction":[{"@type":"SearchAction","target":{"@type":"EntryPoint","urlTemplate":"https:\/\/archibat.com\/blog\/?s={search_term_string}"},"query-input":{"@type":"PropertyValueSpecification","valueRequired":true,"valueName":"search_term_string"}}],"inLanguage":"fr-FR"},{"@type":"Person","@id":"https:\/\/archibat.com\/blog\/#\/schema\/person\/c246f0d63b5e719c2cbe4f9bd494bf12","name":"communication"}]}},"_links":{"self":[{"href":"https:\/\/archibat.com\/blog\/wp-json\/wp\/v2\/posts\/11967","targetHints":{"allow":["GET"]}}],"collection":[{"href":"https:\/\/archibat.com\/blog\/wp-json\/wp\/v2\/posts"}],"about":[{"href":"https:\/\/archibat.com\/blog\/wp-json\/wp\/v2\/types\/post"}],"author":[{"embeddable":true,"href":"https:\/\/archibat.com\/blog\/wp-json\/wp\/v2\/users\/2"}],"replies":[{"embeddable":true,"href":"https:\/\/archibat.com\/blog\/wp-json\/wp\/v2\/comments?post=11967"}],"version-history":[{"count":3,"href":"https:\/\/archibat.com\/blog\/wp-json\/wp\/v2\/posts\/11967\/revisions"}],"predecessor-version":[{"id":11977,"href":"https:\/\/archibat.com\/blog\/wp-json\/wp\/v2\/posts\/11967\/revisions\/11977"}],"wp:featuredmedia":[{"embeddable":true,"href":"https:\/\/archibat.com\/blog\/wp-json\/wp\/v2\/media\/11969"}],"wp:attachment":[{"href":"https:\/\/archibat.com\/blog\/wp-json\/wp\/v2\/media?parent=11967"}],"wp:term":[{"taxonomy":"category","embeddable":true,"href":"https:\/\/archibat.com\/blog\/wp-json\/wp\/v2\/categories?post=11967"},{"taxonomy":"post_tag","embeddable":true,"href":"https:\/\/archibat.com\/blog\/wp-json\/wp\/v2\/tags?post=11967"}],"curies":[{"name":"wp","href":"https:\/\/api.w.org\/{rel}","templated":true}]}}