{"id":12208,"date":"2020-03-27T14:00:48","date_gmt":"2020-03-27T13:00:48","guid":{"rendered":"https:\/\/archibat.com\/blog\/?p=12208"},"modified":"2022-10-18T15:55:11","modified_gmt":"2022-10-18T13:55:11","slug":"un-boutique-hotel-vitrine-de-la-culture-artisanale","status":"publish","type":"post","link":"https:\/\/archibat.com\/blog\/un-boutique-hotel-vitrine-de-la-culture-artisanale\/","title":{"rendered":"Une boutique h\u00f4tel, vitrine du savoir-faire artisanal"},"content":{"rendered":"\n<p>La r\u00e9volution industrielle a modifi\u00e9 en profondeur l\u2019\u00e9conomie de l\u2019artisanat. En effet, la production \u00e0 grande \u00e9chelle a pris le pas sur les r\u00e9alisations des petits artisans. Les \u0153uvres artisanales sont parfois consid\u00e9r\u00e9es, \u00e0 tort, comme du travail amateur et peu qualitatif.<\/p>\n\n\n\n<p><\/p>\n\n\n\n<p><\/p>\n\n\n\n<p>Pour contrer ce ph\u00e9nom\u00e8ne, l\u2019artiste et designer William Morris a lanc\u00e9 le mouvement Arts and Crafts dans le but de pr\u00e9server et d\u00e9velopper l\u2019artisanat authentique et local, en incluant la c\u00e9ramique, les textiles et le mobilier. Les cr\u00e9ateurs et les fournisseurs de ce mouvement souhaitent faire vivre et perdurer les traditions. L\u2019h\u00f4tel-boutique mexicain Casa Hoyos fait partie int\u00e9grante de ce projet, sa conception \u00e9tant enti\u00e8rement bas\u00e9e sur la mise en valeur de la culture artisanale locale.<\/p>\n\n\n\n<figure class=\"wp-block-image size-large\"><img loading=\"lazy\" decoding=\"async\" width=\"720\" height=\"405\" src=\"https:\/\/archibat.com\/blog\/wp-content\/uploads\/2020\/03\/294811-720x405.jpg\" alt=\"\" class=\"wp-image-12219\" srcset=\"https:\/\/archibat.com\/blog\/wp-content\/uploads\/2020\/03\/294811-720x405.jpg 720w, https:\/\/archibat.com\/blog\/wp-content\/uploads\/2020\/03\/294811-300x169.jpg 300w, https:\/\/archibat.com\/blog\/wp-content\/uploads\/2020\/03\/294811-768x432.jpg 768w, https:\/\/archibat.com\/blog\/wp-content\/uploads\/2020\/03\/294811-1536x864.jpg 1536w, https:\/\/archibat.com\/blog\/wp-content\/uploads\/2020\/03\/294811.jpg 1920w\" sizes=\"auto, (max-width: 720px) 100vw, 720px\" \/><\/figure>\n\n\n\n<p><\/p>\n\n\n\n<p>Casa Hoyos est situ\u00e9 \u00e0 San Miguel de Allende, une ville mexicaine riche en histoire culturelle et architecturale. \u00c0 seulement quelques pas se trouve le centre historique, site class\u00e9 au patrimoine mondial de l\u2019Unesco et c\u00e9l\u00e8bre pour son architecture baroque et n\u00e9oclassique. Les designers de AG Interior Studio ont veill\u00e9 \u00e0 pr\u00e9server les caract\u00e9ristiques coloniales de l\u2019ancien manoir espagnol lors de sa r\u00e9novation. Tout en r\u00e9habilitant la structure historique, les designers ont mis en oeuvre des techniques artisanales locales comme les c\u00e9ramiques \u00e9maill\u00e9es, les tuiles de pl\u00e2tre et les dalles d\u2019argile.<\/p>\n\n\n\n<p><\/p>\n\n\n\n<p><\/p>\n\n\n\n<p>La Casa Hoyos se compose de 16 suites, toutes pourvues d\u2019un m\u00e9lange de mobilier \u00e0 la fois traditionnel et contemporain propre au Mexique comme les fauteuils Calaca, les tapisseries tiss\u00e9es, les bacs \u00e0 plantes r\u00e9fl\u00e9chissants. Le b\u00e9ton de la cour, r\u00e9f\u00e9rence au modernisme mexicain, se marie \u00e0 des c\u00e9ramiques lumineuses et color\u00e9es. Au bout d\u2019une coursive, une Madone est repr\u00e9sent\u00e9e sur les carreaux de c\u00e9ramique dispos\u00e9s de fa\u00e7on sym\u00e9trique au-dessus d\u2019une console en r\u00e9f\u00e9rence \u00e0 un autel. La mise en \u0153uvre des c\u00e9ramiques au mur et au sol est inspir\u00e9e des pratiques de construction traditionnelles mexicaines.<\/p>\n\n\n\n<p><\/p>\n\n\n\n<figure class=\"wp-block-image size-large is-resized\"><img loading=\"lazy\" decoding=\"async\" src=\"https:\/\/archibat.com\/blog\/wp-content\/uploads\/2020\/03\/ag_interior_studio_casa_hoyes_6-1-320x480.jpg\" alt=\"\" class=\"wp-image-12215\" width=\"655\" height=\"984\" srcset=\"https:\/\/archibat.com\/blog\/wp-content\/uploads\/2020\/03\/ag_interior_studio_casa_hoyes_6-1-320x480.jpg 320w, https:\/\/archibat.com\/blog\/wp-content\/uploads\/2020\/03\/ag_interior_studio_casa_hoyes_6-1-200x300.jpg 200w, https:\/\/archibat.com\/blog\/wp-content\/uploads\/2020\/03\/ag_interior_studio_casa_hoyes_6-1-768x1152.jpg 768w, https:\/\/archibat.com\/blog\/wp-content\/uploads\/2020\/03\/ag_interior_studio_casa_hoyes_6-1-1024x1536.jpg 1024w, https:\/\/archibat.com\/blog\/wp-content\/uploads\/2020\/03\/ag_interior_studio_casa_hoyes_6-1.jpg 1080w\" sizes=\"auto, (max-width: 655px) 100vw, 655px\" \/><\/figure>\n\n\n\n<figure class=\"wp-block-image size-large is-resized\"><img loading=\"lazy\" decoding=\"async\" src=\"https:\/\/archibat.com\/blog\/wp-content\/uploads\/2020\/03\/ag_interior_studio_casa_hoyes_7-320x480.jpg\" alt=\"\" class=\"wp-image-12221\" width=\"656\" height=\"985\" srcset=\"https:\/\/archibat.com\/blog\/wp-content\/uploads\/2020\/03\/ag_interior_studio_casa_hoyes_7-320x480.jpg 320w, https:\/\/archibat.com\/blog\/wp-content\/uploads\/2020\/03\/ag_interior_studio_casa_hoyes_7-200x300.jpg 200w, https:\/\/archibat.com\/blog\/wp-content\/uploads\/2020\/03\/ag_interior_studio_casa_hoyes_7-768x1152.jpg 768w, https:\/\/archibat.com\/blog\/wp-content\/uploads\/2020\/03\/ag_interior_studio_casa_hoyes_7-1024x1536.jpg 1024w, https:\/\/archibat.com\/blog\/wp-content\/uploads\/2020\/03\/ag_interior_studio_casa_hoyes_7.jpg 1080w\" sizes=\"auto, (max-width: 656px) 100vw, 656px\" \/><\/figure>\n\n\n\n<p>Enfin, une terrasse sur le toit offre aux clients une vue privil\u00e9gi\u00e9e sur le coucher de soleil de Guanajuato. Des carreaux de terre cuite et des chaises longues couleur rouge vif compl\u00e8tent joliment le paysage urbain environnant aux teintes ros\u00e9es.<\/p>\n\n\n\n<p><\/p>\n\n\n\n<figure class=\"wp-block-image size-large is-resized\"><img loading=\"lazy\" decoding=\"async\" src=\"https:\/\/archibat.com\/blog\/wp-content\/uploads\/2020\/03\/ag_interior_studio_casa_hoyes_1-320x480.jpg\" alt=\"\" class=\"wp-image-12217\" width=\"650\" height=\"976\" srcset=\"https:\/\/archibat.com\/blog\/wp-content\/uploads\/2020\/03\/ag_interior_studio_casa_hoyes_1-320x480.jpg 320w, https:\/\/archibat.com\/blog\/wp-content\/uploads\/2020\/03\/ag_interior_studio_casa_hoyes_1-200x300.jpg 200w, https:\/\/archibat.com\/blog\/wp-content\/uploads\/2020\/03\/ag_interior_studio_casa_hoyes_1-768x1152.jpg 768w, https:\/\/archibat.com\/blog\/wp-content\/uploads\/2020\/03\/ag_interior_studio_casa_hoyes_1-1024x1536.jpg 1024w, https:\/\/archibat.com\/blog\/wp-content\/uploads\/2020\/03\/ag_interior_studio_casa_hoyes_1.jpg 1080w\" sizes=\"auto, (max-width: 650px) 100vw, 650px\" \/><\/figure>\n\n\n\n<p><\/p>\n\n\n\n<p><strong><em>Cr\u00e9dit photos&nbsp;: Diego Padilla<\/em><\/strong><\/p>\n","protected":false},"excerpt":{"rendered":"<p>La r\u00e9volution industrielle a modifi\u00e9 en profondeur l\u2019\u00e9conomie de l\u2019artisanat. En effet, la production \u00e0 grande \u00e9chelle a pris le pas sur les r\u00e9alisations des\u2026<\/p>\n","protected":false},"author":2,"featured_media":12209,"comment_status":"closed","ping_status":"closed","sticky":false,"template":"","format":"standard","meta":{"_acf_changed":false,"footnotes":""},"categories":[3],"tags":[2238,1534,2441,2442,1303,2443],"class_list":["post-12208","post","type-post","status-publish","format-standard","has-post-thumbnail","hentry","category-architecture-et-design","tag-architecture","tag-artisanat","tag-boutique-hotel","tag-casa-hoyos","tag-hotel","tag-mexique"],"acf":[],"yoast_head":"<!-- This site is optimized with the Yoast SEO plugin v24.8.1 - https:\/\/yoast.com\/wordpress\/plugins\/seo\/ -->\n<title>Une boutique h\u00f4tel, vitrine du savoir-faire artisanal &#8211; ArchiBat Mag<\/title>\n<meta name=\"robots\" content=\"index, follow, max-snippet:-1, max-image-preview:large, max-video-preview:-1\" \/>\n<link rel=\"canonical\" href=\"https:\/\/archibat.com\/blog\/un-boutique-hotel-vitrine-de-la-culture-artisanale\/\" \/>\n<meta property=\"og:locale\" content=\"fr_FR\" \/>\n<meta property=\"og:type\" content=\"article\" \/>\n<meta property=\"og:title\" content=\"Une boutique h\u00f4tel, vitrine du savoir-faire artisanal &#8211; ArchiBat Mag\" \/>\n<meta property=\"og:description\" content=\"La r\u00e9volution industrielle a modifi\u00e9 en profondeur l\u2019\u00e9conomie de l\u2019artisanat. En effet, la production \u00e0 grande \u00e9chelle a pris le pas sur les r\u00e9alisations des\u2026\" \/>\n<meta property=\"og:url\" content=\"https:\/\/archibat.com\/blog\/un-boutique-hotel-vitrine-de-la-culture-artisanale\/\" \/>\n<meta property=\"og:site_name\" content=\"ArchiBat Mag\" \/>\n<meta property=\"article:published_time\" content=\"2020-03-27T13:00:48+00:00\" \/>\n<meta property=\"article:modified_time\" content=\"2022-10-18T13:55:11+00:00\" \/>\n<meta property=\"og:image\" content=\"https:\/\/archibat.com\/blog\/wp-content\/uploads\/2020\/03\/ag_interior_studio_casa_hoyes_4.jpg\" \/>\n\t<meta property=\"og:image:width\" content=\"1920\" \/>\n\t<meta property=\"og:image:height\" content=\"1274\" \/>\n\t<meta property=\"og:image:type\" content=\"image\/jpeg\" \/>\n<meta name=\"author\" content=\"communication\" \/>\n<meta name=\"twitter:card\" content=\"summary_large_image\" \/>\n<meta name=\"twitter:label1\" content=\"\u00c9crit par\" \/>\n\t<meta name=\"twitter:data1\" content=\"communication\" \/>\n\t<meta name=\"twitter:label2\" content=\"Dur\u00e9e de lecture estim\u00e9e\" \/>\n\t<meta name=\"twitter:data2\" content=\"2 minutes\" \/>\n<script type=\"application\/ld+json\" class=\"yoast-schema-graph\">{\"@context\":\"https:\/\/schema.org\",\"@graph\":[{\"@type\":\"WebPage\",\"@id\":\"https:\/\/archibat.com\/blog\/un-boutique-hotel-vitrine-de-la-culture-artisanale\/\",\"url\":\"https:\/\/archibat.com\/blog\/un-boutique-hotel-vitrine-de-la-culture-artisanale\/\",\"name\":\"Une boutique h\u00f4tel, vitrine du savoir-faire artisanal &#8211; ArchiBat Mag\",\"isPartOf\":{\"@id\":\"https:\/\/archibat.com\/blog\/#website\"},\"primaryImageOfPage\":{\"@id\":\"https:\/\/archibat.com\/blog\/un-boutique-hotel-vitrine-de-la-culture-artisanale\/#primaryimage\"},\"image\":{\"@id\":\"https:\/\/archibat.com\/blog\/un-boutique-hotel-vitrine-de-la-culture-artisanale\/#primaryimage\"},\"thumbnailUrl\":\"https:\/\/archibat.com\/blog\/wp-content\/uploads\/2020\/03\/ag_interior_studio_casa_hoyes_4.jpg\",\"datePublished\":\"2020-03-27T13:00:48+00:00\",\"dateModified\":\"2022-10-18T13:55:11+00:00\",\"author\":{\"@id\":\"https:\/\/archibat.com\/blog\/#\/schema\/person\/c246f0d63b5e719c2cbe4f9bd494bf12\"},\"breadcrumb\":{\"@id\":\"https:\/\/archibat.com\/blog\/un-boutique-hotel-vitrine-de-la-culture-artisanale\/#breadcrumb\"},\"inLanguage\":\"fr-FR\",\"potentialAction\":[{\"@type\":\"ReadAction\",\"target\":[\"https:\/\/archibat.com\/blog\/un-boutique-hotel-vitrine-de-la-culture-artisanale\/\"]}]},{\"@type\":\"ImageObject\",\"inLanguage\":\"fr-FR\",\"@id\":\"https:\/\/archibat.com\/blog\/un-boutique-hotel-vitrine-de-la-culture-artisanale\/#primaryimage\",\"url\":\"https:\/\/archibat.com\/blog\/wp-content\/uploads\/2020\/03\/ag_interior_studio_casa_hoyes_4.jpg\",\"contentUrl\":\"https:\/\/archibat.com\/blog\/wp-content\/uploads\/2020\/03\/ag_interior_studio_casa_hoyes_4.jpg\",\"width\":1920,\"height\":1274},{\"@type\":\"BreadcrumbList\",\"@id\":\"https:\/\/archibat.com\/blog\/un-boutique-hotel-vitrine-de-la-culture-artisanale\/#breadcrumb\",\"itemListElement\":[{\"@type\":\"ListItem\",\"position\":1,\"name\":\"Home\",\"item\":\"https:\/\/archibat.com\/blog\/\"},{\"@type\":\"ListItem\",\"position\":2,\"name\":\"Une boutique h\u00f4tel, vitrine du savoir-faire artisanal\"}]},{\"@type\":\"WebSite\",\"@id\":\"https:\/\/archibat.com\/blog\/#website\",\"url\":\"https:\/\/archibat.com\/blog\/\",\"name\":\"ArchiBat Mag\",\"description\":\"Vous souhaitez connaitre les derni\u00e8res actualit\u00e9s sur l\u2019Architecture, le Design ou les Ressources Humaines ? D\u00e9couvrez ArchiBat Mag, le magazine d\u00e9di\u00e9 aux m\u00e9tiers de l&#039;Architecture et de l&#039;Ing\u00e9nierie.\",\"potentialAction\":[{\"@type\":\"SearchAction\",\"target\":{\"@type\":\"EntryPoint\",\"urlTemplate\":\"https:\/\/archibat.com\/blog\/?s={search_term_string}\"},\"query-input\":{\"@type\":\"PropertyValueSpecification\",\"valueRequired\":true,\"valueName\":\"search_term_string\"}}],\"inLanguage\":\"fr-FR\"},{\"@type\":\"Person\",\"@id\":\"https:\/\/archibat.com\/blog\/#\/schema\/person\/c246f0d63b5e719c2cbe4f9bd494bf12\",\"name\":\"communication\"}]}<\/script>\n<!-- \/ Yoast SEO plugin. -->","yoast_head_json":{"title":"Une boutique h\u00f4tel, vitrine du savoir-faire artisanal &#8211; ArchiBat Mag","robots":{"index":"index","follow":"follow","max-snippet":"max-snippet:-1","max-image-preview":"max-image-preview:large","max-video-preview":"max-video-preview:-1"},"canonical":"https:\/\/archibat.com\/blog\/un-boutique-hotel-vitrine-de-la-culture-artisanale\/","og_locale":"fr_FR","og_type":"article","og_title":"Une boutique h\u00f4tel, vitrine du savoir-faire artisanal &#8211; ArchiBat Mag","og_description":"La r\u00e9volution industrielle a modifi\u00e9 en profondeur l\u2019\u00e9conomie de l\u2019artisanat. En effet, la production \u00e0 grande \u00e9chelle a pris le pas sur les r\u00e9alisations des\u2026","og_url":"https:\/\/archibat.com\/blog\/un-boutique-hotel-vitrine-de-la-culture-artisanale\/","og_site_name":"ArchiBat Mag","article_published_time":"2020-03-27T13:00:48+00:00","article_modified_time":"2022-10-18T13:55:11+00:00","og_image":[{"width":1920,"height":1274,"url":"https:\/\/archibat.com\/blog\/wp-content\/uploads\/2020\/03\/ag_interior_studio_casa_hoyes_4.jpg","type":"image\/jpeg"}],"author":"communication","twitter_card":"summary_large_image","twitter_misc":{"\u00c9crit par":"communication","Dur\u00e9e de lecture estim\u00e9e":"2 minutes"},"schema":{"@context":"https:\/\/schema.org","@graph":[{"@type":"WebPage","@id":"https:\/\/archibat.com\/blog\/un-boutique-hotel-vitrine-de-la-culture-artisanale\/","url":"https:\/\/archibat.com\/blog\/un-boutique-hotel-vitrine-de-la-culture-artisanale\/","name":"Une boutique h\u00f4tel, vitrine du savoir-faire artisanal &#8211; ArchiBat Mag","isPartOf":{"@id":"https:\/\/archibat.com\/blog\/#website"},"primaryImageOfPage":{"@id":"https:\/\/archibat.com\/blog\/un-boutique-hotel-vitrine-de-la-culture-artisanale\/#primaryimage"},"image":{"@id":"https:\/\/archibat.com\/blog\/un-boutique-hotel-vitrine-de-la-culture-artisanale\/#primaryimage"},"thumbnailUrl":"https:\/\/archibat.com\/blog\/wp-content\/uploads\/2020\/03\/ag_interior_studio_casa_hoyes_4.jpg","datePublished":"2020-03-27T13:00:48+00:00","dateModified":"2022-10-18T13:55:11+00:00","author":{"@id":"https:\/\/archibat.com\/blog\/#\/schema\/person\/c246f0d63b5e719c2cbe4f9bd494bf12"},"breadcrumb":{"@id":"https:\/\/archibat.com\/blog\/un-boutique-hotel-vitrine-de-la-culture-artisanale\/#breadcrumb"},"inLanguage":"fr-FR","potentialAction":[{"@type":"ReadAction","target":["https:\/\/archibat.com\/blog\/un-boutique-hotel-vitrine-de-la-culture-artisanale\/"]}]},{"@type":"ImageObject","inLanguage":"fr-FR","@id":"https:\/\/archibat.com\/blog\/un-boutique-hotel-vitrine-de-la-culture-artisanale\/#primaryimage","url":"https:\/\/archibat.com\/blog\/wp-content\/uploads\/2020\/03\/ag_interior_studio_casa_hoyes_4.jpg","contentUrl":"https:\/\/archibat.com\/blog\/wp-content\/uploads\/2020\/03\/ag_interior_studio_casa_hoyes_4.jpg","width":1920,"height":1274},{"@type":"BreadcrumbList","@id":"https:\/\/archibat.com\/blog\/un-boutique-hotel-vitrine-de-la-culture-artisanale\/#breadcrumb","itemListElement":[{"@type":"ListItem","position":1,"name":"Home","item":"https:\/\/archibat.com\/blog\/"},{"@type":"ListItem","position":2,"name":"Une boutique h\u00f4tel, vitrine du savoir-faire artisanal"}]},{"@type":"WebSite","@id":"https:\/\/archibat.com\/blog\/#website","url":"https:\/\/archibat.com\/blog\/","name":"ArchiBat Mag","description":"Vous souhaitez connaitre les derni\u00e8res actualit\u00e9s sur l\u2019Architecture, le Design ou les Ressources Humaines ? D\u00e9couvrez ArchiBat Mag, le magazine d\u00e9di\u00e9 aux m\u00e9tiers de l&#039;Architecture et de l&#039;Ing\u00e9nierie.","potentialAction":[{"@type":"SearchAction","target":{"@type":"EntryPoint","urlTemplate":"https:\/\/archibat.com\/blog\/?s={search_term_string}"},"query-input":{"@type":"PropertyValueSpecification","valueRequired":true,"valueName":"search_term_string"}}],"inLanguage":"fr-FR"},{"@type":"Person","@id":"https:\/\/archibat.com\/blog\/#\/schema\/person\/c246f0d63b5e719c2cbe4f9bd494bf12","name":"communication"}]}},"_links":{"self":[{"href":"https:\/\/archibat.com\/blog\/wp-json\/wp\/v2\/posts\/12208","targetHints":{"allow":["GET"]}}],"collection":[{"href":"https:\/\/archibat.com\/blog\/wp-json\/wp\/v2\/posts"}],"about":[{"href":"https:\/\/archibat.com\/blog\/wp-json\/wp\/v2\/types\/post"}],"author":[{"embeddable":true,"href":"https:\/\/archibat.com\/blog\/wp-json\/wp\/v2\/users\/2"}],"replies":[{"embeddable":true,"href":"https:\/\/archibat.com\/blog\/wp-json\/wp\/v2\/comments?post=12208"}],"version-history":[{"count":3,"href":"https:\/\/archibat.com\/blog\/wp-json\/wp\/v2\/posts\/12208\/revisions"}],"predecessor-version":[{"id":19080,"href":"https:\/\/archibat.com\/blog\/wp-json\/wp\/v2\/posts\/12208\/revisions\/19080"}],"wp:featuredmedia":[{"embeddable":true,"href":"https:\/\/archibat.com\/blog\/wp-json\/wp\/v2\/media\/12209"}],"wp:attachment":[{"href":"https:\/\/archibat.com\/blog\/wp-json\/wp\/v2\/media?parent=12208"}],"wp:term":[{"taxonomy":"category","embeddable":true,"href":"https:\/\/archibat.com\/blog\/wp-json\/wp\/v2\/categories?post=12208"},{"taxonomy":"post_tag","embeddable":true,"href":"https:\/\/archibat.com\/blog\/wp-json\/wp\/v2\/tags?post=12208"}],"curies":[{"name":"wp","href":"https:\/\/api.w.org\/{rel}","templated":true}]}}