{"id":1235,"date":"2015-11-16T12:36:49","date_gmt":"2015-11-16T11:36:49","guid":{"rendered":"https:\/\/www.archibat.com\/blog\/?p=1235"},"modified":"2018-12-11T17:21:06","modified_gmt":"2018-12-11T16:21:06","slug":"peace-for-paris","status":"publish","type":"post","link":"https:\/\/archibat.com\/blog\/peace-for-paris\/","title":{"rendered":"Peace for Paris"},"content":{"rendered":"<p>Paris a \u00e9t\u00e9 touch\u00e9 au coeur, notre quartier a \u00e9t\u00e9 touch\u00e9, notre r\u00e9seau professionnel, nos amis&#8230; Toute l&rsquo;\u00e9quipe d&rsquo;ArchiBat est profond\u00e9ment boulevers\u00e9e par ces actes de barbarie.<\/p>\n<p>Nos pens\u00e9es et nos peines sont \u00e0 Paris aupr\u00e8s des familles des victimes mais aussi partout dans le monde o\u00f9 les valeurs de justice, d&rsquo;\u00e9quit\u00e9 et de paix sont mises en cause par l&rsquo;ignorance, l&rsquo;extr\u00e9misme et la violence.<\/p>\n<p>L&rsquo;\u00e9quipe d&rsquo;ArchiBat<\/p>\n","protected":false},"excerpt":{"rendered":"<p>Paris a \u00e9t\u00e9 touch\u00e9 au coeur, notre quartier a \u00e9t\u00e9 touch\u00e9, notre r\u00e9seau professionnel, nos amis&#8230; Toute l&rsquo;\u00e9quipe d&rsquo;ArchiBat est profond\u00e9ment boulevers\u00e9e par ces actes\u2026<\/p>\n","protected":false},"author":2,"featured_media":1236,"comment_status":"closed","ping_status":"closed","sticky":false,"template":"","format":"standard","meta":{"_acf_changed":false,"footnotes":""},"categories":[3],"tags":[],"class_list":["post-1235","post","type-post","status-publish","format-standard","has-post-thumbnail","hentry","category-architecture-et-design"],"acf":[],"yoast_head":"<!-- This site is optimized with the Yoast SEO plugin v24.8.1 - https:\/\/yoast.com\/wordpress\/plugins\/seo\/ -->\n<title>Peace for Paris &#8211; ArchiBat Mag<\/title>\n<meta name=\"robots\" content=\"index, follow, max-snippet:-1, max-image-preview:large, max-video-preview:-1\" \/>\n<link rel=\"canonical\" href=\"https:\/\/archibat.com\/blog\/peace-for-paris\/\" \/>\n<meta property=\"og:locale\" content=\"fr_FR\" \/>\n<meta property=\"og:type\" content=\"article\" \/>\n<meta property=\"og:title\" content=\"Peace for Paris &#8211; ArchiBat Mag\" \/>\n<meta property=\"og:description\" content=\"Paris a \u00e9t\u00e9 touch\u00e9 au coeur, notre quartier a \u00e9t\u00e9 touch\u00e9, notre r\u00e9seau professionnel, nos amis&#8230; Toute l&rsquo;\u00e9quipe d&rsquo;ArchiBat est profond\u00e9ment boulevers\u00e9e par ces actes\u2026\" \/>\n<meta property=\"og:url\" content=\"https:\/\/archibat.com\/blog\/peace-for-paris\/\" \/>\n<meta property=\"og:site_name\" content=\"ArchiBat Mag\" \/>\n<meta property=\"article:published_time\" content=\"2015-11-16T11:36:49+00:00\" \/>\n<meta property=\"article:modified_time\" content=\"2018-12-11T16:21:06+00:00\" \/>\n<meta property=\"og:image\" content=\"https:\/\/archibat.com\/blog\/wp-content\/uploads\/2015\/11\/Peace-for-Paris-635x357px-2.jpg\" \/>\n\t<meta property=\"og:image:width\" content=\"635\" \/>\n\t<meta property=\"og:image:height\" content=\"357\" \/>\n\t<meta property=\"og:image:type\" content=\"image\/jpeg\" \/>\n<meta name=\"author\" content=\"communication\" \/>\n<meta name=\"twitter:card\" content=\"summary_large_image\" \/>\n<meta name=\"twitter:label1\" content=\"\u00c9crit par\" \/>\n\t<meta name=\"twitter:data1\" content=\"communication\" \/>\n<script type=\"application\/ld+json\" class=\"yoast-schema-graph\">{\"@context\":\"https:\/\/schema.org\",\"@graph\":[{\"@type\":\"WebPage\",\"@id\":\"https:\/\/archibat.com\/blog\/peace-for-paris\/\",\"url\":\"https:\/\/archibat.com\/blog\/peace-for-paris\/\",\"name\":\"Peace for Paris &#8211; ArchiBat Mag\",\"isPartOf\":{\"@id\":\"https:\/\/archibat.com\/blog\/#website\"},\"primaryImageOfPage\":{\"@id\":\"https:\/\/archibat.com\/blog\/peace-for-paris\/#primaryimage\"},\"image\":{\"@id\":\"https:\/\/archibat.com\/blog\/peace-for-paris\/#primaryimage\"},\"thumbnailUrl\":\"https:\/\/archibat.com\/blog\/wp-content\/uploads\/2015\/11\/Peace-for-Paris-635x357px-2.jpg\",\"datePublished\":\"2015-11-16T11:36:49+00:00\",\"dateModified\":\"2018-12-11T16:21:06+00:00\",\"author\":{\"@id\":\"https:\/\/archibat.com\/blog\/#\/schema\/person\/c246f0d63b5e719c2cbe4f9bd494bf12\"},\"breadcrumb\":{\"@id\":\"https:\/\/archibat.com\/blog\/peace-for-paris\/#breadcrumb\"},\"inLanguage\":\"fr-FR\",\"potentialAction\":[{\"@type\":\"ReadAction\",\"target\":[\"https:\/\/archibat.com\/blog\/peace-for-paris\/\"]}]},{\"@type\":\"ImageObject\",\"inLanguage\":\"fr-FR\",\"@id\":\"https:\/\/archibat.com\/blog\/peace-for-paris\/#primaryimage\",\"url\":\"https:\/\/archibat.com\/blog\/wp-content\/uploads\/2015\/11\/Peace-for-Paris-635x357px-2.jpg\",\"contentUrl\":\"https:\/\/archibat.com\/blog\/wp-content\/uploads\/2015\/11\/Peace-for-Paris-635x357px-2.jpg\",\"width\":635,\"height\":357},{\"@type\":\"BreadcrumbList\",\"@id\":\"https:\/\/archibat.com\/blog\/peace-for-paris\/#breadcrumb\",\"itemListElement\":[{\"@type\":\"ListItem\",\"position\":1,\"name\":\"Home\",\"item\":\"https:\/\/archibat.com\/blog\/\"},{\"@type\":\"ListItem\",\"position\":2,\"name\":\"Peace for Paris\"}]},{\"@type\":\"WebSite\",\"@id\":\"https:\/\/archibat.com\/blog\/#website\",\"url\":\"https:\/\/archibat.com\/blog\/\",\"name\":\"ArchiBat Mag\",\"description\":\"Vous souhaitez connaitre les derni\u00e8res actualit\u00e9s sur l\u2019Architecture, le Design ou les Ressources Humaines ? D\u00e9couvrez ArchiBat Mag, le magazine d\u00e9di\u00e9 aux m\u00e9tiers de l&#039;Architecture et de l&#039;Ing\u00e9nierie.\",\"potentialAction\":[{\"@type\":\"SearchAction\",\"target\":{\"@type\":\"EntryPoint\",\"urlTemplate\":\"https:\/\/archibat.com\/blog\/?s={search_term_string}\"},\"query-input\":{\"@type\":\"PropertyValueSpecification\",\"valueRequired\":true,\"valueName\":\"search_term_string\"}}],\"inLanguage\":\"fr-FR\"},{\"@type\":\"Person\",\"@id\":\"https:\/\/archibat.com\/blog\/#\/schema\/person\/c246f0d63b5e719c2cbe4f9bd494bf12\",\"name\":\"communication\"}]}<\/script>\n<!-- \/ Yoast SEO plugin. -->","yoast_head_json":{"title":"Peace for Paris &#8211; ArchiBat Mag","robots":{"index":"index","follow":"follow","max-snippet":"max-snippet:-1","max-image-preview":"max-image-preview:large","max-video-preview":"max-video-preview:-1"},"canonical":"https:\/\/archibat.com\/blog\/peace-for-paris\/","og_locale":"fr_FR","og_type":"article","og_title":"Peace for Paris &#8211; ArchiBat Mag","og_description":"Paris a \u00e9t\u00e9 touch\u00e9 au coeur, notre quartier a \u00e9t\u00e9 touch\u00e9, notre r\u00e9seau professionnel, nos amis&#8230; Toute l&rsquo;\u00e9quipe d&rsquo;ArchiBat est profond\u00e9ment boulevers\u00e9e par ces actes\u2026","og_url":"https:\/\/archibat.com\/blog\/peace-for-paris\/","og_site_name":"ArchiBat Mag","article_published_time":"2015-11-16T11:36:49+00:00","article_modified_time":"2018-12-11T16:21:06+00:00","og_image":[{"width":635,"height":357,"url":"https:\/\/archibat.com\/blog\/wp-content\/uploads\/2015\/11\/Peace-for-Paris-635x357px-2.jpg","type":"image\/jpeg"}],"author":"communication","twitter_card":"summary_large_image","twitter_misc":{"\u00c9crit par":"communication"},"schema":{"@context":"https:\/\/schema.org","@graph":[{"@type":"WebPage","@id":"https:\/\/archibat.com\/blog\/peace-for-paris\/","url":"https:\/\/archibat.com\/blog\/peace-for-paris\/","name":"Peace for Paris &#8211; ArchiBat Mag","isPartOf":{"@id":"https:\/\/archibat.com\/blog\/#website"},"primaryImageOfPage":{"@id":"https:\/\/archibat.com\/blog\/peace-for-paris\/#primaryimage"},"image":{"@id":"https:\/\/archibat.com\/blog\/peace-for-paris\/#primaryimage"},"thumbnailUrl":"https:\/\/archibat.com\/blog\/wp-content\/uploads\/2015\/11\/Peace-for-Paris-635x357px-2.jpg","datePublished":"2015-11-16T11:36:49+00:00","dateModified":"2018-12-11T16:21:06+00:00","author":{"@id":"https:\/\/archibat.com\/blog\/#\/schema\/person\/c246f0d63b5e719c2cbe4f9bd494bf12"},"breadcrumb":{"@id":"https:\/\/archibat.com\/blog\/peace-for-paris\/#breadcrumb"},"inLanguage":"fr-FR","potentialAction":[{"@type":"ReadAction","target":["https:\/\/archibat.com\/blog\/peace-for-paris\/"]}]},{"@type":"ImageObject","inLanguage":"fr-FR","@id":"https:\/\/archibat.com\/blog\/peace-for-paris\/#primaryimage","url":"https:\/\/archibat.com\/blog\/wp-content\/uploads\/2015\/11\/Peace-for-Paris-635x357px-2.jpg","contentUrl":"https:\/\/archibat.com\/blog\/wp-content\/uploads\/2015\/11\/Peace-for-Paris-635x357px-2.jpg","width":635,"height":357},{"@type":"BreadcrumbList","@id":"https:\/\/archibat.com\/blog\/peace-for-paris\/#breadcrumb","itemListElement":[{"@type":"ListItem","position":1,"name":"Home","item":"https:\/\/archibat.com\/blog\/"},{"@type":"ListItem","position":2,"name":"Peace for Paris"}]},{"@type":"WebSite","@id":"https:\/\/archibat.com\/blog\/#website","url":"https:\/\/archibat.com\/blog\/","name":"ArchiBat Mag","description":"Vous souhaitez connaitre les derni\u00e8res actualit\u00e9s sur l\u2019Architecture, le Design ou les Ressources Humaines ? D\u00e9couvrez ArchiBat Mag, le magazine d\u00e9di\u00e9 aux m\u00e9tiers de l&#039;Architecture et de l&#039;Ing\u00e9nierie.","potentialAction":[{"@type":"SearchAction","target":{"@type":"EntryPoint","urlTemplate":"https:\/\/archibat.com\/blog\/?s={search_term_string}"},"query-input":{"@type":"PropertyValueSpecification","valueRequired":true,"valueName":"search_term_string"}}],"inLanguage":"fr-FR"},{"@type":"Person","@id":"https:\/\/archibat.com\/blog\/#\/schema\/person\/c246f0d63b5e719c2cbe4f9bd494bf12","name":"communication"}]}},"_links":{"self":[{"href":"https:\/\/archibat.com\/blog\/wp-json\/wp\/v2\/posts\/1235","targetHints":{"allow":["GET"]}}],"collection":[{"href":"https:\/\/archibat.com\/blog\/wp-json\/wp\/v2\/posts"}],"about":[{"href":"https:\/\/archibat.com\/blog\/wp-json\/wp\/v2\/types\/post"}],"author":[{"embeddable":true,"href":"https:\/\/archibat.com\/blog\/wp-json\/wp\/v2\/users\/2"}],"replies":[{"embeddable":true,"href":"https:\/\/archibat.com\/blog\/wp-json\/wp\/v2\/comments?post=1235"}],"version-history":[{"count":1,"href":"https:\/\/archibat.com\/blog\/wp-json\/wp\/v2\/posts\/1235\/revisions"}],"predecessor-version":[{"id":8699,"href":"https:\/\/archibat.com\/blog\/wp-json\/wp\/v2\/posts\/1235\/revisions\/8699"}],"wp:featuredmedia":[{"embeddable":true,"href":"https:\/\/archibat.com\/blog\/wp-json\/wp\/v2\/media\/1236"}],"wp:attachment":[{"href":"https:\/\/archibat.com\/blog\/wp-json\/wp\/v2\/media?parent=1235"}],"wp:term":[{"taxonomy":"category","embeddable":true,"href":"https:\/\/archibat.com\/blog\/wp-json\/wp\/v2\/categories?post=1235"},{"taxonomy":"post_tag","embeddable":true,"href":"https:\/\/archibat.com\/blog\/wp-json\/wp\/v2\/tags?post=1235"}],"curies":[{"name":"wp","href":"https:\/\/api.w.org\/{rel}","templated":true}]}}