{"id":1260,"date":"2015-11-24T07:00:29","date_gmt":"2015-11-24T06:00:29","guid":{"rendered":"https:\/\/www.archibat.com\/blog\/?p=1260"},"modified":"2018-12-11T16:30:40","modified_gmt":"2018-12-11T15:30:40","slug":"portrait-daurelie-sabatier-architecte-entrepreneuse-sans-frontieres","status":"publish","type":"post","link":"https:\/\/archibat.com\/blog\/portrait-daurelie-sabatier-architecte-entrepreneuse-sans-frontieres\/","title":{"rendered":"Aur\u00e9lie Sabatier, architecte entrepreneuse sans fronti\u00e8res"},"content":{"rendered":"<h2>Une formation \u00e0 la prestigieuse \u00e9cole Politecnico di Milano<\/h2>\n<p>Tout commence pr\u00e8s de Marseille dans une famille aux origines italiennes \u00e9loign\u00e9es. Des voyages l\u2019\u00e9t\u00e9 chez des cousins en Italie, Aur\u00e9lie Sabatier retient une douceur de vivre et la beaut\u00e9 de la langue. Sa m\u00e8re, enseignante \u00e0 l\u2019Universit\u00e9, l\u2019inscrit dans une \u00e9cole primaire Freinet o\u00f9 les enfants, plong\u00e9s dans un environnement cr\u00e9atif, deviennent rapidement autonomes. Apr\u00e8s le lyc\u00e9e la voie artistique la tente. Quelques recherches et entretiens l\u2019encouragent \u00e0 int\u00e9grer en premi\u00e8re ann\u00e9e la prestigieuse Politecnico di Milano, \u00e9cole d\u2019architecture et de design. D\u00e8s son arriv\u00e9e elle se fixe la r\u00e8gle de ne pas s\u2019enfermer entre fran\u00e7ais\u00a0: <em>\u00ab\u00a0Je voulais que cette exp\u00e9rience soit \u00e0 100% \u00e9trang\u00e8re, capturer tous les aspects culturels de l\u2019Italie, ne pas me retrouver avec ce que j\u2019avais d\u00e9j\u00e0 \u00e0 la maison\u00a0!\u00a0\u00bb.<\/em> Int\u00e9gration r\u00e9ussie\u00a0gr\u00e2ce \u00e0 la rencontre d\u2019un compagnon italien et d\u2019amis europ\u00e9ens aupr\u00e8s de qui elle vit ces ann\u00e9es <em>\u00ab\u00a0comme un tr\u00e8s long Erasmus\u00a0\u00bb<\/em>.<\/p>\n<h2>Master et workshops \u00e0 l&rsquo;international<\/h2>\n<p>El\u00e8ve assidue et passionn\u00e9e, elle obtient son dipl\u00f4me d\u2019architecte en 2011 tout en compl\u00e9tant sa formation par un Master international \u00e0 la Alta Scuola Politecnica entre Milan et Turin. Ce Master en anglais renforce son niveau de langues et lui conf\u00e8re un sens de l\u2019entrepreneuriat. Anticipant une r\u00e9alit\u00e9 professionnelle, les projets d\u2019atelier sont men\u00e9s en \u00e9quipes pluridisciplinaires d\u2019ing\u00e9nieurs, de designers, et d\u2019\u00e9conomistes. D\u00e8s que possible, elle s\u2019inscrit \u00e0 des workshops pour se forger une solide exp\u00e9rience internationale et constituer des r\u00e9seaux entre l\u2019Espagne, la Chine, les Pays-Bas, et l\u2019Allemagne. En ann\u00e9e de Licence, un stage \u00e0 mi-temps en agence la plonge dans le monde du luxe \u00e0 Duba\u00ef\u2026 Conclusion sans appel : <em>\u00ab\u00a0Le luxe pour le luxe, \u00e7a ne me tente pas trop\u00a0!\u00a0\u00bb.<\/em><\/p>\n<h2>De Berlin \u00e0 Paris, exp\u00e9rience du salariat<\/h2>\n<p>Sa premi\u00e8re exp\u00e9rience salari\u00e9e dans une agence \u00e0 Berlin l\u2019enchante\u2026 H\u00e9las, les conditions \u00e9conomiques ne lui permettent pas de rester, et ce sont <em>\u00ab\u00a0les larmes aux yeux\u00a0\u00bb<\/em>, qu\u2019Aur\u00e9lie Sabatier quitte l\u2019Allemagne et rentre en France. L\u2019agence Chabanne &amp; Partenaires l\u2019emploie \u00e0 Paris comme chef de projets et l\u2019accueille en HMONP, qu\u2019elle obtient en 2014 \u00e0 Paris-La Villette. Chez eux, elle g\u00e8re <em>\u00ab\u00a0de beaux projets \u00bb<\/em> d\u2019\u00e9tablissements recevant du public (ERP). \u00c0 l\u2019agence o\u00f9 le th\u00e8me de l\u2019export est souvent abord\u00e9, elle nourrit l\u2019espoir d\u2019exercer \u00e0 l\u2019international. Mais soudainement Aur\u00e9lie Sabatier se sent enracin\u00e9e : <em>\u00ab Il faut que je voyage, et si je ne voyage pas il faut que j\u2019aille vivre ailleurs. C\u2019est dans les moments de voyage que j\u2019arrive \u00e0 \u00eatre la plus heureuse.\u00a0\u00bb <\/em><\/p>\n<p>Aur\u00e9lie Sabatier quitte son CDI, monte une SARL, con\u00e7oit des projets priv\u00e9s et cherche des offres internationales. Ses atouts\u00a0: la ma\u00eetrise du BIM acquise d\u00e8s sa formation en Italie, ses exp\u00e9riences diversifi\u00e9es, sa position de chef de projet, son niveau de langues et sa capacit\u00e9 d\u2019adaptation \u00e0 diff\u00e9rentes cultures. Sa cible g\u00e9ographique privil\u00e9gi\u00e9e : les Etats-Unis ou le Canada pour des raisons de proximit\u00e9 culturelle, tout en restant ouverte&#8230;au monde !<\/p>\n<p class=\"author\">Portrait r\u00e9alis\u00e9 par Laura Rosenbaum, architecte DEHMONP, 3\u00e8me ann\u00e9e de th\u00e8se de sociologie sous la direction de Guy Tapie, laboratoire PAVE, ensapBx, associ\u00e9 au Centre Emile Durkheim, Universit\u00e9 de Bordeaux.<\/p>\n","protected":false},"excerpt":{"rendered":"<p>Une formation \u00e0 la prestigieuse \u00e9cole Politecnico di Milano Tout commence pr\u00e8s de Marseille dans une famille aux origines italiennes \u00e9loign\u00e9es. Des voyages l\u2019\u00e9t\u00e9 chez\u2026<\/p>\n","protected":false},"author":2,"featured_media":1261,"comment_status":"closed","ping_status":"closed","sticky":false,"template":"","format":"standard","meta":{"_acf_changed":false,"footnotes":""},"categories":[5],"tags":[1523,1245,1426],"class_list":["post-1260","post","type-post","status-publish","format-standard","has-post-thumbnail","hentry","category-portraits","tag-entrepreneuse","tag-international-2","tag-portrait"],"acf":[],"yoast_head":"<!-- This site is optimized with the Yoast SEO plugin v24.8.1 - https:\/\/yoast.com\/wordpress\/plugins\/seo\/ -->\n<title>Aur\u00e9lie Sabatier, architecte entrepreneuse sans fronti\u00e8res &#8211; ArchiBat Mag<\/title>\n<meta name=\"description\" content=\"Aur\u00e9lie Sabatier, entrepreneuse, con\u00e7oit des projets priv\u00e9s et cherche des offres internationales. Sa cible g\u00e9ographique : les Etats-Unis ou le Canada.\" \/>\n<meta name=\"robots\" content=\"index, follow, max-snippet:-1, max-image-preview:large, max-video-preview:-1\" \/>\n<link rel=\"canonical\" href=\"https:\/\/archibat.com\/blog\/portrait-daurelie-sabatier-architecte-entrepreneuse-sans-frontieres\/\" \/>\n<meta property=\"og:locale\" content=\"fr_FR\" \/>\n<meta property=\"og:type\" content=\"article\" \/>\n<meta property=\"og:title\" content=\"Aur\u00e9lie Sabatier, architecte entrepreneuse sans fronti\u00e8res &#8211; ArchiBat Mag\" \/>\n<meta property=\"og:description\" content=\"Aur\u00e9lie Sabatier, entrepreneuse, con\u00e7oit des projets priv\u00e9s et cherche des offres internationales. Sa cible g\u00e9ographique : les Etats-Unis ou le Canada.\" \/>\n<meta property=\"og:url\" content=\"https:\/\/archibat.com\/blog\/portrait-daurelie-sabatier-architecte-entrepreneuse-sans-frontieres\/\" \/>\n<meta property=\"og:site_name\" content=\"ArchiBat Mag\" \/>\n<meta property=\"article:published_time\" content=\"2015-11-24T06:00:29+00:00\" \/>\n<meta property=\"article:modified_time\" content=\"2018-12-11T15:30:40+00:00\" \/>\n<meta property=\"og:image\" content=\"https:\/\/archibat.com\/blog\/wp-content\/uploads\/2015\/11\/Fotolia_80808182_XS-2.jpg\" \/>\n\t<meta property=\"og:image:width\" content=\"635\" \/>\n\t<meta property=\"og:image:height\" content=\"327\" \/>\n\t<meta property=\"og:image:type\" content=\"image\/jpeg\" \/>\n<meta name=\"author\" content=\"communication\" \/>\n<meta name=\"twitter:card\" content=\"summary_large_image\" \/>\n<meta name=\"twitter:label1\" content=\"\u00c9crit par\" \/>\n\t<meta name=\"twitter:data1\" content=\"communication\" \/>\n\t<meta name=\"twitter:label2\" content=\"Dur\u00e9e de lecture estim\u00e9e\" \/>\n\t<meta name=\"twitter:data2\" content=\"3 minutes\" \/>\n<script type=\"application\/ld+json\" class=\"yoast-schema-graph\">{\"@context\":\"https:\/\/schema.org\",\"@graph\":[{\"@type\":\"WebPage\",\"@id\":\"https:\/\/archibat.com\/blog\/portrait-daurelie-sabatier-architecte-entrepreneuse-sans-frontieres\/\",\"url\":\"https:\/\/archibat.com\/blog\/portrait-daurelie-sabatier-architecte-entrepreneuse-sans-frontieres\/\",\"name\":\"Aur\u00e9lie Sabatier, architecte entrepreneuse sans fronti\u00e8res &#8211; ArchiBat Mag\",\"isPartOf\":{\"@id\":\"https:\/\/archibat.com\/blog\/#website\"},\"primaryImageOfPage\":{\"@id\":\"https:\/\/archibat.com\/blog\/portrait-daurelie-sabatier-architecte-entrepreneuse-sans-frontieres\/#primaryimage\"},\"image\":{\"@id\":\"https:\/\/archibat.com\/blog\/portrait-daurelie-sabatier-architecte-entrepreneuse-sans-frontieres\/#primaryimage\"},\"thumbnailUrl\":\"https:\/\/archibat.com\/blog\/wp-content\/uploads\/2015\/11\/Fotolia_80808182_XS-2.jpg\",\"datePublished\":\"2015-11-24T06:00:29+00:00\",\"dateModified\":\"2018-12-11T15:30:40+00:00\",\"author\":{\"@id\":\"https:\/\/archibat.com\/blog\/#\/schema\/person\/c246f0d63b5e719c2cbe4f9bd494bf12\"},\"description\":\"Aur\u00e9lie Sabatier, entrepreneuse, con\u00e7oit des projets priv\u00e9s et cherche des offres internationales. Sa cible g\u00e9ographique : les Etats-Unis ou le Canada.\",\"breadcrumb\":{\"@id\":\"https:\/\/archibat.com\/blog\/portrait-daurelie-sabatier-architecte-entrepreneuse-sans-frontieres\/#breadcrumb\"},\"inLanguage\":\"fr-FR\",\"potentialAction\":[{\"@type\":\"ReadAction\",\"target\":[\"https:\/\/archibat.com\/blog\/portrait-daurelie-sabatier-architecte-entrepreneuse-sans-frontieres\/\"]}]},{\"@type\":\"ImageObject\",\"inLanguage\":\"fr-FR\",\"@id\":\"https:\/\/archibat.com\/blog\/portrait-daurelie-sabatier-architecte-entrepreneuse-sans-frontieres\/#primaryimage\",\"url\":\"https:\/\/archibat.com\/blog\/wp-content\/uploads\/2015\/11\/Fotolia_80808182_XS-2.jpg\",\"contentUrl\":\"https:\/\/archibat.com\/blog\/wp-content\/uploads\/2015\/11\/Fotolia_80808182_XS-2.jpg\",\"width\":635,\"height\":327,\"caption\":\"entrepreneur sans fronti\u00e8re\"},{\"@type\":\"BreadcrumbList\",\"@id\":\"https:\/\/archibat.com\/blog\/portrait-daurelie-sabatier-architecte-entrepreneuse-sans-frontieres\/#breadcrumb\",\"itemListElement\":[{\"@type\":\"ListItem\",\"position\":1,\"name\":\"Home\",\"item\":\"https:\/\/archibat.com\/blog\/\"},{\"@type\":\"ListItem\",\"position\":2,\"name\":\"Aur\u00e9lie Sabatier, architecte entrepreneuse sans fronti\u00e8res\"}]},{\"@type\":\"WebSite\",\"@id\":\"https:\/\/archibat.com\/blog\/#website\",\"url\":\"https:\/\/archibat.com\/blog\/\",\"name\":\"ArchiBat Mag\",\"description\":\"Vous souhaitez connaitre les derni\u00e8res actualit\u00e9s sur l\u2019Architecture, le Design ou les Ressources Humaines ? D\u00e9couvrez ArchiBat Mag, le magazine d\u00e9di\u00e9 aux m\u00e9tiers de l&#039;Architecture et de l&#039;Ing\u00e9nierie.\",\"potentialAction\":[{\"@type\":\"SearchAction\",\"target\":{\"@type\":\"EntryPoint\",\"urlTemplate\":\"https:\/\/archibat.com\/blog\/?s={search_term_string}\"},\"query-input\":{\"@type\":\"PropertyValueSpecification\",\"valueRequired\":true,\"valueName\":\"search_term_string\"}}],\"inLanguage\":\"fr-FR\"},{\"@type\":\"Person\",\"@id\":\"https:\/\/archibat.com\/blog\/#\/schema\/person\/c246f0d63b5e719c2cbe4f9bd494bf12\",\"name\":\"communication\"}]}<\/script>\n<!-- \/ Yoast SEO plugin. -->","yoast_head_json":{"title":"Aur\u00e9lie Sabatier, architecte entrepreneuse sans fronti\u00e8res &#8211; ArchiBat Mag","description":"Aur\u00e9lie Sabatier, entrepreneuse, con\u00e7oit des projets priv\u00e9s et cherche des offres internationales. Sa cible g\u00e9ographique : les Etats-Unis ou le Canada.","robots":{"index":"index","follow":"follow","max-snippet":"max-snippet:-1","max-image-preview":"max-image-preview:large","max-video-preview":"max-video-preview:-1"},"canonical":"https:\/\/archibat.com\/blog\/portrait-daurelie-sabatier-architecte-entrepreneuse-sans-frontieres\/","og_locale":"fr_FR","og_type":"article","og_title":"Aur\u00e9lie Sabatier, architecte entrepreneuse sans fronti\u00e8res &#8211; ArchiBat Mag","og_description":"Aur\u00e9lie Sabatier, entrepreneuse, con\u00e7oit des projets priv\u00e9s et cherche des offres internationales. Sa cible g\u00e9ographique : les Etats-Unis ou le Canada.","og_url":"https:\/\/archibat.com\/blog\/portrait-daurelie-sabatier-architecte-entrepreneuse-sans-frontieres\/","og_site_name":"ArchiBat Mag","article_published_time":"2015-11-24T06:00:29+00:00","article_modified_time":"2018-12-11T15:30:40+00:00","og_image":[{"width":635,"height":327,"url":"https:\/\/archibat.com\/blog\/wp-content\/uploads\/2015\/11\/Fotolia_80808182_XS-2.jpg","type":"image\/jpeg"}],"author":"communication","twitter_card":"summary_large_image","twitter_misc":{"\u00c9crit par":"communication","Dur\u00e9e de lecture estim\u00e9e":"3 minutes"},"schema":{"@context":"https:\/\/schema.org","@graph":[{"@type":"WebPage","@id":"https:\/\/archibat.com\/blog\/portrait-daurelie-sabatier-architecte-entrepreneuse-sans-frontieres\/","url":"https:\/\/archibat.com\/blog\/portrait-daurelie-sabatier-architecte-entrepreneuse-sans-frontieres\/","name":"Aur\u00e9lie Sabatier, architecte entrepreneuse sans fronti\u00e8res &#8211; ArchiBat Mag","isPartOf":{"@id":"https:\/\/archibat.com\/blog\/#website"},"primaryImageOfPage":{"@id":"https:\/\/archibat.com\/blog\/portrait-daurelie-sabatier-architecte-entrepreneuse-sans-frontieres\/#primaryimage"},"image":{"@id":"https:\/\/archibat.com\/blog\/portrait-daurelie-sabatier-architecte-entrepreneuse-sans-frontieres\/#primaryimage"},"thumbnailUrl":"https:\/\/archibat.com\/blog\/wp-content\/uploads\/2015\/11\/Fotolia_80808182_XS-2.jpg","datePublished":"2015-11-24T06:00:29+00:00","dateModified":"2018-12-11T15:30:40+00:00","author":{"@id":"https:\/\/archibat.com\/blog\/#\/schema\/person\/c246f0d63b5e719c2cbe4f9bd494bf12"},"description":"Aur\u00e9lie Sabatier, entrepreneuse, con\u00e7oit des projets priv\u00e9s et cherche des offres internationales. Sa cible g\u00e9ographique : les Etats-Unis ou le Canada.","breadcrumb":{"@id":"https:\/\/archibat.com\/blog\/portrait-daurelie-sabatier-architecte-entrepreneuse-sans-frontieres\/#breadcrumb"},"inLanguage":"fr-FR","potentialAction":[{"@type":"ReadAction","target":["https:\/\/archibat.com\/blog\/portrait-daurelie-sabatier-architecte-entrepreneuse-sans-frontieres\/"]}]},{"@type":"ImageObject","inLanguage":"fr-FR","@id":"https:\/\/archibat.com\/blog\/portrait-daurelie-sabatier-architecte-entrepreneuse-sans-frontieres\/#primaryimage","url":"https:\/\/archibat.com\/blog\/wp-content\/uploads\/2015\/11\/Fotolia_80808182_XS-2.jpg","contentUrl":"https:\/\/archibat.com\/blog\/wp-content\/uploads\/2015\/11\/Fotolia_80808182_XS-2.jpg","width":635,"height":327,"caption":"entrepreneur sans fronti\u00e8re"},{"@type":"BreadcrumbList","@id":"https:\/\/archibat.com\/blog\/portrait-daurelie-sabatier-architecte-entrepreneuse-sans-frontieres\/#breadcrumb","itemListElement":[{"@type":"ListItem","position":1,"name":"Home","item":"https:\/\/archibat.com\/blog\/"},{"@type":"ListItem","position":2,"name":"Aur\u00e9lie Sabatier, architecte entrepreneuse sans fronti\u00e8res"}]},{"@type":"WebSite","@id":"https:\/\/archibat.com\/blog\/#website","url":"https:\/\/archibat.com\/blog\/","name":"ArchiBat Mag","description":"Vous souhaitez connaitre les derni\u00e8res actualit\u00e9s sur l\u2019Architecture, le Design ou les Ressources Humaines ? D\u00e9couvrez ArchiBat Mag, le magazine d\u00e9di\u00e9 aux m\u00e9tiers de l&#039;Architecture et de l&#039;Ing\u00e9nierie.","potentialAction":[{"@type":"SearchAction","target":{"@type":"EntryPoint","urlTemplate":"https:\/\/archibat.com\/blog\/?s={search_term_string}"},"query-input":{"@type":"PropertyValueSpecification","valueRequired":true,"valueName":"search_term_string"}}],"inLanguage":"fr-FR"},{"@type":"Person","@id":"https:\/\/archibat.com\/blog\/#\/schema\/person\/c246f0d63b5e719c2cbe4f9bd494bf12","name":"communication"}]}},"_links":{"self":[{"href":"https:\/\/archibat.com\/blog\/wp-json\/wp\/v2\/posts\/1260","targetHints":{"allow":["GET"]}}],"collection":[{"href":"https:\/\/archibat.com\/blog\/wp-json\/wp\/v2\/posts"}],"about":[{"href":"https:\/\/archibat.com\/blog\/wp-json\/wp\/v2\/types\/post"}],"author":[{"embeddable":true,"href":"https:\/\/archibat.com\/blog\/wp-json\/wp\/v2\/users\/2"}],"replies":[{"embeddable":true,"href":"https:\/\/archibat.com\/blog\/wp-json\/wp\/v2\/comments?post=1260"}],"version-history":[{"count":2,"href":"https:\/\/archibat.com\/blog\/wp-json\/wp\/v2\/posts\/1260\/revisions"}],"predecessor-version":[{"id":7742,"href":"https:\/\/archibat.com\/blog\/wp-json\/wp\/v2\/posts\/1260\/revisions\/7742"}],"wp:featuredmedia":[{"embeddable":true,"href":"https:\/\/archibat.com\/blog\/wp-json\/wp\/v2\/media\/1261"}],"wp:attachment":[{"href":"https:\/\/archibat.com\/blog\/wp-json\/wp\/v2\/media?parent=1260"}],"wp:term":[{"taxonomy":"category","embeddable":true,"href":"https:\/\/archibat.com\/blog\/wp-json\/wp\/v2\/categories?post=1260"},{"taxonomy":"post_tag","embeddable":true,"href":"https:\/\/archibat.com\/blog\/wp-json\/wp\/v2\/tags?post=1260"}],"curies":[{"name":"wp","href":"https:\/\/api.w.org\/{rel}","templated":true}]}}