{"id":12601,"date":"2020-05-01T14:00:01","date_gmt":"2020-05-01T12:00:01","guid":{"rendered":"https:\/\/archibat.com\/blog\/?p=12601"},"modified":"2020-05-01T09:09:17","modified_gmt":"2020-05-01T07:09:17","slug":"un-salon-urbain-dans-le-quartier-universitaire-a-shenzhen","status":"publish","type":"post","link":"https:\/\/archibat.com\/blog\/un-salon-urbain-dans-le-quartier-universitaire-a-shenzhen\/","title":{"rendered":"Un \u00ab\u00a0salon urbain\u00a0\u00bb dans le quartier universitaire \u00e0 Shenzhen"},"content":{"rendered":"\n<p>L\u2019agence d\u2019architecture MVRDV a remport\u00e9 le premier prix d\u2019un concours international, pour la conception d\u2019un nouveau centre \u00e0 Shenzhen. \u00c9labor\u00e9 en collaboration avec des paysagistes, le projet des \u00ab\u00a0Terrasses de Shenzhen\u00a0\u00bb se pr\u00e9sente comme un salon urbain \u00e0 plusieurs niveaux au c\u0153ur du quartier universitaire.<\/p>\n\n\n\n<figure class=\"wp-block-image size-large is-resized\"><img loading=\"lazy\" decoding=\"async\" src=\"https:\/\/archibat.com\/blog\/wp-content\/uploads\/2020\/05\/photo-1-542x480.jpg\" alt=\"\" class=\"wp-image-12604\" width=\"667\" height=\"590\" srcset=\"https:\/\/archibat.com\/blog\/wp-content\/uploads\/2020\/05\/photo-1-542x480.jpg 542w, https:\/\/archibat.com\/blog\/wp-content\/uploads\/2020\/05\/photo-1-300x266.jpg 300w, https:\/\/archibat.com\/blog\/wp-content\/uploads\/2020\/05\/photo-1.jpg 768w\" sizes=\"auto, (max-width: 667px) 100vw, 667px\" \/><\/figure>\n\n\n\n<p>Ce nouveau quartier s\u2019\u00e9tend sur une superficie de 101\u00a0300 m2. Il comprend une galerie, une biblioth\u00e8que et un th\u00e9\u00e2tre ext\u00e9rieur. Le projet, con\u00e7u pour le groupe Shimao, a \u00e9t\u00e9 retenu parmi 27 autres propositions. Les architectes ont con\u00e7u les b\u00e2timents selon un principe de plateaux empil\u00e9s qui fusionnent avec le paysage environnant.<\/p>\n\n\n\n<figure class=\"wp-block-image size-large\"><img loading=\"lazy\" decoding=\"async\" width=\"720\" height=\"451\" src=\"https:\/\/archibat.com\/blog\/wp-content\/uploads\/2020\/05\/photo-2-720x451.jpg\" alt=\"\" class=\"wp-image-12606\" srcset=\"https:\/\/archibat.com\/blog\/wp-content\/uploads\/2020\/05\/photo-2-720x451.jpg 720w, https:\/\/archibat.com\/blog\/wp-content\/uploads\/2020\/05\/photo-2-300x188.jpg 300w, https:\/\/archibat.com\/blog\/wp-content\/uploads\/2020\/05\/photo-2.jpg 768w\" sizes=\"auto, (max-width: 720px) 100vw, 720px\" \/><\/figure>\n\n\n\n<p>Les lignes \u00e0 la fois organiques et horizontales des Terrasses de Shenzhen contrastent avec la verticalit\u00e9 des gratte-ciels environnants. Les formes courbes laissent un maximum d\u2019espaces aux terrasses v\u00e9g\u00e9talis\u00e9es o\u00f9 les visiteurs peuvent profiter de coins ombrag\u00e9s tout en jouissant d\u2019une belle vue d\u00e9gag\u00e9e. Sur les terrasses, des plantes et des bassins rafraichissent les vitrages et cr\u00e9ent un sas climatique avec l\u2019int\u00e9rieur. Certaines terrasses rejoignent le sol cr\u00e9ant ainsi des liens entre les \u00e9tages par le biais de petits auditoriums ext\u00e9rieurs.<\/p>\n\n\n\n<figure class=\"wp-block-image size-large\"><img loading=\"lazy\" decoding=\"async\" width=\"720\" height=\"450\" src=\"https:\/\/archibat.com\/blog\/wp-content\/uploads\/2020\/05\/photo-3-720x450.jpg\" alt=\"\" class=\"wp-image-12608\" srcset=\"https:\/\/archibat.com\/blog\/wp-content\/uploads\/2020\/05\/photo-3-720x450.jpg 720w, https:\/\/archibat.com\/blog\/wp-content\/uploads\/2020\/05\/photo-3-300x188.jpg 300w, https:\/\/archibat.com\/blog\/wp-content\/uploads\/2020\/05\/photo-3.jpg 768w\" sizes=\"auto, (max-width: 720px) 100vw, 720px\" \/><\/figure>\n\n\n\n<p>Les fa\u00e7ades principales sont en retrait, afin de signaler les entr\u00e9es des b\u00e2timents et faciliter l\u2019orientation des visiteurs. Le plus grand \u00e9difice, qui comprend une gare routi\u00e8re, un centre de conf\u00e9rence et un centre d\u2019affaires, dispose, en son centre, d\u2019un vaste atrium de plein air. Des passerelles relient les diff\u00e9rents b\u00e2timents avec, au deuxi\u00e8me \u00e9tage, un parcours continu en osmose avec les am\u00e9nagements paysagers.<\/p>\n\n\n\n<figure class=\"wp-block-image size-large\"><img loading=\"lazy\" decoding=\"async\" width=\"720\" height=\"396\" src=\"https:\/\/archibat.com\/blog\/wp-content\/uploads\/2020\/05\/photo-4-720x396.jpg\" alt=\"\" class=\"wp-image-12610\" srcset=\"https:\/\/archibat.com\/blog\/wp-content\/uploads\/2020\/05\/photo-4-720x396.jpg 720w, https:\/\/archibat.com\/blog\/wp-content\/uploads\/2020\/05\/photo-4-300x165.jpg 300w, https:\/\/archibat.com\/blog\/wp-content\/uploads\/2020\/05\/photo-4.jpg 768w\" sizes=\"auto, (max-width: 720px) 100vw, 720px\" \/><\/figure>\n\n\n\n<p>\u00ab\u00a0Shenzhen s\u2019est d\u00e9velopp\u00e9e rapidement depuis les ann\u00e9es 1970\u00a0\u00bb d\u00e9clare Winy Maas, cofondateur de MVRDV. \u00ab\u00a0Dans des villes comme celle-ci, il est essentiel de r\u00e9fl\u00e9chir attentivement \u00e0 la mani\u00e8re dont les espaces publics et le paysage naturel peuvent \u00eatre int\u00e9gr\u00e9s dans le paysage urbain qui se densifie.<\/p>\n\n\n\n<p>Le salon urbain du centre international de Shimao en sera un merveilleux exemple, et pourrait devenir un mod\u00e8le pour la cr\u00e9ation d\u2019espaces publics cl\u00e9s dans les nouveaux projets de d\u00e9veloppement \u00e0 Shenzhen. Cet espace public convivial invite \u00e0 profiter de l\u2019ext\u00e9rieur pour se retrouver ensemble m\u00eame quand il fait chaud.\u00a0\u00bb<\/p>\n\n\n\n<figure class=\"wp-block-image size-large is-resized\"><img loading=\"lazy\" decoding=\"async\" src=\"https:\/\/archibat.com\/blog\/wp-content\/uploads\/2020\/05\/photo-6-384x480.jpg\" alt=\"\" class=\"wp-image-12612\" width=\"670\" height=\"838\" srcset=\"https:\/\/archibat.com\/blog\/wp-content\/uploads\/2020\/05\/photo-6-384x480.jpg 384w, https:\/\/archibat.com\/blog\/wp-content\/uploads\/2020\/05\/photo-6-240x300.jpg 240w, https:\/\/archibat.com\/blog\/wp-content\/uploads\/2020\/05\/photo-6.jpg 768w\" sizes=\"auto, (max-width: 670px) 100vw, 670px\" \/><\/figure>\n\n\n\n<p>D\u00e9velopp\u00e9 en collaboration avec OpenFabric, l\u2019am\u00e9nagement paysager fait \u00e9cho aux terrasses par des ilots de verdure et des itin\u00e9raires pi\u00e9tons qui serpentent entre les b\u00e2timents. Ces ilots abritent des plantations qui rappellent les for\u00eats subtropicales de la r\u00e9gion. Dans cet espace paysager vallon\u00e9, les promeneurs peuvent d\u00e9couvrir des \u0153uvres d\u2019art, des murs d\u2019escalade ou du tennis de table. Les toitures v\u00e9g\u00e9talis\u00e9es des b\u00e2timents sont accessibles dans les zones qui ne sont pas couvertes par des panneaux photovolta\u00efques.<\/p>\n\n\n\n<p>L\u2019abondance des plantes et \u00e9l\u00e9ments aquatiques rafraichit la temp\u00e9rature de l\u2019air et fournit un habitat \u00e0 la faune urbaine, tandis que la collecte des eaux de pluie g\u00e9n\u00e8re des ressources hydriques pour les jardins. Le b\u00e9ton utilis\u00e9 pour la construction provient essentiellement d\u2019agr\u00e9gats recycl\u00e9s.<\/p>\n\n\n\n<figure class=\"wp-block-image size-large is-resized\"><img loading=\"lazy\" decoding=\"async\" src=\"https:\/\/archibat.com\/blog\/wp-content\/uploads\/2020\/05\/photo-7-336x480.jpg\" alt=\"\" class=\"wp-image-12614\" width=\"674\" height=\"963\" srcset=\"https:\/\/archibat.com\/blog\/wp-content\/uploads\/2020\/05\/photo-7-336x480.jpg 336w, https:\/\/archibat.com\/blog\/wp-content\/uploads\/2020\/05\/photo-7-210x300.jpg 210w, https:\/\/archibat.com\/blog\/wp-content\/uploads\/2020\/05\/photo-7.jpg 700w\" sizes=\"auto, (max-width: 674px) 100vw, 674px\" \/><\/figure>\n\n\n\n<p>Les terrasses de Shenzhen visent \u00e0 apporter vitalit\u00e9 et innovation \u00e0 la r\u00e9gion, en int\u00e9grant des loisirs, des commerces, de la culture au paysage urbain. Situ\u00e9 au c\u0153ur du district de Longgang, o\u00f9 se c\u00f4toient des tours, des centres commerciaux, des installations sportives, le site est id\u00e9alement situ\u00e9 pour jouer pleinement son r\u00f4le d\u2019espace public f\u00e9d\u00e9rateur.<\/p>\n\n\n\n<figure class=\"wp-block-image size-large\"><img loading=\"lazy\" decoding=\"async\" width=\"720\" height=\"451\" src=\"https:\/\/archibat.com\/blog\/wp-content\/uploads\/2020\/05\/photo-8-720x451.jpg\" alt=\"\" class=\"wp-image-12616\" srcset=\"https:\/\/archibat.com\/blog\/wp-content\/uploads\/2020\/05\/photo-8-720x451.jpg 720w, https:\/\/archibat.com\/blog\/wp-content\/uploads\/2020\/05\/photo-8-300x188.jpg 300w, https:\/\/archibat.com\/blog\/wp-content\/uploads\/2020\/05\/photo-8.jpg 768w\" sizes=\"auto, (max-width: 720px) 100vw, 720px\" \/><\/figure>\n\n\n\n<p><strong><em>Cr\u00e9dit photos\u00a0: MVRDV \u2013 Winy Maas, Jacob Van Rijs, Nathalie de Vries<\/em><\/strong><\/p>\n","protected":false},"excerpt":{"rendered":"<p>L\u2019agence d\u2019architecture MVRDV a remport\u00e9 le premier prix d\u2019un concours international, pour la conception d\u2019un nouveau centre \u00e0 Shenzhen. \u00c9labor\u00e9 en collaboration avec des paysagistes,\u2026<\/p>\n","protected":false},"author":2,"featured_media":12602,"comment_status":"closed","ping_status":"closed","sticky":false,"template":"","format":"standard","meta":{"_acf_changed":false,"footnotes":""},"categories":[3],"tags":[1970,2469,2468,1915],"class_list":["post-12601","post","type-post","status-publish","format-standard","has-post-thumbnail","hentry","category-architecture-et-design","tag-agence-mvrdv","tag-openfabric","tag-salon-urbain","tag-shenzhen"],"acf":[],"yoast_head":"<!-- This site is optimized with the Yoast SEO plugin v24.8.1 - https:\/\/yoast.com\/wordpress\/plugins\/seo\/ -->\n<title>Un \u00ab\u00a0salon urbain\u00a0\u00bb dans le quartier universitaire \u00e0 Shenzhen &#8211; ArchiBat Mag<\/title>\n<meta name=\"robots\" content=\"index, follow, max-snippet:-1, max-image-preview:large, max-video-preview:-1\" \/>\n<link rel=\"canonical\" href=\"https:\/\/archibat.com\/blog\/un-salon-urbain-dans-le-quartier-universitaire-a-shenzhen\/\" \/>\n<meta property=\"og:locale\" content=\"fr_FR\" \/>\n<meta property=\"og:type\" content=\"article\" \/>\n<meta property=\"og:title\" content=\"Un \u00ab\u00a0salon urbain\u00a0\u00bb dans le quartier universitaire \u00e0 Shenzhen &#8211; ArchiBat Mag\" \/>\n<meta property=\"og:description\" content=\"L\u2019agence d\u2019architecture MVRDV a remport\u00e9 le premier prix d\u2019un concours international, pour la conception d\u2019un nouveau centre \u00e0 Shenzhen. \u00c9labor\u00e9 en collaboration avec des paysagistes,\u2026\" \/>\n<meta property=\"og:url\" content=\"https:\/\/archibat.com\/blog\/un-salon-urbain-dans-le-quartier-universitaire-a-shenzhen\/\" \/>\n<meta property=\"og:site_name\" content=\"ArchiBat Mag\" \/>\n<meta property=\"article:published_time\" content=\"2020-05-01T12:00:01+00:00\" \/>\n<meta property=\"og:image\" content=\"https:\/\/archibat.com\/blog\/wp-content\/uploads\/2020\/05\/cover-photo-5.jpg\" \/>\n\t<meta property=\"og:image:width\" content=\"768\" \/>\n\t<meta property=\"og:image:height\" content=\"480\" \/>\n\t<meta property=\"og:image:type\" content=\"image\/jpeg\" \/>\n<meta name=\"author\" content=\"communication\" \/>\n<meta name=\"twitter:card\" content=\"summary_large_image\" \/>\n<meta name=\"twitter:label1\" content=\"\u00c9crit par\" \/>\n\t<meta name=\"twitter:data1\" content=\"communication\" \/>\n\t<meta name=\"twitter:label2\" content=\"Dur\u00e9e de lecture estim\u00e9e\" \/>\n\t<meta name=\"twitter:data2\" content=\"3 minutes\" \/>\n<script type=\"application\/ld+json\" class=\"yoast-schema-graph\">{\"@context\":\"https:\/\/schema.org\",\"@graph\":[{\"@type\":\"WebPage\",\"@id\":\"https:\/\/archibat.com\/blog\/un-salon-urbain-dans-le-quartier-universitaire-a-shenzhen\/\",\"url\":\"https:\/\/archibat.com\/blog\/un-salon-urbain-dans-le-quartier-universitaire-a-shenzhen\/\",\"name\":\"Un \u00ab\u00a0salon urbain\u00a0\u00bb dans le quartier universitaire \u00e0 Shenzhen &#8211; ArchiBat Mag\",\"isPartOf\":{\"@id\":\"https:\/\/archibat.com\/blog\/#website\"},\"primaryImageOfPage\":{\"@id\":\"https:\/\/archibat.com\/blog\/un-salon-urbain-dans-le-quartier-universitaire-a-shenzhen\/#primaryimage\"},\"image\":{\"@id\":\"https:\/\/archibat.com\/blog\/un-salon-urbain-dans-le-quartier-universitaire-a-shenzhen\/#primaryimage\"},\"thumbnailUrl\":\"https:\/\/archibat.com\/blog\/wp-content\/uploads\/2020\/05\/cover-photo-5.jpg\",\"datePublished\":\"2020-05-01T12:00:01+00:00\",\"author\":{\"@id\":\"https:\/\/archibat.com\/blog\/#\/schema\/person\/c246f0d63b5e719c2cbe4f9bd494bf12\"},\"breadcrumb\":{\"@id\":\"https:\/\/archibat.com\/blog\/un-salon-urbain-dans-le-quartier-universitaire-a-shenzhen\/#breadcrumb\"},\"inLanguage\":\"fr-FR\",\"potentialAction\":[{\"@type\":\"ReadAction\",\"target\":[\"https:\/\/archibat.com\/blog\/un-salon-urbain-dans-le-quartier-universitaire-a-shenzhen\/\"]}]},{\"@type\":\"ImageObject\",\"inLanguage\":\"fr-FR\",\"@id\":\"https:\/\/archibat.com\/blog\/un-salon-urbain-dans-le-quartier-universitaire-a-shenzhen\/#primaryimage\",\"url\":\"https:\/\/archibat.com\/blog\/wp-content\/uploads\/2020\/05\/cover-photo-5.jpg\",\"contentUrl\":\"https:\/\/archibat.com\/blog\/wp-content\/uploads\/2020\/05\/cover-photo-5.jpg\",\"width\":768,\"height\":480},{\"@type\":\"BreadcrumbList\",\"@id\":\"https:\/\/archibat.com\/blog\/un-salon-urbain-dans-le-quartier-universitaire-a-shenzhen\/#breadcrumb\",\"itemListElement\":[{\"@type\":\"ListItem\",\"position\":1,\"name\":\"Home\",\"item\":\"https:\/\/archibat.com\/blog\/\"},{\"@type\":\"ListItem\",\"position\":2,\"name\":\"Un \u00ab\u00a0salon urbain\u00a0\u00bb dans le quartier universitaire \u00e0 Shenzhen\"}]},{\"@type\":\"WebSite\",\"@id\":\"https:\/\/archibat.com\/blog\/#website\",\"url\":\"https:\/\/archibat.com\/blog\/\",\"name\":\"ArchiBat Mag\",\"description\":\"Vous souhaitez connaitre les derni\u00e8res actualit\u00e9s sur l\u2019Architecture, le Design ou les Ressources Humaines ? D\u00e9couvrez ArchiBat Mag, le magazine d\u00e9di\u00e9 aux m\u00e9tiers de l&#039;Architecture et de l&#039;Ing\u00e9nierie.\",\"potentialAction\":[{\"@type\":\"SearchAction\",\"target\":{\"@type\":\"EntryPoint\",\"urlTemplate\":\"https:\/\/archibat.com\/blog\/?s={search_term_string}\"},\"query-input\":{\"@type\":\"PropertyValueSpecification\",\"valueRequired\":true,\"valueName\":\"search_term_string\"}}],\"inLanguage\":\"fr-FR\"},{\"@type\":\"Person\",\"@id\":\"https:\/\/archibat.com\/blog\/#\/schema\/person\/c246f0d63b5e719c2cbe4f9bd494bf12\",\"name\":\"communication\"}]}<\/script>\n<!-- \/ Yoast SEO plugin. -->","yoast_head_json":{"title":"Un \u00ab\u00a0salon urbain\u00a0\u00bb dans le quartier universitaire \u00e0 Shenzhen &#8211; ArchiBat Mag","robots":{"index":"index","follow":"follow","max-snippet":"max-snippet:-1","max-image-preview":"max-image-preview:large","max-video-preview":"max-video-preview:-1"},"canonical":"https:\/\/archibat.com\/blog\/un-salon-urbain-dans-le-quartier-universitaire-a-shenzhen\/","og_locale":"fr_FR","og_type":"article","og_title":"Un \u00ab\u00a0salon urbain\u00a0\u00bb dans le quartier universitaire \u00e0 Shenzhen &#8211; ArchiBat Mag","og_description":"L\u2019agence d\u2019architecture MVRDV a remport\u00e9 le premier prix d\u2019un concours international, pour la conception d\u2019un nouveau centre \u00e0 Shenzhen. \u00c9labor\u00e9 en collaboration avec des paysagistes,\u2026","og_url":"https:\/\/archibat.com\/blog\/un-salon-urbain-dans-le-quartier-universitaire-a-shenzhen\/","og_site_name":"ArchiBat Mag","article_published_time":"2020-05-01T12:00:01+00:00","og_image":[{"width":768,"height":480,"url":"https:\/\/archibat.com\/blog\/wp-content\/uploads\/2020\/05\/cover-photo-5.jpg","type":"image\/jpeg"}],"author":"communication","twitter_card":"summary_large_image","twitter_misc":{"\u00c9crit par":"communication","Dur\u00e9e de lecture estim\u00e9e":"3 minutes"},"schema":{"@context":"https:\/\/schema.org","@graph":[{"@type":"WebPage","@id":"https:\/\/archibat.com\/blog\/un-salon-urbain-dans-le-quartier-universitaire-a-shenzhen\/","url":"https:\/\/archibat.com\/blog\/un-salon-urbain-dans-le-quartier-universitaire-a-shenzhen\/","name":"Un \u00ab\u00a0salon urbain\u00a0\u00bb dans le quartier universitaire \u00e0 Shenzhen &#8211; ArchiBat Mag","isPartOf":{"@id":"https:\/\/archibat.com\/blog\/#website"},"primaryImageOfPage":{"@id":"https:\/\/archibat.com\/blog\/un-salon-urbain-dans-le-quartier-universitaire-a-shenzhen\/#primaryimage"},"image":{"@id":"https:\/\/archibat.com\/blog\/un-salon-urbain-dans-le-quartier-universitaire-a-shenzhen\/#primaryimage"},"thumbnailUrl":"https:\/\/archibat.com\/blog\/wp-content\/uploads\/2020\/05\/cover-photo-5.jpg","datePublished":"2020-05-01T12:00:01+00:00","author":{"@id":"https:\/\/archibat.com\/blog\/#\/schema\/person\/c246f0d63b5e719c2cbe4f9bd494bf12"},"breadcrumb":{"@id":"https:\/\/archibat.com\/blog\/un-salon-urbain-dans-le-quartier-universitaire-a-shenzhen\/#breadcrumb"},"inLanguage":"fr-FR","potentialAction":[{"@type":"ReadAction","target":["https:\/\/archibat.com\/blog\/un-salon-urbain-dans-le-quartier-universitaire-a-shenzhen\/"]}]},{"@type":"ImageObject","inLanguage":"fr-FR","@id":"https:\/\/archibat.com\/blog\/un-salon-urbain-dans-le-quartier-universitaire-a-shenzhen\/#primaryimage","url":"https:\/\/archibat.com\/blog\/wp-content\/uploads\/2020\/05\/cover-photo-5.jpg","contentUrl":"https:\/\/archibat.com\/blog\/wp-content\/uploads\/2020\/05\/cover-photo-5.jpg","width":768,"height":480},{"@type":"BreadcrumbList","@id":"https:\/\/archibat.com\/blog\/un-salon-urbain-dans-le-quartier-universitaire-a-shenzhen\/#breadcrumb","itemListElement":[{"@type":"ListItem","position":1,"name":"Home","item":"https:\/\/archibat.com\/blog\/"},{"@type":"ListItem","position":2,"name":"Un \u00ab\u00a0salon urbain\u00a0\u00bb dans le quartier universitaire \u00e0 Shenzhen"}]},{"@type":"WebSite","@id":"https:\/\/archibat.com\/blog\/#website","url":"https:\/\/archibat.com\/blog\/","name":"ArchiBat Mag","description":"Vous souhaitez connaitre les derni\u00e8res actualit\u00e9s sur l\u2019Architecture, le Design ou les Ressources Humaines ? D\u00e9couvrez ArchiBat Mag, le magazine d\u00e9di\u00e9 aux m\u00e9tiers de l&#039;Architecture et de l&#039;Ing\u00e9nierie.","potentialAction":[{"@type":"SearchAction","target":{"@type":"EntryPoint","urlTemplate":"https:\/\/archibat.com\/blog\/?s={search_term_string}"},"query-input":{"@type":"PropertyValueSpecification","valueRequired":true,"valueName":"search_term_string"}}],"inLanguage":"fr-FR"},{"@type":"Person","@id":"https:\/\/archibat.com\/blog\/#\/schema\/person\/c246f0d63b5e719c2cbe4f9bd494bf12","name":"communication"}]}},"_links":{"self":[{"href":"https:\/\/archibat.com\/blog\/wp-json\/wp\/v2\/posts\/12601","targetHints":{"allow":["GET"]}}],"collection":[{"href":"https:\/\/archibat.com\/blog\/wp-json\/wp\/v2\/posts"}],"about":[{"href":"https:\/\/archibat.com\/blog\/wp-json\/wp\/v2\/types\/post"}],"author":[{"embeddable":true,"href":"https:\/\/archibat.com\/blog\/wp-json\/wp\/v2\/users\/2"}],"replies":[{"embeddable":true,"href":"https:\/\/archibat.com\/blog\/wp-json\/wp\/v2\/comments?post=12601"}],"version-history":[{"count":3,"href":"https:\/\/archibat.com\/blog\/wp-json\/wp\/v2\/posts\/12601\/revisions"}],"predecessor-version":[{"id":12620,"href":"https:\/\/archibat.com\/blog\/wp-json\/wp\/v2\/posts\/12601\/revisions\/12620"}],"wp:featuredmedia":[{"embeddable":true,"href":"https:\/\/archibat.com\/blog\/wp-json\/wp\/v2\/media\/12602"}],"wp:attachment":[{"href":"https:\/\/archibat.com\/blog\/wp-json\/wp\/v2\/media?parent=12601"}],"wp:term":[{"taxonomy":"category","embeddable":true,"href":"https:\/\/archibat.com\/blog\/wp-json\/wp\/v2\/categories?post=12601"},{"taxonomy":"post_tag","embeddable":true,"href":"https:\/\/archibat.com\/blog\/wp-json\/wp\/v2\/tags?post=12601"}],"curies":[{"name":"wp","href":"https:\/\/api.w.org\/{rel}","templated":true}]}}