{"id":1272,"date":"2015-11-27T08:38:20","date_gmt":"2015-11-27T07:38:20","guid":{"rendered":"https:\/\/www.archibat.com\/blog\/?p=1272"},"modified":"2018-11-20T16:38:53","modified_gmt":"2018-11-20T15:38:53","slug":"quel-pays-a-remporte-le-prix-international-darchitecture-de-lexposition-universelle-de-milan","status":"publish","type":"post","link":"https:\/\/archibat.com\/blog\/quel-pays-a-remporte-le-prix-international-darchitecture-de-lexposition-universelle-de-milan\/","title":{"rendered":"Quel pays a remport\u00e9 le prix international d\u2019architecture de l\u2019exposition universelle de Milan ?"},"content":{"rendered":"<p>Il s\u2019agit du Royaume Uni ! Ce prix a \u00e9t\u00e9 d\u00e9cern\u00e9 par l\u2019Instituto Nazionale di Architettura In\/Arch et l\u2019ANCE, l\u2019association nationale italienne des constructeurs. Le th\u00e8me de l\u2019exposition cette ann\u00e9e \u00e9tait \u00ab Nourrir la plan\u00e8te, \u00e9nergie pour la vie \u00bb. Et le b\u00e2timent du Royaume Uni, con\u00e7u par l\u2019architecte Wolfgang Buttress \u00e9tait parmi les pavillons ayant le mieux interpr\u00e9t\u00e9 ce th\u00e8me.<\/p>\n<p>Ce pavillon avait pour objectif de sensibiliser \u00e0 la situation des abeilles mais \u00e9galement \u00e0 l\u2019importance de la pollinisation pour la production de nourriture.<\/p>\n<p><img loading=\"lazy\" decoding=\"async\" class=\"alignnone size-full wp-image-1274\" src=\"https:\/\/www.archibat.com\/blog\/wp-content\/uploads\/2015\/11\/pavillon-4-2.jpg\" alt=\"pavillon 4\" width=\"635\" height=\"953\" srcset=\"https:\/\/archibat.com\/blog\/wp-content\/uploads\/2015\/11\/pavillon-4-2.jpg 635w, https:\/\/archibat.com\/blog\/wp-content\/uploads\/2015\/11\/pavillon-4-2-200x300.jpg 200w, https:\/\/archibat.com\/blog\/wp-content\/uploads\/2015\/11\/pavillon-4-2-320x480.jpg 320w\" sizes=\"auto, (max-width: 635px) 100vw, 635px\" \/> <img loading=\"lazy\" decoding=\"async\" class=\"alignnone size-full wp-image-1275\" src=\"https:\/\/www.archibat.com\/blog\/wp-content\/uploads\/2015\/11\/pavillon1-2.jpg\" alt=\"pavillon1\" width=\"635\" height=\"414\" srcset=\"https:\/\/archibat.com\/blog\/wp-content\/uploads\/2015\/11\/pavillon1-2.jpg 635w, https:\/\/archibat.com\/blog\/wp-content\/uploads\/2015\/11\/pavillon1-2-300x196.jpg 300w\" sizes=\"auto, (max-width: 635px) 100vw, 635px\" \/><\/p>\n<p><em>Source : <a href=\"https:\/\/wolfgang-buttress.squarespace.com\/uk-pavilion-project-details\" target=\"_blank\" rel=\"noopener\">Wolfgang Buttress<\/a><\/em><\/p>\n<h2>Un pavillon o\u00f9 les visiteurs se transforment en abeilles<\/h2>\n<p>Les visiteurs, reconvertis le temps d\u2019une visite en petites abeilles, ont pu d\u00e9ambuler dans un verger avant de d\u00e9couvrir une prairie de fleurs sauvages et d\u2019entrer dans la \u00ab Ruche \u00bb, cette structure cubique en acier haute de 14 m\u00e8tres et dont la forme s\u2019inspire de celle d\u2019un nid d\u2019abeille.<\/p>\n<p>Il s\u2019inspire des avanc\u00e9es qui ont \u00e9t\u00e9 faites r\u00e9cemment notamment dans les domaines de l\u2019agro-technologie et de l\u2019ing\u00e9nierie agraire.<\/p>\n<p>Pour effectuer la visite vous m\u00eame, nous vous proposons cette courte vid\u00e9o de pr\u00e9sentation du projet<\/p>\n<p><iframe loading=\"lazy\" title=\"UK Pavilion\" width=\"500\" height=\"281\" src=\"https:\/\/www.youtube.com\/embed\/RM8IHnfnP54?feature=oembed\" frameborder=\"0\" allow=\"accelerometer; autoplay; clipboard-write; encrypted-media; gyroscope; picture-in-picture; web-share\" referrerpolicy=\"strict-origin-when-cross-origin\" allowfullscreen><\/iframe><\/p>\n<h2>Un design audacieux<\/h2>\n<p><img loading=\"lazy\" decoding=\"async\" class=\"alignnone size-full wp-image-1276\" src=\"https:\/\/www.archibat.com\/blog\/wp-content\/uploads\/2015\/11\/pavillon-3-2.jpg\" alt=\"pavillon 3\" width=\"635\" height=\"945\" srcset=\"https:\/\/archibat.com\/blog\/wp-content\/uploads\/2015\/11\/pavillon-3-2.jpg 635w, https:\/\/archibat.com\/blog\/wp-content\/uploads\/2015\/11\/pavillon-3-2-202x300.jpg 202w, https:\/\/archibat.com\/blog\/wp-content\/uploads\/2015\/11\/pavillon-3-2-323x480.jpg 323w\" sizes=\"auto, (max-width: 635px) 100vw, 635px\" \/><\/p>\n<p><em>Source : <a href=\"https:\/\/wolfgang-buttress.squarespace.com\/uk-pavilion-project-details\" target=\"_blank\" rel=\"noopener\">Wolfgang Buttress<\/a><\/em><\/p>\n<p>La structure en acier a \u00e9t\u00e9 fabriqu\u00e9e dans l\u2019usine de Stage One \u00e0 York, petite ville anglaise. Elle est compos\u00e9e de 169 300 composants en aluminium qui ont \u00e9t\u00e9 mont\u00e9s de fa\u00e7on \u00e0 constituer, une fois assembl\u00e9s, 32 couches horizontales superpos\u00e9es.<\/p>\n<p>Afin de respecter le concept du nid d\u2019abeille, un vide a \u00e9t\u00e9 laiss\u00e9 au centre de la structure. Des LEDs ont \u00e9t\u00e9 install\u00e9es et leur activit\u00e9 repr\u00e9sente celle qui est mesur\u00e9e dans un vrai nid d\u2019abeille situ\u00e9 \u00e0 Nottingham. On comptabilise 891 LEDs.<\/p>\n<p>Les soci\u00e9t\u00e9s anglaises Stage One et Rise on re\u00e7u la somme de 6 millions de livres sterling pour la construction de ce projet de 1 910 m2.<\/p>\n<p>&nbsp;<\/p>\n<p><em><strong>La po\u00e9sie de ce pavillon nous a convaincu, et vous ?<\/strong><\/em><\/p>\n","protected":false},"excerpt":{"rendered":"<p>Il s\u2019agit du Royaume Uni ! Ce prix a \u00e9t\u00e9 d\u00e9cern\u00e9 par l\u2019Instituto Nazionale di Architettura In\/Arch et l\u2019ANCE, l\u2019association nationale italienne des constructeurs. Le\u2026<\/p>\n","protected":false},"author":2,"featured_media":1284,"comment_status":"closed","ping_status":"closed","sticky":false,"template":"","format":"standard","meta":{"_acf_changed":false,"footnotes":""},"categories":[3],"tags":[1524,1525],"class_list":["post-1272","post","type-post","status-publish","format-standard","has-post-thumbnail","hentry","category-architecture-et-design","tag-exposition-universelle","tag-pavillon-anglais"],"acf":[],"yoast_head":"<!-- This site is optimized with the Yoast SEO plugin v24.8.1 - https:\/\/yoast.com\/wordpress\/plugins\/seo\/ -->\n<title>Quel pays a remport\u00e9 le prix international d\u2019architecture de l\u2019exposition universelle de Milan ? &#8211; ArchiBat Mag<\/title>\n<meta name=\"description\" content=\"Le th\u00e8me de l\u2019exposition universelle 2015 \u00e9tait \u00ab Nourrir la plan\u00e8te, \u00e9nergie pour la vie \u00bb. Et c&#039;est le Royaume Uni qui a le mieux interpr\u00e9t\u00e9 ce th\u00e8me.\" \/>\n<meta name=\"robots\" content=\"index, follow, max-snippet:-1, max-image-preview:large, max-video-preview:-1\" \/>\n<link rel=\"canonical\" href=\"https:\/\/archibat.com\/blog\/quel-pays-a-remporte-le-prix-international-darchitecture-de-lexposition-universelle-de-milan\/\" \/>\n<meta property=\"og:locale\" content=\"fr_FR\" \/>\n<meta property=\"og:type\" content=\"article\" \/>\n<meta property=\"og:title\" content=\"Quel pays a remport\u00e9 le prix international d\u2019architecture de l\u2019exposition universelle de Milan ? &#8211; ArchiBat Mag\" \/>\n<meta property=\"og:description\" content=\"Le th\u00e8me de l\u2019exposition universelle 2015 \u00e9tait \u00ab Nourrir la plan\u00e8te, \u00e9nergie pour la vie \u00bb. Et c&#039;est le Royaume Uni qui a le mieux interpr\u00e9t\u00e9 ce th\u00e8me.\" \/>\n<meta property=\"og:url\" content=\"https:\/\/archibat.com\/blog\/quel-pays-a-remporte-le-prix-international-darchitecture-de-lexposition-universelle-de-milan\/\" \/>\n<meta property=\"og:site_name\" content=\"ArchiBat Mag\" \/>\n<meta property=\"article:published_time\" content=\"2015-11-27T07:38:20+00:00\" \/>\n<meta property=\"article:modified_time\" content=\"2018-11-20T15:38:53+00:00\" \/>\n<meta property=\"og:image\" content=\"https:\/\/archibat.com\/blog\/wp-content\/uploads\/2015\/11\/pavillon-5.jpg\" \/>\n\t<meta property=\"og:image:width\" content=\"635\" \/>\n\t<meta property=\"og:image:height\" content=\"327\" \/>\n\t<meta property=\"og:image:type\" content=\"image\/jpeg\" \/>\n<meta name=\"author\" content=\"communication\" \/>\n<meta name=\"twitter:card\" content=\"summary_large_image\" \/>\n<meta name=\"twitter:label1\" content=\"\u00c9crit par\" \/>\n\t<meta name=\"twitter:data1\" content=\"communication\" \/>\n\t<meta name=\"twitter:label2\" content=\"Dur\u00e9e de lecture estim\u00e9e\" \/>\n\t<meta name=\"twitter:data2\" content=\"2 minutes\" \/>\n<script type=\"application\/ld+json\" class=\"yoast-schema-graph\">{\"@context\":\"https:\/\/schema.org\",\"@graph\":[{\"@type\":\"WebPage\",\"@id\":\"https:\/\/archibat.com\/blog\/quel-pays-a-remporte-le-prix-international-darchitecture-de-lexposition-universelle-de-milan\/\",\"url\":\"https:\/\/archibat.com\/blog\/quel-pays-a-remporte-le-prix-international-darchitecture-de-lexposition-universelle-de-milan\/\",\"name\":\"Quel pays a remport\u00e9 le prix international d\u2019architecture de l\u2019exposition universelle de Milan ? &#8211; ArchiBat Mag\",\"isPartOf\":{\"@id\":\"https:\/\/archibat.com\/blog\/#website\"},\"primaryImageOfPage\":{\"@id\":\"https:\/\/archibat.com\/blog\/quel-pays-a-remporte-le-prix-international-darchitecture-de-lexposition-universelle-de-milan\/#primaryimage\"},\"image\":{\"@id\":\"https:\/\/archibat.com\/blog\/quel-pays-a-remporte-le-prix-international-darchitecture-de-lexposition-universelle-de-milan\/#primaryimage\"},\"thumbnailUrl\":\"https:\/\/archibat.com\/blog\/wp-content\/uploads\/2015\/11\/pavillon-5.jpg\",\"datePublished\":\"2015-11-27T07:38:20+00:00\",\"dateModified\":\"2018-11-20T15:38:53+00:00\",\"author\":{\"@id\":\"https:\/\/archibat.com\/blog\/#\/schema\/person\/c246f0d63b5e719c2cbe4f9bd494bf12\"},\"description\":\"Le th\u00e8me de l\u2019exposition universelle 2015 \u00e9tait \u00ab Nourrir la plan\u00e8te, \u00e9nergie pour la vie \u00bb. Et c'est le Royaume Uni qui a le mieux interpr\u00e9t\u00e9 ce th\u00e8me.\",\"breadcrumb\":{\"@id\":\"https:\/\/archibat.com\/blog\/quel-pays-a-remporte-le-prix-international-darchitecture-de-lexposition-universelle-de-milan\/#breadcrumb\"},\"inLanguage\":\"fr-FR\",\"potentialAction\":[{\"@type\":\"ReadAction\",\"target\":[\"https:\/\/archibat.com\/blog\/quel-pays-a-remporte-le-prix-international-darchitecture-de-lexposition-universelle-de-milan\/\"]}]},{\"@type\":\"ImageObject\",\"inLanguage\":\"fr-FR\",\"@id\":\"https:\/\/archibat.com\/blog\/quel-pays-a-remporte-le-prix-international-darchitecture-de-lexposition-universelle-de-milan\/#primaryimage\",\"url\":\"https:\/\/archibat.com\/blog\/wp-content\/uploads\/2015\/11\/pavillon-5.jpg\",\"contentUrl\":\"https:\/\/archibat.com\/blog\/wp-content\/uploads\/2015\/11\/pavillon-5.jpg\",\"width\":635,\"height\":327,\"caption\":\"pavillon exposition universelle source : t\u00e9l\u00e9rama.fr\"},{\"@type\":\"BreadcrumbList\",\"@id\":\"https:\/\/archibat.com\/blog\/quel-pays-a-remporte-le-prix-international-darchitecture-de-lexposition-universelle-de-milan\/#breadcrumb\",\"itemListElement\":[{\"@type\":\"ListItem\",\"position\":1,\"name\":\"Home\",\"item\":\"https:\/\/archibat.com\/blog\/\"},{\"@type\":\"ListItem\",\"position\":2,\"name\":\"Quel pays a remport\u00e9 le prix international d\u2019architecture de l\u2019exposition universelle de Milan ?\"}]},{\"@type\":\"WebSite\",\"@id\":\"https:\/\/archibat.com\/blog\/#website\",\"url\":\"https:\/\/archibat.com\/blog\/\",\"name\":\"ArchiBat Mag\",\"description\":\"Vous souhaitez connaitre les derni\u00e8res actualit\u00e9s sur l\u2019Architecture, le Design ou les Ressources Humaines ? D\u00e9couvrez ArchiBat Mag, le magazine d\u00e9di\u00e9 aux m\u00e9tiers de l&#039;Architecture et de l&#039;Ing\u00e9nierie.\",\"potentialAction\":[{\"@type\":\"SearchAction\",\"target\":{\"@type\":\"EntryPoint\",\"urlTemplate\":\"https:\/\/archibat.com\/blog\/?s={search_term_string}\"},\"query-input\":{\"@type\":\"PropertyValueSpecification\",\"valueRequired\":true,\"valueName\":\"search_term_string\"}}],\"inLanguage\":\"fr-FR\"},{\"@type\":\"Person\",\"@id\":\"https:\/\/archibat.com\/blog\/#\/schema\/person\/c246f0d63b5e719c2cbe4f9bd494bf12\",\"name\":\"communication\"}]}<\/script>\n<!-- \/ Yoast SEO plugin. -->","yoast_head_json":{"title":"Quel pays a remport\u00e9 le prix international d\u2019architecture de l\u2019exposition universelle de Milan ? &#8211; ArchiBat Mag","description":"Le th\u00e8me de l\u2019exposition universelle 2015 \u00e9tait \u00ab Nourrir la plan\u00e8te, \u00e9nergie pour la vie \u00bb. Et c'est le Royaume Uni qui a le mieux interpr\u00e9t\u00e9 ce th\u00e8me.","robots":{"index":"index","follow":"follow","max-snippet":"max-snippet:-1","max-image-preview":"max-image-preview:large","max-video-preview":"max-video-preview:-1"},"canonical":"https:\/\/archibat.com\/blog\/quel-pays-a-remporte-le-prix-international-darchitecture-de-lexposition-universelle-de-milan\/","og_locale":"fr_FR","og_type":"article","og_title":"Quel pays a remport\u00e9 le prix international d\u2019architecture de l\u2019exposition universelle de Milan ? &#8211; ArchiBat Mag","og_description":"Le th\u00e8me de l\u2019exposition universelle 2015 \u00e9tait \u00ab Nourrir la plan\u00e8te, \u00e9nergie pour la vie \u00bb. Et c'est le Royaume Uni qui a le mieux interpr\u00e9t\u00e9 ce th\u00e8me.","og_url":"https:\/\/archibat.com\/blog\/quel-pays-a-remporte-le-prix-international-darchitecture-de-lexposition-universelle-de-milan\/","og_site_name":"ArchiBat Mag","article_published_time":"2015-11-27T07:38:20+00:00","article_modified_time":"2018-11-20T15:38:53+00:00","og_image":[{"width":635,"height":327,"url":"https:\/\/archibat.com\/blog\/wp-content\/uploads\/2015\/11\/pavillon-5.jpg","type":"image\/jpeg"}],"author":"communication","twitter_card":"summary_large_image","twitter_misc":{"\u00c9crit par":"communication","Dur\u00e9e de lecture estim\u00e9e":"2 minutes"},"schema":{"@context":"https:\/\/schema.org","@graph":[{"@type":"WebPage","@id":"https:\/\/archibat.com\/blog\/quel-pays-a-remporte-le-prix-international-darchitecture-de-lexposition-universelle-de-milan\/","url":"https:\/\/archibat.com\/blog\/quel-pays-a-remporte-le-prix-international-darchitecture-de-lexposition-universelle-de-milan\/","name":"Quel pays a remport\u00e9 le prix international d\u2019architecture de l\u2019exposition universelle de Milan ? &#8211; ArchiBat Mag","isPartOf":{"@id":"https:\/\/archibat.com\/blog\/#website"},"primaryImageOfPage":{"@id":"https:\/\/archibat.com\/blog\/quel-pays-a-remporte-le-prix-international-darchitecture-de-lexposition-universelle-de-milan\/#primaryimage"},"image":{"@id":"https:\/\/archibat.com\/blog\/quel-pays-a-remporte-le-prix-international-darchitecture-de-lexposition-universelle-de-milan\/#primaryimage"},"thumbnailUrl":"https:\/\/archibat.com\/blog\/wp-content\/uploads\/2015\/11\/pavillon-5.jpg","datePublished":"2015-11-27T07:38:20+00:00","dateModified":"2018-11-20T15:38:53+00:00","author":{"@id":"https:\/\/archibat.com\/blog\/#\/schema\/person\/c246f0d63b5e719c2cbe4f9bd494bf12"},"description":"Le th\u00e8me de l\u2019exposition universelle 2015 \u00e9tait \u00ab Nourrir la plan\u00e8te, \u00e9nergie pour la vie \u00bb. Et c'est le Royaume Uni qui a le mieux interpr\u00e9t\u00e9 ce th\u00e8me.","breadcrumb":{"@id":"https:\/\/archibat.com\/blog\/quel-pays-a-remporte-le-prix-international-darchitecture-de-lexposition-universelle-de-milan\/#breadcrumb"},"inLanguage":"fr-FR","potentialAction":[{"@type":"ReadAction","target":["https:\/\/archibat.com\/blog\/quel-pays-a-remporte-le-prix-international-darchitecture-de-lexposition-universelle-de-milan\/"]}]},{"@type":"ImageObject","inLanguage":"fr-FR","@id":"https:\/\/archibat.com\/blog\/quel-pays-a-remporte-le-prix-international-darchitecture-de-lexposition-universelle-de-milan\/#primaryimage","url":"https:\/\/archibat.com\/blog\/wp-content\/uploads\/2015\/11\/pavillon-5.jpg","contentUrl":"https:\/\/archibat.com\/blog\/wp-content\/uploads\/2015\/11\/pavillon-5.jpg","width":635,"height":327,"caption":"pavillon exposition universelle source : t\u00e9l\u00e9rama.fr"},{"@type":"BreadcrumbList","@id":"https:\/\/archibat.com\/blog\/quel-pays-a-remporte-le-prix-international-darchitecture-de-lexposition-universelle-de-milan\/#breadcrumb","itemListElement":[{"@type":"ListItem","position":1,"name":"Home","item":"https:\/\/archibat.com\/blog\/"},{"@type":"ListItem","position":2,"name":"Quel pays a remport\u00e9 le prix international d\u2019architecture de l\u2019exposition universelle de Milan ?"}]},{"@type":"WebSite","@id":"https:\/\/archibat.com\/blog\/#website","url":"https:\/\/archibat.com\/blog\/","name":"ArchiBat Mag","description":"Vous souhaitez connaitre les derni\u00e8res actualit\u00e9s sur l\u2019Architecture, le Design ou les Ressources Humaines ? D\u00e9couvrez ArchiBat Mag, le magazine d\u00e9di\u00e9 aux m\u00e9tiers de l&#039;Architecture et de l&#039;Ing\u00e9nierie.","potentialAction":[{"@type":"SearchAction","target":{"@type":"EntryPoint","urlTemplate":"https:\/\/archibat.com\/blog\/?s={search_term_string}"},"query-input":{"@type":"PropertyValueSpecification","valueRequired":true,"valueName":"search_term_string"}}],"inLanguage":"fr-FR"},{"@type":"Person","@id":"https:\/\/archibat.com\/blog\/#\/schema\/person\/c246f0d63b5e719c2cbe4f9bd494bf12","name":"communication"}]}},"_links":{"self":[{"href":"https:\/\/archibat.com\/blog\/wp-json\/wp\/v2\/posts\/1272","targetHints":{"allow":["GET"]}}],"collection":[{"href":"https:\/\/archibat.com\/blog\/wp-json\/wp\/v2\/posts"}],"about":[{"href":"https:\/\/archibat.com\/blog\/wp-json\/wp\/v2\/types\/post"}],"author":[{"embeddable":true,"href":"https:\/\/archibat.com\/blog\/wp-json\/wp\/v2\/users\/2"}],"replies":[{"embeddable":true,"href":"https:\/\/archibat.com\/blog\/wp-json\/wp\/v2\/comments?post=1272"}],"version-history":[{"count":4,"href":"https:\/\/archibat.com\/blog\/wp-json\/wp\/v2\/posts\/1272\/revisions"}],"predecessor-version":[{"id":7740,"href":"https:\/\/archibat.com\/blog\/wp-json\/wp\/v2\/posts\/1272\/revisions\/7740"}],"wp:featuredmedia":[{"embeddable":true,"href":"https:\/\/archibat.com\/blog\/wp-json\/wp\/v2\/media\/1284"}],"wp:attachment":[{"href":"https:\/\/archibat.com\/blog\/wp-json\/wp\/v2\/media?parent=1272"}],"wp:term":[{"taxonomy":"category","embeddable":true,"href":"https:\/\/archibat.com\/blog\/wp-json\/wp\/v2\/categories?post=1272"},{"taxonomy":"post_tag","embeddable":true,"href":"https:\/\/archibat.com\/blog\/wp-json\/wp\/v2\/tags?post=1272"}],"curies":[{"name":"wp","href":"https:\/\/api.w.org\/{rel}","templated":true}]}}