{"id":12774,"date":"2020-05-26T14:00:04","date_gmt":"2020-05-26T12:00:04","guid":{"rendered":"https:\/\/archibat.com\/blog\/?p=12774"},"modified":"2020-05-28T10:06:14","modified_gmt":"2020-05-28T08:06:14","slug":"ces-entreprises-reactives-face-a-la-penurie-de-masques","status":"publish","type":"post","link":"https:\/\/archibat.com\/blog\/ces-entreprises-reactives-face-a-la-penurie-de-masques\/","title":{"rendered":"Ces entreprises r\u00e9actives face \u00e0 la p\u00e9nurie de masques"},"content":{"rendered":"\n<p>Face \u00e0 la propagation du coronavirus, on a pu constater une p\u00e9nurie d\u2019\u00e9quipement de protection individuelle dans de nombreux pays, dont la France. Avec le d\u00e9confinement le port du masque devient obligatoire ou fortement recommand\u00e9. Afin d\u2019augmenter la production de ces pr\u00e9cieuses protections, les professionnels du mat\u00e9riel m\u00e9dical ne sont plus les seuls \u00e0 r\u00e9pondre \u00e0 l\u2019appel. <\/p>\n\n\n\n<p><\/p>\n\n\n\n<p>Le secteur du meuble s\u2019engage aussi en adaptant ses lignes de montage \u00e0 la fabrication d\u2019\u00e9crans faciaux surtout dans les pays qui sont d\u00e9pendant de la production internationale et sont donc confront\u00e9s \u00e0 des difficult\u00e9s importantes de livraison. Voici quelques exemples d\u2019entreprises qui se sont montr\u00e9es solidaires dans la production de masques. <\/p>\n\n\n\n<figure class=\"wp-block-image size-large\"><img loading=\"lazy\" decoding=\"async\" width=\"720\" height=\"454\" src=\"https:\/\/archibat.com\/blog\/wp-content\/uploads\/2020\/05\/image-1-1-720x454.jpg\" alt=\"\" class=\"wp-image-12787\" srcset=\"https:\/\/archibat.com\/blog\/wp-content\/uploads\/2020\/05\/image-1-1-720x454.jpg 720w, https:\/\/archibat.com\/blog\/wp-content\/uploads\/2020\/05\/image-1-1-300x189.jpg 300w, https:\/\/archibat.com\/blog\/wp-content\/uploads\/2020\/05\/image-1-1-768x484.jpg 768w, https:\/\/archibat.com\/blog\/wp-content\/uploads\/2020\/05\/image-1-1-1536x969.jpg 1536w, https:\/\/archibat.com\/blog\/wp-content\/uploads\/2020\/05\/image-1-1.jpg 1920w\" sizes=\"auto, (max-width: 720px) 100vw, 720px\" \/><\/figure>\n\n\n\n<h2 class=\"wp-block-heading\"><strong>Wilkhahn\nd\u00e9laisse ses meubles pour fabriquer des masques et des \u00e9crans faciaux en 3D<\/strong><strong><\/strong><\/h2>\n\n\n\n<p>Afin de prot\u00e9ger sa main d\u2019\u0153uvre contre le virus, la soci\u00e9t\u00e9 Wilkhahn, fabricant allemand de mobilier de bureau, a pris les choses en main. Alors qu\u2019une grande partie des employ\u00e9s travaillent \u00e0 domicile, la production est toujours en activit\u00e9. L\u2019entreprise s\u2019est lanc\u00e9e dans la conception de masques en interne, pour prot\u00e9ger l\u2019ensemble des salari\u00e9s. Ainsi, les espaces de travail habituellement consacr\u00e9s \u00e0 la fabrication de meubles, font aujourd\u2019hui office d\u2019ateliers de couture pour produire des masques en tissu, tandis qu\u2019une autre \u00e9quipe fabrique des \u00e9crans faciaux gr\u00e2ce aux techniques d\u2019impression 3D. <\/p>\n\n\n\n<p><\/p>\n\n\n\n<p>Michael Englisch, directeur de la conception et Carsten Gehner, directeur du d\u00e9veloppement, con\u00e7oivent des \u00e9crans faciaux avec un biopolym\u00e8re \u00e0 base de lignine pouvant \u00eatre recycl\u00e9 biologiquement et \u00ab&nbsp;pratiquement du jour au lendemain&nbsp;\u00bb affirment-ils. Bien que ces masques et \u00e9crans ne conviennent pas aux professionnels de sant\u00e9, ils contribuent n\u00e9anmoins \u00e0 assurer la s\u00e9curit\u00e9 des employ\u00e9s de Wilkhahn. <\/p>\n\n\n\n<figure class=\"wp-block-image size-large\"><img loading=\"lazy\" decoding=\"async\" width=\"720\" height=\"480\" src=\"https:\/\/archibat.com\/blog\/wp-content\/uploads\/2020\/05\/image-2-720x480.jpg\" alt=\"\" class=\"wp-image-12779\" srcset=\"https:\/\/archibat.com\/blog\/wp-content\/uploads\/2020\/05\/image-2-720x480.jpg 720w, https:\/\/archibat.com\/blog\/wp-content\/uploads\/2020\/05\/image-2-300x200.jpg 300w, https:\/\/archibat.com\/blog\/wp-content\/uploads\/2020\/05\/image-2-768x513.jpg 768w, https:\/\/archibat.com\/blog\/wp-content\/uploads\/2020\/05\/image-2-1536x1026.jpg 1536w, https:\/\/archibat.com\/blog\/wp-content\/uploads\/2020\/05\/image-2-1440x960.jpg 1440w, https:\/\/archibat.com\/blog\/wp-content\/uploads\/2020\/05\/image-2-960x640.jpg 960w, https:\/\/archibat.com\/blog\/wp-content\/uploads\/2020\/05\/image-2.jpg 1920w, https:\/\/archibat.com\/blog\/wp-content\/uploads\/2020\/05\/image-2-350x233.jpg 350w, https:\/\/archibat.com\/blog\/wp-content\/uploads\/2020\/05\/image-2-700x466.jpg 700w\" sizes=\"auto, (max-width: 720px) 100vw, 720px\" \/><\/figure>\n\n\n\n<h2 class=\"wp-block-heading\"><strong>Andreu\nWorld soutient et prot\u00e8ge la communaut\u00e9 <\/strong><strong><\/strong><\/h2>\n\n\n\n<p>\u00ab&nbsp;Notre r\u00e9action \u00e0 l\u2019\u00e9pid\u00e9mie a \u00e9t\u00e9 de r\u00e9pondre de fa\u00e7on solidaire\u00bb affirme Jesus Llinares, PDG du fabricant de meubles espagnol Andreu World. \u00ab&nbsp;Nous avons con\u00e7u 12&nbsp;000 masques destin\u00e9s aux entit\u00e9s locales autour de notre usine dans la municipalit\u00e9 de Valence. Ce mat\u00e9riel de protection \u00e9tait destin\u00e9 aux b\u00e9n\u00e9voles, aux organismes locaux, aux fonctionnaires et aux personnes travaillant dans les centres de sant\u00e9.&nbsp;\u00bb Andreu World produit des masques en tissus hydrofuges et imperm\u00e9ables. \u00ab&nbsp;Les employ\u00e9s de la marque voulaient apporter leur aide pour prot\u00e9ger les communaut\u00e9s locales \u00bb relate le PDG. <\/p>\n\n\n\n<figure class=\"wp-block-image size-large\"><img loading=\"lazy\" decoding=\"async\" width=\"720\" height=\"405\" src=\"https:\/\/archibat.com\/blog\/wp-content\/uploads\/2020\/05\/295394-720x405.jpg\" alt=\"\" class=\"wp-image-12781\" srcset=\"https:\/\/archibat.com\/blog\/wp-content\/uploads\/2020\/05\/295394-720x405.jpg 720w, https:\/\/archibat.com\/blog\/wp-content\/uploads\/2020\/05\/295394-300x169.jpg 300w, https:\/\/archibat.com\/blog\/wp-content\/uploads\/2020\/05\/295394-768x432.jpg 768w, https:\/\/archibat.com\/blog\/wp-content\/uploads\/2020\/05\/295394-1536x864.jpg 1536w, https:\/\/archibat.com\/blog\/wp-content\/uploads\/2020\/05\/295394.jpg 1920w\" sizes=\"auto, (max-width: 720px) 100vw, 720px\" \/><\/figure>\n\n\n\n<h2 class=\"wp-block-heading\"><strong>Nagami Design imprime des \u00e9quipements de protection en 3D<\/strong><\/h2>\n\n\n\n<p>Situ\u00e9 en Espagne, l\u2019un des pays les plus touch\u00e9s d\u2019Europe, l\u2019entreprise Nagami Design a elle aussi mis sa production de meubles en veille, pour fournir l\u2019h\u00f4pital de la ville en boucliers de protection, imprim\u00e9s en 3D. Gr\u00e2ce \u00e0 une technologie d\u2019extrusion robotis\u00e9e, l\u2019entreprise peut imprimer 500 masques par jour, soit un toutes les 5 minutes.\u00ab&nbsp;L\u2019impression 3D s\u2019est impos\u00e9e comme l\u2019outil ultime pour la fabrication locale, r\u00e9duisant la cha\u00eene de production au strict minimum&nbsp;\u00bb, expliquent les fondateurs de Nagami Design. Avec l\u2019urgence sanitaire du COVID-19, cette technologie offre la possibilit\u00e9 de produire efficacement des outils abordables, aujourd\u2019hui essentiels dans la vie de tous les jours.<\/p>\n\n\n\n<p><\/p>\n\n\n\n<p>\u00ab&nbsp;Il s\u2019agit incontestablement du d\u00e9fi le plus important auquel nous ayons \u00e9t\u00e9 confront\u00e9s en tant que concepteurs et fabricants, mais c\u2019est aussi la meilleure utilisation possible de la technologie actuelle du design&nbsp;\u00bb poursuivent-ils. L\u2019entreprise pr\u00e9voit d\u2019\u00e9tendre ses efforts pour aider d\u2019autres villes comme Madrid ou encore La Rioja. <\/p>\n\n\n\n<figure class=\"wp-block-image size-large\"><img loading=\"lazy\" decoding=\"async\" width=\"720\" height=\"480\" src=\"https:\/\/archibat.com\/blog\/wp-content\/uploads\/2020\/05\/image-3-720x480.jpg\" alt=\"\" class=\"wp-image-12783\" srcset=\"https:\/\/archibat.com\/blog\/wp-content\/uploads\/2020\/05\/image-3-720x480.jpg 720w, https:\/\/archibat.com\/blog\/wp-content\/uploads\/2020\/05\/image-3-300x200.jpg 300w, https:\/\/archibat.com\/blog\/wp-content\/uploads\/2020\/05\/image-3-768x512.jpg 768w, https:\/\/archibat.com\/blog\/wp-content\/uploads\/2020\/05\/image-3-1536x1024.jpg 1536w, https:\/\/archibat.com\/blog\/wp-content\/uploads\/2020\/05\/image-3-1440x960.jpg 1440w, https:\/\/archibat.com\/blog\/wp-content\/uploads\/2020\/05\/image-3-960x640.jpg 960w, https:\/\/archibat.com\/blog\/wp-content\/uploads\/2020\/05\/image-3.jpg 1920w, https:\/\/archibat.com\/blog\/wp-content\/uploads\/2020\/05\/image-3-350x233.jpg 350w, https:\/\/archibat.com\/blog\/wp-content\/uploads\/2020\/05\/image-3-700x466.jpg 700w\" sizes=\"auto, (max-width: 720px) 100vw, 720px\" \/><\/figure>\n\n\n\n<h2 class=\"wp-block-heading\"><strong>Natuzzi transforme toute une ligne de production<\/strong><\/h2>\n\n\n\n<p>Au sein de l\u2019usine de Ginosa de la marque italienne Natuzzi, les postes de travail normalement utilis\u00e9s pour la d\u00e9coupe et la couture de tapisserie en cuir, sont d\u00e9sormais d\u00e9di\u00e9s \u00e0 la production de masques chirurgicaux certifi\u00e9s. Il n\u2019aura fallu que trois semaines \u00e0 Natuzzi pour cr\u00e9er une ligne de production conforme \u00e0 toutes les r\u00e9glementations de l\u2019Institut national italien de la sant\u00e9. <\/p>\n\n\n\n<p><\/p>\n\n\n\n<p>Des dispositifs de s\u00e9curit\u00e9, n\u00e9cessaires pour r\u00e9duire la contamination, ont \u00e9t\u00e9 install\u00e9s. Une machine d\u00e9di\u00e9e \u00e0 l\u2019assainissement final des masques faciaux a \u00e9galement \u00e9t\u00e9 ajout\u00e9e \u00e0 la cha\u00eene de production existante. Plusieurs milliers de masques sont produits chaque jour et donn\u00e9s aux h\u00f4pitaux locaux, au d\u00e9partement de la protection civile et \u00e0 la police. <\/p>\n\n\n\n<figure class=\"wp-block-image size-large\"><img loading=\"lazy\" decoding=\"async\" width=\"640\" height=\"480\" src=\"https:\/\/archibat.com\/blog\/wp-content\/uploads\/2020\/05\/image-4-640x480.jpg\" alt=\"\" class=\"wp-image-12785\" srcset=\"https:\/\/archibat.com\/blog\/wp-content\/uploads\/2020\/05\/image-4-640x480.jpg 640w, https:\/\/archibat.com\/blog\/wp-content\/uploads\/2020\/05\/image-4-300x225.jpg 300w, https:\/\/archibat.com\/blog\/wp-content\/uploads\/2020\/05\/image-4-768x576.jpg 768w, https:\/\/archibat.com\/blog\/wp-content\/uploads\/2020\/05\/image-4-1536x1152.jpg 1536w, https:\/\/archibat.com\/blog\/wp-content\/uploads\/2020\/05\/image-4.jpg 1920w\" sizes=\"auto, (max-width: 640px) 100vw, 640px\" \/><\/figure>\n\n\n\n<h2 class=\"wp-block-heading\"><strong>Sancal se lance dans la fabrication des \u00e9quipements de protection individuelle<\/strong><\/h2>\n\n\n\n<p>Dans un effort commun pour augmenter la disponibilit\u00e9 des \u00e9quipements de protection individuelle (EPI), 40 entreprises de Yecla, municipalit\u00e9 situ\u00e9e \u00e0 l\u2019est de l\u2019Espagne, ont consacr\u00e9 leurs sites \u00e0 la fabrication de masques, de blouses et de couvre-chaussures. Apr\u00e8s avoir tout d\u2019abord ferm\u00e9 son usine pendant le confinement, la marque de meubles Sancal a rouvert pour produire des masques faciaux avec l\u2019aide de b\u00e9n\u00e9voles de leurs d\u00e9partements de coupe et couture. <\/p>\n\n\n\n<p><\/p>\n\n\n\n<p>Les marques de mode ont \u00e9galement r\u00e9organis\u00e9 leurs ateliers et leurs usines pour fabriquer des \u00e9quipements de protection. Des masques chirurgicaux, du savon, mais \u00e9galement un financement important de mat\u00e9riel m\u00e9dical, tel est le mantra des maisons de luxe comme Herm\u00e8s, Prada, Louis Vuitton ou Yves Saint Laurent.  <\/p>\n","protected":false},"excerpt":{"rendered":"<p>Face \u00e0 la propagation du coronavirus, on a pu constater une p\u00e9nurie d\u2019\u00e9quipement de protection individuelle dans de nombreux pays, dont la France. Avec le\u2026<\/p>\n","protected":false},"author":2,"featured_media":12775,"comment_status":"closed","ping_status":"closed","sticky":false,"template":"","format":"standard","meta":{"_acf_changed":false,"footnotes":""},"categories":[4],"tags":[2432,2477,2485,2486,2487],"class_list":["post-12774","post","type-post","status-publish","format-standard","has-post-thumbnail","hentry","category-ressources-humaines","tag-coronavirus","tag-deconfinement","tag-masques","tag-penurie","tag-protection"],"acf":[],"yoast_head":"<!-- This site is optimized with the Yoast SEO plugin v24.8.1 - https:\/\/yoast.com\/wordpress\/plugins\/seo\/ -->\n<title>Ces entreprises r\u00e9actives face \u00e0 la p\u00e9nurie de masques &#8211; ArchiBat Mag<\/title>\n<meta name=\"robots\" content=\"index, follow, max-snippet:-1, max-image-preview:large, max-video-preview:-1\" \/>\n<link rel=\"canonical\" href=\"https:\/\/archibat.com\/blog\/ces-entreprises-reactives-face-a-la-penurie-de-masques\/\" \/>\n<meta property=\"og:locale\" content=\"fr_FR\" \/>\n<meta property=\"og:type\" content=\"article\" \/>\n<meta property=\"og:title\" content=\"Ces entreprises r\u00e9actives face \u00e0 la p\u00e9nurie de masques &#8211; ArchiBat Mag\" \/>\n<meta property=\"og:description\" content=\"Face \u00e0 la propagation du coronavirus, on a pu constater une p\u00e9nurie d\u2019\u00e9quipement de protection individuelle dans de nombreux pays, dont la France. Avec le\u2026\" \/>\n<meta property=\"og:url\" content=\"https:\/\/archibat.com\/blog\/ces-entreprises-reactives-face-a-la-penurie-de-masques\/\" \/>\n<meta property=\"og:site_name\" content=\"ArchiBat Mag\" \/>\n<meta property=\"article:published_time\" content=\"2020-05-26T12:00:04+00:00\" \/>\n<meta property=\"article:modified_time\" content=\"2020-05-28T08:06:14+00:00\" \/>\n<meta property=\"og:image\" content=\"https:\/\/archibat.com\/blog\/wp-content\/uploads\/2020\/05\/cover-1.jpg\" \/>\n\t<meta property=\"og:image:width\" content=\"1920\" \/>\n\t<meta property=\"og:image:height\" content=\"1440\" \/>\n\t<meta property=\"og:image:type\" content=\"image\/jpeg\" \/>\n<meta name=\"author\" content=\"communication\" \/>\n<meta name=\"twitter:card\" content=\"summary_large_image\" \/>\n<meta name=\"twitter:label1\" content=\"\u00c9crit par\" \/>\n\t<meta name=\"twitter:data1\" content=\"communication\" \/>\n\t<meta name=\"twitter:label2\" content=\"Dur\u00e9e de lecture estim\u00e9e\" \/>\n\t<meta name=\"twitter:data2\" content=\"4 minutes\" \/>\n<script type=\"application\/ld+json\" class=\"yoast-schema-graph\">{\"@context\":\"https:\/\/schema.org\",\"@graph\":[{\"@type\":\"WebPage\",\"@id\":\"https:\/\/archibat.com\/blog\/ces-entreprises-reactives-face-a-la-penurie-de-masques\/\",\"url\":\"https:\/\/archibat.com\/blog\/ces-entreprises-reactives-face-a-la-penurie-de-masques\/\",\"name\":\"Ces entreprises r\u00e9actives face \u00e0 la p\u00e9nurie de masques &#8211; ArchiBat Mag\",\"isPartOf\":{\"@id\":\"https:\/\/archibat.com\/blog\/#website\"},\"primaryImageOfPage\":{\"@id\":\"https:\/\/archibat.com\/blog\/ces-entreprises-reactives-face-a-la-penurie-de-masques\/#primaryimage\"},\"image\":{\"@id\":\"https:\/\/archibat.com\/blog\/ces-entreprises-reactives-face-a-la-penurie-de-masques\/#primaryimage\"},\"thumbnailUrl\":\"https:\/\/archibat.com\/blog\/wp-content\/uploads\/2020\/05\/cover-1.jpg\",\"datePublished\":\"2020-05-26T12:00:04+00:00\",\"dateModified\":\"2020-05-28T08:06:14+00:00\",\"author\":{\"@id\":\"https:\/\/archibat.com\/blog\/#\/schema\/person\/c246f0d63b5e719c2cbe4f9bd494bf12\"},\"breadcrumb\":{\"@id\":\"https:\/\/archibat.com\/blog\/ces-entreprises-reactives-face-a-la-penurie-de-masques\/#breadcrumb\"},\"inLanguage\":\"fr-FR\",\"potentialAction\":[{\"@type\":\"ReadAction\",\"target\":[\"https:\/\/archibat.com\/blog\/ces-entreprises-reactives-face-a-la-penurie-de-masques\/\"]}]},{\"@type\":\"ImageObject\",\"inLanguage\":\"fr-FR\",\"@id\":\"https:\/\/archibat.com\/blog\/ces-entreprises-reactives-face-a-la-penurie-de-masques\/#primaryimage\",\"url\":\"https:\/\/archibat.com\/blog\/wp-content\/uploads\/2020\/05\/cover-1.jpg\",\"contentUrl\":\"https:\/\/archibat.com\/blog\/wp-content\/uploads\/2020\/05\/cover-1.jpg\",\"width\":1920,\"height\":1440},{\"@type\":\"BreadcrumbList\",\"@id\":\"https:\/\/archibat.com\/blog\/ces-entreprises-reactives-face-a-la-penurie-de-masques\/#breadcrumb\",\"itemListElement\":[{\"@type\":\"ListItem\",\"position\":1,\"name\":\"Home\",\"item\":\"https:\/\/archibat.com\/blog\/\"},{\"@type\":\"ListItem\",\"position\":2,\"name\":\"Ces entreprises r\u00e9actives face \u00e0 la p\u00e9nurie de masques\"}]},{\"@type\":\"WebSite\",\"@id\":\"https:\/\/archibat.com\/blog\/#website\",\"url\":\"https:\/\/archibat.com\/blog\/\",\"name\":\"ArchiBat Mag\",\"description\":\"Vous souhaitez connaitre les derni\u00e8res actualit\u00e9s sur l\u2019Architecture, le Design ou les Ressources Humaines ? D\u00e9couvrez ArchiBat Mag, le magazine d\u00e9di\u00e9 aux m\u00e9tiers de l&#039;Architecture et de l&#039;Ing\u00e9nierie.\",\"potentialAction\":[{\"@type\":\"SearchAction\",\"target\":{\"@type\":\"EntryPoint\",\"urlTemplate\":\"https:\/\/archibat.com\/blog\/?s={search_term_string}\"},\"query-input\":{\"@type\":\"PropertyValueSpecification\",\"valueRequired\":true,\"valueName\":\"search_term_string\"}}],\"inLanguage\":\"fr-FR\"},{\"@type\":\"Person\",\"@id\":\"https:\/\/archibat.com\/blog\/#\/schema\/person\/c246f0d63b5e719c2cbe4f9bd494bf12\",\"name\":\"communication\"}]}<\/script>\n<!-- \/ Yoast SEO plugin. -->","yoast_head_json":{"title":"Ces entreprises r\u00e9actives face \u00e0 la p\u00e9nurie de masques &#8211; ArchiBat Mag","robots":{"index":"index","follow":"follow","max-snippet":"max-snippet:-1","max-image-preview":"max-image-preview:large","max-video-preview":"max-video-preview:-1"},"canonical":"https:\/\/archibat.com\/blog\/ces-entreprises-reactives-face-a-la-penurie-de-masques\/","og_locale":"fr_FR","og_type":"article","og_title":"Ces entreprises r\u00e9actives face \u00e0 la p\u00e9nurie de masques &#8211; ArchiBat Mag","og_description":"Face \u00e0 la propagation du coronavirus, on a pu constater une p\u00e9nurie d\u2019\u00e9quipement de protection individuelle dans de nombreux pays, dont la France. Avec le\u2026","og_url":"https:\/\/archibat.com\/blog\/ces-entreprises-reactives-face-a-la-penurie-de-masques\/","og_site_name":"ArchiBat Mag","article_published_time":"2020-05-26T12:00:04+00:00","article_modified_time":"2020-05-28T08:06:14+00:00","og_image":[{"width":1920,"height":1440,"url":"https:\/\/archibat.com\/blog\/wp-content\/uploads\/2020\/05\/cover-1.jpg","type":"image\/jpeg"}],"author":"communication","twitter_card":"summary_large_image","twitter_misc":{"\u00c9crit par":"communication","Dur\u00e9e de lecture estim\u00e9e":"4 minutes"},"schema":{"@context":"https:\/\/schema.org","@graph":[{"@type":"WebPage","@id":"https:\/\/archibat.com\/blog\/ces-entreprises-reactives-face-a-la-penurie-de-masques\/","url":"https:\/\/archibat.com\/blog\/ces-entreprises-reactives-face-a-la-penurie-de-masques\/","name":"Ces entreprises r\u00e9actives face \u00e0 la p\u00e9nurie de masques &#8211; ArchiBat Mag","isPartOf":{"@id":"https:\/\/archibat.com\/blog\/#website"},"primaryImageOfPage":{"@id":"https:\/\/archibat.com\/blog\/ces-entreprises-reactives-face-a-la-penurie-de-masques\/#primaryimage"},"image":{"@id":"https:\/\/archibat.com\/blog\/ces-entreprises-reactives-face-a-la-penurie-de-masques\/#primaryimage"},"thumbnailUrl":"https:\/\/archibat.com\/blog\/wp-content\/uploads\/2020\/05\/cover-1.jpg","datePublished":"2020-05-26T12:00:04+00:00","dateModified":"2020-05-28T08:06:14+00:00","author":{"@id":"https:\/\/archibat.com\/blog\/#\/schema\/person\/c246f0d63b5e719c2cbe4f9bd494bf12"},"breadcrumb":{"@id":"https:\/\/archibat.com\/blog\/ces-entreprises-reactives-face-a-la-penurie-de-masques\/#breadcrumb"},"inLanguage":"fr-FR","potentialAction":[{"@type":"ReadAction","target":["https:\/\/archibat.com\/blog\/ces-entreprises-reactives-face-a-la-penurie-de-masques\/"]}]},{"@type":"ImageObject","inLanguage":"fr-FR","@id":"https:\/\/archibat.com\/blog\/ces-entreprises-reactives-face-a-la-penurie-de-masques\/#primaryimage","url":"https:\/\/archibat.com\/blog\/wp-content\/uploads\/2020\/05\/cover-1.jpg","contentUrl":"https:\/\/archibat.com\/blog\/wp-content\/uploads\/2020\/05\/cover-1.jpg","width":1920,"height":1440},{"@type":"BreadcrumbList","@id":"https:\/\/archibat.com\/blog\/ces-entreprises-reactives-face-a-la-penurie-de-masques\/#breadcrumb","itemListElement":[{"@type":"ListItem","position":1,"name":"Home","item":"https:\/\/archibat.com\/blog\/"},{"@type":"ListItem","position":2,"name":"Ces entreprises r\u00e9actives face \u00e0 la p\u00e9nurie de masques"}]},{"@type":"WebSite","@id":"https:\/\/archibat.com\/blog\/#website","url":"https:\/\/archibat.com\/blog\/","name":"ArchiBat Mag","description":"Vous souhaitez connaitre les derni\u00e8res actualit\u00e9s sur l\u2019Architecture, le Design ou les Ressources Humaines ? D\u00e9couvrez ArchiBat Mag, le magazine d\u00e9di\u00e9 aux m\u00e9tiers de l&#039;Architecture et de l&#039;Ing\u00e9nierie.","potentialAction":[{"@type":"SearchAction","target":{"@type":"EntryPoint","urlTemplate":"https:\/\/archibat.com\/blog\/?s={search_term_string}"},"query-input":{"@type":"PropertyValueSpecification","valueRequired":true,"valueName":"search_term_string"}}],"inLanguage":"fr-FR"},{"@type":"Person","@id":"https:\/\/archibat.com\/blog\/#\/schema\/person\/c246f0d63b5e719c2cbe4f9bd494bf12","name":"communication"}]}},"_links":{"self":[{"href":"https:\/\/archibat.com\/blog\/wp-json\/wp\/v2\/posts\/12774","targetHints":{"allow":["GET"]}}],"collection":[{"href":"https:\/\/archibat.com\/blog\/wp-json\/wp\/v2\/posts"}],"about":[{"href":"https:\/\/archibat.com\/blog\/wp-json\/wp\/v2\/types\/post"}],"author":[{"embeddable":true,"href":"https:\/\/archibat.com\/blog\/wp-json\/wp\/v2\/users\/2"}],"replies":[{"embeddable":true,"href":"https:\/\/archibat.com\/blog\/wp-json\/wp\/v2\/comments?post=12774"}],"version-history":[{"count":2,"href":"https:\/\/archibat.com\/blog\/wp-json\/wp\/v2\/posts\/12774\/revisions"}],"predecessor-version":[{"id":12791,"href":"https:\/\/archibat.com\/blog\/wp-json\/wp\/v2\/posts\/12774\/revisions\/12791"}],"wp:featuredmedia":[{"embeddable":true,"href":"https:\/\/archibat.com\/blog\/wp-json\/wp\/v2\/media\/12775"}],"wp:attachment":[{"href":"https:\/\/archibat.com\/blog\/wp-json\/wp\/v2\/media?parent=12774"}],"wp:term":[{"taxonomy":"category","embeddable":true,"href":"https:\/\/archibat.com\/blog\/wp-json\/wp\/v2\/categories?post=12774"},{"taxonomy":"post_tag","embeddable":true,"href":"https:\/\/archibat.com\/blog\/wp-json\/wp\/v2\/tags?post=12774"}],"curies":[{"name":"wp","href":"https:\/\/api.w.org\/{rel}","templated":true}]}}