{"id":12927,"date":"2020-06-19T14:00:31","date_gmt":"2020-06-19T12:00:31","guid":{"rendered":"https:\/\/archibat.com\/blog\/?p=12927"},"modified":"2020-06-19T10:29:06","modified_gmt":"2020-06-19T08:29:06","slug":"referent-covid-19-un-nouveau-metier-dans-lentreprise","status":"publish","type":"post","link":"https:\/\/archibat.com\/blog\/referent-covid-19-un-nouveau-metier-dans-lentreprise\/","title":{"rendered":"R\u00e9f\u00e9rent covid-19, un nouveau m\u00e9tier dans l\u2019entreprise\u00a0?"},"content":{"rendered":"\n<p>Avec la reprise des activit\u00e9s \u00e9conomiques dans l\u2019Hexagone, prot\u00e9ger la sant\u00e9 des salari\u00e9s est un enjeu important en cette p\u00e9riode de post-crise sanitaire. Le d\u00e9confinement oblige les entreprises \u00e0 mettre en place des protocoles de s\u00e9curit\u00e9, qu\u2019il faut ensuite faire respecter. C\u2019est ainsi que le poste de r\u00e9f\u00e9rent Covid a vu le jour, au d\u00e9part destin\u00e9 exclusivement aux entreprises du b\u00e2timent, avant d\u2019\u00eatre d\u00e9ploy\u00e9 dans les si\u00e8ges sociaux, dans les points de vente et dans les sites touristiques. Toutefois, ce poste n\u2019est pas obligatoire, mais fortement pr\u00e9conis\u00e9 par l\u2019\u00c9tat. En quoi consiste exactement cette nouvelle fonction\u00a0? Explications.<\/p>\n\n\n\n<p><\/p>\n\n\n\n<h2 class=\"wp-block-heading\">Un r\u00e9f\u00e9rent Covid-19 pour la mise en place des protocoles sanitaires<\/h2>\n\n\n\n<p>Lors du Conseil des ministres du 22 avril, le gouvernement indiquait sa volont\u00e9 de \u00ab\u00a0favoriser la reprise rapide de l\u2019activit\u00e9 \u00e9conomique dans des conditions protectrices pour les salari\u00e9s.\u00a0\u00bb C\u2019est alors que le poste de r\u00e9f\u00e9rent Covid a vu le jour, afin de veiller \u00e0 la bonne mise en place des protocoles sanitaires au sein d\u2019une entreprise. Le r\u00e9f\u00e9rent accompagne les dirigeants dans la protection des salari\u00e9s afin d\u2019\u00e9viter de nouvelles contaminations. Il doit donc s\u2019assurer que l\u2019ensemble des gestes barri\u00e8re et autres protocoles de s\u00e9curit\u00e9 soient bien respect\u00e9s pour tous les publics, en interne ou en externe.<\/p>\n\n\n\n<p><\/p>\n\n\n\n<p>La responsabilit\u00e9 du r\u00e9f\u00e9rent Covid est d&rsquo;organiser les flux des hommes et des marchandises au quotidien, former en interne aux bonnes pratiques sanitaires pour une s\u00e9curit\u00e9 optimale , encadrer et animer le protocole interne et permettre \u00e0 l&rsquo;entreprise de gagner du temps et d&rsquo;assurer la tra\u00e7abilit\u00e9 des actions. Une fiche de poste en ligne , non-exhaustive, permet de visualiser plus clairement l\u2019ensemble des missions concern\u00e9es dans l\u2019entreprise ou sur un chantier du BTP.<\/p>\n\n\n\n<p><\/p>\n\n\n\n<h2 class=\"wp-block-heading\">Des outils de formation en ligne pour accompagner le r\u00e9f\u00e9rent Covid<\/h2>\n\n\n\n<p>Pour que les r\u00e9f\u00e9rents Covid int\u00e8grent plus facilement leurs nouvelles missions et disposent des moyens n\u00e9cessaires \u00e0 leur application, l&rsquo;Organisme professionnel de pr\u00e9vention du b\u00e2timent et des travaux publics (OPPBTP) a d\u00e9velopp\u00e9 une formation \u00e0 distance en e-learning. Des sessions en ligne de 15 personnes maximum sont organis\u00e9es depuis le 14 mai et auront lieu jusqu&rsquo;\u00e0 la fin du mois de juin.<\/p>\n\n\n\n<p><\/p>\n\n\n\n<p>Un module e-learning \u00ab\u00a0R\u00e9f\u00e9rent Covid-19\u00a0\u00bb a \u00e9galement \u00e9t\u00e9 mis en place, sous la forme de trois vid\u00e9os interactives et d\u2019un quiz, permettant aux r\u00e9f\u00e9rents de comprendre les outils op\u00e9rationnels \u00e0 leur disposition. Ce module est accessible \u00e0 tout moment, en totale autonomie sur le site de la pr\u00e9vention BTP.<\/p>\n\n\n\n<p><\/p>\n\n\n\n<h2 class=\"wp-block-heading\">Qui peut devenir r\u00e9f\u00e9rent Covid\u00a0?<\/h2>\n\n\n\n<p>En fonction de la taille de l\u2019entreprise, un ou plusieurs r\u00e9f\u00e9rents peuvent \u00eatre nomm\u00e9s. Il peut y avoir un\u00a0r\u00e9f\u00e9rent Covid-19 entreprise,\u00a0un ou plusieurs r\u00e9f\u00e9rents Covid-19 chantiers\u00a0ou tout simplement\u00a0un r\u00e9f\u00e9rent unique. En fait, n\u2019importe quel membre de l\u2019entreprise peut le devenir, \u00e0 condition\u00a0de r\u00e9pondre aux comp\u00e9tences\u00a0li\u00e9es \u00e0 cette mission\u00a0: connaissance des notions de sant\u00e9 et de s\u00e9curit\u00e9 au travail ainsi que des mesures de pr\u00e9vention en p\u00e9riode de crise sanitaire, assiduit\u00e9 sur la veille r\u00e9glementaire\u2026 Il faut \u00e9galement savoir faire preuve de p\u00e9dagogie aupr\u00e8s des \u00e9quipes.<\/p>\n\n\n\n<p><\/p>\n\n\n\n<h2 class=\"wp-block-heading\">R\u00e9f\u00e9rent Covid-19, un m\u00e9tier d\u2019avenir\u00a0?<\/h2>\n\n\n\n<p>Dans une interview pour le m\u00e9dia Capital, Fran\u00e7ois Chevaliez, expert en relation client, pense \u00e0 l\u2019avenir de ce nouveau m\u00e9tier\u00a0: \u00ab\u00a0La p\u00e9riode transitoire risque de se prolonger. D&rsquo;autres secteurs d&rsquo;activit\u00e9 seront bient\u00f4t concern\u00e9s par la reprise et auront aussi besoin de cette fonction. D&rsquo;ailleurs, on a des demandes de formation de la part de demandeurs d&#8217;emploi qui sont convaincus que d&rsquo;avoir suivi cette formation sera un atout pour eux dans leur recherche de poste. \u00bb<br><\/p>\n\n\n\n<p><\/p>\n\n\n\n<p>N\u2019\u00e9tant pas \u00e0 l\u2019abri d\u2019une seconde vague de l\u2019\u00e9pid\u00e9mie, sans vaccin ni traitement pour l\u2019instant, les entreprises vont devoir anticiper et \u00eatre r\u00e9actives. Une r\u00e9organisation du travail est \u00e0 mettre en \u0153uvre mais aussi des actions de formation des salari\u00e9s pour que l\u2019un d\u2019entre eux soit en capacit\u00e9 de devenir le nouveau r\u00e9f\u00e9rent Covid.<\/p>\n","protected":false},"excerpt":{"rendered":"<p>Avec la reprise des activit\u00e9s \u00e9conomiques dans l\u2019Hexagone, prot\u00e9ger la sant\u00e9 des salari\u00e9s est un enjeu important en cette p\u00e9riode de post-crise sanitaire. Le d\u00e9confinement\u2026<\/p>\n","protected":false},"author":2,"featured_media":12928,"comment_status":"closed","ping_status":"closed","sticky":false,"template":"","format":"standard","meta":{"_acf_changed":false,"footnotes":""},"categories":[4],"tags":[2446,2499,2500,2501,2498,1273],"class_list":["post-12927","post","type-post","status-publish","format-standard","has-post-thumbnail","hentry","category-ressources-humaines","tag-covid-19","tag-dec","tag-protocoles","tag-sanitaire","tag-sante","tag-travail"],"acf":[],"yoast_head":"<!-- This site is optimized with the Yoast SEO plugin v24.8.1 - https:\/\/yoast.com\/wordpress\/plugins\/seo\/ -->\n<title>R\u00e9f\u00e9rent covid-19, un nouveau m\u00e9tier dans l\u2019entreprise\u00a0? &#8211; ArchiBat Mag<\/title>\n<meta name=\"robots\" content=\"index, follow, max-snippet:-1, max-image-preview:large, max-video-preview:-1\" \/>\n<link rel=\"canonical\" href=\"https:\/\/archibat.com\/blog\/referent-covid-19-un-nouveau-metier-dans-lentreprise\/\" \/>\n<meta property=\"og:locale\" content=\"fr_FR\" \/>\n<meta property=\"og:type\" content=\"article\" \/>\n<meta property=\"og:title\" content=\"R\u00e9f\u00e9rent covid-19, un nouveau m\u00e9tier dans l\u2019entreprise\u00a0? &#8211; ArchiBat Mag\" \/>\n<meta property=\"og:description\" content=\"Avec la reprise des activit\u00e9s \u00e9conomiques dans l\u2019Hexagone, prot\u00e9ger la sant\u00e9 des salari\u00e9s est un enjeu important en cette p\u00e9riode de post-crise sanitaire. Le d\u00e9confinement\u2026\" \/>\n<meta property=\"og:url\" content=\"https:\/\/archibat.com\/blog\/referent-covid-19-un-nouveau-metier-dans-lentreprise\/\" \/>\n<meta property=\"og:site_name\" content=\"ArchiBat Mag\" \/>\n<meta property=\"article:published_time\" content=\"2020-06-19T12:00:31+00:00\" \/>\n<meta property=\"og:image\" content=\"https:\/\/archibat.com\/blog\/wp-content\/uploads\/2020\/06\/iStock-1209212639.jpeg\" \/>\n\t<meta property=\"og:image:width\" content=\"1280\" \/>\n\t<meta property=\"og:image:height\" content=\"819\" \/>\n\t<meta property=\"og:image:type\" content=\"image\/jpeg\" \/>\n<meta name=\"author\" content=\"communication\" \/>\n<meta name=\"twitter:card\" content=\"summary_large_image\" \/>\n<meta name=\"twitter:label1\" content=\"\u00c9crit par\" \/>\n\t<meta name=\"twitter:data1\" content=\"communication\" \/>\n\t<meta name=\"twitter:label2\" content=\"Dur\u00e9e de lecture estim\u00e9e\" \/>\n\t<meta name=\"twitter:data2\" content=\"4 minutes\" \/>\n<script type=\"application\/ld+json\" class=\"yoast-schema-graph\">{\"@context\":\"https:\/\/schema.org\",\"@graph\":[{\"@type\":\"WebPage\",\"@id\":\"https:\/\/archibat.com\/blog\/referent-covid-19-un-nouveau-metier-dans-lentreprise\/\",\"url\":\"https:\/\/archibat.com\/blog\/referent-covid-19-un-nouveau-metier-dans-lentreprise\/\",\"name\":\"R\u00e9f\u00e9rent covid-19, un nouveau m\u00e9tier dans l\u2019entreprise\u00a0? &#8211; ArchiBat Mag\",\"isPartOf\":{\"@id\":\"https:\/\/archibat.com\/blog\/#website\"},\"primaryImageOfPage\":{\"@id\":\"https:\/\/archibat.com\/blog\/referent-covid-19-un-nouveau-metier-dans-lentreprise\/#primaryimage\"},\"image\":{\"@id\":\"https:\/\/archibat.com\/blog\/referent-covid-19-un-nouveau-metier-dans-lentreprise\/#primaryimage\"},\"thumbnailUrl\":\"https:\/\/archibat.com\/blog\/wp-content\/uploads\/2020\/06\/iStock-1209212639.jpeg\",\"datePublished\":\"2020-06-19T12:00:31+00:00\",\"author\":{\"@id\":\"https:\/\/archibat.com\/blog\/#\/schema\/person\/c246f0d63b5e719c2cbe4f9bd494bf12\"},\"breadcrumb\":{\"@id\":\"https:\/\/archibat.com\/blog\/referent-covid-19-un-nouveau-metier-dans-lentreprise\/#breadcrumb\"},\"inLanguage\":\"fr-FR\",\"potentialAction\":[{\"@type\":\"ReadAction\",\"target\":[\"https:\/\/archibat.com\/blog\/referent-covid-19-un-nouveau-metier-dans-lentreprise\/\"]}]},{\"@type\":\"ImageObject\",\"inLanguage\":\"fr-FR\",\"@id\":\"https:\/\/archibat.com\/blog\/referent-covid-19-un-nouveau-metier-dans-lentreprise\/#primaryimage\",\"url\":\"https:\/\/archibat.com\/blog\/wp-content\/uploads\/2020\/06\/iStock-1209212639.jpeg\",\"contentUrl\":\"https:\/\/archibat.com\/blog\/wp-content\/uploads\/2020\/06\/iStock-1209212639.jpeg\",\"width\":1280,\"height\":819,\"caption\":\"Hand holding an umbrella against the 2019 novel coronavirus pneumonia, global plague virus\"},{\"@type\":\"BreadcrumbList\",\"@id\":\"https:\/\/archibat.com\/blog\/referent-covid-19-un-nouveau-metier-dans-lentreprise\/#breadcrumb\",\"itemListElement\":[{\"@type\":\"ListItem\",\"position\":1,\"name\":\"Home\",\"item\":\"https:\/\/archibat.com\/blog\/\"},{\"@type\":\"ListItem\",\"position\":2,\"name\":\"R\u00e9f\u00e9rent covid-19, un nouveau m\u00e9tier dans l\u2019entreprise\u00a0?\"}]},{\"@type\":\"WebSite\",\"@id\":\"https:\/\/archibat.com\/blog\/#website\",\"url\":\"https:\/\/archibat.com\/blog\/\",\"name\":\"ArchiBat Mag\",\"description\":\"Vous souhaitez connaitre les derni\u00e8res actualit\u00e9s sur l\u2019Architecture, le Design ou les Ressources Humaines ? D\u00e9couvrez ArchiBat Mag, le magazine d\u00e9di\u00e9 aux m\u00e9tiers de l&#039;Architecture et de l&#039;Ing\u00e9nierie.\",\"potentialAction\":[{\"@type\":\"SearchAction\",\"target\":{\"@type\":\"EntryPoint\",\"urlTemplate\":\"https:\/\/archibat.com\/blog\/?s={search_term_string}\"},\"query-input\":{\"@type\":\"PropertyValueSpecification\",\"valueRequired\":true,\"valueName\":\"search_term_string\"}}],\"inLanguage\":\"fr-FR\"},{\"@type\":\"Person\",\"@id\":\"https:\/\/archibat.com\/blog\/#\/schema\/person\/c246f0d63b5e719c2cbe4f9bd494bf12\",\"name\":\"communication\"}]}<\/script>\n<!-- \/ Yoast SEO plugin. -->","yoast_head_json":{"title":"R\u00e9f\u00e9rent covid-19, un nouveau m\u00e9tier dans l\u2019entreprise\u00a0? &#8211; ArchiBat Mag","robots":{"index":"index","follow":"follow","max-snippet":"max-snippet:-1","max-image-preview":"max-image-preview:large","max-video-preview":"max-video-preview:-1"},"canonical":"https:\/\/archibat.com\/blog\/referent-covid-19-un-nouveau-metier-dans-lentreprise\/","og_locale":"fr_FR","og_type":"article","og_title":"R\u00e9f\u00e9rent covid-19, un nouveau m\u00e9tier dans l\u2019entreprise\u00a0? &#8211; ArchiBat Mag","og_description":"Avec la reprise des activit\u00e9s \u00e9conomiques dans l\u2019Hexagone, prot\u00e9ger la sant\u00e9 des salari\u00e9s est un enjeu important en cette p\u00e9riode de post-crise sanitaire. Le d\u00e9confinement\u2026","og_url":"https:\/\/archibat.com\/blog\/referent-covid-19-un-nouveau-metier-dans-lentreprise\/","og_site_name":"ArchiBat Mag","article_published_time":"2020-06-19T12:00:31+00:00","og_image":[{"width":1280,"height":819,"url":"https:\/\/archibat.com\/blog\/wp-content\/uploads\/2020\/06\/iStock-1209212639.jpeg","type":"image\/jpeg"}],"author":"communication","twitter_card":"summary_large_image","twitter_misc":{"\u00c9crit par":"communication","Dur\u00e9e de lecture estim\u00e9e":"4 minutes"},"schema":{"@context":"https:\/\/schema.org","@graph":[{"@type":"WebPage","@id":"https:\/\/archibat.com\/blog\/referent-covid-19-un-nouveau-metier-dans-lentreprise\/","url":"https:\/\/archibat.com\/blog\/referent-covid-19-un-nouveau-metier-dans-lentreprise\/","name":"R\u00e9f\u00e9rent covid-19, un nouveau m\u00e9tier dans l\u2019entreprise\u00a0? &#8211; ArchiBat Mag","isPartOf":{"@id":"https:\/\/archibat.com\/blog\/#website"},"primaryImageOfPage":{"@id":"https:\/\/archibat.com\/blog\/referent-covid-19-un-nouveau-metier-dans-lentreprise\/#primaryimage"},"image":{"@id":"https:\/\/archibat.com\/blog\/referent-covid-19-un-nouveau-metier-dans-lentreprise\/#primaryimage"},"thumbnailUrl":"https:\/\/archibat.com\/blog\/wp-content\/uploads\/2020\/06\/iStock-1209212639.jpeg","datePublished":"2020-06-19T12:00:31+00:00","author":{"@id":"https:\/\/archibat.com\/blog\/#\/schema\/person\/c246f0d63b5e719c2cbe4f9bd494bf12"},"breadcrumb":{"@id":"https:\/\/archibat.com\/blog\/referent-covid-19-un-nouveau-metier-dans-lentreprise\/#breadcrumb"},"inLanguage":"fr-FR","potentialAction":[{"@type":"ReadAction","target":["https:\/\/archibat.com\/blog\/referent-covid-19-un-nouveau-metier-dans-lentreprise\/"]}]},{"@type":"ImageObject","inLanguage":"fr-FR","@id":"https:\/\/archibat.com\/blog\/referent-covid-19-un-nouveau-metier-dans-lentreprise\/#primaryimage","url":"https:\/\/archibat.com\/blog\/wp-content\/uploads\/2020\/06\/iStock-1209212639.jpeg","contentUrl":"https:\/\/archibat.com\/blog\/wp-content\/uploads\/2020\/06\/iStock-1209212639.jpeg","width":1280,"height":819,"caption":"Hand holding an umbrella against the 2019 novel coronavirus pneumonia, global plague virus"},{"@type":"BreadcrumbList","@id":"https:\/\/archibat.com\/blog\/referent-covid-19-un-nouveau-metier-dans-lentreprise\/#breadcrumb","itemListElement":[{"@type":"ListItem","position":1,"name":"Home","item":"https:\/\/archibat.com\/blog\/"},{"@type":"ListItem","position":2,"name":"R\u00e9f\u00e9rent covid-19, un nouveau m\u00e9tier dans l\u2019entreprise\u00a0?"}]},{"@type":"WebSite","@id":"https:\/\/archibat.com\/blog\/#website","url":"https:\/\/archibat.com\/blog\/","name":"ArchiBat Mag","description":"Vous souhaitez connaitre les derni\u00e8res actualit\u00e9s sur l\u2019Architecture, le Design ou les Ressources Humaines ? D\u00e9couvrez ArchiBat Mag, le magazine d\u00e9di\u00e9 aux m\u00e9tiers de l&#039;Architecture et de l&#039;Ing\u00e9nierie.","potentialAction":[{"@type":"SearchAction","target":{"@type":"EntryPoint","urlTemplate":"https:\/\/archibat.com\/blog\/?s={search_term_string}"},"query-input":{"@type":"PropertyValueSpecification","valueRequired":true,"valueName":"search_term_string"}}],"inLanguage":"fr-FR"},{"@type":"Person","@id":"https:\/\/archibat.com\/blog\/#\/schema\/person\/c246f0d63b5e719c2cbe4f9bd494bf12","name":"communication"}]}},"_links":{"self":[{"href":"https:\/\/archibat.com\/blog\/wp-json\/wp\/v2\/posts\/12927","targetHints":{"allow":["GET"]}}],"collection":[{"href":"https:\/\/archibat.com\/blog\/wp-json\/wp\/v2\/posts"}],"about":[{"href":"https:\/\/archibat.com\/blog\/wp-json\/wp\/v2\/types\/post"}],"author":[{"embeddable":true,"href":"https:\/\/archibat.com\/blog\/wp-json\/wp\/v2\/users\/2"}],"replies":[{"embeddable":true,"href":"https:\/\/archibat.com\/blog\/wp-json\/wp\/v2\/comments?post=12927"}],"version-history":[{"count":2,"href":"https:\/\/archibat.com\/blog\/wp-json\/wp\/v2\/posts\/12927\/revisions"}],"predecessor-version":[{"id":12931,"href":"https:\/\/archibat.com\/blog\/wp-json\/wp\/v2\/posts\/12927\/revisions\/12931"}],"wp:featuredmedia":[{"embeddable":true,"href":"https:\/\/archibat.com\/blog\/wp-json\/wp\/v2\/media\/12928"}],"wp:attachment":[{"href":"https:\/\/archibat.com\/blog\/wp-json\/wp\/v2\/media?parent=12927"}],"wp:term":[{"taxonomy":"category","embeddable":true,"href":"https:\/\/archibat.com\/blog\/wp-json\/wp\/v2\/categories?post=12927"},{"taxonomy":"post_tag","embeddable":true,"href":"https:\/\/archibat.com\/blog\/wp-json\/wp\/v2\/tags?post=12927"}],"curies":[{"name":"wp","href":"https:\/\/api.w.org\/{rel}","templated":true}]}}