{"id":12941,"date":"2020-06-23T14:00:51","date_gmt":"2020-06-23T12:00:51","guid":{"rendered":"https:\/\/archibat.com\/blog\/?p=12941"},"modified":"2022-10-18T15:26:53","modified_gmt":"2022-10-18T13:26:53","slug":"des-bureaux-reamenages-pour-des-espaces-de-travail-post-pandemie","status":"publish","type":"post","link":"https:\/\/archibat.com\/blog\/des-bureaux-reamenages-pour-des-espaces-de-travail-post-pandemie\/","title":{"rendered":"Des bureaux r\u00e9am\u00e9nag\u00e9s pour des espaces de travail post-pand\u00e9mie"},"content":{"rendered":"\n<p>La soci\u00e9t\u00e9 LiveRamp, bas\u00e9e \u00e0 San Francisco, qui fournit des plateformes de collecte de donn\u00e9es pour les entreprises, affiche une belle croissance de son chiffre d\u2019affaires malgr\u00e9 la crise du Covid-19. Son si\u00e8ge social situ\u00e9 dans le Standard Oil Building datant de 1922 a \u00e9t\u00e9 enti\u00e8rement r\u00e9am\u00e9nag\u00e9 par le Studio californien O+A. Les architectes, d\u00e9j\u00e0 \u00e0 l\u2019origine de la conception, pour LiveRamp, des deux premiers \u00e9tages du building, ont \u00e9t\u00e9 sollicit\u00e9s pour en cr\u00e9er un troisi\u00e8me afin d\u2019accompagner l\u2019\u00e9volution de l\u2019entreprise.<\/p>\n\n\n\n<div class=\"wp-block-image\"><figure class=\"aligncenter size-large is-resized\"><img loading=\"lazy\" decoding=\"async\" src=\"https:\/\/archibat.com\/blog\/wp-content\/uploads\/2020\/06\/studio_o_a_live_ramp_4-1-320x480.jpg\" alt=\"\" class=\"wp-image-12958\" width=\"640\" height=\"960\" srcset=\"https:\/\/archibat.com\/blog\/wp-content\/uploads\/2020\/06\/studio_o_a_live_ramp_4-1-320x480.jpg 320w, https:\/\/archibat.com\/blog\/wp-content\/uploads\/2020\/06\/studio_o_a_live_ramp_4-1-200x300.jpg 200w, https:\/\/archibat.com\/blog\/wp-content\/uploads\/2020\/06\/studio_o_a_live_ramp_4-1-768x1152.jpg 768w, https:\/\/archibat.com\/blog\/wp-content\/uploads\/2020\/06\/studio_o_a_live_ramp_4-1-1024x1536.jpg 1024w, https:\/\/archibat.com\/blog\/wp-content\/uploads\/2020\/06\/studio_o_a_live_ramp_4-1.jpg 1080w\" sizes=\"auto, (max-width: 640px) 100vw, 640px\" \/><\/figure><\/div>\n\n\n\n<p>Le quartier compte des g\u00e9ants de la haute technologie tels que Facebook, Twitter et Google, qui donnent \u00e0 leurs salari\u00e9s la possibilit\u00e9 de poursuivre le travail \u00e0 distance en p\u00e9riode post-Covid. Mais un sondage men\u00e9 par Eden a r\u00e9v\u00e9l\u00e9 que plus de 70 % des soci\u00e9t\u00e9s interrog\u00e9es pr\u00e9voient tout de m\u00eame un retour sur les lieux de travail d\u2019ici juillet. La conception des bureaux doit donc s\u2019adapter pour r\u00e9pondre \u00e0 des nouvelles exigences de confort et de s\u00e9curit\u00e9. Les \u00e9volutions dans la conception du si\u00e8ge de LiveRamp, sont des points de r\u00e9f\u00e9rence pour les architectes qui repensent actuellement un grand nombre d\u2019espaces de travail collectifs et individuels.<\/p>\n\n\n\n<figure class=\"wp-block-image size-large\"><img loading=\"lazy\" decoding=\"async\" width=\"720\" height=\"480\" src=\"https:\/\/archibat.com\/blog\/wp-content\/uploads\/2020\/06\/studio_o_a_live_ramp_12-720x480.jpg\" alt=\"\" class=\"wp-image-12947\" srcset=\"https:\/\/archibat.com\/blog\/wp-content\/uploads\/2020\/06\/studio_o_a_live_ramp_12-720x480.jpg 720w, https:\/\/archibat.com\/blog\/wp-content\/uploads\/2020\/06\/studio_o_a_live_ramp_12-300x200.jpg 300w, https:\/\/archibat.com\/blog\/wp-content\/uploads\/2020\/06\/studio_o_a_live_ramp_12-768x512.jpg 768w, https:\/\/archibat.com\/blog\/wp-content\/uploads\/2020\/06\/studio_o_a_live_ramp_12-1536x1024.jpg 1536w, https:\/\/archibat.com\/blog\/wp-content\/uploads\/2020\/06\/studio_o_a_live_ramp_12-1440x960.jpg 1440w, https:\/\/archibat.com\/blog\/wp-content\/uploads\/2020\/06\/studio_o_a_live_ramp_12-960x640.jpg 960w, https:\/\/archibat.com\/blog\/wp-content\/uploads\/2020\/06\/studio_o_a_live_ramp_12.jpg 1920w, https:\/\/archibat.com\/blog\/wp-content\/uploads\/2020\/06\/studio_o_a_live_ramp_12-350x233.jpg 350w, https:\/\/archibat.com\/blog\/wp-content\/uploads\/2020\/06\/studio_o_a_live_ramp_12-700x466.jpg 700w\" sizes=\"auto, (max-width: 720px) 100vw, 720px\" \/><\/figure>\n\n\n\n<p>\u00ab&nbsp;Lorsque vous concevez un projet pour un client en pleine croissance sur plusieurs \u00e9tages et pendant un certain nombre d\u2019ann\u00e9es, ce que vous d\u00e9veloppez pour la conception est concordant avec ce que le client d\u00e9veloppe pour son entreprise&nbsp;\u00bb explique un porte-parole de Studio O+A. La construction existante \u00ab&nbsp;\u00e9tait en r\u00e9sonance avec l\u2019\u00e9nergie brute des d\u00e9buts de l\u2019entreprise&nbsp;\u00bb. Elle h\u00e9bergeait une vari\u00e9t\u00e9 de services et de fonctions organis\u00e9s sur le concept du couteau suisse, fid\u00e8le \u00e0 la philosophie de LiveRamp \u00e0 sa cr\u00e9ation. Pour l\u2019am\u00e9nagement du troisi\u00e8me \u00e9tage, les concepteurs ont travaill\u00e9 sur la fluidit\u00e9 des diff\u00e9rents environnements, dans le but d\u2019inaugurer une nouvelle \u00e8re pour l\u2019entreprise.<\/p>\n\n\n\n<figure class=\"wp-block-image size-large\"><img loading=\"lazy\" decoding=\"async\" width=\"720\" height=\"480\" src=\"https:\/\/archibat.com\/blog\/wp-content\/uploads\/2020\/06\/studio_o_a_live_ramp_14-720x480.jpg\" alt=\"\" class=\"wp-image-12949\" srcset=\"https:\/\/archibat.com\/blog\/wp-content\/uploads\/2020\/06\/studio_o_a_live_ramp_14-720x480.jpg 720w, https:\/\/archibat.com\/blog\/wp-content\/uploads\/2020\/06\/studio_o_a_live_ramp_14-300x200.jpg 300w, https:\/\/archibat.com\/blog\/wp-content\/uploads\/2020\/06\/studio_o_a_live_ramp_14-768x512.jpg 768w, https:\/\/archibat.com\/blog\/wp-content\/uploads\/2020\/06\/studio_o_a_live_ramp_14-1536x1024.jpg 1536w, https:\/\/archibat.com\/blog\/wp-content\/uploads\/2020\/06\/studio_o_a_live_ramp_14-1440x960.jpg 1440w, https:\/\/archibat.com\/blog\/wp-content\/uploads\/2020\/06\/studio_o_a_live_ramp_14-960x640.jpg 960w, https:\/\/archibat.com\/blog\/wp-content\/uploads\/2020\/06\/studio_o_a_live_ramp_14.jpg 1920w, https:\/\/archibat.com\/blog\/wp-content\/uploads\/2020\/06\/studio_o_a_live_ramp_14-350x233.jpg 350w, https:\/\/archibat.com\/blog\/wp-content\/uploads\/2020\/06\/studio_o_a_live_ramp_14-700x466.jpg 700w\" sizes=\"auto, (max-width: 720px) 100vw, 720px\" \/><\/figure>\n\n\n\n<p>Les architectes ont r\u00e9fl\u00e9chi \u00e0 l\u2019optimisation des circulations et \u00e0 l\u2019ouverture des espaces afin de favoriser des configurations de travail adaptables et flexibles. La couleur est utilis\u00e9e comme support d\u2019orientation dans l\u2019espace en forme de U, r\u00e9sultat de la demande de LiveRamp pour des int\u00e9rieurs plus dynamiques. \u00ab&nbsp;Je ne veux pas que ce soit ennuyeux&nbsp;\u00bb pr\u00e9cise Joseph Rodriguez, directeur du design chez O+A. Une palette vivante et des graphismes audacieux font donc partie int\u00e9grante du design et de l\u2019atmosph\u00e8re du si\u00e8ge social. Ces \u00e9l\u00e9ments se conjuguent avec des meubles \u00e9clectiques et des choix pointus de luminaires, afin de mieux communiquer sur l\u2019identit\u00e9 ludique de l\u2019entreprise.<\/p>\n\n\n\n<p>Ce sont des conceptions avant-gardistes comme ce si\u00e8ge social qui pourront redonner envie aux salari\u00e9s de partager des espaces de travail collectifs pour rompre l\u2019isolement du t\u00e9l\u00e9travail et retrouver le plaisir de vivre ensemble dans le monde post-pand\u00e9mique. <\/p>\n\n\n\n<figure class=\"wp-block-image size-large is-resized\"><img loading=\"lazy\" decoding=\"async\" src=\"https:\/\/archibat.com\/blog\/wp-content\/uploads\/2020\/06\/studio_o_a_live_ramp_17-320x480.jpg\" alt=\"\" class=\"wp-image-12951\" width=\"642\" height=\"964\" srcset=\"https:\/\/archibat.com\/blog\/wp-content\/uploads\/2020\/06\/studio_o_a_live_ramp_17-320x480.jpg 320w, https:\/\/archibat.com\/blog\/wp-content\/uploads\/2020\/06\/studio_o_a_live_ramp_17-200x300.jpg 200w, https:\/\/archibat.com\/blog\/wp-content\/uploads\/2020\/06\/studio_o_a_live_ramp_17-768x1152.jpg 768w, https:\/\/archibat.com\/blog\/wp-content\/uploads\/2020\/06\/studio_o_a_live_ramp_17-1024x1536.jpg 1024w, https:\/\/archibat.com\/blog\/wp-content\/uploads\/2020\/06\/studio_o_a_live_ramp_17.jpg 1080w\" sizes=\"auto, (max-width: 642px) 100vw, 642px\" \/><\/figure>\n\n\n\n<p><strong><em>Cr\u00e9dit photos&nbsp;: Garret Rowland<\/em><\/strong><\/p>\n","protected":false},"excerpt":{"rendered":"<p>La soci\u00e9t\u00e9 LiveRamp, bas\u00e9e \u00e0 San Francisco, qui fournit des plateformes de collecte de donn\u00e9es pour les entreprises, affiche une belle croissance de son chiffre\u2026<\/p>\n","protected":false},"author":2,"featured_media":12955,"comment_status":"closed","ping_status":"closed","sticky":false,"template":"","format":"standard","meta":{"_acf_changed":false,"footnotes":""},"categories":[3],"tags":[1472,2504,2503,1724,2505],"class_list":["post-12941","post","type-post","status-publish","format-standard","has-post-thumbnail","hentry","category-architecture-et-design","tag-entreprise","tag-liveramp","tag-post-pandemie","tag-projet","tag-san-francisco"],"acf":[],"yoast_head":"<!-- This site is optimized with the Yoast SEO plugin v24.8.1 - https:\/\/yoast.com\/wordpress\/plugins\/seo\/ -->\n<title>Des bureaux r\u00e9am\u00e9nag\u00e9s pour des espaces de travail post-pand\u00e9mie &#8211; ArchiBat Mag<\/title>\n<meta name=\"robots\" content=\"index, follow, max-snippet:-1, max-image-preview:large, max-video-preview:-1\" \/>\n<link rel=\"canonical\" href=\"https:\/\/archibat.com\/blog\/des-bureaux-reamenages-pour-des-espaces-de-travail-post-pandemie\/\" \/>\n<meta property=\"og:locale\" content=\"fr_FR\" \/>\n<meta property=\"og:type\" content=\"article\" \/>\n<meta property=\"og:title\" content=\"Des bureaux r\u00e9am\u00e9nag\u00e9s pour des espaces de travail post-pand\u00e9mie &#8211; ArchiBat Mag\" \/>\n<meta property=\"og:description\" content=\"La soci\u00e9t\u00e9 LiveRamp, bas\u00e9e \u00e0 San Francisco, qui fournit des plateformes de collecte de donn\u00e9es pour les entreprises, affiche une belle croissance de son chiffre\u2026\" \/>\n<meta property=\"og:url\" content=\"https:\/\/archibat.com\/blog\/des-bureaux-reamenages-pour-des-espaces-de-travail-post-pandemie\/\" \/>\n<meta property=\"og:site_name\" content=\"ArchiBat Mag\" \/>\n<meta property=\"article:published_time\" content=\"2020-06-23T12:00:51+00:00\" \/>\n<meta property=\"article:modified_time\" content=\"2022-10-18T13:26:53+00:00\" \/>\n<meta property=\"og:image\" content=\"https:\/\/archibat.com\/blog\/wp-content\/uploads\/2020\/06\/295845.jpeg\" \/>\n\t<meta property=\"og:image:width\" content=\"1810\" \/>\n\t<meta property=\"og:image:height\" content=\"1018\" \/>\n\t<meta property=\"og:image:type\" content=\"image\/jpeg\" \/>\n<meta name=\"author\" content=\"communication\" \/>\n<meta name=\"twitter:card\" content=\"summary_large_image\" \/>\n<meta name=\"twitter:label1\" content=\"\u00c9crit par\" \/>\n\t<meta name=\"twitter:data1\" content=\"communication\" \/>\n\t<meta name=\"twitter:label2\" content=\"Dur\u00e9e de lecture estim\u00e9e\" \/>\n\t<meta name=\"twitter:data2\" content=\"3 minutes\" \/>\n<script type=\"application\/ld+json\" class=\"yoast-schema-graph\">{\"@context\":\"https:\/\/schema.org\",\"@graph\":[{\"@type\":\"WebPage\",\"@id\":\"https:\/\/archibat.com\/blog\/des-bureaux-reamenages-pour-des-espaces-de-travail-post-pandemie\/\",\"url\":\"https:\/\/archibat.com\/blog\/des-bureaux-reamenages-pour-des-espaces-de-travail-post-pandemie\/\",\"name\":\"Des bureaux r\u00e9am\u00e9nag\u00e9s pour des espaces de travail post-pand\u00e9mie &#8211; ArchiBat Mag\",\"isPartOf\":{\"@id\":\"https:\/\/archibat.com\/blog\/#website\"},\"primaryImageOfPage\":{\"@id\":\"https:\/\/archibat.com\/blog\/des-bureaux-reamenages-pour-des-espaces-de-travail-post-pandemie\/#primaryimage\"},\"image\":{\"@id\":\"https:\/\/archibat.com\/blog\/des-bureaux-reamenages-pour-des-espaces-de-travail-post-pandemie\/#primaryimage\"},\"thumbnailUrl\":\"https:\/\/archibat.com\/blog\/wp-content\/uploads\/2020\/06\/295845.jpeg\",\"datePublished\":\"2020-06-23T12:00:51+00:00\",\"dateModified\":\"2022-10-18T13:26:53+00:00\",\"author\":{\"@id\":\"https:\/\/archibat.com\/blog\/#\/schema\/person\/c246f0d63b5e719c2cbe4f9bd494bf12\"},\"breadcrumb\":{\"@id\":\"https:\/\/archibat.com\/blog\/des-bureaux-reamenages-pour-des-espaces-de-travail-post-pandemie\/#breadcrumb\"},\"inLanguage\":\"fr-FR\",\"potentialAction\":[{\"@type\":\"ReadAction\",\"target\":[\"https:\/\/archibat.com\/blog\/des-bureaux-reamenages-pour-des-espaces-de-travail-post-pandemie\/\"]}]},{\"@type\":\"ImageObject\",\"inLanguage\":\"fr-FR\",\"@id\":\"https:\/\/archibat.com\/blog\/des-bureaux-reamenages-pour-des-espaces-de-travail-post-pandemie\/#primaryimage\",\"url\":\"https:\/\/archibat.com\/blog\/wp-content\/uploads\/2020\/06\/295845.jpeg\",\"contentUrl\":\"https:\/\/archibat.com\/blog\/wp-content\/uploads\/2020\/06\/295845.jpeg\",\"width\":1810,\"height\":1018},{\"@type\":\"BreadcrumbList\",\"@id\":\"https:\/\/archibat.com\/blog\/des-bureaux-reamenages-pour-des-espaces-de-travail-post-pandemie\/#breadcrumb\",\"itemListElement\":[{\"@type\":\"ListItem\",\"position\":1,\"name\":\"Home\",\"item\":\"https:\/\/archibat.com\/blog\/\"},{\"@type\":\"ListItem\",\"position\":2,\"name\":\"Des bureaux r\u00e9am\u00e9nag\u00e9s pour des espaces de travail post-pand\u00e9mie\"}]},{\"@type\":\"WebSite\",\"@id\":\"https:\/\/archibat.com\/blog\/#website\",\"url\":\"https:\/\/archibat.com\/blog\/\",\"name\":\"ArchiBat Mag\",\"description\":\"Vous souhaitez connaitre les derni\u00e8res actualit\u00e9s sur l\u2019Architecture, le Design ou les Ressources Humaines ? D\u00e9couvrez ArchiBat Mag, le magazine d\u00e9di\u00e9 aux m\u00e9tiers de l&#039;Architecture et de l&#039;Ing\u00e9nierie.\",\"potentialAction\":[{\"@type\":\"SearchAction\",\"target\":{\"@type\":\"EntryPoint\",\"urlTemplate\":\"https:\/\/archibat.com\/blog\/?s={search_term_string}\"},\"query-input\":{\"@type\":\"PropertyValueSpecification\",\"valueRequired\":true,\"valueName\":\"search_term_string\"}}],\"inLanguage\":\"fr-FR\"},{\"@type\":\"Person\",\"@id\":\"https:\/\/archibat.com\/blog\/#\/schema\/person\/c246f0d63b5e719c2cbe4f9bd494bf12\",\"name\":\"communication\"}]}<\/script>\n<!-- \/ Yoast SEO plugin. -->","yoast_head_json":{"title":"Des bureaux r\u00e9am\u00e9nag\u00e9s pour des espaces de travail post-pand\u00e9mie &#8211; ArchiBat Mag","robots":{"index":"index","follow":"follow","max-snippet":"max-snippet:-1","max-image-preview":"max-image-preview:large","max-video-preview":"max-video-preview:-1"},"canonical":"https:\/\/archibat.com\/blog\/des-bureaux-reamenages-pour-des-espaces-de-travail-post-pandemie\/","og_locale":"fr_FR","og_type":"article","og_title":"Des bureaux r\u00e9am\u00e9nag\u00e9s pour des espaces de travail post-pand\u00e9mie &#8211; ArchiBat Mag","og_description":"La soci\u00e9t\u00e9 LiveRamp, bas\u00e9e \u00e0 San Francisco, qui fournit des plateformes de collecte de donn\u00e9es pour les entreprises, affiche une belle croissance de son chiffre\u2026","og_url":"https:\/\/archibat.com\/blog\/des-bureaux-reamenages-pour-des-espaces-de-travail-post-pandemie\/","og_site_name":"ArchiBat Mag","article_published_time":"2020-06-23T12:00:51+00:00","article_modified_time":"2022-10-18T13:26:53+00:00","og_image":[{"width":1810,"height":1018,"url":"https:\/\/archibat.com\/blog\/wp-content\/uploads\/2020\/06\/295845.jpeg","type":"image\/jpeg"}],"author":"communication","twitter_card":"summary_large_image","twitter_misc":{"\u00c9crit par":"communication","Dur\u00e9e de lecture estim\u00e9e":"3 minutes"},"schema":{"@context":"https:\/\/schema.org","@graph":[{"@type":"WebPage","@id":"https:\/\/archibat.com\/blog\/des-bureaux-reamenages-pour-des-espaces-de-travail-post-pandemie\/","url":"https:\/\/archibat.com\/blog\/des-bureaux-reamenages-pour-des-espaces-de-travail-post-pandemie\/","name":"Des bureaux r\u00e9am\u00e9nag\u00e9s pour des espaces de travail post-pand\u00e9mie &#8211; ArchiBat Mag","isPartOf":{"@id":"https:\/\/archibat.com\/blog\/#website"},"primaryImageOfPage":{"@id":"https:\/\/archibat.com\/blog\/des-bureaux-reamenages-pour-des-espaces-de-travail-post-pandemie\/#primaryimage"},"image":{"@id":"https:\/\/archibat.com\/blog\/des-bureaux-reamenages-pour-des-espaces-de-travail-post-pandemie\/#primaryimage"},"thumbnailUrl":"https:\/\/archibat.com\/blog\/wp-content\/uploads\/2020\/06\/295845.jpeg","datePublished":"2020-06-23T12:00:51+00:00","dateModified":"2022-10-18T13:26:53+00:00","author":{"@id":"https:\/\/archibat.com\/blog\/#\/schema\/person\/c246f0d63b5e719c2cbe4f9bd494bf12"},"breadcrumb":{"@id":"https:\/\/archibat.com\/blog\/des-bureaux-reamenages-pour-des-espaces-de-travail-post-pandemie\/#breadcrumb"},"inLanguage":"fr-FR","potentialAction":[{"@type":"ReadAction","target":["https:\/\/archibat.com\/blog\/des-bureaux-reamenages-pour-des-espaces-de-travail-post-pandemie\/"]}]},{"@type":"ImageObject","inLanguage":"fr-FR","@id":"https:\/\/archibat.com\/blog\/des-bureaux-reamenages-pour-des-espaces-de-travail-post-pandemie\/#primaryimage","url":"https:\/\/archibat.com\/blog\/wp-content\/uploads\/2020\/06\/295845.jpeg","contentUrl":"https:\/\/archibat.com\/blog\/wp-content\/uploads\/2020\/06\/295845.jpeg","width":1810,"height":1018},{"@type":"BreadcrumbList","@id":"https:\/\/archibat.com\/blog\/des-bureaux-reamenages-pour-des-espaces-de-travail-post-pandemie\/#breadcrumb","itemListElement":[{"@type":"ListItem","position":1,"name":"Home","item":"https:\/\/archibat.com\/blog\/"},{"@type":"ListItem","position":2,"name":"Des bureaux r\u00e9am\u00e9nag\u00e9s pour des espaces de travail post-pand\u00e9mie"}]},{"@type":"WebSite","@id":"https:\/\/archibat.com\/blog\/#website","url":"https:\/\/archibat.com\/blog\/","name":"ArchiBat Mag","description":"Vous souhaitez connaitre les derni\u00e8res actualit\u00e9s sur l\u2019Architecture, le Design ou les Ressources Humaines ? D\u00e9couvrez ArchiBat Mag, le magazine d\u00e9di\u00e9 aux m\u00e9tiers de l&#039;Architecture et de l&#039;Ing\u00e9nierie.","potentialAction":[{"@type":"SearchAction","target":{"@type":"EntryPoint","urlTemplate":"https:\/\/archibat.com\/blog\/?s={search_term_string}"},"query-input":{"@type":"PropertyValueSpecification","valueRequired":true,"valueName":"search_term_string"}}],"inLanguage":"fr-FR"},{"@type":"Person","@id":"https:\/\/archibat.com\/blog\/#\/schema\/person\/c246f0d63b5e719c2cbe4f9bd494bf12","name":"communication"}]}},"_links":{"self":[{"href":"https:\/\/archibat.com\/blog\/wp-json\/wp\/v2\/posts\/12941","targetHints":{"allow":["GET"]}}],"collection":[{"href":"https:\/\/archibat.com\/blog\/wp-json\/wp\/v2\/posts"}],"about":[{"href":"https:\/\/archibat.com\/blog\/wp-json\/wp\/v2\/types\/post"}],"author":[{"embeddable":true,"href":"https:\/\/archibat.com\/blog\/wp-json\/wp\/v2\/users\/2"}],"replies":[{"embeddable":true,"href":"https:\/\/archibat.com\/blog\/wp-json\/wp\/v2\/comments?post=12941"}],"version-history":[{"count":3,"href":"https:\/\/archibat.com\/blog\/wp-json\/wp\/v2\/posts\/12941\/revisions"}],"predecessor-version":[{"id":19078,"href":"https:\/\/archibat.com\/blog\/wp-json\/wp\/v2\/posts\/12941\/revisions\/19078"}],"wp:featuredmedia":[{"embeddable":true,"href":"https:\/\/archibat.com\/blog\/wp-json\/wp\/v2\/media\/12955"}],"wp:attachment":[{"href":"https:\/\/archibat.com\/blog\/wp-json\/wp\/v2\/media?parent=12941"}],"wp:term":[{"taxonomy":"category","embeddable":true,"href":"https:\/\/archibat.com\/blog\/wp-json\/wp\/v2\/categories?post=12941"},{"taxonomy":"post_tag","embeddable":true,"href":"https:\/\/archibat.com\/blog\/wp-json\/wp\/v2\/tags?post=12941"}],"curies":[{"name":"wp","href":"https:\/\/api.w.org\/{rel}","templated":true}]}}