{"id":12966,"date":"2020-06-26T14:00:10","date_gmt":"2020-06-26T12:00:10","guid":{"rendered":"https:\/\/archibat.com\/blog\/?p=12966"},"modified":"2020-06-25T23:43:55","modified_gmt":"2020-06-25T21:43:55","slug":"les-tendances-cet-ete-cote-jardin","status":"publish","type":"post","link":"https:\/\/archibat.com\/blog\/les-tendances-cet-ete-cote-jardin\/","title":{"rendered":"Les tendances cet \u00e9t\u00e9 c\u00f4t\u00e9 jardin"},"content":{"rendered":"\n<p>La saison estivale est bien lanc\u00e9e, c\u2019est l\u2019occasion de r\u00e9investir son ext\u00e9rieur ! \u00c0 chaque ann\u00e9e son lot de tendances pour \u00e9pater vos invit\u00e9s et transformer votre jardin en un espace convivial et cosy. En 2020, les jardins se meublent et deviennent une extension \u00e0 part enti\u00e8re de l\u2019espace int\u00e9rieur\u2026 Focus sur 3 tendances phares de cette ann\u00e9e.<\/p>\n\n\n\n<h2 class=\"wp-block-heading\">Indoor\/outdoor : le 2 en 1<\/h2>\n\n\n\n<p>Si l\u2019on ne devait retenir qu\u2019une seule tendance en mati\u00e8re d\u2019am\u00e9nagement ext\u00e9rieur pour cette ann\u00e9e, ce serait certainement celle du \u00ab\u00a0dedans\/dehors \u00bb. La fronti\u00e8re entre l\u2019indoor (l\u2019int\u00e9rieur) et l\u2019outdoor (l\u2019ext\u00e9rieur) se veut en effet de plus en plus mince. Ainsi, le salon de jardin s\u2019inspire all\u00e8grement du salon d\u2019int\u00e9rieur et de nombreuses marques de meubles\/d\u00e9co d\u2019int\u00e9rieur se mettent \u00e0 l\u2019am\u00e9nagement outdoor.<\/p>\n\n\n\n<p><\/p>\n\n\n\n<p>Le design \u00ab\u00a0artisanal\u00a0\u00bb et naturel triomphe dans le jardin : rotin, bambou et jonc de mer parent tour \u00e0 tour les fauteuils, tables basses et accessoires d\u00e9co. Un m\u00e9lange des genres qui peut aller jusqu\u2019\u00e0 faire tomber les murs de certaines pi\u00e8ces de la maison pour y installer une <a href=\"https:\/\/priximbattable.net\/12-verriere\">verri\u00e8re<\/a>, permettant \u00e0 la fois de cr\u00e9er une ouverture sur l\u2019ext\u00e9rieur et d\u2019apporter de la luminosit\u00e9.<\/p>\n\n\n\n<p><\/p>\n\n\n\n<h2 class=\"wp-block-heading\">La petite d\u00e9co\u2019<\/h2>\n\n\n\n<p>Comme \u00e9voqu\u00e9 ci-dessus, la fronti\u00e8re int\u00e9rieur\/ext\u00e9rieur n\u2019a jamais \u00e9t\u00e9 si mince. Et cela passe notamment par la d\u00e9coration (murale comme au sol). Parmi les principales tendances : guirlandes lumineuses esprit \u00ab\u00a0guinguette\u00a0\u00bb, lanternes, plantes suspendues et autres coussins au look berb\u00e8re. M\u00eame les plantes s\u2019y mettent : on trouve aujourd\u2019hui une grande vari\u00e9t\u00e9 de pots de fleurs et de jardini\u00e8res au look tr\u00e8s design.<\/p>\n\n\n\n<p><\/p>\n\n\n\n<p>Tout le monde peut y trouver son compte en fonction de ses besoins : agr\u00e9menter le service de table, am\u00e9liorer la luminosit\u00e9 pour profiter pleinement des longues soir\u00e9es d\u2019\u00e9t\u00e9, renforcer le c\u00f4t\u00e9 \u00ab\u00a0cocooning\u00a0\u00bb en choisissant des assises confortables\u2026 Le jardin (ou la terrasse) devient une pi\u00e8ce de la maison \u00e0 part enti\u00e8re, et en ce sens, peut \u00eatre agr\u00e9ment\u00e9 d\u2019objets d\u00e9co. Les traditionnels salons de jardin et chaises longues ne manquent plus de compagnie !<\/p>\n\n\n\n<figure class=\"wp-block-image size-large\"><img loading=\"lazy\" decoding=\"async\" width=\"720\" height=\"480\" src=\"https:\/\/archibat.com\/blog\/wp-content\/uploads\/2020\/06\/iStock-1135183699-720x480.jpeg\" alt=\"\" class=\"wp-image-12969\" srcset=\"https:\/\/archibat.com\/blog\/wp-content\/uploads\/2020\/06\/iStock-1135183699-720x480.jpeg 720w, https:\/\/archibat.com\/blog\/wp-content\/uploads\/2020\/06\/iStock-1135183699-300x200.jpeg 300w, https:\/\/archibat.com\/blog\/wp-content\/uploads\/2020\/06\/iStock-1135183699-768x512.jpeg 768w, https:\/\/archibat.com\/blog\/wp-content\/uploads\/2020\/06\/iStock-1135183699-960x640.jpeg 960w, https:\/\/archibat.com\/blog\/wp-content\/uploads\/2020\/06\/iStock-1135183699-350x233.jpeg 350w, https:\/\/archibat.com\/blog\/wp-content\/uploads\/2020\/06\/iStock-1135183699-700x466.jpeg 700w, https:\/\/archibat.com\/blog\/wp-content\/uploads\/2020\/06\/iStock-1135183699.jpeg 1280w\" sizes=\"auto, (max-width: 720px) 100vw, 720px\" \/><\/figure>\n\n\n\n<h2 class=\"wp-block-heading\">La multiplication des espaces de vie<\/h2>\n\n\n\n<p>Depuis quelques ann\u00e9es d\u00e9j\u00e0, la tendance est \u00e0 la multiplication des espaces de vie en ext\u00e9rieur. Le fameux coin repas n\u2019est d\u00e9sormais plus le seul \u00e0 dynamiser un jardin ou une terrasse. Plusieurs petits espaces voient ainsi le jour et permettent de profiter d\u2019activit\u00e9s diverses tels que des moments en famille ou entre amis voire m\u00eame des sessions de jeu avec ses enfants.<\/p>\n\n\n\n<p><\/p>\n\n\n\n<p>Coin lecture, d\u00e9tente (yoga, m\u00e9ditation), jardinage (le potager s\u00e9duit de plus en plus), coin \u00ab\u00a0salon\u00a0\u00bb : autant de d\u00e9marcations qui permettent de profiter diff\u00e9remment de son ext\u00e9rieur\u2026 au point d\u2019en faire presque une <em>deuxi\u00e8me maison<\/em> ! On comprend d\u2019autant plus pourquoi la d\u00e9coration d\u2019ext\u00e9rieur est d\u00e9sormais autant pl\u00e9biscit\u00e9e que celle d\u2019int\u00e9rieur.<\/p>\n\n\n\n<p><\/p>\n\n\n\n<p>Vous l\u2019aurez compris, cette ann\u00e9e, le jardin s\u2019inspire largement de la maison ! D\u00e9sormais, il b\u00e9n\u00e9ficie de la m\u00eame attention et du m\u00eame soin port\u00e9 \u00e0 la d\u00e9coration et aux d\u00e9tails. Un ph\u00e9nom\u00e8ne qui n\u2019a \u00e9t\u00e9 que renforc\u00e9 pendant la p\u00e9riode de confinement et qui contribue \u00e0 inscrire cet engouement dans la dur\u00e9e.<\/p>\n","protected":false},"excerpt":{"rendered":"<p>La saison estivale est bien lanc\u00e9e, c\u2019est l\u2019occasion de r\u00e9investir son ext\u00e9rieur ! \u00c0 chaque ann\u00e9e son lot de tendances pour \u00e9pater vos invit\u00e9s et\u2026<\/p>\n","protected":false},"author":2,"featured_media":12967,"comment_status":"closed","ping_status":"closed","sticky":false,"template":"","format":"standard","meta":{"_acf_changed":false,"footnotes":""},"categories":[3],"tags":[1958,1257,1754,1773],"class_list":["post-12966","post","type-post","status-publish","format-standard","has-post-thumbnail","hentry","category-architecture-et-design","tag-decoration","tag-ete","tag-jardin","tag-tendances"],"acf":[],"yoast_head":"<!-- This site is optimized with the Yoast SEO plugin v24.8.1 - https:\/\/yoast.com\/wordpress\/plugins\/seo\/ -->\n<title>Les tendances cet \u00e9t\u00e9 c\u00f4t\u00e9 jardin &#8211; ArchiBat Mag<\/title>\n<meta name=\"robots\" content=\"index, follow, max-snippet:-1, max-image-preview:large, max-video-preview:-1\" \/>\n<link rel=\"canonical\" href=\"https:\/\/archibat.com\/blog\/les-tendances-cet-ete-cote-jardin\/\" \/>\n<meta property=\"og:locale\" content=\"fr_FR\" \/>\n<meta property=\"og:type\" content=\"article\" \/>\n<meta property=\"og:title\" content=\"Les tendances cet \u00e9t\u00e9 c\u00f4t\u00e9 jardin &#8211; ArchiBat Mag\" \/>\n<meta property=\"og:description\" content=\"La saison estivale est bien lanc\u00e9e, c\u2019est l\u2019occasion de r\u00e9investir son ext\u00e9rieur ! \u00c0 chaque ann\u00e9e son lot de tendances pour \u00e9pater vos invit\u00e9s et\u2026\" \/>\n<meta property=\"og:url\" content=\"https:\/\/archibat.com\/blog\/les-tendances-cet-ete-cote-jardin\/\" \/>\n<meta property=\"og:site_name\" content=\"ArchiBat Mag\" \/>\n<meta property=\"article:published_time\" content=\"2020-06-26T12:00:10+00:00\" \/>\n<meta property=\"og:image\" content=\"https:\/\/archibat.com\/blog\/wp-content\/uploads\/2020\/06\/iStock-1208657520.jpeg\" \/>\n\t<meta property=\"og:image:width\" content=\"1280\" \/>\n\t<meta property=\"og:image:height\" content=\"853\" \/>\n\t<meta property=\"og:image:type\" content=\"image\/jpeg\" \/>\n<meta name=\"author\" content=\"communication\" \/>\n<meta name=\"twitter:card\" content=\"summary_large_image\" \/>\n<meta name=\"twitter:label1\" content=\"\u00c9crit par\" \/>\n\t<meta name=\"twitter:data1\" content=\"communication\" \/>\n\t<meta name=\"twitter:label2\" content=\"Dur\u00e9e de lecture estim\u00e9e\" \/>\n\t<meta name=\"twitter:data2\" content=\"3 minutes\" \/>\n<script type=\"application\/ld+json\" class=\"yoast-schema-graph\">{\"@context\":\"https:\/\/schema.org\",\"@graph\":[{\"@type\":\"WebPage\",\"@id\":\"https:\/\/archibat.com\/blog\/les-tendances-cet-ete-cote-jardin\/\",\"url\":\"https:\/\/archibat.com\/blog\/les-tendances-cet-ete-cote-jardin\/\",\"name\":\"Les tendances cet \u00e9t\u00e9 c\u00f4t\u00e9 jardin &#8211; ArchiBat Mag\",\"isPartOf\":{\"@id\":\"https:\/\/archibat.com\/blog\/#website\"},\"primaryImageOfPage\":{\"@id\":\"https:\/\/archibat.com\/blog\/les-tendances-cet-ete-cote-jardin\/#primaryimage\"},\"image\":{\"@id\":\"https:\/\/archibat.com\/blog\/les-tendances-cet-ete-cote-jardin\/#primaryimage\"},\"thumbnailUrl\":\"https:\/\/archibat.com\/blog\/wp-content\/uploads\/2020\/06\/iStock-1208657520.jpeg\",\"datePublished\":\"2020-06-26T12:00:10+00:00\",\"author\":{\"@id\":\"https:\/\/archibat.com\/blog\/#\/schema\/person\/c246f0d63b5e719c2cbe4f9bd494bf12\"},\"breadcrumb\":{\"@id\":\"https:\/\/archibat.com\/blog\/les-tendances-cet-ete-cote-jardin\/#breadcrumb\"},\"inLanguage\":\"fr-FR\",\"potentialAction\":[{\"@type\":\"ReadAction\",\"target\":[\"https:\/\/archibat.com\/blog\/les-tendances-cet-ete-cote-jardin\/\"]}]},{\"@type\":\"ImageObject\",\"inLanguage\":\"fr-FR\",\"@id\":\"https:\/\/archibat.com\/blog\/les-tendances-cet-ete-cote-jardin\/#primaryimage\",\"url\":\"https:\/\/archibat.com\/blog\/wp-content\/uploads\/2020\/06\/iStock-1208657520.jpeg\",\"contentUrl\":\"https:\/\/archibat.com\/blog\/wp-content\/uploads\/2020\/06\/iStock-1208657520.jpeg\",\"width\":1280,\"height\":853,\"caption\":\"Garden patio decorated with Scandinavian wicker sofa and coffee table\"},{\"@type\":\"BreadcrumbList\",\"@id\":\"https:\/\/archibat.com\/blog\/les-tendances-cet-ete-cote-jardin\/#breadcrumb\",\"itemListElement\":[{\"@type\":\"ListItem\",\"position\":1,\"name\":\"Home\",\"item\":\"https:\/\/archibat.com\/blog\/\"},{\"@type\":\"ListItem\",\"position\":2,\"name\":\"Les tendances cet \u00e9t\u00e9 c\u00f4t\u00e9 jardin\"}]},{\"@type\":\"WebSite\",\"@id\":\"https:\/\/archibat.com\/blog\/#website\",\"url\":\"https:\/\/archibat.com\/blog\/\",\"name\":\"ArchiBat Mag\",\"description\":\"Vous souhaitez connaitre les derni\u00e8res actualit\u00e9s sur l\u2019Architecture, le Design ou les Ressources Humaines ? D\u00e9couvrez ArchiBat Mag, le magazine d\u00e9di\u00e9 aux m\u00e9tiers de l&#039;Architecture et de l&#039;Ing\u00e9nierie.\",\"potentialAction\":[{\"@type\":\"SearchAction\",\"target\":{\"@type\":\"EntryPoint\",\"urlTemplate\":\"https:\/\/archibat.com\/blog\/?s={search_term_string}\"},\"query-input\":{\"@type\":\"PropertyValueSpecification\",\"valueRequired\":true,\"valueName\":\"search_term_string\"}}],\"inLanguage\":\"fr-FR\"},{\"@type\":\"Person\",\"@id\":\"https:\/\/archibat.com\/blog\/#\/schema\/person\/c246f0d63b5e719c2cbe4f9bd494bf12\",\"name\":\"communication\"}]}<\/script>\n<!-- \/ Yoast SEO plugin. -->","yoast_head_json":{"title":"Les tendances cet \u00e9t\u00e9 c\u00f4t\u00e9 jardin &#8211; ArchiBat Mag","robots":{"index":"index","follow":"follow","max-snippet":"max-snippet:-1","max-image-preview":"max-image-preview:large","max-video-preview":"max-video-preview:-1"},"canonical":"https:\/\/archibat.com\/blog\/les-tendances-cet-ete-cote-jardin\/","og_locale":"fr_FR","og_type":"article","og_title":"Les tendances cet \u00e9t\u00e9 c\u00f4t\u00e9 jardin &#8211; ArchiBat Mag","og_description":"La saison estivale est bien lanc\u00e9e, c\u2019est l\u2019occasion de r\u00e9investir son ext\u00e9rieur ! \u00c0 chaque ann\u00e9e son lot de tendances pour \u00e9pater vos invit\u00e9s et\u2026","og_url":"https:\/\/archibat.com\/blog\/les-tendances-cet-ete-cote-jardin\/","og_site_name":"ArchiBat Mag","article_published_time":"2020-06-26T12:00:10+00:00","og_image":[{"width":1280,"height":853,"url":"https:\/\/archibat.com\/blog\/wp-content\/uploads\/2020\/06\/iStock-1208657520.jpeg","type":"image\/jpeg"}],"author":"communication","twitter_card":"summary_large_image","twitter_misc":{"\u00c9crit par":"communication","Dur\u00e9e de lecture estim\u00e9e":"3 minutes"},"schema":{"@context":"https:\/\/schema.org","@graph":[{"@type":"WebPage","@id":"https:\/\/archibat.com\/blog\/les-tendances-cet-ete-cote-jardin\/","url":"https:\/\/archibat.com\/blog\/les-tendances-cet-ete-cote-jardin\/","name":"Les tendances cet \u00e9t\u00e9 c\u00f4t\u00e9 jardin &#8211; ArchiBat Mag","isPartOf":{"@id":"https:\/\/archibat.com\/blog\/#website"},"primaryImageOfPage":{"@id":"https:\/\/archibat.com\/blog\/les-tendances-cet-ete-cote-jardin\/#primaryimage"},"image":{"@id":"https:\/\/archibat.com\/blog\/les-tendances-cet-ete-cote-jardin\/#primaryimage"},"thumbnailUrl":"https:\/\/archibat.com\/blog\/wp-content\/uploads\/2020\/06\/iStock-1208657520.jpeg","datePublished":"2020-06-26T12:00:10+00:00","author":{"@id":"https:\/\/archibat.com\/blog\/#\/schema\/person\/c246f0d63b5e719c2cbe4f9bd494bf12"},"breadcrumb":{"@id":"https:\/\/archibat.com\/blog\/les-tendances-cet-ete-cote-jardin\/#breadcrumb"},"inLanguage":"fr-FR","potentialAction":[{"@type":"ReadAction","target":["https:\/\/archibat.com\/blog\/les-tendances-cet-ete-cote-jardin\/"]}]},{"@type":"ImageObject","inLanguage":"fr-FR","@id":"https:\/\/archibat.com\/blog\/les-tendances-cet-ete-cote-jardin\/#primaryimage","url":"https:\/\/archibat.com\/blog\/wp-content\/uploads\/2020\/06\/iStock-1208657520.jpeg","contentUrl":"https:\/\/archibat.com\/blog\/wp-content\/uploads\/2020\/06\/iStock-1208657520.jpeg","width":1280,"height":853,"caption":"Garden patio decorated with Scandinavian wicker sofa and coffee table"},{"@type":"BreadcrumbList","@id":"https:\/\/archibat.com\/blog\/les-tendances-cet-ete-cote-jardin\/#breadcrumb","itemListElement":[{"@type":"ListItem","position":1,"name":"Home","item":"https:\/\/archibat.com\/blog\/"},{"@type":"ListItem","position":2,"name":"Les tendances cet \u00e9t\u00e9 c\u00f4t\u00e9 jardin"}]},{"@type":"WebSite","@id":"https:\/\/archibat.com\/blog\/#website","url":"https:\/\/archibat.com\/blog\/","name":"ArchiBat Mag","description":"Vous souhaitez connaitre les derni\u00e8res actualit\u00e9s sur l\u2019Architecture, le Design ou les Ressources Humaines ? D\u00e9couvrez ArchiBat Mag, le magazine d\u00e9di\u00e9 aux m\u00e9tiers de l&#039;Architecture et de l&#039;Ing\u00e9nierie.","potentialAction":[{"@type":"SearchAction","target":{"@type":"EntryPoint","urlTemplate":"https:\/\/archibat.com\/blog\/?s={search_term_string}"},"query-input":{"@type":"PropertyValueSpecification","valueRequired":true,"valueName":"search_term_string"}}],"inLanguage":"fr-FR"},{"@type":"Person","@id":"https:\/\/archibat.com\/blog\/#\/schema\/person\/c246f0d63b5e719c2cbe4f9bd494bf12","name":"communication"}]}},"_links":{"self":[{"href":"https:\/\/archibat.com\/blog\/wp-json\/wp\/v2\/posts\/12966","targetHints":{"allow":["GET"]}}],"collection":[{"href":"https:\/\/archibat.com\/blog\/wp-json\/wp\/v2\/posts"}],"about":[{"href":"https:\/\/archibat.com\/blog\/wp-json\/wp\/v2\/types\/post"}],"author":[{"embeddable":true,"href":"https:\/\/archibat.com\/blog\/wp-json\/wp\/v2\/users\/2"}],"replies":[{"embeddable":true,"href":"https:\/\/archibat.com\/blog\/wp-json\/wp\/v2\/comments?post=12966"}],"version-history":[{"count":2,"href":"https:\/\/archibat.com\/blog\/wp-json\/wp\/v2\/posts\/12966\/revisions"}],"predecessor-version":[{"id":12974,"href":"https:\/\/archibat.com\/blog\/wp-json\/wp\/v2\/posts\/12966\/revisions\/12974"}],"wp:featuredmedia":[{"embeddable":true,"href":"https:\/\/archibat.com\/blog\/wp-json\/wp\/v2\/media\/12967"}],"wp:attachment":[{"href":"https:\/\/archibat.com\/blog\/wp-json\/wp\/v2\/media?parent=12966"}],"wp:term":[{"taxonomy":"category","embeddable":true,"href":"https:\/\/archibat.com\/blog\/wp-json\/wp\/v2\/categories?post=12966"},{"taxonomy":"post_tag","embeddable":true,"href":"https:\/\/archibat.com\/blog\/wp-json\/wp\/v2\/tags?post=12966"}],"curies":[{"name":"wp","href":"https:\/\/api.w.org\/{rel}","templated":true}]}}