{"id":13080,"date":"2020-07-10T14:00:43","date_gmt":"2020-07-10T12:00:43","guid":{"rendered":"https:\/\/archibat.com\/blog\/?p=13080"},"modified":"2020-07-21T11:12:48","modified_gmt":"2020-07-21T09:12:48","slug":"otto-freundlich-1878-1943-la-revelation-de-labstraction-au-musee-de-montmartre","status":"publish","type":"post","link":"https:\/\/archibat.com\/blog\/otto-freundlich-1878-1943-la-revelation-de-labstraction-au-musee-de-montmartre\/","title":{"rendered":"Otto Freundlich (1878-1943), la r\u00e9v\u00e9lation de l\u2019abstraction au mus\u00e9e de Montmartre"},"content":{"rendered":"\n<p>Le mus\u00e9e de Montmartre a pu r\u00e9ouvrir, et m\u00eame prolonger, l\u2019exposition consacr\u00e9e \u00e0 l\u2019artiste allemand, Otto Freundlich, inaugur\u00e9e quelques jours avant le confinement. Il aurait \u00e9t\u00e9 dommage de ne pas pouvoir profiter de cette mise en valeur in\u00e9dite, d\u2019un des pionniers de l\u2019abstraction, qui reste pourtant l\u2019un des plus m\u00e9connus.<\/p>\n\n\n\n<div class=\"wp-block-image\"><figure class=\"aligncenter size-large is-resized\"><img loading=\"lazy\" decoding=\"async\" src=\"https:\/\/archibat.com\/blog\/wp-content\/uploads\/2020\/07\/1-362x480.jpg\" alt=\"\" class=\"wp-image-13081\" width=\"637\" height=\"845\" srcset=\"https:\/\/archibat.com\/blog\/wp-content\/uploads\/2020\/07\/1-362x480.jpg 362w, https:\/\/archibat.com\/blog\/wp-content\/uploads\/2020\/07\/1-226x300.jpg 226w, https:\/\/archibat.com\/blog\/wp-content\/uploads\/2020\/07\/1-768x1019.jpg 768w, https:\/\/archibat.com\/blog\/wp-content\/uploads\/2020\/07\/1-1158x1536.jpg 1158w, https:\/\/archibat.com\/blog\/wp-content\/uploads\/2020\/07\/1-1544x2048.jpg 1544w, https:\/\/archibat.com\/blog\/wp-content\/uploads\/2020\/07\/1-scaled.jpg 1930w\" sizes=\"auto, (max-width: 637px) 100vw, 637px\" \/><\/figure><\/div>\n\n\n\n<p>L\u2019exposition a \u00e9t\u00e9 organis\u00e9e en partenariat avec le mus\u00e9e de Pontoise qui est d\u00e9positaire du fonds d\u2019atelier de l\u2019artiste. Elle pr\u00e9sente environ quatre-vingts oeuvres d\u2019Otto Freundlich et permet de mettre en avant sa ma\u00eetrise de techniques aussi diverses que la peinture, le vitrail, la sculpture, la mosa\u00efque ou encore la gravure. Le parcours de l\u2019exposition est chronologique et en huit parties, il s\u2019attache \u00e0 suivre autant les recherches de l\u2019artiste que son apport \u00e0 l\u2019abstraction.<\/p>\n\n\n\n<div class=\"wp-block-image\"><figure class=\"aligncenter size-large is-resized\"><img loading=\"lazy\" decoding=\"async\" src=\"https:\/\/archibat.com\/blog\/wp-content\/uploads\/2020\/07\/photo2-720x210.jpg\" alt=\"\" class=\"wp-image-13084\" width=\"640\" height=\"186\" srcset=\"https:\/\/archibat.com\/blog\/wp-content\/uploads\/2020\/07\/photo2-720x210.jpg 720w, https:\/\/archibat.com\/blog\/wp-content\/uploads\/2020\/07\/photo2-300x88.jpg 300w, https:\/\/archibat.com\/blog\/wp-content\/uploads\/2020\/07\/photo2-768x224.jpg 768w, https:\/\/archibat.com\/blog\/wp-content\/uploads\/2020\/07\/photo2-1536x448.jpg 1536w, https:\/\/archibat.com\/blog\/wp-content\/uploads\/2020\/07\/photo2-2048x597.jpg 2048w\" sizes=\"auto, (max-width: 640px) 100vw, 640px\" \/><\/figure><\/div>\n\n\n\n<p>L\u2019exposition devait \u00eatre propos\u00e9e en r\u00e9sonance avec celle du Mus\u00e9e d\u2019art et d\u2019histoire du Juda\u00efsme, qui aurait lui pr\u00e9sent\u00e9 l\u2019Ecole de Paris entre 1905 et 1940. A cette \u00e9poque, beaucoup d\u2019artistes, comme Otto Freundlich, sont attir\u00e9s par Paris et viennent du monde entier vivre dans la capitale de l\u2019art moderne. L\u2019exposition du Mus\u00e9e d\u2019art et d\u2019histoire du Juda\u00efsme, a \u00e9t\u00e9 re-programm\u00e9e \u00e0 l\u2019ann\u00e9e 2021, ne permettant pas une mise en contexte qui aurait \u00e9t\u00e9 bienvenue pour l\u2019exposition du mus\u00e9e de Montmartre.<\/p>\n\n\n\n<div class=\"wp-block-image\"><figure class=\"aligncenter size-large\"><img loading=\"lazy\" decoding=\"async\" width=\"720\" height=\"457\" src=\"https:\/\/archibat.com\/blog\/wp-content\/uploads\/2020\/07\/photo3-720x457.jpg\" alt=\"\" class=\"wp-image-13086\" srcset=\"https:\/\/archibat.com\/blog\/wp-content\/uploads\/2020\/07\/photo3-720x457.jpg 720w, https:\/\/archibat.com\/blog\/wp-content\/uploads\/2020\/07\/photo3-300x190.jpg 300w, https:\/\/archibat.com\/blog\/wp-content\/uploads\/2020\/07\/photo3-768x487.jpg 768w, https:\/\/archibat.com\/blog\/wp-content\/uploads\/2020\/07\/photo3-1536x974.jpg 1536w, https:\/\/archibat.com\/blog\/wp-content\/uploads\/2020\/07\/photo3-2048x1299.jpg 2048w\" sizes=\"auto, (max-width: 720px) 100vw, 720px\" \/><\/figure><\/div>\n\n\n\n<p>Otto Freundlich na\u00eet \u00e0 Stolp, ville en territoire prussien, aujourd\u2019hui situ\u00e9e en Pologne. Sa famille est d\u2019origine juive, convertie au protestantisme. Il entame des \u00e9tudes d\u2019histoire de l\u2019art et de philosophie. Il rencontre Kandinsky et Klee \u00e0 Munich en 1904. Puis Freundlich voyage en Italie, o\u00f9 il s\u2019initie \u00e0 la sculpture. Cependant c\u2019est Paris, capitale des avant-gardes qui l\u2019attire. Il s\u2019y rend en 1908 et retrouve des amis allemands, notamment le collectionneur Wilhelm Uhde. Il loue pour quelques mois un atelier au fameux Bateau-Lavoir, o\u00f9 il aura pour voisin de palier Picasso. Il rencontre Braque, Apollinaire, Delaunay, Derain, Max Jacob\u2026 avec qui il tisse des liens d\u2019amiti\u00e9. Il s\u2019int\u00e9resse aux recherches cubistes avant de repartir en Allemagne. Il revient \u00e0 Montmartre en 1911 et r\u00e9alise sa premi\u00e8re oeuvre abstraite. Il pose lors de ce second s\u00e9jour, le socle de ses recherches picturales et de ses exp\u00e9rimentations plastiques.<\/p>\n\n\n\n<div class=\"wp-block-image\"><figure class=\"aligncenter size-large\"><img loading=\"lazy\" decoding=\"async\" width=\"720\" height=\"242\" src=\"https:\/\/archibat.com\/blog\/wp-content\/uploads\/2020\/07\/photoss-720x242.jpg\" alt=\"\" class=\"wp-image-13117\" srcset=\"https:\/\/archibat.com\/blog\/wp-content\/uploads\/2020\/07\/photoss-720x242.jpg 720w, https:\/\/archibat.com\/blog\/wp-content\/uploads\/2020\/07\/photoss-300x101.jpg 300w, https:\/\/archibat.com\/blog\/wp-content\/uploads\/2020\/07\/photoss-768x258.jpg 768w, https:\/\/archibat.com\/blog\/wp-content\/uploads\/2020\/07\/photoss-1536x516.jpg 1536w, https:\/\/archibat.com\/blog\/wp-content\/uploads\/2020\/07\/photoss-2048x688.jpg 2048w\" sizes=\"auto, (max-width: 720px) 100vw, 720px\" \/><\/figure><\/div>\n\n\n\n<p>Otto Freundlich s\u00e9journe de mars \u00e0 juillet 1914, dans l\u2019atelier de restauration de vitraux de la cath\u00e9drale de Chartres. Le travail sur la lumi\u00e8re et le langage architectur\u00e9 le marque profond\u00e9ment. Mais la Premi\u00e8re Guerre Mondiale le pousse \u00e0 rentrer en Allemagne.<\/p>\n\n\n\n<div class=\"wp-block-image\"><figure class=\"aligncenter size-large is-resized\"><img loading=\"lazy\" decoding=\"async\" src=\"https:\/\/archibat.com\/blog\/wp-content\/uploads\/2020\/07\/10-393x480.jpg\" alt=\"\" class=\"wp-image-13092\" width=\"639\" height=\"780\" srcset=\"https:\/\/archibat.com\/blog\/wp-content\/uploads\/2020\/07\/10-393x480.jpg 393w, https:\/\/archibat.com\/blog\/wp-content\/uploads\/2020\/07\/10-246x300.jpg 246w, https:\/\/archibat.com\/blog\/wp-content\/uploads\/2020\/07\/10-768x938.jpg 768w, https:\/\/archibat.com\/blog\/wp-content\/uploads\/2020\/07\/10-1258x1536.jpg 1258w, https:\/\/archibat.com\/blog\/wp-content\/uploads\/2020\/07\/10-1677x2048.jpg 1677w\" sizes=\"auto, (max-width: 639px) 100vw, 639px\" \/><\/figure><\/div>\n\n\n\n<p>Apr\u00e8s 1918, il parcourt l\u2019Allemagne, sans se fixer. Il organise une exposition dada avec Max Ernst. Il continue ses exp\u00e9rimentations, s\u2019essaye pour la premi\u00e8re fois \u00e0 la gravure. Il revient \u00e0 Paris en 1925. Il rejoint les groupes \u00abCercle et Carr\u00e9\u00bb en 1930 et \u00abAbstraction-Cr\u00e9ation\u00bb en 1931. En 1938, alors qu\u2019il f\u00eate son soixanti\u00e8me anniversaire, la galerie Jeanne Bucher Myrbor lui organise une exposition. Malgr\u00e9 une certaine notori\u00e9t\u00e9 et des oeuvres reconnues, il survit dans une grande mis\u00e8re. De nombreux artistes parmi lesquels Picasso, Kandinsky, L\u00e9ger, Derain, Braque, Sonia et Robert Delaunay, signent un appel pour le soutenir et une souscription pour qu\u2019une de ses oeuvres soit acquise par l\u2019Etat.<\/p>\n\n\n\n<div class=\"wp-block-image\"><figure class=\"aligncenter size-large\"><img loading=\"lazy\" decoding=\"async\" width=\"720\" height=\"295\" src=\"https:\/\/archibat.com\/blog\/wp-content\/uploads\/2020\/07\/photo5-720x295.jpg\" alt=\"\" class=\"wp-image-13094\" srcset=\"https:\/\/archibat.com\/blog\/wp-content\/uploads\/2020\/07\/photo5-720x295.jpg 720w, https:\/\/archibat.com\/blog\/wp-content\/uploads\/2020\/07\/photo5-300x123.jpg 300w, https:\/\/archibat.com\/blog\/wp-content\/uploads\/2020\/07\/photo5-768x315.jpg 768w, https:\/\/archibat.com\/blog\/wp-content\/uploads\/2020\/07\/photo5-1536x630.jpg 1536w, https:\/\/archibat.com\/blog\/wp-content\/uploads\/2020\/07\/photo5-2048x840.jpg 2048w\" sizes=\"auto, (max-width: 720px) 100vw, 720px\" \/><\/figure><\/div>\n\n\n\n<p>Mais au m\u00eame moment le r\u00e9gime nazi s\u2019affirme en Allemagne. En 1937, c\u2019est une de ses sculptures, Grande t\u00eate, datant de 1912, qui est choisie pour faire la couverture de l\u2019exposition itin\u00e9rante stigmatisant l\u2019art moderne en le qualifiant de \u00ab d\u00e9g\u00e9n\u00e9r\u00e9 \u00bb. Quatorze de ses \u0153uvres, conserv\u00e9es dans diff\u00e9rents mus\u00e9es allemands, sont alors confisqu\u00e9es et certaines sont d\u00e9truites. Lorsque la guerre atteint la France, il est intern\u00e9 par les autorit\u00e9s fran\u00e7aises, en tant qu\u2019immigr\u00e9 allemand juif. Gr\u00e2ce \u00e0 l\u2019intervention de Picasso, il est lib\u00e9r\u00e9 en mai 1940 et se r\u00e9fugie dans les Pyr\u00e9n\u00e9es-Orientales. Ses amis tentent de lui faire rejoindre les Etats-Unis avec sa femme, mais sans succ\u00e8s. Il refait de m\u00e9moire les toiles d\u00e9truites, afin que ce jalon essentiel dans la compr\u00e9hension de son oeuvre ne soit pas perdu. Il r\u00e9dige \u00e9galement son autobiographie, soucieux de son h\u00e9ritage.<\/p>\n\n\n\n<p><\/p>\n\n\n\n<p>Otto Freundlich est arr\u00eat\u00e9 en f\u00e9vrier 1943 apr\u00e8s une d\u00e9nonciation. Il est alors d\u00e9port\u00e9 vers le camp de Sodibor o\u00f9 il sera ex\u00e9cut\u00e9 le jour m\u00eame de son arriv\u00e9e, \u00e0 l\u2019\u00e2ge de 65 ans.<\/p>\n\n\n\n<div class=\"wp-block-image\"><figure class=\"aligncenter size-large\"><img loading=\"lazy\" decoding=\"async\" width=\"720\" height=\"210\" src=\"https:\/\/archibat.com\/blog\/wp-content\/uploads\/2020\/07\/photo6-720x210.jpg\" alt=\"\" class=\"wp-image-13096\" srcset=\"https:\/\/archibat.com\/blog\/wp-content\/uploads\/2020\/07\/photo6-720x210.jpg 720w, https:\/\/archibat.com\/blog\/wp-content\/uploads\/2020\/07\/photo6-300x87.jpg 300w, https:\/\/archibat.com\/blog\/wp-content\/uploads\/2020\/07\/photo6-768x224.jpg 768w, https:\/\/archibat.com\/blog\/wp-content\/uploads\/2020\/07\/photo6-1536x448.jpg 1536w, https:\/\/archibat.com\/blog\/wp-content\/uploads\/2020\/07\/photo6-2048x597.jpg 2048w\" sizes=\"auto, (max-width: 720px) 100vw, 720px\" \/><\/figure><\/div>\n\n\n\n<p>Le parcours de l\u2019exposition suit la trame de sa vie, en m\u00e9nageant des espaces plus th\u00e9matiques nous permettant de nous int\u00e9resser \u00e0 une oeuvre ou \u00e0 une s\u00e9rie en particulier. Les textes de salles sont tr\u00e8s didactiques et chaque salle est agr\u00e9ment\u00e9e de citations de l\u2019artiste. Nous nous attachons ainsi, au fur et \u00e0 mesure des sections, \u00e0 la personnalit\u00e9 profond\u00e9ment humaniste d\u2019Otto Freundlich. Habit\u00e9 par une force int\u00e9rieure et un engagement puissants, il cherche \u00e0 repr\u00e9senter un monde meilleur et ce en quoi il croit pour l\u2019avenir des hommes. Ses oeuvres sont pour lui l\u2019expression de la spiritualit\u00e9. Sur la toile, il fusionne la couleur et la forme, pour proposer une abstraction reposant sur des lignes et des demi-ogives et une construction dynamique des surfaces. Le r\u00e9sultat est une oeuvre lumineuse et puissante, aux couleurs fortes.<\/p>\n\n\n\n<div class=\"wp-block-image\"><figure class=\"aligncenter size-large\"><img loading=\"lazy\" decoding=\"async\" width=\"720\" height=\"279\" src=\"https:\/\/archibat.com\/blog\/wp-content\/uploads\/2020\/07\/photo7-720x279.jpg\" alt=\"\" class=\"wp-image-13098\" srcset=\"https:\/\/archibat.com\/blog\/wp-content\/uploads\/2020\/07\/photo7-720x279.jpg 720w, https:\/\/archibat.com\/blog\/wp-content\/uploads\/2020\/07\/photo7-300x116.jpg 300w, https:\/\/archibat.com\/blog\/wp-content\/uploads\/2020\/07\/photo7-768x298.jpg 768w, https:\/\/archibat.com\/blog\/wp-content\/uploads\/2020\/07\/photo7-1536x596.jpg 1536w, https:\/\/archibat.com\/blog\/wp-content\/uploads\/2020\/07\/photo7-2048x794.jpg 2048w\" sizes=\"auto, (max-width: 720px) 100vw, 720px\" \/><\/figure><\/div>\n\n\n\n<p>Nous percevons ais\u00e9ment l\u2019apport de son passage dans l\u2019atelier de restauration des vitraux de la cath\u00e9drale de Chartres. Nous retrouvons une capacit\u00e9 \u00e0 faire vibrer la lumi\u00e8re et \u00e0 jouer avec les couleurs, et surtout une ma\u00eetrise de l\u2019art de la d\u00e9composition propre aux ma\u00eetres verriers.&nbsp;<\/p>\n\n\n\n<div class=\"wp-block-image\"><figure class=\"aligncenter size-large is-resized\"><img loading=\"lazy\" decoding=\"async\" src=\"https:\/\/archibat.com\/blog\/wp-content\/uploads\/2020\/07\/22-628x480.jpg\" alt=\"\" class=\"wp-image-13100\" width=\"655\" height=\"500\" srcset=\"https:\/\/archibat.com\/blog\/wp-content\/uploads\/2020\/07\/22-628x480.jpg 628w, https:\/\/archibat.com\/blog\/wp-content\/uploads\/2020\/07\/22-300x229.jpg 300w, https:\/\/archibat.com\/blog\/wp-content\/uploads\/2020\/07\/22-768x587.jpg 768w, https:\/\/archibat.com\/blog\/wp-content\/uploads\/2020\/07\/22-1536x1174.jpg 1536w, https:\/\/archibat.com\/blog\/wp-content\/uploads\/2020\/07\/22-2048x1565.jpg 2048w\" sizes=\"auto, (max-width: 655px) 100vw, 655px\" \/><\/figure><\/div>\n\n\n\n<p>Otto Freundlich esquissait sur un papier un sch\u00e9ma, o\u00f9 il indiquait pour chaque compartiment la couleur qui y prendrait place. Son syst\u00e8me de cr\u00e9ation est tr\u00e8s r\u00e9fl\u00e9chi et th\u00e9oris\u00e9, sur le plan esth\u00e9tique et id\u00e9ologique.&nbsp;<\/p>\n\n\n\n<div class=\"wp-block-image\"><figure class=\"aligncenter size-large\"><img loading=\"lazy\" decoding=\"async\" width=\"720\" height=\"441\" src=\"https:\/\/archibat.com\/blog\/wp-content\/uploads\/2020\/07\/photos-720x441.jpg\" alt=\"\" class=\"wp-image-13108\" srcset=\"https:\/\/archibat.com\/blog\/wp-content\/uploads\/2020\/07\/photos-720x441.jpg 720w, https:\/\/archibat.com\/blog\/wp-content\/uploads\/2020\/07\/photos-300x184.jpg 300w, https:\/\/archibat.com\/blog\/wp-content\/uploads\/2020\/07\/photos-768x470.jpg 768w, https:\/\/archibat.com\/blog\/wp-content\/uploads\/2020\/07\/photos-1536x940.jpg 1536w, https:\/\/archibat.com\/blog\/wp-content\/uploads\/2020\/07\/photos-2048x1254.jpg 2048w\" sizes=\"auto, (max-width: 720px) 100vw, 720px\" \/><\/figure><\/div>\n\n\n\n<p>Il joue sur les diff\u00e9rentes densit\u00e9s de l\u2019huile, de la gouache ou du pastel pour imposer la mati\u00e8re sur la toile et jouer avec la lumi\u00e8re. Il travaille autour d\u2019ensembles chromatiques, qui s\u2019imbriquent dans un mouvement souvent ascensionnel, dans un rythme r\u00e9fl\u00e9chi mais pourtant naturel et \u00e9vident. Il recherche une abstraction qui s\u2019adresserait \u00e0 tous les hommes, gr\u00e2ce \u00e0 la ligne et \u00e0 la couleur, sans s\u2019appuyer sur un r\u00e9alisme initial ou un symbolisme \u00e9tudi\u00e9. Si son art est spirituel, il est surtout universel. Il est accessible imm\u00e9diatement, de fa\u00e7on intuitive et sans initiation, et ce parce qu\u2019il parle du bonheur de vivre, de beaut\u00e9 et de la force de l\u2019humanit\u00e9.&nbsp;<\/p>\n\n\n\n<div class=\"wp-block-image\"><figure class=\"aligncenter size-large\"><img loading=\"lazy\" decoding=\"async\" width=\"720\" height=\"293\" src=\"https:\/\/archibat.com\/blog\/wp-content\/uploads\/2020\/07\/photo9-720x293.jpg\" alt=\"\" class=\"wp-image-13104\" srcset=\"https:\/\/archibat.com\/blog\/wp-content\/uploads\/2020\/07\/photo9-720x293.jpg 720w, https:\/\/archibat.com\/blog\/wp-content\/uploads\/2020\/07\/photo9-300x122.jpg 300w, https:\/\/archibat.com\/blog\/wp-content\/uploads\/2020\/07\/photo9-768x313.jpg 768w, https:\/\/archibat.com\/blog\/wp-content\/uploads\/2020\/07\/photo9-1536x626.jpg 1536w, https:\/\/archibat.com\/blog\/wp-content\/uploads\/2020\/07\/photo9-2048x835.jpg 2048w\" sizes=\"auto, (max-width: 720px) 100vw, 720px\" \/><\/figure><\/div>\n\n\n\n<p>Pour Otto Freundlich ses convictions politiques, ses nombreuses correspondances, sa participation \u00e0 diff\u00e9rents cercles et mouvements, et surtout son oeuvre ne sont que les facettes d\u2019un seul et m\u00eame id\u00e9al, celui de son humanisme.&nbsp;<\/p>\n\n\n\n<div class=\"wp-block-image\"><figure class=\"aligncenter size-large is-resized\"><img loading=\"lazy\" decoding=\"async\" src=\"https:\/\/archibat.com\/blog\/wp-content\/uploads\/2020\/07\/28-372x480.jpg\" alt=\"\" class=\"wp-image-13106\" width=\"623\" height=\"804\" srcset=\"https:\/\/archibat.com\/blog\/wp-content\/uploads\/2020\/07\/28-372x480.jpg 372w, https:\/\/archibat.com\/blog\/wp-content\/uploads\/2020\/07\/28-232x300.jpg 232w, https:\/\/archibat.com\/blog\/wp-content\/uploads\/2020\/07\/28-768x991.jpg 768w, https:\/\/archibat.com\/blog\/wp-content\/uploads\/2020\/07\/28-1190x1536.jpg 1190w, https:\/\/archibat.com\/blog\/wp-content\/uploads\/2020\/07\/28-1586x2048.jpg 1586w, https:\/\/archibat.com\/blog\/wp-content\/uploads\/2020\/07\/28-scaled.jpg 1983w\" sizes=\"auto, (max-width: 623px) 100vw, 623px\" \/><\/figure><\/div>\n\n\n\n<p><strong>Otto Freundlich (1878-1943), la r\u00e9v\u00e9lation de l\u2019abstraction au mus\u00e9e de Montmartre jusqu\u2019au 31 janvier 2021.\u00a0<\/strong><\/p>\n\n\n\n<p><\/p>\n\n\n\n<p><strong>Modalit\u00e9s de visite: <\/strong><\/p>\n\n\n\n<p>\u2022 Nombre de visiteurs limit\u00e9s et jauge affich\u00e9e dans chaque salle <\/p>\n\n\n\n<p>\u2022 Port obligatoire du masque tout au long de la visite <\/p>\n\n\n\n<p>\u2022 Maintien d\u2019une distance de 1 m\u00e8tre avec les autres visiteurs&nbsp;<\/p>\n\n\n\n<p><\/p>\n\n\n\n<p>Liste des oeuvres: <\/p>\n\n\n\n<p>Toutes les oeuvres, sauf indications contraires sont conserv\u00e9es au mus\u00e9e de Pontoise.<\/p>\n\n\n\n<p>1) Composition, 1939 <\/p>\n\n\n\n<p>2) Composition, 1936 <\/p>\n\n\n\n<p>3) Composition, 1953 <\/p>\n\n\n\n<p>4) Les Signes, s\u00e9rie, 1919 <\/p>\n\n\n\n<p>5) Composition, 1924, collection Patrick Offenstadt <\/p>\n\n\n\n<p>6) Composition, 1919 <\/p>\n\n\n\n<p>7) Composition avec figure, 1911 <\/p>\n\n\n\n<p>8) Composition, 1911, Mus\u00e9e d\u2019art moderne de la ville de Paris <\/p>\n\n\n\n<p>9) Portrait d\u2019une femme <\/p>\n\n\n\n<p>10) Composition, 1934 <\/p>\n\n\n\n<p>11) Composition, 1930 <\/p>\n\n\n\n<p>12) Hommage aux peuples de couleur, 1938 <\/p>\n\n\n\n<p>13) Composition, 1935 <\/p>\n\n\n\n<p>14) Les Signes, s\u00e9rie, 1919 <\/p>\n\n\n\n<p>15) Composition inachev\u00e9e, 1943 <\/p>\n\n\n\n<p>16) La Rosace I, 1938 <\/p>\n\n\n\n<p>17) Composition, 1930 <\/p>\n\n\n\n<p>18) Composition, 1910 <\/p>\n\n\n\n<p>19) La rosace II et cartel, 1941 <\/p>\n\n\n\n<p>20) Fragments de figure \u00e0 l\u2019ensemble des plans, 1927, collection particuli\u00e8re <\/p>\n\n\n\n<p>21) Composition, 1920 <\/p>\n\n\n\n<p>22) Composition, 1928, collection particuli\u00e8re <\/p>\n\n\n\n<p>23) Composition, 1931&nbsp;<\/p>\n\n\n\n<p><\/p>\n\n\n\n<p><strong><em>Article r\u00e9dig\u00e9 par Am\u00e9lie Hautemaniere &#8211; Photos de l&rsquo;auteur. <\/em><\/strong><\/p>\n","protected":false},"excerpt":{"rendered":"<p>Le mus\u00e9e de Montmartre a pu r\u00e9ouvrir, et m\u00eame prolonger, l\u2019exposition consacr\u00e9e \u00e0 l\u2019artiste allemand, Otto Freundlich, inaugur\u00e9e quelques jours avant le confinement. Il aurait\u2026<\/p>\n","protected":false},"author":2,"featured_media":13111,"comment_status":"closed","ping_status":"closed","sticky":false,"template":"","format":"standard","meta":{"_acf_changed":false,"footnotes":""},"categories":[2360],"tags":[1258,2513,1250,2514,1259],"class_list":["post-13080","post","type-post","status-publish","format-standard","has-post-thumbnail","hentry","category-expositions","tag-exposition","tag-montmartre","tag-musee","tag-otto-freundlich","tag-paris"],"acf":[],"yoast_head":"<!-- This site is optimized with the Yoast SEO plugin v24.8.1 - https:\/\/yoast.com\/wordpress\/plugins\/seo\/ -->\n<title>Otto Freundlich (1878-1943), la r\u00e9v\u00e9lation de l\u2019abstraction au mus\u00e9e de Montmartre &#8211; ArchiBat Mag<\/title>\n<meta name=\"robots\" content=\"index, follow, max-snippet:-1, max-image-preview:large, max-video-preview:-1\" \/>\n<link rel=\"canonical\" href=\"https:\/\/archibat.com\/blog\/otto-freundlich-1878-1943-la-revelation-de-labstraction-au-musee-de-montmartre\/\" \/>\n<meta property=\"og:locale\" content=\"fr_FR\" \/>\n<meta property=\"og:type\" content=\"article\" \/>\n<meta property=\"og:title\" content=\"Otto Freundlich (1878-1943), la r\u00e9v\u00e9lation de l\u2019abstraction au mus\u00e9e de Montmartre &#8211; ArchiBat Mag\" \/>\n<meta property=\"og:description\" content=\"Le mus\u00e9e de Montmartre a pu r\u00e9ouvrir, et m\u00eame prolonger, l\u2019exposition consacr\u00e9e \u00e0 l\u2019artiste allemand, Otto Freundlich, inaugur\u00e9e quelques jours avant le confinement. Il aurait\u2026\" \/>\n<meta property=\"og:url\" content=\"https:\/\/archibat.com\/blog\/otto-freundlich-1878-1943-la-revelation-de-labstraction-au-musee-de-montmartre\/\" \/>\n<meta property=\"og:site_name\" content=\"ArchiBat Mag\" \/>\n<meta property=\"article:published_time\" content=\"2020-07-10T12:00:43+00:00\" \/>\n<meta property=\"article:modified_time\" content=\"2020-07-21T09:12:48+00:00\" \/>\n<meta property=\"og:image\" content=\"https:\/\/archibat.com\/blog\/wp-content\/uploads\/2020\/07\/IMG_4060.jpeg\" \/>\n\t<meta property=\"og:image:width\" content=\"960\" \/>\n\t<meta property=\"og:image:height\" content=\"1186\" \/>\n\t<meta property=\"og:image:type\" content=\"image\/jpeg\" \/>\n<meta name=\"author\" content=\"communication\" \/>\n<meta name=\"twitter:card\" content=\"summary_large_image\" \/>\n<meta name=\"twitter:label1\" content=\"\u00c9crit par\" \/>\n\t<meta name=\"twitter:data1\" content=\"communication\" \/>\n\t<meta name=\"twitter:label2\" content=\"Dur\u00e9e de lecture estim\u00e9e\" \/>\n\t<meta name=\"twitter:data2\" content=\"7 minutes\" \/>\n<script type=\"application\/ld+json\" class=\"yoast-schema-graph\">{\"@context\":\"https:\/\/schema.org\",\"@graph\":[{\"@type\":\"WebPage\",\"@id\":\"https:\/\/archibat.com\/blog\/otto-freundlich-1878-1943-la-revelation-de-labstraction-au-musee-de-montmartre\/\",\"url\":\"https:\/\/archibat.com\/blog\/otto-freundlich-1878-1943-la-revelation-de-labstraction-au-musee-de-montmartre\/\",\"name\":\"Otto Freundlich (1878-1943), la r\u00e9v\u00e9lation de l\u2019abstraction au mus\u00e9e de Montmartre &#8211; ArchiBat Mag\",\"isPartOf\":{\"@id\":\"https:\/\/archibat.com\/blog\/#website\"},\"primaryImageOfPage\":{\"@id\":\"https:\/\/archibat.com\/blog\/otto-freundlich-1878-1943-la-revelation-de-labstraction-au-musee-de-montmartre\/#primaryimage\"},\"image\":{\"@id\":\"https:\/\/archibat.com\/blog\/otto-freundlich-1878-1943-la-revelation-de-labstraction-au-musee-de-montmartre\/#primaryimage\"},\"thumbnailUrl\":\"https:\/\/archibat.com\/blog\/wp-content\/uploads\/2020\/07\/IMG_4060.jpeg\",\"datePublished\":\"2020-07-10T12:00:43+00:00\",\"dateModified\":\"2020-07-21T09:12:48+00:00\",\"author\":{\"@id\":\"https:\/\/archibat.com\/blog\/#\/schema\/person\/c246f0d63b5e719c2cbe4f9bd494bf12\"},\"breadcrumb\":{\"@id\":\"https:\/\/archibat.com\/blog\/otto-freundlich-1878-1943-la-revelation-de-labstraction-au-musee-de-montmartre\/#breadcrumb\"},\"inLanguage\":\"fr-FR\",\"potentialAction\":[{\"@type\":\"ReadAction\",\"target\":[\"https:\/\/archibat.com\/blog\/otto-freundlich-1878-1943-la-revelation-de-labstraction-au-musee-de-montmartre\/\"]}]},{\"@type\":\"ImageObject\",\"inLanguage\":\"fr-FR\",\"@id\":\"https:\/\/archibat.com\/blog\/otto-freundlich-1878-1943-la-revelation-de-labstraction-au-musee-de-montmartre\/#primaryimage\",\"url\":\"https:\/\/archibat.com\/blog\/wp-content\/uploads\/2020\/07\/IMG_4060.jpeg\",\"contentUrl\":\"https:\/\/archibat.com\/blog\/wp-content\/uploads\/2020\/07\/IMG_4060.jpeg\",\"width\":960,\"height\":1186},{\"@type\":\"BreadcrumbList\",\"@id\":\"https:\/\/archibat.com\/blog\/otto-freundlich-1878-1943-la-revelation-de-labstraction-au-musee-de-montmartre\/#breadcrumb\",\"itemListElement\":[{\"@type\":\"ListItem\",\"position\":1,\"name\":\"Home\",\"item\":\"https:\/\/archibat.com\/blog\/\"},{\"@type\":\"ListItem\",\"position\":2,\"name\":\"Otto Freundlich (1878-1943), la r\u00e9v\u00e9lation de l\u2019abstraction au mus\u00e9e de Montmartre\"}]},{\"@type\":\"WebSite\",\"@id\":\"https:\/\/archibat.com\/blog\/#website\",\"url\":\"https:\/\/archibat.com\/blog\/\",\"name\":\"ArchiBat Mag\",\"description\":\"Vous souhaitez connaitre les derni\u00e8res actualit\u00e9s sur l\u2019Architecture, le Design ou les Ressources Humaines ? D\u00e9couvrez ArchiBat Mag, le magazine d\u00e9di\u00e9 aux m\u00e9tiers de l&#039;Architecture et de l&#039;Ing\u00e9nierie.\",\"potentialAction\":[{\"@type\":\"SearchAction\",\"target\":{\"@type\":\"EntryPoint\",\"urlTemplate\":\"https:\/\/archibat.com\/blog\/?s={search_term_string}\"},\"query-input\":{\"@type\":\"PropertyValueSpecification\",\"valueRequired\":true,\"valueName\":\"search_term_string\"}}],\"inLanguage\":\"fr-FR\"},{\"@type\":\"Person\",\"@id\":\"https:\/\/archibat.com\/blog\/#\/schema\/person\/c246f0d63b5e719c2cbe4f9bd494bf12\",\"name\":\"communication\"}]}<\/script>\n<!-- \/ Yoast SEO plugin. -->","yoast_head_json":{"title":"Otto Freundlich (1878-1943), la r\u00e9v\u00e9lation de l\u2019abstraction au mus\u00e9e de Montmartre &#8211; ArchiBat Mag","robots":{"index":"index","follow":"follow","max-snippet":"max-snippet:-1","max-image-preview":"max-image-preview:large","max-video-preview":"max-video-preview:-1"},"canonical":"https:\/\/archibat.com\/blog\/otto-freundlich-1878-1943-la-revelation-de-labstraction-au-musee-de-montmartre\/","og_locale":"fr_FR","og_type":"article","og_title":"Otto Freundlich (1878-1943), la r\u00e9v\u00e9lation de l\u2019abstraction au mus\u00e9e de Montmartre &#8211; ArchiBat Mag","og_description":"Le mus\u00e9e de Montmartre a pu r\u00e9ouvrir, et m\u00eame prolonger, l\u2019exposition consacr\u00e9e \u00e0 l\u2019artiste allemand, Otto Freundlich, inaugur\u00e9e quelques jours avant le confinement. Il aurait\u2026","og_url":"https:\/\/archibat.com\/blog\/otto-freundlich-1878-1943-la-revelation-de-labstraction-au-musee-de-montmartre\/","og_site_name":"ArchiBat Mag","article_published_time":"2020-07-10T12:00:43+00:00","article_modified_time":"2020-07-21T09:12:48+00:00","og_image":[{"width":960,"height":1186,"url":"https:\/\/archibat.com\/blog\/wp-content\/uploads\/2020\/07\/IMG_4060.jpeg","type":"image\/jpeg"}],"author":"communication","twitter_card":"summary_large_image","twitter_misc":{"\u00c9crit par":"communication","Dur\u00e9e de lecture estim\u00e9e":"7 minutes"},"schema":{"@context":"https:\/\/schema.org","@graph":[{"@type":"WebPage","@id":"https:\/\/archibat.com\/blog\/otto-freundlich-1878-1943-la-revelation-de-labstraction-au-musee-de-montmartre\/","url":"https:\/\/archibat.com\/blog\/otto-freundlich-1878-1943-la-revelation-de-labstraction-au-musee-de-montmartre\/","name":"Otto Freundlich (1878-1943), la r\u00e9v\u00e9lation de l\u2019abstraction au mus\u00e9e de Montmartre &#8211; ArchiBat Mag","isPartOf":{"@id":"https:\/\/archibat.com\/blog\/#website"},"primaryImageOfPage":{"@id":"https:\/\/archibat.com\/blog\/otto-freundlich-1878-1943-la-revelation-de-labstraction-au-musee-de-montmartre\/#primaryimage"},"image":{"@id":"https:\/\/archibat.com\/blog\/otto-freundlich-1878-1943-la-revelation-de-labstraction-au-musee-de-montmartre\/#primaryimage"},"thumbnailUrl":"https:\/\/archibat.com\/blog\/wp-content\/uploads\/2020\/07\/IMG_4060.jpeg","datePublished":"2020-07-10T12:00:43+00:00","dateModified":"2020-07-21T09:12:48+00:00","author":{"@id":"https:\/\/archibat.com\/blog\/#\/schema\/person\/c246f0d63b5e719c2cbe4f9bd494bf12"},"breadcrumb":{"@id":"https:\/\/archibat.com\/blog\/otto-freundlich-1878-1943-la-revelation-de-labstraction-au-musee-de-montmartre\/#breadcrumb"},"inLanguage":"fr-FR","potentialAction":[{"@type":"ReadAction","target":["https:\/\/archibat.com\/blog\/otto-freundlich-1878-1943-la-revelation-de-labstraction-au-musee-de-montmartre\/"]}]},{"@type":"ImageObject","inLanguage":"fr-FR","@id":"https:\/\/archibat.com\/blog\/otto-freundlich-1878-1943-la-revelation-de-labstraction-au-musee-de-montmartre\/#primaryimage","url":"https:\/\/archibat.com\/blog\/wp-content\/uploads\/2020\/07\/IMG_4060.jpeg","contentUrl":"https:\/\/archibat.com\/blog\/wp-content\/uploads\/2020\/07\/IMG_4060.jpeg","width":960,"height":1186},{"@type":"BreadcrumbList","@id":"https:\/\/archibat.com\/blog\/otto-freundlich-1878-1943-la-revelation-de-labstraction-au-musee-de-montmartre\/#breadcrumb","itemListElement":[{"@type":"ListItem","position":1,"name":"Home","item":"https:\/\/archibat.com\/blog\/"},{"@type":"ListItem","position":2,"name":"Otto Freundlich (1878-1943), la r\u00e9v\u00e9lation de l\u2019abstraction au mus\u00e9e de Montmartre"}]},{"@type":"WebSite","@id":"https:\/\/archibat.com\/blog\/#website","url":"https:\/\/archibat.com\/blog\/","name":"ArchiBat Mag","description":"Vous souhaitez connaitre les derni\u00e8res actualit\u00e9s sur l\u2019Architecture, le Design ou les Ressources Humaines ? D\u00e9couvrez ArchiBat Mag, le magazine d\u00e9di\u00e9 aux m\u00e9tiers de l&#039;Architecture et de l&#039;Ing\u00e9nierie.","potentialAction":[{"@type":"SearchAction","target":{"@type":"EntryPoint","urlTemplate":"https:\/\/archibat.com\/blog\/?s={search_term_string}"},"query-input":{"@type":"PropertyValueSpecification","valueRequired":true,"valueName":"search_term_string"}}],"inLanguage":"fr-FR"},{"@type":"Person","@id":"https:\/\/archibat.com\/blog\/#\/schema\/person\/c246f0d63b5e719c2cbe4f9bd494bf12","name":"communication"}]}},"_links":{"self":[{"href":"https:\/\/archibat.com\/blog\/wp-json\/wp\/v2\/posts\/13080","targetHints":{"allow":["GET"]}}],"collection":[{"href":"https:\/\/archibat.com\/blog\/wp-json\/wp\/v2\/posts"}],"about":[{"href":"https:\/\/archibat.com\/blog\/wp-json\/wp\/v2\/types\/post"}],"author":[{"embeddable":true,"href":"https:\/\/archibat.com\/blog\/wp-json\/wp\/v2\/users\/2"}],"replies":[{"embeddable":true,"href":"https:\/\/archibat.com\/blog\/wp-json\/wp\/v2\/comments?post=13080"}],"version-history":[{"count":3,"href":"https:\/\/archibat.com\/blog\/wp-json\/wp\/v2\/posts\/13080\/revisions"}],"predecessor-version":[{"id":13158,"href":"https:\/\/archibat.com\/blog\/wp-json\/wp\/v2\/posts\/13080\/revisions\/13158"}],"wp:featuredmedia":[{"embeddable":true,"href":"https:\/\/archibat.com\/blog\/wp-json\/wp\/v2\/media\/13111"}],"wp:attachment":[{"href":"https:\/\/archibat.com\/blog\/wp-json\/wp\/v2\/media?parent=13080"}],"wp:term":[{"taxonomy":"category","embeddable":true,"href":"https:\/\/archibat.com\/blog\/wp-json\/wp\/v2\/categories?post=13080"},{"taxonomy":"post_tag","embeddable":true,"href":"https:\/\/archibat.com\/blog\/wp-json\/wp\/v2\/tags?post=13080"}],"curies":[{"name":"wp","href":"https:\/\/api.w.org\/{rel}","templated":true}]}}