{"id":1326,"date":"2015-12-21T12:58:11","date_gmt":"2015-12-21T11:58:11","guid":{"rendered":"https:\/\/www.archibat.com\/blog\/?p=1326"},"modified":"2018-11-20T16:34:08","modified_gmt":"2018-11-20T15:34:08","slug":"fondation-architectes-de-lurgence-un-don-pour-noel","status":"publish","type":"post","link":"https:\/\/archibat.com\/blog\/fondation-architectes-de-lurgence-un-don-pour-noel\/","title":{"rendered":"Fondation Architectes de l&rsquo;Urgence : faites un don pour No\u00ebl"},"content":{"rendered":"<p>Depuis sa cr\u00e9ation en 2001, la Fondation Architectes de l\u2019Urgence intervient sur le terrain pour assurer la mise en s\u00e9curit\u00e9 des populations en danger et les aider \u00e0 reconstruire leurs logements, leurs centres de sant\u00e9 ou leurs \u00e9coles apr\u00e8s une catastrophe naturelle ou un conflit.<\/p>\n<h2>\u00a088,8 % des d\u00e9penses sont directement affect\u00e9es aux missions humanitaires.<\/h2>\n<p>En 2014-2015, gr\u00e2ce aux soutiens financiers que la Fondation Architectes de l&rsquo;Urgence a re\u00e7us, elle a eu la possibilit\u00e9 de poursuivre le d\u00e9veloppement des programmes\u00a0suivants:<\/p>\n<ul>\n<li><strong>En Ha\u00efti\u00a0:<\/strong> construction de deux maternit\u00e9s et r\u00e9habilitation de quatre centres de sant\u00e9, un h\u00f4pital et une \u00e9cole.<\/li>\n<li><strong>Aux Philippines\u00a0:<\/strong> reconstruction de dix \u00e9coles ayant permis la rescolarisation de plus de 6 000 enfants et formation de 450 acteurs locaux aux reconstructions paracycloniques.<\/li>\n<\/ul>\n<p><strong>La Fondation Architectes de l&rsquo;Urgence est aussi intervenue en urgence aupr\u00e8s des populations en d\u00e9tresse :<\/strong><\/p>\n<ul>\n<li><strong>Au N\u00e9pal\u00a0:<\/strong> d\u00e8s le lendemain du tremblement de terre, \u00e9valuation de la dangerosit\u00e9 des sites situ\u00e9s proches des \u00e9picentres et r\u00e9alisation des mises en s\u00e9curit\u00e9 n\u00e9cessaires. La Fondation Architectes de l&rsquo;Urgences a \u00e9galement form\u00e9 200 acteurs du b\u00e2timent aux reconstructions parasismiques et ach\u00e8ve actuellement la reconstruction d\u2019une \u00e9cole au N\u00e9pal qui permettra de scolariser 350 \u00e9l\u00e8ves.<\/li>\n<\/ul>\n<p>\u00c0 ce jour, les Architectes de l\u2019Urgence sont intervenus dans 33 pays.<\/p>\n<h2>Rien de tout cela n\u2019aurait \u00e9t\u00e9 possible sans la g\u00e9n\u00e9rosit\u00e9 des donateurs<\/h2>\n<p>L&rsquo;ann\u00e9e 2016 s\u2019annonce encore difficile\u00a0: les financements publics ne cessent de diminuer et les besoins sur le terrain sont toujours aussi importants. C\u2019est pourquoi, pour poursuivre leurs missions, la Fondation Architectes de l&rsquo;Urgence a besoin de vous.\u00a0<strong>\u00c0\u00a0quelques jours de No\u00ebl, votre don est pr\u00e9cieux.<\/strong><\/p>\n<p style=\"text-align: center;\"><a href=\"http:\/\/www.archi-urgent.com\/je-fais-un-don\/\" target=\"_blank\" rel=\"noopener\"><strong>Je fais un don pour No\u00ebl<\/strong><\/a><\/p>\n<p><strong>Ce don exceptionnel de No\u00ebl<\/strong> donnera les moyens \u00e0 la Fondation Architectes de l&rsquo;Urgence d\u2019agir pour reconstruire les vies des familles qui ont tout perdu. Toutes les \u00e9quipes des Architectes de l\u2019Urgence vous souhaitent d\u2019excellentes f\u00eates de fin d\u2019ann\u00e9e et vous remercient d&rsquo;avance pour votre soutien et votre engagement \u00e0 leurs c\u00f4t\u00e9s.<\/p>\n<hr \/>\n<h2>IMPORTANT<\/h2>\n<p><span class=\"color\"><strong>Vous b\u00e9n\u00e9ficiez d&rsquo;une r\u00e9duction d&rsquo;imp\u00f4ts de 60% pour un don effectu\u00e9 avant le 31 d\u00e9cembre 2015.<\/strong>\u00a0Pour un don de 100 \u20ac, votre \u00a0effort r\u00e9el est de 40 \u20ac (apr\u00e8s r\u00e9duction fiscale).<\/span><\/p>\n<p>Visitez le site web de la fondation \u00ab\u00a0Architectes de l&rsquo;Urgence\u00a0\u00bb :\u00a0<a href=\"http:\/\/www.archi-urgent.com\">www.archi-urgent.com<\/a><\/p>\n","protected":false},"excerpt":{"rendered":"<p>Depuis sa cr\u00e9ation en 2001, la Fondation Architectes de l\u2019Urgence intervient sur le terrain pour assurer la mise en s\u00e9curit\u00e9 des populations en danger et\u2026<\/p>\n","protected":false},"author":2,"featured_media":1328,"comment_status":"closed","ping_status":"closed","sticky":false,"template":"","format":"standard","meta":{"_acf_changed":false,"footnotes":""},"categories":[3],"tags":[],"class_list":["post-1326","post","type-post","status-publish","format-standard","has-post-thumbnail","hentry","category-architecture-et-design"],"acf":[],"yoast_head":"<!-- This site is optimized with the Yoast SEO plugin v24.8.1 - https:\/\/yoast.com\/wordpress\/plugins\/seo\/ -->\n<title>Fondation Architectes de l&#039;Urgence : faites un don pour No\u00ebl &#8211; ArchiBat Mag<\/title>\n<meta name=\"robots\" content=\"index, follow, max-snippet:-1, max-image-preview:large, max-video-preview:-1\" \/>\n<link rel=\"canonical\" href=\"https:\/\/archibat.com\/blog\/fondation-architectes-de-lurgence-un-don-pour-noel\/\" \/>\n<meta property=\"og:locale\" content=\"fr_FR\" \/>\n<meta property=\"og:type\" content=\"article\" \/>\n<meta property=\"og:title\" content=\"Fondation Architectes de l&#039;Urgence : faites un don pour No\u00ebl &#8211; ArchiBat Mag\" \/>\n<meta property=\"og:description\" content=\"Depuis sa cr\u00e9ation en 2001, la Fondation Architectes de l\u2019Urgence intervient sur le terrain pour assurer la mise en s\u00e9curit\u00e9 des populations en danger et\u2026\" \/>\n<meta property=\"og:url\" content=\"https:\/\/archibat.com\/blog\/fondation-architectes-de-lurgence-un-don-pour-noel\/\" \/>\n<meta property=\"og:site_name\" content=\"ArchiBat Mag\" \/>\n<meta property=\"article:published_time\" content=\"2015-12-21T11:58:11+00:00\" \/>\n<meta property=\"article:modified_time\" content=\"2018-11-20T15:34:08+00:00\" \/>\n<meta property=\"og:image\" content=\"https:\/\/archibat.com\/blog\/wp-content\/uploads\/2015\/12\/Archi-urgence-blog-2.png\" \/>\n\t<meta property=\"og:image:width\" content=\"635\" \/>\n\t<meta property=\"og:image:height\" content=\"327\" \/>\n\t<meta property=\"og:image:type\" content=\"image\/png\" \/>\n<meta name=\"author\" content=\"communication\" \/>\n<meta name=\"twitter:card\" content=\"summary_large_image\" \/>\n<meta name=\"twitter:label1\" content=\"\u00c9crit par\" \/>\n\t<meta name=\"twitter:data1\" content=\"communication\" \/>\n\t<meta name=\"twitter:label2\" content=\"Dur\u00e9e de lecture estim\u00e9e\" \/>\n\t<meta name=\"twitter:data2\" content=\"2 minutes\" \/>\n<script type=\"application\/ld+json\" class=\"yoast-schema-graph\">{\"@context\":\"https:\/\/schema.org\",\"@graph\":[{\"@type\":\"WebPage\",\"@id\":\"https:\/\/archibat.com\/blog\/fondation-architectes-de-lurgence-un-don-pour-noel\/\",\"url\":\"https:\/\/archibat.com\/blog\/fondation-architectes-de-lurgence-un-don-pour-noel\/\",\"name\":\"Fondation Architectes de l'Urgence : faites un don pour No\u00ebl &#8211; ArchiBat Mag\",\"isPartOf\":{\"@id\":\"https:\/\/archibat.com\/blog\/#website\"},\"primaryImageOfPage\":{\"@id\":\"https:\/\/archibat.com\/blog\/fondation-architectes-de-lurgence-un-don-pour-noel\/#primaryimage\"},\"image\":{\"@id\":\"https:\/\/archibat.com\/blog\/fondation-architectes-de-lurgence-un-don-pour-noel\/#primaryimage\"},\"thumbnailUrl\":\"https:\/\/archibat.com\/blog\/wp-content\/uploads\/2015\/12\/Archi-urgence-blog-2.png\",\"datePublished\":\"2015-12-21T11:58:11+00:00\",\"dateModified\":\"2018-11-20T15:34:08+00:00\",\"author\":{\"@id\":\"https:\/\/archibat.com\/blog\/#\/schema\/person\/c246f0d63b5e719c2cbe4f9bd494bf12\"},\"breadcrumb\":{\"@id\":\"https:\/\/archibat.com\/blog\/fondation-architectes-de-lurgence-un-don-pour-noel\/#breadcrumb\"},\"inLanguage\":\"fr-FR\",\"potentialAction\":[{\"@type\":\"ReadAction\",\"target\":[\"https:\/\/archibat.com\/blog\/fondation-architectes-de-lurgence-un-don-pour-noel\/\"]}]},{\"@type\":\"ImageObject\",\"inLanguage\":\"fr-FR\",\"@id\":\"https:\/\/archibat.com\/blog\/fondation-architectes-de-lurgence-un-don-pour-noel\/#primaryimage\",\"url\":\"https:\/\/archibat.com\/blog\/wp-content\/uploads\/2015\/12\/Archi-urgence-blog-2.png\",\"contentUrl\":\"https:\/\/archibat.com\/blog\/wp-content\/uploads\/2015\/12\/Archi-urgence-blog-2.png\",\"width\":635,\"height\":327},{\"@type\":\"BreadcrumbList\",\"@id\":\"https:\/\/archibat.com\/blog\/fondation-architectes-de-lurgence-un-don-pour-noel\/#breadcrumb\",\"itemListElement\":[{\"@type\":\"ListItem\",\"position\":1,\"name\":\"Home\",\"item\":\"https:\/\/archibat.com\/blog\/\"},{\"@type\":\"ListItem\",\"position\":2,\"name\":\"Fondation Architectes de l&rsquo;Urgence : faites un don pour No\u00ebl\"}]},{\"@type\":\"WebSite\",\"@id\":\"https:\/\/archibat.com\/blog\/#website\",\"url\":\"https:\/\/archibat.com\/blog\/\",\"name\":\"ArchiBat Mag\",\"description\":\"Vous souhaitez connaitre les derni\u00e8res actualit\u00e9s sur l\u2019Architecture, le Design ou les Ressources Humaines ? D\u00e9couvrez ArchiBat Mag, le magazine d\u00e9di\u00e9 aux m\u00e9tiers de l&#039;Architecture et de l&#039;Ing\u00e9nierie.\",\"potentialAction\":[{\"@type\":\"SearchAction\",\"target\":{\"@type\":\"EntryPoint\",\"urlTemplate\":\"https:\/\/archibat.com\/blog\/?s={search_term_string}\"},\"query-input\":{\"@type\":\"PropertyValueSpecification\",\"valueRequired\":true,\"valueName\":\"search_term_string\"}}],\"inLanguage\":\"fr-FR\"},{\"@type\":\"Person\",\"@id\":\"https:\/\/archibat.com\/blog\/#\/schema\/person\/c246f0d63b5e719c2cbe4f9bd494bf12\",\"name\":\"communication\"}]}<\/script>\n<!-- \/ Yoast SEO plugin. -->","yoast_head_json":{"title":"Fondation Architectes de l'Urgence : faites un don pour No\u00ebl &#8211; ArchiBat Mag","robots":{"index":"index","follow":"follow","max-snippet":"max-snippet:-1","max-image-preview":"max-image-preview:large","max-video-preview":"max-video-preview:-1"},"canonical":"https:\/\/archibat.com\/blog\/fondation-architectes-de-lurgence-un-don-pour-noel\/","og_locale":"fr_FR","og_type":"article","og_title":"Fondation Architectes de l'Urgence : faites un don pour No\u00ebl &#8211; ArchiBat Mag","og_description":"Depuis sa cr\u00e9ation en 2001, la Fondation Architectes de l\u2019Urgence intervient sur le terrain pour assurer la mise en s\u00e9curit\u00e9 des populations en danger et\u2026","og_url":"https:\/\/archibat.com\/blog\/fondation-architectes-de-lurgence-un-don-pour-noel\/","og_site_name":"ArchiBat Mag","article_published_time":"2015-12-21T11:58:11+00:00","article_modified_time":"2018-11-20T15:34:08+00:00","og_image":[{"width":635,"height":327,"url":"https:\/\/archibat.com\/blog\/wp-content\/uploads\/2015\/12\/Archi-urgence-blog-2.png","type":"image\/png"}],"author":"communication","twitter_card":"summary_large_image","twitter_misc":{"\u00c9crit par":"communication","Dur\u00e9e de lecture estim\u00e9e":"2 minutes"},"schema":{"@context":"https:\/\/schema.org","@graph":[{"@type":"WebPage","@id":"https:\/\/archibat.com\/blog\/fondation-architectes-de-lurgence-un-don-pour-noel\/","url":"https:\/\/archibat.com\/blog\/fondation-architectes-de-lurgence-un-don-pour-noel\/","name":"Fondation Architectes de l'Urgence : faites un don pour No\u00ebl &#8211; ArchiBat Mag","isPartOf":{"@id":"https:\/\/archibat.com\/blog\/#website"},"primaryImageOfPage":{"@id":"https:\/\/archibat.com\/blog\/fondation-architectes-de-lurgence-un-don-pour-noel\/#primaryimage"},"image":{"@id":"https:\/\/archibat.com\/blog\/fondation-architectes-de-lurgence-un-don-pour-noel\/#primaryimage"},"thumbnailUrl":"https:\/\/archibat.com\/blog\/wp-content\/uploads\/2015\/12\/Archi-urgence-blog-2.png","datePublished":"2015-12-21T11:58:11+00:00","dateModified":"2018-11-20T15:34:08+00:00","author":{"@id":"https:\/\/archibat.com\/blog\/#\/schema\/person\/c246f0d63b5e719c2cbe4f9bd494bf12"},"breadcrumb":{"@id":"https:\/\/archibat.com\/blog\/fondation-architectes-de-lurgence-un-don-pour-noel\/#breadcrumb"},"inLanguage":"fr-FR","potentialAction":[{"@type":"ReadAction","target":["https:\/\/archibat.com\/blog\/fondation-architectes-de-lurgence-un-don-pour-noel\/"]}]},{"@type":"ImageObject","inLanguage":"fr-FR","@id":"https:\/\/archibat.com\/blog\/fondation-architectes-de-lurgence-un-don-pour-noel\/#primaryimage","url":"https:\/\/archibat.com\/blog\/wp-content\/uploads\/2015\/12\/Archi-urgence-blog-2.png","contentUrl":"https:\/\/archibat.com\/blog\/wp-content\/uploads\/2015\/12\/Archi-urgence-blog-2.png","width":635,"height":327},{"@type":"BreadcrumbList","@id":"https:\/\/archibat.com\/blog\/fondation-architectes-de-lurgence-un-don-pour-noel\/#breadcrumb","itemListElement":[{"@type":"ListItem","position":1,"name":"Home","item":"https:\/\/archibat.com\/blog\/"},{"@type":"ListItem","position":2,"name":"Fondation Architectes de l&rsquo;Urgence : faites un don pour No\u00ebl"}]},{"@type":"WebSite","@id":"https:\/\/archibat.com\/blog\/#website","url":"https:\/\/archibat.com\/blog\/","name":"ArchiBat Mag","description":"Vous souhaitez connaitre les derni\u00e8res actualit\u00e9s sur l\u2019Architecture, le Design ou les Ressources Humaines ? D\u00e9couvrez ArchiBat Mag, le magazine d\u00e9di\u00e9 aux m\u00e9tiers de l&#039;Architecture et de l&#039;Ing\u00e9nierie.","potentialAction":[{"@type":"SearchAction","target":{"@type":"EntryPoint","urlTemplate":"https:\/\/archibat.com\/blog\/?s={search_term_string}"},"query-input":{"@type":"PropertyValueSpecification","valueRequired":true,"valueName":"search_term_string"}}],"inLanguage":"fr-FR"},{"@type":"Person","@id":"https:\/\/archibat.com\/blog\/#\/schema\/person\/c246f0d63b5e719c2cbe4f9bd494bf12","name":"communication"}]}},"_links":{"self":[{"href":"https:\/\/archibat.com\/blog\/wp-json\/wp\/v2\/posts\/1326","targetHints":{"allow":["GET"]}}],"collection":[{"href":"https:\/\/archibat.com\/blog\/wp-json\/wp\/v2\/posts"}],"about":[{"href":"https:\/\/archibat.com\/blog\/wp-json\/wp\/v2\/types\/post"}],"author":[{"embeddable":true,"href":"https:\/\/archibat.com\/blog\/wp-json\/wp\/v2\/users\/2"}],"replies":[{"embeddable":true,"href":"https:\/\/archibat.com\/blog\/wp-json\/wp\/v2\/comments?post=1326"}],"version-history":[{"count":2,"href":"https:\/\/archibat.com\/blog\/wp-json\/wp\/v2\/posts\/1326\/revisions"}],"predecessor-version":[{"id":7735,"href":"https:\/\/archibat.com\/blog\/wp-json\/wp\/v2\/posts\/1326\/revisions\/7735"}],"wp:featuredmedia":[{"embeddable":true,"href":"https:\/\/archibat.com\/blog\/wp-json\/wp\/v2\/media\/1328"}],"wp:attachment":[{"href":"https:\/\/archibat.com\/blog\/wp-json\/wp\/v2\/media?parent=1326"}],"wp:term":[{"taxonomy":"category","embeddable":true,"href":"https:\/\/archibat.com\/blog\/wp-json\/wp\/v2\/categories?post=1326"},{"taxonomy":"post_tag","embeddable":true,"href":"https:\/\/archibat.com\/blog\/wp-json\/wp\/v2\/tags?post=1326"}],"curies":[{"name":"wp","href":"https:\/\/api.w.org\/{rel}","templated":true}]}}