{"id":13452,"date":"2020-09-08T14:00:59","date_gmt":"2020-09-08T12:00:59","guid":{"rendered":"https:\/\/archibat.com\/blog\/?p=13452"},"modified":"2020-09-24T13:10:29","modified_gmt":"2020-09-24T11:10:29","slug":"portage-salarial-vs-micro-entrepreneur-quel-statut-choisir","status":"publish","type":"post","link":"https:\/\/archibat.com\/blog\/portage-salarial-vs-micro-entrepreneur-quel-statut-choisir\/","title":{"rendered":"Portage salarial vs micro-entrepreneur\u00a0: quel statut choisir\u00a0?"},"content":{"rendered":"\n<p>Le statut de salari\u00e9 reste le plus r\u00e9pandu sur le march\u00e9 du travail fran\u00e7ais, que ce soit en CDD, en CDI ou en int\u00e9rim. Toutefois, si vous souhaitez vous lancer en tant que travailleur ind\u00e9pendant, il existe d\u2019autres alternatives au salariat classique, \u00e0 savoir le statut d\u2019auto-entrepreneur et le portage salarial. Alors que la micro-entreprise reste le moyen le plus courant pour lancer son activit\u00e9, le portage salarial permet quant \u00e0 lui d\u2019entreprendre en conservant les avantages du salariat et donc de minimiser les risques. Tous deux pr\u00e9sentent des avantages selon votre situation et vos attentes professionnelles. Pour vous aider dans votre choix, nous vous donnons ici quelques \u00e9l\u00e9ments de comparaison.<\/p>\n\n\n\n<p><\/p>\n\n\n\n<h2 class=\"wp-block-heading\">Portage salarial et micro-entrepreneur&nbsp;: d\u00e9finition et conditions<\/h2>\n\n\n\n<p>Le portage salarial d\u00e9signe une forme d&#8217;emploi o\u00f9 interviennent trois parties&nbsp;: le travailleur ind\u00e9pendant, son client et la soci\u00e9t\u00e9 de portage. La particularit\u00e9 de ce statut, c\u2019est qu\u2019en devenant un travailleur \u00ab&nbsp;port\u00e9&nbsp;\u00bb, vous obtenez les m\u00eames avantages qu\u2019un salari\u00e9, car vous \u00eates li\u00e9 par un contrat de travail avec la soci\u00e9t\u00e9 qui vous emploie. En somme, vous cotisez \u00e0 la s\u00e9curit\u00e9 sociale, \u00e0 la retraite et \u00e0 l\u2019assurance ch\u00f4mage, vous b\u00e9n\u00e9ficiez des cong\u00e9s pay\u00e9s, d\u2019une mutuelle et d\u2019une possibilit\u00e9 de remboursement de vos frais professionnels. Le portage salarial, qui est en croissance constante, est en quelque sorte un statut interm\u00e9diaire entre salari\u00e9 et auto-entrepreneur : en 2019, ce statut de port\u00e9s concernait 90&nbsp;000 salari\u00e9s en France.<\/p>\n\n\n\n<p><\/p>\n\n\n\n<p>Le travailleur port\u00e9 doit exercer une activit\u00e9 intellectuelle (conseil, formation, ing\u00e9nierie, traduction, digital\u2026) et disposer d\u2019une exp\u00e9rience d\u2019au moins 3 ans dans son secteur d\u2019activit\u00e9. Le contrat \u00e9tabli entre le port\u00e9 et la soci\u00e9t\u00e9 de portage est un CDD ou un CDI. Le salari\u00e9 b\u00e9n\u00e9ficie d\u2019une r\u00e9mun\u00e9ration brute minimale d\u2019au moins 75 % du plafond de la S\u00e9curit\u00e9 sociale en \u00e9quivalent temps plein, soit 2413 \u20ac brut. Le salari\u00e9 port\u00e9 est r\u00e9mun\u00e9r\u00e9 d\u00e8s le premier mois de travail par la soci\u00e9t\u00e9 de portage sans avoir \u00e0 attendre le paiement de la facture client.<\/p>\n\n\n\n<p><\/p>\n\n\n\n<p>L\u2019auto-entrepreneur, quant \u00e0 lui, est un r\u00e9gime juridique qui fonctionne comme un tremplin \u00e0 la cr\u00e9ation d\u2019entreprise. Par une simple demande aupr\u00e8s d\u2019un guichet unique ou de l\u2019organisme correspondant \u00e0 votre type d\u2019activit\u00e9, vous pouvez vous d\u00e9clarer comme travailleur ind\u00e9pendant. Pour cela, vous devez exercer une activit\u00e9 commerciale, artisanale ou lib\u00e9rale \u00e0 titre principal ou en compl\u00e9ment d\u2019un travail salari\u00e9. L\u2019auto-entrepreneur b\u00e9n\u00e9ficie d\u2019un r\u00e9gime micro-social simplifi\u00e9 et d\u2019une exon\u00e9ration de la TVA. \u00c0 l\u2019inverse du portage salarial, l\u2019auto-entrepreneur ne cotise pas au ch\u00f4mage et ne peut donc pas en b\u00e9n\u00e9ficier en cas de chute brutale d\u2019activit\u00e9. Il ne peut pas non plus d\u00e9duire ses frais professionnels ni son mat\u00e9riel.<\/p>\n\n\n\n<p><\/p>\n\n\n\n<h2 class=\"wp-block-heading\">Quelle gestion administrative pour le travailleur port\u00e9 et l\u2019auto-entrepreneur&nbsp;?<\/h2>\n\n\n\n<p>Lorsque vous \u00eates en portage salarial, c\u2019est la soci\u00e9t\u00e9 de portage qui prend en charge les envois de contrats aux clients et toute la gestion administrative de votre activit\u00e9 professionnelle, ce qui g\u00e9n\u00e8re un gain de temps notable. Elle g\u00e8re les facturations clients, vos cotisations et vos affiliations aux diff\u00e9rents organismes. Votre libert\u00e9 d\u2019entreprendre reste la m\u00eame qu\u2019en auto-entrepreneur, c\u2019est-\u00e0-dire que vous pouvez d\u00e9marcher vos clients, \u00e9tablir des devis et effectuer des prestations de diff\u00e9rentes dur\u00e9es. La soci\u00e9t\u00e9 de portage peut vous aider \u00e0 trouver des missions plus efficacement. Elle peut \u00e9galement vous donner acc\u00e8s \u00e0 des \u00e9v\u00e9nements professionnels, des formations\u2026 Les frais de gestion de la soci\u00e9t\u00e9 de portage s\u2019\u00e9l\u00e8vent \u00e0 environ 10% de la somme factur\u00e9e au client.<\/p>\n\n\n\n<p><\/p>\n\n\n\n<p>En tant qu\u2019auto-entrepreneur, vous vous occupez de la facturation, de l\u2019administratif et de la comptabilit\u00e9. M\u00eame si les d\u00e9marches sont vraiment simplifi\u00e9es, il s\u2019av\u00e8re n\u00e9cessaire de pr\u00e9voir du temps pour ces t\u00e2ches dans votre organisation g\u00e9n\u00e9rale. Vous devrez \u00e9galement g\u00e9rer votre communication et les co\u00fbts engendr\u00e9s par celle-ci, comme la cr\u00e9ation de votre site internet, de vos flyers et de vos cartes de visites. En outre, vos revenus sont g\u00e9n\u00e9r\u00e9s par votre chiffre d\u2019affaires. Les mois ne se ressemblent pas et d\u00e9pendent totalement des contrats obtenus&nbsp;et du temps que vous avez investi dans la prospection commerciale !<\/p>\n\n\n\n<p><\/p>\n\n\n\n<h2 class=\"wp-block-heading\">Portage salarial vs micro-entrepreneur&nbsp;: le chiffre d\u2019affaires<\/h2>\n\n\n\n<p>L\u2019inconv\u00e9nient majeur du statut d\u2019auto-entrepreneur est la limite impos\u00e9e \u00e0 votre chiffre d\u2019affaires. En effet, si vous sortez du r\u00e9gime fiscal de la micro-entreprise, vos revenus sont alors impos\u00e9s selon un r\u00e9gime r\u00e9el et soumis \u00e0 la TVA. Le plafond de l&rsquo;auto-entrepreneur d\u00e9pend de l&rsquo;activit\u00e9 exerc\u00e9e :&nbsp;72 500\u20ac&nbsp;pour une activit\u00e9 de prestation de services et 176 200 \u20ac pour une activit\u00e9 de vente de marchandises. En d\u00e9finitive, le choix de ce statut n\u2019a d\u2019int\u00e9r\u00eat que si l\u2019entrepreneur est certain de ne pas d\u00e9passer les plafonds en cours d\u2019ann\u00e9e. La micro-entreprise est donc l\u2019id\u00e9al pour tester un projet, une activit\u00e9 ou une id\u00e9e.<\/p>\n\n\n\n<p><\/p>\n\n\n\n<p>Si vous visez des clients plus importants comme des grands comptes ou des entreprises de taille interm\u00e9diaire, vous aurez besoin d\u2019une r\u00e9elle cr\u00e9dibilit\u00e9 commerciale. Il est alors pr\u00e9f\u00e9rable d\u2019opter pour le portage salarial, car ce statut n\u2019impose aucune limite en termes de revenus et permet de d\u00e9duire certaines charges professionnelles. Il permet dans tous les cas de cumuler la libert\u00e9 de l\u2019entreprenariat et la s\u00e9curit\u00e9 du salariat.<\/p>\n\n\n\n<p><\/p>\n\n\n\n<p>Sachez toutefois qu\u2019il est possible de cumuler les deux statuts. En tant que travailleur port\u00e9, vous \u00eates consid\u00e9r\u00e9 comme un salari\u00e9 et pouvez donc l\u00e9galement exercer aussi en micro-entrepreneur, \u00e0 vous de choisir le meilleur statut en fonction de vos missions&nbsp;!<\/p>\n\n\n\n<p><\/p>\n\n\n\n<p>&#8211;<\/p>\n\n\n\n<p><\/p>\n\n\n\n<div class=\"wp-block-group\"><div class=\"wp-block-group__inner-container is-layout-flow wp-block-group-is-layout-flow\">\n<p><em>Vous ne souhaitez pas (ou plus) avoir le statut de micro-entrepreneur ou freelance ?\u00a0Vous aimez travailler sous forme de missions, pour pouvoir vous organiser librement, mais sans perdre la s\u00e9curit\u00e9 du salariat ?\u00a0Vous avez des imp\u00e9ratifs personnels (demande de pr\u00eats, contraintes familiales, projets\u2026) et vous pr\u00e9f\u00e9rez garder un statut de salari\u00e9 ?\u00a0<\/em><\/p>\n\n\n\n<p><strong><em>D\u00e9couvrez le portage salarial avec ArchiBat RH, <a href=\"https:\/\/archibat.com\/fr\/contact\" target=\"_blank\" rel=\"noreferrer noopener\">contactez-nous<\/a> pour en savoir plus.<\/em><\/strong><\/p>\n<\/div><\/div>\n","protected":false},"excerpt":{"rendered":"<p>Le statut de salari\u00e9 reste le plus r\u00e9pandu sur le march\u00e9 du travail fran\u00e7ais, que ce soit en CDD, en CDI ou en int\u00e9rim. Toutefois,\u2026<\/p>\n","protected":false},"author":2,"featured_media":13453,"comment_status":"closed","ping_status":"closed","sticky":false,"template":"","format":"standard","meta":{"_acf_changed":false,"footnotes":""},"categories":[4],"tags":[2539,2538,1607,1273],"class_list":["post-13452","post","type-post","status-publish","format-standard","has-post-thumbnail","hentry","category-ressources-humaines","tag-micro-entrepreneur","tag-portage-salarial","tag-salaries","tag-travail"],"acf":[],"yoast_head":"<!-- This site is optimized with the Yoast SEO plugin v24.8.1 - https:\/\/yoast.com\/wordpress\/plugins\/seo\/ -->\n<title>Portage salarial vs micro-entrepreneur\u00a0: quel statut choisir\u00a0? &#8211; ArchiBat Mag<\/title>\n<meta name=\"robots\" content=\"index, follow, max-snippet:-1, max-image-preview:large, max-video-preview:-1\" \/>\n<link rel=\"canonical\" href=\"https:\/\/archibat.com\/blog\/portage-salarial-vs-micro-entrepreneur-quel-statut-choisir\/\" \/>\n<meta property=\"og:locale\" content=\"fr_FR\" \/>\n<meta property=\"og:type\" content=\"article\" \/>\n<meta property=\"og:title\" content=\"Portage salarial vs micro-entrepreneur\u00a0: quel statut choisir\u00a0? &#8211; ArchiBat Mag\" \/>\n<meta property=\"og:description\" content=\"Le statut de salari\u00e9 reste le plus r\u00e9pandu sur le march\u00e9 du travail fran\u00e7ais, que ce soit en CDD, en CDI ou en int\u00e9rim. Toutefois,\u2026\" \/>\n<meta property=\"og:url\" content=\"https:\/\/archibat.com\/blog\/portage-salarial-vs-micro-entrepreneur-quel-statut-choisir\/\" \/>\n<meta property=\"og:site_name\" content=\"ArchiBat Mag\" \/>\n<meta property=\"article:published_time\" content=\"2020-09-08T12:00:59+00:00\" \/>\n<meta property=\"article:modified_time\" content=\"2020-09-24T11:10:29+00:00\" \/>\n<meta property=\"og:image\" content=\"https:\/\/archibat.com\/blog\/wp-content\/uploads\/2020\/09\/iStock-612739870.jpeg\" \/>\n\t<meta property=\"og:image:width\" content=\"1280\" \/>\n\t<meta property=\"og:image:height\" content=\"853\" \/>\n\t<meta property=\"og:image:type\" content=\"image\/jpeg\" \/>\n<meta name=\"author\" content=\"communication\" \/>\n<meta name=\"twitter:card\" content=\"summary_large_image\" \/>\n<meta name=\"twitter:label1\" content=\"\u00c9crit par\" \/>\n\t<meta name=\"twitter:data1\" content=\"communication\" \/>\n\t<meta name=\"twitter:label2\" content=\"Dur\u00e9e de lecture estim\u00e9e\" \/>\n\t<meta name=\"twitter:data2\" content=\"5 minutes\" \/>\n<script type=\"application\/ld+json\" class=\"yoast-schema-graph\">{\"@context\":\"https:\/\/schema.org\",\"@graph\":[{\"@type\":\"WebPage\",\"@id\":\"https:\/\/archibat.com\/blog\/portage-salarial-vs-micro-entrepreneur-quel-statut-choisir\/\",\"url\":\"https:\/\/archibat.com\/blog\/portage-salarial-vs-micro-entrepreneur-quel-statut-choisir\/\",\"name\":\"Portage salarial vs micro-entrepreneur\u00a0: quel statut choisir\u00a0? &#8211; ArchiBat Mag\",\"isPartOf\":{\"@id\":\"https:\/\/archibat.com\/blog\/#website\"},\"primaryImageOfPage\":{\"@id\":\"https:\/\/archibat.com\/blog\/portage-salarial-vs-micro-entrepreneur-quel-statut-choisir\/#primaryimage\"},\"image\":{\"@id\":\"https:\/\/archibat.com\/blog\/portage-salarial-vs-micro-entrepreneur-quel-statut-choisir\/#primaryimage\"},\"thumbnailUrl\":\"https:\/\/archibat.com\/blog\/wp-content\/uploads\/2020\/09\/iStock-612739870.jpeg\",\"datePublished\":\"2020-09-08T12:00:59+00:00\",\"dateModified\":\"2020-09-24T11:10:29+00:00\",\"author\":{\"@id\":\"https:\/\/archibat.com\/blog\/#\/schema\/person\/c246f0d63b5e719c2cbe4f9bd494bf12\"},\"breadcrumb\":{\"@id\":\"https:\/\/archibat.com\/blog\/portage-salarial-vs-micro-entrepreneur-quel-statut-choisir\/#breadcrumb\"},\"inLanguage\":\"fr-FR\",\"potentialAction\":[{\"@type\":\"ReadAction\",\"target\":[\"https:\/\/archibat.com\/blog\/portage-salarial-vs-micro-entrepreneur-quel-statut-choisir\/\"]}]},{\"@type\":\"ImageObject\",\"inLanguage\":\"fr-FR\",\"@id\":\"https:\/\/archibat.com\/blog\/portage-salarial-vs-micro-entrepreneur-quel-statut-choisir\/#primaryimage\",\"url\":\"https:\/\/archibat.com\/blog\/wp-content\/uploads\/2020\/09\/iStock-612739870.jpeg\",\"contentUrl\":\"https:\/\/archibat.com\/blog\/wp-content\/uploads\/2020\/09\/iStock-612739870.jpeg\",\"width\":1280,\"height\":853,\"caption\":\"Close up of a young woman sitting in kitchen and going through her financials\"},{\"@type\":\"BreadcrumbList\",\"@id\":\"https:\/\/archibat.com\/blog\/portage-salarial-vs-micro-entrepreneur-quel-statut-choisir\/#breadcrumb\",\"itemListElement\":[{\"@type\":\"ListItem\",\"position\":1,\"name\":\"Home\",\"item\":\"https:\/\/archibat.com\/blog\/\"},{\"@type\":\"ListItem\",\"position\":2,\"name\":\"Portage salarial vs micro-entrepreneur\u00a0: quel statut choisir\u00a0?\"}]},{\"@type\":\"WebSite\",\"@id\":\"https:\/\/archibat.com\/blog\/#website\",\"url\":\"https:\/\/archibat.com\/blog\/\",\"name\":\"ArchiBat Mag\",\"description\":\"Vous souhaitez connaitre les derni\u00e8res actualit\u00e9s sur l\u2019Architecture, le Design ou les Ressources Humaines ? D\u00e9couvrez ArchiBat Mag, le magazine d\u00e9di\u00e9 aux m\u00e9tiers de l&#039;Architecture et de l&#039;Ing\u00e9nierie.\",\"potentialAction\":[{\"@type\":\"SearchAction\",\"target\":{\"@type\":\"EntryPoint\",\"urlTemplate\":\"https:\/\/archibat.com\/blog\/?s={search_term_string}\"},\"query-input\":{\"@type\":\"PropertyValueSpecification\",\"valueRequired\":true,\"valueName\":\"search_term_string\"}}],\"inLanguage\":\"fr-FR\"},{\"@type\":\"Person\",\"@id\":\"https:\/\/archibat.com\/blog\/#\/schema\/person\/c246f0d63b5e719c2cbe4f9bd494bf12\",\"name\":\"communication\"}]}<\/script>\n<!-- \/ Yoast SEO plugin. -->","yoast_head_json":{"title":"Portage salarial vs micro-entrepreneur\u00a0: quel statut choisir\u00a0? &#8211; ArchiBat Mag","robots":{"index":"index","follow":"follow","max-snippet":"max-snippet:-1","max-image-preview":"max-image-preview:large","max-video-preview":"max-video-preview:-1"},"canonical":"https:\/\/archibat.com\/blog\/portage-salarial-vs-micro-entrepreneur-quel-statut-choisir\/","og_locale":"fr_FR","og_type":"article","og_title":"Portage salarial vs micro-entrepreneur\u00a0: quel statut choisir\u00a0? &#8211; ArchiBat Mag","og_description":"Le statut de salari\u00e9 reste le plus r\u00e9pandu sur le march\u00e9 du travail fran\u00e7ais, que ce soit en CDD, en CDI ou en int\u00e9rim. Toutefois,\u2026","og_url":"https:\/\/archibat.com\/blog\/portage-salarial-vs-micro-entrepreneur-quel-statut-choisir\/","og_site_name":"ArchiBat Mag","article_published_time":"2020-09-08T12:00:59+00:00","article_modified_time":"2020-09-24T11:10:29+00:00","og_image":[{"width":1280,"height":853,"url":"https:\/\/archibat.com\/blog\/wp-content\/uploads\/2020\/09\/iStock-612739870.jpeg","type":"image\/jpeg"}],"author":"communication","twitter_card":"summary_large_image","twitter_misc":{"\u00c9crit par":"communication","Dur\u00e9e de lecture estim\u00e9e":"5 minutes"},"schema":{"@context":"https:\/\/schema.org","@graph":[{"@type":"WebPage","@id":"https:\/\/archibat.com\/blog\/portage-salarial-vs-micro-entrepreneur-quel-statut-choisir\/","url":"https:\/\/archibat.com\/blog\/portage-salarial-vs-micro-entrepreneur-quel-statut-choisir\/","name":"Portage salarial vs micro-entrepreneur\u00a0: quel statut choisir\u00a0? &#8211; ArchiBat Mag","isPartOf":{"@id":"https:\/\/archibat.com\/blog\/#website"},"primaryImageOfPage":{"@id":"https:\/\/archibat.com\/blog\/portage-salarial-vs-micro-entrepreneur-quel-statut-choisir\/#primaryimage"},"image":{"@id":"https:\/\/archibat.com\/blog\/portage-salarial-vs-micro-entrepreneur-quel-statut-choisir\/#primaryimage"},"thumbnailUrl":"https:\/\/archibat.com\/blog\/wp-content\/uploads\/2020\/09\/iStock-612739870.jpeg","datePublished":"2020-09-08T12:00:59+00:00","dateModified":"2020-09-24T11:10:29+00:00","author":{"@id":"https:\/\/archibat.com\/blog\/#\/schema\/person\/c246f0d63b5e719c2cbe4f9bd494bf12"},"breadcrumb":{"@id":"https:\/\/archibat.com\/blog\/portage-salarial-vs-micro-entrepreneur-quel-statut-choisir\/#breadcrumb"},"inLanguage":"fr-FR","potentialAction":[{"@type":"ReadAction","target":["https:\/\/archibat.com\/blog\/portage-salarial-vs-micro-entrepreneur-quel-statut-choisir\/"]}]},{"@type":"ImageObject","inLanguage":"fr-FR","@id":"https:\/\/archibat.com\/blog\/portage-salarial-vs-micro-entrepreneur-quel-statut-choisir\/#primaryimage","url":"https:\/\/archibat.com\/blog\/wp-content\/uploads\/2020\/09\/iStock-612739870.jpeg","contentUrl":"https:\/\/archibat.com\/blog\/wp-content\/uploads\/2020\/09\/iStock-612739870.jpeg","width":1280,"height":853,"caption":"Close up of a young woman sitting in kitchen and going through her financials"},{"@type":"BreadcrumbList","@id":"https:\/\/archibat.com\/blog\/portage-salarial-vs-micro-entrepreneur-quel-statut-choisir\/#breadcrumb","itemListElement":[{"@type":"ListItem","position":1,"name":"Home","item":"https:\/\/archibat.com\/blog\/"},{"@type":"ListItem","position":2,"name":"Portage salarial vs micro-entrepreneur\u00a0: quel statut choisir\u00a0?"}]},{"@type":"WebSite","@id":"https:\/\/archibat.com\/blog\/#website","url":"https:\/\/archibat.com\/blog\/","name":"ArchiBat Mag","description":"Vous souhaitez connaitre les derni\u00e8res actualit\u00e9s sur l\u2019Architecture, le Design ou les Ressources Humaines ? D\u00e9couvrez ArchiBat Mag, le magazine d\u00e9di\u00e9 aux m\u00e9tiers de l&#039;Architecture et de l&#039;Ing\u00e9nierie.","potentialAction":[{"@type":"SearchAction","target":{"@type":"EntryPoint","urlTemplate":"https:\/\/archibat.com\/blog\/?s={search_term_string}"},"query-input":{"@type":"PropertyValueSpecification","valueRequired":true,"valueName":"search_term_string"}}],"inLanguage":"fr-FR"},{"@type":"Person","@id":"https:\/\/archibat.com\/blog\/#\/schema\/person\/c246f0d63b5e719c2cbe4f9bd494bf12","name":"communication"}]}},"_links":{"self":[{"href":"https:\/\/archibat.com\/blog\/wp-json\/wp\/v2\/posts\/13452","targetHints":{"allow":["GET"]}}],"collection":[{"href":"https:\/\/archibat.com\/blog\/wp-json\/wp\/v2\/posts"}],"about":[{"href":"https:\/\/archibat.com\/blog\/wp-json\/wp\/v2\/types\/post"}],"author":[{"embeddable":true,"href":"https:\/\/archibat.com\/blog\/wp-json\/wp\/v2\/users\/2"}],"replies":[{"embeddable":true,"href":"https:\/\/archibat.com\/blog\/wp-json\/wp\/v2\/comments?post=13452"}],"version-history":[{"count":3,"href":"https:\/\/archibat.com\/blog\/wp-json\/wp\/v2\/posts\/13452\/revisions"}],"predecessor-version":[{"id":13591,"href":"https:\/\/archibat.com\/blog\/wp-json\/wp\/v2\/posts\/13452\/revisions\/13591"}],"wp:featuredmedia":[{"embeddable":true,"href":"https:\/\/archibat.com\/blog\/wp-json\/wp\/v2\/media\/13453"}],"wp:attachment":[{"href":"https:\/\/archibat.com\/blog\/wp-json\/wp\/v2\/media?parent=13452"}],"wp:term":[{"taxonomy":"category","embeddable":true,"href":"https:\/\/archibat.com\/blog\/wp-json\/wp\/v2\/categories?post=13452"},{"taxonomy":"post_tag","embeddable":true,"href":"https:\/\/archibat.com\/blog\/wp-json\/wp\/v2\/tags?post=13452"}],"curies":[{"name":"wp","href":"https:\/\/api.w.org\/{rel}","templated":true}]}}