{"id":13545,"date":"2020-09-22T14:00:01","date_gmt":"2020-09-22T12:00:01","guid":{"rendered":"https:\/\/archibat.com\/blog\/?p=13545"},"modified":"2020-11-25T17:03:45","modified_gmt":"2020-11-25T16:03:45","slug":"des-espaces-educatifs-innovants-pour-le-retour-a-lecole","status":"publish","type":"post","link":"https:\/\/archibat.com\/blog\/des-espaces-educatifs-innovants-pour-le-retour-a-lecole\/","title":{"rendered":"Des espaces \u00e9ducatifs innovants pour le bien-\u00eatre des enfants"},"content":{"rendered":"\n<p>Les \u00e9l\u00e8ves sont de retour sur les bancs de l\u2019\u00e9cole depuis quelques mois d\u00e9j\u00e0 mais dans des conditions particuli\u00e8res. De nombreux parents s\u2019inqui\u00e8tent des cons\u00e9quences des mesures sanitaires sur l\u2019\u00e9panouissement de leurs enfants. De leur c\u00f4t\u00e9, les directeurs d\u2019\u00e9cole doivent s\u2019assurer que leurs \u00e9tablissements r\u00e9pondent aux directives de s\u00e9curit\u00e9 pour prot\u00e9ger les \u00e9l\u00e8ves et le personnel. Au vu de ces nouvelles contraintes, la r\u00e9flexion sur les espaces \u00e9ducatifs est plus que jamais une attente et une n\u00e9cessit\u00e9.<\/p>\n\n\n\n<p><\/p>\n\n\n\n<p>Mais une conception r\u00e9fl\u00e9chie, concert\u00e9e et innovante des \u00e9tablissements scolaires n\u2019est pas encore une priorit\u00e9 dans les discours politiques. Selon le rapport <a href=\"https:\/\/www.architecture.com\/-\/media\/gathercontent\/better-spaces-for-learning\/additional-documents\/ribabetterspacesforlearningpdf.pdf\">Better spaces for learning<\/a>, publi\u00e9 en 2016 par l\u2019institut des architectes britanniques, une meilleure conception des \u00e9coles am\u00e9liorait consid\u00e9rablement le comportement, l\u2019engagement, le bien-\u00eatre et la r\u00e9ussite des \u00e9l\u00e8ves. Nous vous pr\u00e9sentons ici trois projets d\u2019architecture qui ont plac\u00e9 la conception au c\u0153ur du programme \u00e9ducatif. <\/p>\n\n\n\n<figure class=\"wp-block-image size-large\"><img loading=\"lazy\" decoding=\"async\" width=\"720\" height=\"405\" src=\"https:\/\/archibat.com\/blog\/wp-content\/uploads\/2020\/09\/42396_296928-720x405.jpg\" alt=\"\" class=\"wp-image-13548\" srcset=\"https:\/\/archibat.com\/blog\/wp-content\/uploads\/2020\/09\/42396_296928-720x405.jpg 720w, https:\/\/archibat.com\/blog\/wp-content\/uploads\/2020\/09\/42396_296928-300x169.jpg 300w, https:\/\/archibat.com\/blog\/wp-content\/uploads\/2020\/09\/42396_296928-768x432.jpg 768w, https:\/\/archibat.com\/blog\/wp-content\/uploads\/2020\/09\/42396_296928-1536x864.jpg 1536w, https:\/\/archibat.com\/blog\/wp-content\/uploads\/2020\/09\/42396_296928.jpg 1920w\" sizes=\"auto, (max-width: 720px) 100vw, 720px\" \/><\/figure>\n\n\n\n<h2 class=\"wp-block-heading\">R\u00e9concilier nature et jungle urbaine<\/h2>\n\n\n\n<p>Non loin de Hanoi, les architectes de LAVA, en collaboration avec l\u2019agence de design Module K, ont construit une \u00e9cole maternelle centr\u00e9e sur la nature. Les b\u00e2timents semi-circulaires sur trois niveaux sont reli\u00e9s par des ponts, constituant une s\u00e9rie de transitions entre int\u00e9rieur et ext\u00e9rieur. \u00ab&nbsp;Nous avons cr\u00e9\u00e9 un environnement \u00e9ducatif o\u00f9 la d\u00e9couverte, la curiosit\u00e9, l\u2019interaction avec la nature sont encourag\u00e9s, afin de promouvoir le d\u00e9veloppement holistique des enfants&nbsp;\u00bb indique Chris Brosse, directeur de LAVA. Les formes organiques sont fortement pr\u00e9sentes, la courbure des b\u00e2timents maximisent la vue sur le lac adjacent et des espaces verts sont int\u00e9gr\u00e9s \u00e0 chaque niveau.<br><a href=\"http:\/\/www.l-a-v-a.net\">l-a-v-a.net<\/a><\/p>\n\n\n\n<div class=\"wp-block-image\"><figure class=\"aligncenter size-large\"><img loading=\"lazy\" decoding=\"async\" width=\"720\" height=\"405\" src=\"https:\/\/archibat.com\/blog\/wp-content\/uploads\/2020\/09\/LAVA_Eco_Kindi_3-720x405.jpg\" alt=\"\" class=\"wp-image-13552\" srcset=\"https:\/\/archibat.com\/blog\/wp-content\/uploads\/2020\/09\/LAVA_Eco_Kindi_3-720x405.jpg 720w, https:\/\/archibat.com\/blog\/wp-content\/uploads\/2020\/09\/LAVA_Eco_Kindi_3-300x169.jpg 300w, https:\/\/archibat.com\/blog\/wp-content\/uploads\/2020\/09\/LAVA_Eco_Kindi_3-768x432.jpg 768w, https:\/\/archibat.com\/blog\/wp-content\/uploads\/2020\/09\/LAVA_Eco_Kindi_3-1536x864.jpg 1536w, https:\/\/archibat.com\/blog\/wp-content\/uploads\/2020\/09\/LAVA_Eco_Kindi_3.jpg 1920w\" sizes=\"auto, (max-width: 720px) 100vw, 720px\" \/><\/figure><\/div>\n\n\n\n<figure class=\"wp-block-image size-large\"><img loading=\"lazy\" decoding=\"async\" width=\"720\" height=\"405\" src=\"https:\/\/archibat.com\/blog\/wp-content\/uploads\/2020\/09\/296101-720x405.jpeg\" alt=\"\" class=\"wp-image-13550\" srcset=\"https:\/\/archibat.com\/blog\/wp-content\/uploads\/2020\/09\/296101-720x405.jpeg 720w, https:\/\/archibat.com\/blog\/wp-content\/uploads\/2020\/09\/296101-300x169.jpeg 300w, https:\/\/archibat.com\/blog\/wp-content\/uploads\/2020\/09\/296101-768x432.jpeg 768w, https:\/\/archibat.com\/blog\/wp-content\/uploads\/2020\/09\/296101-1536x864.jpeg 1536w, https:\/\/archibat.com\/blog\/wp-content\/uploads\/2020\/09\/296101.jpeg 1920w\" sizes=\"auto, (max-width: 720px) 100vw, 720px\" \/><\/figure>\n\n\n\n<div class=\"wp-block-image\"><figure class=\"aligncenter size-large is-resized\"><img loading=\"lazy\" decoding=\"async\" src=\"https:\/\/archibat.com\/blog\/wp-content\/uploads\/2020\/09\/LAVA_Eco_Kindi_2-2-320x480.jpg\" alt=\"\" class=\"wp-image-13583\" width=\"624\" height=\"936\" srcset=\"https:\/\/archibat.com\/blog\/wp-content\/uploads\/2020\/09\/LAVA_Eco_Kindi_2-2-320x480.jpg 320w, https:\/\/archibat.com\/blog\/wp-content\/uploads\/2020\/09\/LAVA_Eco_Kindi_2-2-200x300.jpg 200w, https:\/\/archibat.com\/blog\/wp-content\/uploads\/2020\/09\/LAVA_Eco_Kindi_2-2-768x1152.jpg 768w, https:\/\/archibat.com\/blog\/wp-content\/uploads\/2020\/09\/LAVA_Eco_Kindi_2-2-1024x1536.jpg 1024w, https:\/\/archibat.com\/blog\/wp-content\/uploads\/2020\/09\/LAVA_Eco_Kindi_2-2.jpg 1080w\" sizes=\"auto, (max-width: 624px) 100vw, 624px\" \/><\/figure><\/div>\n\n\n\n<h2 class=\"wp-block-heading\">Retrouver une deuxi\u00e8me maison<\/h2>\n\n\n\n<p>L\u2019\u00e9cole primaire d\u2019Amos, en R\u00e9publique Tch\u00e8que, rappelle le vieil adage \u00ab&nbsp;la cuisine est au c\u0153ur de la maison.&nbsp;\u00bb Les architectes de SOA, bas\u00e9s \u00e0 Prague, ont con\u00e7u l\u2019\u00e9tablissement comme une maison, en pla\u00e7ant la cantine au centre. Cet espace multifonctionnel \u00e0 double hauteur peut se transformer en auditorium pour des \u00e9v\u00e8nements et permet ainsi \u00e0 l\u2019\u00e9cole de jouer pleinement son r\u00f4le de centre communautaire et lieu d\u2019activit\u00e9s parascolaires. Les espaces d\u2019apprentissage sont organis\u00e9s en grappes, comprenant chacune deux \u00e0 trois salles de classe communiquant avec l\u2019ext\u00e9rieur et poss\u00e9dant leur propre identit\u00e9 de couleur. L\u2019agencement des grappes cr\u00e9e naturellement des unit\u00e9s plus petites au sein du b\u00e2timent principal, favorisant la mise en \u0153uvre de multiples concepts \u00e9ducatifs. <a href=\"https:\/\/s-o-a.cz\">s-o-a.cz<\/a><\/p>\n\n\n\n<div class=\"wp-block-image\"><figure class=\"aligncenter size-large\"><img loading=\"lazy\" decoding=\"async\" width=\"720\" height=\"480\" src=\"https:\/\/archibat.com\/blog\/wp-content\/uploads\/2020\/09\/SOA_architekti_Elementary_School_Amos_2-720x480.jpg\" alt=\"\" class=\"wp-image-13556\" srcset=\"https:\/\/archibat.com\/blog\/wp-content\/uploads\/2020\/09\/SOA_architekti_Elementary_School_Amos_2-720x480.jpg 720w, https:\/\/archibat.com\/blog\/wp-content\/uploads\/2020\/09\/SOA_architekti_Elementary_School_Amos_2-300x200.jpg 300w, https:\/\/archibat.com\/blog\/wp-content\/uploads\/2020\/09\/SOA_architekti_Elementary_School_Amos_2-768x512.jpg 768w, https:\/\/archibat.com\/blog\/wp-content\/uploads\/2020\/09\/SOA_architekti_Elementary_School_Amos_2-1536x1024.jpg 1536w, https:\/\/archibat.com\/blog\/wp-content\/uploads\/2020\/09\/SOA_architekti_Elementary_School_Amos_2-1440x960.jpg 1440w, https:\/\/archibat.com\/blog\/wp-content\/uploads\/2020\/09\/SOA_architekti_Elementary_School_Amos_2-960x640.jpg 960w, https:\/\/archibat.com\/blog\/wp-content\/uploads\/2020\/09\/SOA_architekti_Elementary_School_Amos_2.jpg 1920w, https:\/\/archibat.com\/blog\/wp-content\/uploads\/2020\/09\/SOA_architekti_Elementary_School_Amos_2-350x233.jpg 350w, https:\/\/archibat.com\/blog\/wp-content\/uploads\/2020\/09\/SOA_architekti_Elementary_School_Amos_2-700x466.jpg 700w\" sizes=\"auto, (max-width: 720px) 100vw, 720px\" \/><\/figure><\/div>\n\n\n\n<div class=\"wp-block-image\"><figure class=\"aligncenter size-large\"><img loading=\"lazy\" decoding=\"async\" width=\"720\" height=\"480\" src=\"https:\/\/archibat.com\/blog\/wp-content\/uploads\/2020\/09\/SOA_architekti_Elementary_School_Amos_1-720x480.jpg\" alt=\"\" class=\"wp-image-13558\" srcset=\"https:\/\/archibat.com\/blog\/wp-content\/uploads\/2020\/09\/SOA_architekti_Elementary_School_Amos_1-720x480.jpg 720w, https:\/\/archibat.com\/blog\/wp-content\/uploads\/2020\/09\/SOA_architekti_Elementary_School_Amos_1-300x200.jpg 300w, https:\/\/archibat.com\/blog\/wp-content\/uploads\/2020\/09\/SOA_architekti_Elementary_School_Amos_1-768x512.jpg 768w, https:\/\/archibat.com\/blog\/wp-content\/uploads\/2020\/09\/SOA_architekti_Elementary_School_Amos_1-1536x1024.jpg 1536w, https:\/\/archibat.com\/blog\/wp-content\/uploads\/2020\/09\/SOA_architekti_Elementary_School_Amos_1-1440x960.jpg 1440w, https:\/\/archibat.com\/blog\/wp-content\/uploads\/2020\/09\/SOA_architekti_Elementary_School_Amos_1-960x640.jpg 960w, https:\/\/archibat.com\/blog\/wp-content\/uploads\/2020\/09\/SOA_architekti_Elementary_School_Amos_1.jpg 1920w, https:\/\/archibat.com\/blog\/wp-content\/uploads\/2020\/09\/SOA_architekti_Elementary_School_Amos_1-350x233.jpg 350w, https:\/\/archibat.com\/blog\/wp-content\/uploads\/2020\/09\/SOA_architekti_Elementary_School_Amos_1-700x466.jpg 700w\" sizes=\"auto, (max-width: 720px) 100vw, 720px\" \/><\/figure><\/div>\n\n\n\n<div class=\"wp-block-image\"><figure class=\"aligncenter size-large\"><img loading=\"lazy\" decoding=\"async\" width=\"720\" height=\"405\" src=\"https:\/\/archibat.com\/blog\/wp-content\/uploads\/2020\/09\/295832-1-720x405.jpeg\" alt=\"\" class=\"wp-image-13564\" srcset=\"https:\/\/archibat.com\/blog\/wp-content\/uploads\/2020\/09\/295832-1-720x405.jpeg 720w, https:\/\/archibat.com\/blog\/wp-content\/uploads\/2020\/09\/295832-1-300x169.jpeg 300w, https:\/\/archibat.com\/blog\/wp-content\/uploads\/2020\/09\/295832-1-768x432.jpeg 768w, https:\/\/archibat.com\/blog\/wp-content\/uploads\/2020\/09\/295832-1-1536x864.jpeg 1536w, https:\/\/archibat.com\/blog\/wp-content\/uploads\/2020\/09\/295832-1.jpeg 1920w\" sizes=\"auto, (max-width: 720px) 100vw, 720px\" \/><\/figure><\/div>\n\n\n\n<h2 class=\"wp-block-heading\">Utiliser le jeu comme fil conducteur<\/h2>\n\n\n\n<p>Observer la fa\u00e7on dont les enfants se comportent dans les diff\u00e9rents espaces de jeux s\u2019av\u00e8re essentiel pour faire \u00e9voluer la conception des \u00e9coles. En d\u00e9veloppant le concept d\u2019une \u00e9cole maternelle \u00e0 Shanghai, le cabinet Elto Consultancy s\u2019est mis \u00e0 la place des \u00e9l\u00e8ves en misant sur des apprentissages centr\u00e9s sur le jeu et la cr\u00e9ativit\u00e9. L\u2019objectif principal de ce terrain de jeu architectural de 6&nbsp;100 m2 est de favoriser l\u2019interaction et l\u2019exploration, comme les projections murales que les \u00e9l\u00e8ves peuvent activer en fin de journ\u00e9e vers la zone d\u2019attente des parents. On retrouve une mezzanine avec des filets d\u2019escalade et une grande zone de loisirs, avec des petites cabanes, o\u00f9 les enfants peuvent grimper pour se reposer ou lire tranquillement. \u00ab&nbsp;Nous croyons que lorsque les \u00eatres humains interagissent dans un environnement cr\u00e9atif, cela les aidera \u00e0 cultiver leur intelligence \u00e9motionnelle pour mieux grandir ensemble&nbsp;\u00bb affirment les designers. <a href=\"http:\/\/eltoconsultancy.net\">eltoconsultancy.com<\/a><\/p>\n\n\n\n<div class=\"wp-block-image\"><figure class=\"aligncenter size-large\"><img loading=\"lazy\" decoding=\"async\" width=\"720\" height=\"405\" src=\"https:\/\/archibat.com\/blog\/wp-content\/uploads\/2020\/09\/292982-720x405.jpeg\" alt=\"\" class=\"wp-image-13566\" srcset=\"https:\/\/archibat.com\/blog\/wp-content\/uploads\/2020\/09\/292982-720x405.jpeg 720w, https:\/\/archibat.com\/blog\/wp-content\/uploads\/2020\/09\/292982-300x169.jpeg 300w, https:\/\/archibat.com\/blog\/wp-content\/uploads\/2020\/09\/292982-768x432.jpeg 768w, https:\/\/archibat.com\/blog\/wp-content\/uploads\/2020\/09\/292982-1536x864.jpeg 1536w, https:\/\/archibat.com\/blog\/wp-content\/uploads\/2020\/09\/292982.jpeg 1920w\" sizes=\"auto, (max-width: 720px) 100vw, 720px\" \/><\/figure><\/div>\n\n\n\n<figure class=\"wp-block-image size-large is-resized\"><img loading=\"lazy\" decoding=\"async\" src=\"https:\/\/archibat.com\/blog\/wp-content\/uploads\/2020\/09\/elto_avenue_green_16-2-441x480.jpg\" alt=\"\" class=\"wp-image-13585\" width=\"637\" height=\"693\" srcset=\"https:\/\/archibat.com\/blog\/wp-content\/uploads\/2020\/09\/elto_avenue_green_16-2-441x480.jpg 441w, https:\/\/archibat.com\/blog\/wp-content\/uploads\/2020\/09\/elto_avenue_green_16-2-276x300.jpg 276w, https:\/\/archibat.com\/blog\/wp-content\/uploads\/2020\/09\/elto_avenue_green_16-2-768x836.jpg 768w, https:\/\/archibat.com\/blog\/wp-content\/uploads\/2020\/09\/elto_avenue_green_16-2.jpg 1080w\" sizes=\"auto, (max-width: 637px) 100vw, 637px\" \/><\/figure>\n\n\n\n<figure class=\"wp-block-image size-large\"><img loading=\"lazy\" decoding=\"async\" width=\"720\" height=\"480\" src=\"https:\/\/archibat.com\/blog\/wp-content\/uploads\/2020\/09\/elto_avenue_green_21-720x480.jpg\" alt=\"\" class=\"wp-image-13570\" srcset=\"https:\/\/archibat.com\/blog\/wp-content\/uploads\/2020\/09\/elto_avenue_green_21-720x480.jpg 720w, https:\/\/archibat.com\/blog\/wp-content\/uploads\/2020\/09\/elto_avenue_green_21-300x200.jpg 300w, https:\/\/archibat.com\/blog\/wp-content\/uploads\/2020\/09\/elto_avenue_green_21-768x512.jpg 768w, https:\/\/archibat.com\/blog\/wp-content\/uploads\/2020\/09\/elto_avenue_green_21-1536x1024.jpg 1536w, https:\/\/archibat.com\/blog\/wp-content\/uploads\/2020\/09\/elto_avenue_green_21-1440x960.jpg 1440w, https:\/\/archibat.com\/blog\/wp-content\/uploads\/2020\/09\/elto_avenue_green_21-960x640.jpg 960w, https:\/\/archibat.com\/blog\/wp-content\/uploads\/2020\/09\/elto_avenue_green_21.jpg 1920w, https:\/\/archibat.com\/blog\/wp-content\/uploads\/2020\/09\/elto_avenue_green_21-350x233.jpg 350w, https:\/\/archibat.com\/blog\/wp-content\/uploads\/2020\/09\/elto_avenue_green_21-700x466.jpg 700w\" sizes=\"auto, (max-width: 720px) 100vw, 720px\" \/><\/figure>\n\n\n\n<p>Les architectes et designers sont plus que jamais des acteurs cl\u00e9s dans les projets \u00e9ducatifs innovants qui formeront les g\u00e9n\u00e9rations futures. L\u2019importance des espaces, des formes, des couleurs, des mati\u00e8res sur le d\u00e9veloppement cognitif de l\u2019enfant n\u2019est plus \u00e0 d\u00e9montrer. C\u2019est tout ce que l\u2019\u00e9cole \u00e0 distance et la visioconf\u00e9rence ne pourront jamais remplacer\u2026<\/p>\n\n\n\n<figure class=\"wp-block-image size-large\"><img loading=\"lazy\" decoding=\"async\" width=\"720\" height=\"450\" src=\"https:\/\/archibat.com\/blog\/wp-content\/uploads\/2020\/09\/elto_avenue_green_14-2-720x450.jpg\" alt=\"\" class=\"wp-image-13572\" srcset=\"https:\/\/archibat.com\/blog\/wp-content\/uploads\/2020\/09\/elto_avenue_green_14-2-720x450.jpg 720w, https:\/\/archibat.com\/blog\/wp-content\/uploads\/2020\/09\/elto_avenue_green_14-2-300x188.jpg 300w, https:\/\/archibat.com\/blog\/wp-content\/uploads\/2020\/09\/elto_avenue_green_14-2-768x480.jpg 768w, https:\/\/archibat.com\/blog\/wp-content\/uploads\/2020\/09\/elto_avenue_green_14-2-1536x960.jpg 1536w, https:\/\/archibat.com\/blog\/wp-content\/uploads\/2020\/09\/elto_avenue_green_14-2.jpg 1920w\" sizes=\"auto, (max-width: 720px) 100vw, 720px\" \/><\/figure>\n\n\n\n<div class=\"wp-block-image\"><figure class=\"aligncenter size-large is-resized\"><img loading=\"lazy\" decoding=\"async\" src=\"https:\/\/archibat.com\/blog\/wp-content\/uploads\/2020\/09\/elto_avenue_green_24-322x480.jpg\" alt=\"\" class=\"wp-image-13574\" width=\"555\" height=\"827\" srcset=\"https:\/\/archibat.com\/blog\/wp-content\/uploads\/2020\/09\/elto_avenue_green_24-322x480.jpg 322w, https:\/\/archibat.com\/blog\/wp-content\/uploads\/2020\/09\/elto_avenue_green_24-201x300.jpg 201w, https:\/\/archibat.com\/blog\/wp-content\/uploads\/2020\/09\/elto_avenue_green_24-768x1144.jpg 768w, https:\/\/archibat.com\/blog\/wp-content\/uploads\/2020\/09\/elto_avenue_green_24-1031x1536.jpg 1031w, https:\/\/archibat.com\/blog\/wp-content\/uploads\/2020\/09\/elto_avenue_green_24.jpg 1080w\" sizes=\"auto, (max-width: 555px) 100vw, 555px\" \/><\/figure><\/div>\n","protected":false},"excerpt":{"rendered":"<p>Les \u00e9l\u00e8ves sont de retour sur les bancs de l\u2019\u00e9cole depuis quelques mois d\u00e9j\u00e0 mais dans des conditions particuli\u00e8res. De nombreux parents s\u2019inqui\u00e8tent des cons\u00e9quences\u2026<\/p>\n","protected":false},"author":2,"featured_media":13546,"comment_status":"closed","ping_status":"closed","sticky":false,"template":"","format":"standard","meta":{"_acf_changed":false,"footnotes":""},"categories":[3,4],"tags":[1694,2547,2548,1662,1507,2549],"class_list":["post-13545","post","type-post","status-publish","format-standard","has-post-thumbnail","hentry","category-architecture-et-design","category-ressources-humaines","tag-bien-etre","tag-ecole-2","tag-eleves","tag-espaces","tag-innovation","tag-rentree"],"acf":[],"yoast_head":"<!-- This site is optimized with the Yoast SEO plugin v24.8.1 - https:\/\/yoast.com\/wordpress\/plugins\/seo\/ -->\n<title>Des espaces \u00e9ducatifs innovants pour le bien-\u00eatre des enfants &#8211; ArchiBat Mag<\/title>\n<meta name=\"robots\" content=\"index, follow, max-snippet:-1, max-image-preview:large, max-video-preview:-1\" \/>\n<link rel=\"canonical\" href=\"https:\/\/archibat.com\/blog\/des-espaces-educatifs-innovants-pour-le-retour-a-lecole\/\" \/>\n<meta property=\"og:locale\" content=\"fr_FR\" \/>\n<meta property=\"og:type\" content=\"article\" \/>\n<meta property=\"og:title\" content=\"Des espaces \u00e9ducatifs innovants pour le bien-\u00eatre des enfants &#8211; ArchiBat Mag\" \/>\n<meta property=\"og:description\" content=\"Les \u00e9l\u00e8ves sont de retour sur les bancs de l\u2019\u00e9cole depuis quelques mois d\u00e9j\u00e0 mais dans des conditions particuli\u00e8res. De nombreux parents s\u2019inqui\u00e8tent des cons\u00e9quences\u2026\" \/>\n<meta property=\"og:url\" content=\"https:\/\/archibat.com\/blog\/des-espaces-educatifs-innovants-pour-le-retour-a-lecole\/\" \/>\n<meta property=\"og:site_name\" content=\"ArchiBat Mag\" \/>\n<meta property=\"article:published_time\" content=\"2020-09-22T12:00:01+00:00\" \/>\n<meta property=\"article:modified_time\" content=\"2020-11-25T16:03:45+00:00\" \/>\n<meta property=\"og:image\" content=\"https:\/\/archibat.com\/blog\/wp-content\/uploads\/2020\/09\/LAVA_Eco_Kindi_5.jpg\" \/>\n\t<meta property=\"og:image:width\" content=\"1920\" \/>\n\t<meta property=\"og:image:height\" content=\"1280\" \/>\n\t<meta property=\"og:image:type\" content=\"image\/jpeg\" \/>\n<meta name=\"author\" content=\"communication\" \/>\n<meta name=\"twitter:card\" content=\"summary_large_image\" \/>\n<meta name=\"twitter:label1\" content=\"\u00c9crit par\" \/>\n\t<meta name=\"twitter:data1\" content=\"communication\" \/>\n\t<meta name=\"twitter:label2\" content=\"Dur\u00e9e de lecture estim\u00e9e\" \/>\n\t<meta name=\"twitter:data2\" content=\"3 minutes\" \/>\n<script type=\"application\/ld+json\" class=\"yoast-schema-graph\">{\"@context\":\"https:\/\/schema.org\",\"@graph\":[{\"@type\":\"WebPage\",\"@id\":\"https:\/\/archibat.com\/blog\/des-espaces-educatifs-innovants-pour-le-retour-a-lecole\/\",\"url\":\"https:\/\/archibat.com\/blog\/des-espaces-educatifs-innovants-pour-le-retour-a-lecole\/\",\"name\":\"Des espaces \u00e9ducatifs innovants pour le bien-\u00eatre des enfants &#8211; ArchiBat Mag\",\"isPartOf\":{\"@id\":\"https:\/\/archibat.com\/blog\/#website\"},\"primaryImageOfPage\":{\"@id\":\"https:\/\/archibat.com\/blog\/des-espaces-educatifs-innovants-pour-le-retour-a-lecole\/#primaryimage\"},\"image\":{\"@id\":\"https:\/\/archibat.com\/blog\/des-espaces-educatifs-innovants-pour-le-retour-a-lecole\/#primaryimage\"},\"thumbnailUrl\":\"https:\/\/archibat.com\/blog\/wp-content\/uploads\/2020\/09\/LAVA_Eco_Kindi_5.jpg\",\"datePublished\":\"2020-09-22T12:00:01+00:00\",\"dateModified\":\"2020-11-25T16:03:45+00:00\",\"author\":{\"@id\":\"https:\/\/archibat.com\/blog\/#\/schema\/person\/c246f0d63b5e719c2cbe4f9bd494bf12\"},\"breadcrumb\":{\"@id\":\"https:\/\/archibat.com\/blog\/des-espaces-educatifs-innovants-pour-le-retour-a-lecole\/#breadcrumb\"},\"inLanguage\":\"fr-FR\",\"potentialAction\":[{\"@type\":\"ReadAction\",\"target\":[\"https:\/\/archibat.com\/blog\/des-espaces-educatifs-innovants-pour-le-retour-a-lecole\/\"]}]},{\"@type\":\"ImageObject\",\"inLanguage\":\"fr-FR\",\"@id\":\"https:\/\/archibat.com\/blog\/des-espaces-educatifs-innovants-pour-le-retour-a-lecole\/#primaryimage\",\"url\":\"https:\/\/archibat.com\/blog\/wp-content\/uploads\/2020\/09\/LAVA_Eco_Kindi_5.jpg\",\"contentUrl\":\"https:\/\/archibat.com\/blog\/wp-content\/uploads\/2020\/09\/LAVA_Eco_Kindi_5.jpg\",\"width\":1920,\"height\":1280},{\"@type\":\"BreadcrumbList\",\"@id\":\"https:\/\/archibat.com\/blog\/des-espaces-educatifs-innovants-pour-le-retour-a-lecole\/#breadcrumb\",\"itemListElement\":[{\"@type\":\"ListItem\",\"position\":1,\"name\":\"Home\",\"item\":\"https:\/\/archibat.com\/blog\/\"},{\"@type\":\"ListItem\",\"position\":2,\"name\":\"Des espaces \u00e9ducatifs innovants pour le bien-\u00eatre des enfants\"}]},{\"@type\":\"WebSite\",\"@id\":\"https:\/\/archibat.com\/blog\/#website\",\"url\":\"https:\/\/archibat.com\/blog\/\",\"name\":\"ArchiBat Mag\",\"description\":\"Vous souhaitez connaitre les derni\u00e8res actualit\u00e9s sur l\u2019Architecture, le Design ou les Ressources Humaines ? D\u00e9couvrez ArchiBat Mag, le magazine d\u00e9di\u00e9 aux m\u00e9tiers de l&#039;Architecture et de l&#039;Ing\u00e9nierie.\",\"potentialAction\":[{\"@type\":\"SearchAction\",\"target\":{\"@type\":\"EntryPoint\",\"urlTemplate\":\"https:\/\/archibat.com\/blog\/?s={search_term_string}\"},\"query-input\":{\"@type\":\"PropertyValueSpecification\",\"valueRequired\":true,\"valueName\":\"search_term_string\"}}],\"inLanguage\":\"fr-FR\"},{\"@type\":\"Person\",\"@id\":\"https:\/\/archibat.com\/blog\/#\/schema\/person\/c246f0d63b5e719c2cbe4f9bd494bf12\",\"name\":\"communication\"}]}<\/script>\n<!-- \/ Yoast SEO plugin. -->","yoast_head_json":{"title":"Des espaces \u00e9ducatifs innovants pour le bien-\u00eatre des enfants &#8211; ArchiBat Mag","robots":{"index":"index","follow":"follow","max-snippet":"max-snippet:-1","max-image-preview":"max-image-preview:large","max-video-preview":"max-video-preview:-1"},"canonical":"https:\/\/archibat.com\/blog\/des-espaces-educatifs-innovants-pour-le-retour-a-lecole\/","og_locale":"fr_FR","og_type":"article","og_title":"Des espaces \u00e9ducatifs innovants pour le bien-\u00eatre des enfants &#8211; ArchiBat Mag","og_description":"Les \u00e9l\u00e8ves sont de retour sur les bancs de l\u2019\u00e9cole depuis quelques mois d\u00e9j\u00e0 mais dans des conditions particuli\u00e8res. De nombreux parents s\u2019inqui\u00e8tent des cons\u00e9quences\u2026","og_url":"https:\/\/archibat.com\/blog\/des-espaces-educatifs-innovants-pour-le-retour-a-lecole\/","og_site_name":"ArchiBat Mag","article_published_time":"2020-09-22T12:00:01+00:00","article_modified_time":"2020-11-25T16:03:45+00:00","og_image":[{"width":1920,"height":1280,"url":"https:\/\/archibat.com\/blog\/wp-content\/uploads\/2020\/09\/LAVA_Eco_Kindi_5.jpg","type":"image\/jpeg"}],"author":"communication","twitter_card":"summary_large_image","twitter_misc":{"\u00c9crit par":"communication","Dur\u00e9e de lecture estim\u00e9e":"3 minutes"},"schema":{"@context":"https:\/\/schema.org","@graph":[{"@type":"WebPage","@id":"https:\/\/archibat.com\/blog\/des-espaces-educatifs-innovants-pour-le-retour-a-lecole\/","url":"https:\/\/archibat.com\/blog\/des-espaces-educatifs-innovants-pour-le-retour-a-lecole\/","name":"Des espaces \u00e9ducatifs innovants pour le bien-\u00eatre des enfants &#8211; ArchiBat Mag","isPartOf":{"@id":"https:\/\/archibat.com\/blog\/#website"},"primaryImageOfPage":{"@id":"https:\/\/archibat.com\/blog\/des-espaces-educatifs-innovants-pour-le-retour-a-lecole\/#primaryimage"},"image":{"@id":"https:\/\/archibat.com\/blog\/des-espaces-educatifs-innovants-pour-le-retour-a-lecole\/#primaryimage"},"thumbnailUrl":"https:\/\/archibat.com\/blog\/wp-content\/uploads\/2020\/09\/LAVA_Eco_Kindi_5.jpg","datePublished":"2020-09-22T12:00:01+00:00","dateModified":"2020-11-25T16:03:45+00:00","author":{"@id":"https:\/\/archibat.com\/blog\/#\/schema\/person\/c246f0d63b5e719c2cbe4f9bd494bf12"},"breadcrumb":{"@id":"https:\/\/archibat.com\/blog\/des-espaces-educatifs-innovants-pour-le-retour-a-lecole\/#breadcrumb"},"inLanguage":"fr-FR","potentialAction":[{"@type":"ReadAction","target":["https:\/\/archibat.com\/blog\/des-espaces-educatifs-innovants-pour-le-retour-a-lecole\/"]}]},{"@type":"ImageObject","inLanguage":"fr-FR","@id":"https:\/\/archibat.com\/blog\/des-espaces-educatifs-innovants-pour-le-retour-a-lecole\/#primaryimage","url":"https:\/\/archibat.com\/blog\/wp-content\/uploads\/2020\/09\/LAVA_Eco_Kindi_5.jpg","contentUrl":"https:\/\/archibat.com\/blog\/wp-content\/uploads\/2020\/09\/LAVA_Eco_Kindi_5.jpg","width":1920,"height":1280},{"@type":"BreadcrumbList","@id":"https:\/\/archibat.com\/blog\/des-espaces-educatifs-innovants-pour-le-retour-a-lecole\/#breadcrumb","itemListElement":[{"@type":"ListItem","position":1,"name":"Home","item":"https:\/\/archibat.com\/blog\/"},{"@type":"ListItem","position":2,"name":"Des espaces \u00e9ducatifs innovants pour le bien-\u00eatre des enfants"}]},{"@type":"WebSite","@id":"https:\/\/archibat.com\/blog\/#website","url":"https:\/\/archibat.com\/blog\/","name":"ArchiBat Mag","description":"Vous souhaitez connaitre les derni\u00e8res actualit\u00e9s sur l\u2019Architecture, le Design ou les Ressources Humaines ? D\u00e9couvrez ArchiBat Mag, le magazine d\u00e9di\u00e9 aux m\u00e9tiers de l&#039;Architecture et de l&#039;Ing\u00e9nierie.","potentialAction":[{"@type":"SearchAction","target":{"@type":"EntryPoint","urlTemplate":"https:\/\/archibat.com\/blog\/?s={search_term_string}"},"query-input":{"@type":"PropertyValueSpecification","valueRequired":true,"valueName":"search_term_string"}}],"inLanguage":"fr-FR"},{"@type":"Person","@id":"https:\/\/archibat.com\/blog\/#\/schema\/person\/c246f0d63b5e719c2cbe4f9bd494bf12","name":"communication"}]}},"_links":{"self":[{"href":"https:\/\/archibat.com\/blog\/wp-json\/wp\/v2\/posts\/13545","targetHints":{"allow":["GET"]}}],"collection":[{"href":"https:\/\/archibat.com\/blog\/wp-json\/wp\/v2\/posts"}],"about":[{"href":"https:\/\/archibat.com\/blog\/wp-json\/wp\/v2\/types\/post"}],"author":[{"embeddable":true,"href":"https:\/\/archibat.com\/blog\/wp-json\/wp\/v2\/users\/2"}],"replies":[{"embeddable":true,"href":"https:\/\/archibat.com\/blog\/wp-json\/wp\/v2\/comments?post=13545"}],"version-history":[{"count":2,"href":"https:\/\/archibat.com\/blog\/wp-json\/wp\/v2\/posts\/13545\/revisions"}],"predecessor-version":[{"id":13952,"href":"https:\/\/archibat.com\/blog\/wp-json\/wp\/v2\/posts\/13545\/revisions\/13952"}],"wp:featuredmedia":[{"embeddable":true,"href":"https:\/\/archibat.com\/blog\/wp-json\/wp\/v2\/media\/13546"}],"wp:attachment":[{"href":"https:\/\/archibat.com\/blog\/wp-json\/wp\/v2\/media?parent=13545"}],"wp:term":[{"taxonomy":"category","embeddable":true,"href":"https:\/\/archibat.com\/blog\/wp-json\/wp\/v2\/categories?post=13545"},{"taxonomy":"post_tag","embeddable":true,"href":"https:\/\/archibat.com\/blog\/wp-json\/wp\/v2\/tags?post=13545"}],"curies":[{"name":"wp","href":"https:\/\/api.w.org\/{rel}","templated":true}]}}