{"id":13600,"date":"2020-10-02T14:00:28","date_gmt":"2020-10-02T12:00:28","guid":{"rendered":"https:\/\/archibat.com\/blog\/?p=13600"},"modified":"2020-09-30T22:34:41","modified_gmt":"2020-09-30T20:34:41","slug":"fuji-pays-de-neige-au-musee-national-des-arts-asiatiques-guimet","status":"publish","type":"post","link":"https:\/\/archibat.com\/blog\/fuji-pays-de-neige-au-musee-national-des-arts-asiatiques-guimet\/","title":{"rendered":"Fuji, pays de neige, au mus\u00e9e national des arts asiatiques &#8211; Guimet"},"content":{"rendered":"\n<p>Le Mus\u00e9e Guimet met en valeur ses collections d\u2019estampes dans une petite exposition autour du mont Fuji et des paysages enneig\u00e9s.<\/p>\n\n\n\n<div class=\"wp-block-image\"><figure class=\"aligncenter size-large is-resized\"><img loading=\"lazy\" decoding=\"async\" src=\"https:\/\/archibat.com\/blog\/wp-content\/uploads\/2020\/09\/Photo1-423x480.png\" alt=\"\" class=\"wp-image-13601\" width=\"578\" height=\"656\" srcset=\"https:\/\/archibat.com\/blog\/wp-content\/uploads\/2020\/09\/Photo1-423x480.png 423w, https:\/\/archibat.com\/blog\/wp-content\/uploads\/2020\/09\/Photo1-264x300.png 264w, https:\/\/archibat.com\/blog\/wp-content\/uploads\/2020\/09\/Photo1-768x872.png 768w, https:\/\/archibat.com\/blog\/wp-content\/uploads\/2020\/09\/Photo1.png 1000w\" sizes=\"auto, (max-width: 578px) 100vw, 578px\" \/><\/figure><\/div>\n\n\n\n<p>Le mont Fuji est un des symboles du Japon. Il a d\u2019ailleurs \u00e9t\u00e9 inscrit en 2013 sur la liste du Patrimoine mondial de l\u2019Unesco en tant que \u00ablieu sacr\u00e9 et source d\u2019inspiration artistique \u00bb. La montagne forme un triangle parfait qui culmine \u00e0 3776 m\u00e8tres. Visible depuis de nombreux endroits de l\u2019\u00eele de Honshu, il se d\u00e9coupe franchement sur le ciel japonais.<\/p>\n\n\n\n<p><\/p>\n\n\n\n<p>Pour les shinto\u00efstes, le mont Fuji est un Kami, une entit\u00e9 divinis\u00e9e; il est \u00e9galement un lieu bouddhique important, un d\u00e9fi pour les promeneurs et une source d\u2019inspiration pour les artistes. En devenant un motif artistique, il va donner lieu aux premi\u00e8res repr\u00e9sentations des variations climatiques dans des s\u00e9ries, en mettant en sc\u00e8ne le changement de la lumi\u00e8re depuis un m\u00eame point de vue. Il sera \u00e9galement un des premiers sujets des photographies japonaises \u00e0 la fin du XIX\u00e8me si\u00e8cle.<\/p>\n\n\n\n<div class=\"wp-block-image\"><figure class=\"aligncenter size-large is-resized\"><img loading=\"lazy\" decoding=\"async\" src=\"https:\/\/archibat.com\/blog\/wp-content\/uploads\/2020\/09\/Photo2-405x480.png\" alt=\"\" class=\"wp-image-13603\" width=\"579\" height=\"686\" srcset=\"https:\/\/archibat.com\/blog\/wp-content\/uploads\/2020\/09\/Photo2-405x480.png 405w, https:\/\/archibat.com\/blog\/wp-content\/uploads\/2020\/09\/Photo2-253x300.png 253w, https:\/\/archibat.com\/blog\/wp-content\/uploads\/2020\/09\/Photo2-768x909.png 768w, https:\/\/archibat.com\/blog\/wp-content\/uploads\/2020\/09\/Photo2.png 854w\" sizes=\"auto, (max-width: 579px) 100vw, 579px\" \/><\/figure><\/div>\n\n\n\n<p>Le parcours de l\u2019exposition est th\u00e9matique, mais il peut se voir comme une promenade. Il nous entra\u00eene \u00e0 la d\u00e9couverte du mont, il nous fait gravir le sommet et bifurquer sur les sentiers enneig\u00e9s. La premi\u00e8re partie nous pr\u00e9sente le protagoniste principal, le Fujisan. Les plus anciennes mentions du caract\u00e8re sacr\u00e9 de la montagne remontent au moins au VII\u00e8me si\u00e8cle. Pour la religion ancestrale du Japon, le shinto\u00efme, il renferme en son sein l\u2019\u00e9lixir d\u2019immortalit\u00e9.<\/p>\n\n\n\n<p><\/p>\n\n\n\n<p>Celui-ci s\u2019\u00e9chappe d\u2019ailleurs de temps en temps sous la forme d\u2019un panache de fum\u00e9e blanche. Ses flancs sont peupl\u00e9s de divinit\u00e9s. Dans le bouddhisme, le rapprochement est fait entre la forme du mont et celle d\u2019un lotus \u00e0 huit p\u00e9tales. De nombreux sanctuaires ont \u00e9t\u00e9 \u00e9rig\u00e9s sur les chemins qui m\u00e8nent au sommet, ce qui fait que le mont Fuji est un important lieu de p\u00e8lerinage. Les femmes y \u00e9taient interdites d\u2019acc\u00e8s jusqu\u2019\u00e0 la fin du XIX\u00e8me si\u00e8cle. Cette importance du site dans les deux religions pr\u00e9dominantes au Japon, et la perfection des formes de la montagne en ont fait un motif incontournable pour les artistes.<\/p>\n\n\n\n<div class=\"wp-block-image\"><figure class=\"aligncenter size-large is-resized\"><img loading=\"lazy\" decoding=\"async\" src=\"https:\/\/archibat.com\/blog\/wp-content\/uploads\/2020\/09\/Photo3-720x235.png\" alt=\"\" class=\"wp-image-13605\" width=\"670\" height=\"218\" srcset=\"https:\/\/archibat.com\/blog\/wp-content\/uploads\/2020\/09\/Photo3-720x235.png 720w, https:\/\/archibat.com\/blog\/wp-content\/uploads\/2020\/09\/Photo3-300x98.png 300w, https:\/\/archibat.com\/blog\/wp-content\/uploads\/2020\/09\/Photo3-768x251.png 768w, https:\/\/archibat.com\/blog\/wp-content\/uploads\/2020\/09\/Photo3-1536x502.png 1536w, https:\/\/archibat.com\/blog\/wp-content\/uploads\/2020\/09\/Photo3-2048x670.png 2048w\" sizes=\"auto, (max-width: 670px) 100vw, 670px\" \/><\/figure><\/div>\n\n\n\n<p>La seconde partie nous pr\u00e9sente un rapide aper\u00e7u de l\u2019\u00e9volution de la situation politique et de la soci\u00e9t\u00e9 japonaise aux p\u00e9riodes qui nous int\u00e9ressent soit de l\u2019\u00e8re d\u2019Edo (1603-1868) au d\u00e9but du XX\u00e8me si\u00e8cle. L\u2019\u00e8re d\u2019Edo marque la fin des guerres f\u00e9odales, et voit ainsi une p\u00e9riode de stabilit\u00e9 s\u2019installer au Japon. Les shogun font d\u2019Edo, future Tokyo, leur capitale, tandis que l\u2019Empereur est \u00e0 Kyoto. Les marchands prosp\u00e8rent, la soci\u00e9t\u00e9 urbaine prend son essor. De nouveaux loisirs tels que le th\u00e9\u00e2tre Kabuki apparaissent et la fr\u00e9quentation des \u00ab quartiers de plaisir \u00bb deviennent \u00e0 la mode. Les arts prennent de l\u2019ampleur, notamment les estampes qui occupent une place de plus en plus importante.<\/p>\n\n\n\n<p><\/p>\n\n\n\n<p>Cependant dans la premi\u00e8re moiti\u00e9 du XIX\u00e8me si\u00e8cle, les shogoun perdent le pouvoir \u00e0 cause de difficult\u00e9s \u00e9conomiques et d\u2019une volont\u00e9 forte de s\u2019ouvrir \u00e0 l\u2019Occident. La p\u00e9riode qui suit est marqu\u00e9e par une modernisation sous contraintes. En 1868, l\u2019empire est r\u00e9tabli avec l\u2019\u00e8re Meiji. Il y a alors une volont\u00e9 forte de d\u00e9terminer une identit\u00e9 nationale, de construire une puissance militaire et d\u2019acc\u00e9l\u00e9rer le d\u00e9veloppement \u00e9conomique.<\/p>\n\n\n\n<div class=\"wp-block-image\"><figure class=\"aligncenter size-large is-resized\"><img loading=\"lazy\" decoding=\"async\" src=\"https:\/\/archibat.com\/blog\/wp-content\/uploads\/2020\/09\/Photo4-720x197.png\" alt=\"\" class=\"wp-image-13607\" width=\"673\" height=\"183\" srcset=\"https:\/\/archibat.com\/blog\/wp-content\/uploads\/2020\/09\/Photo4-720x197.png 720w, https:\/\/archibat.com\/blog\/wp-content\/uploads\/2020\/09\/Photo4-300x82.png 300w, https:\/\/archibat.com\/blog\/wp-content\/uploads\/2020\/09\/Photo4-768x210.png 768w, https:\/\/archibat.com\/blog\/wp-content\/uploads\/2020\/09\/Photo4-1536x419.png 1536w, https:\/\/archibat.com\/blog\/wp-content\/uploads\/2020\/09\/Photo4-2048x559.png 2048w\" sizes=\"auto, (max-width: 673px) 100vw, 673px\" \/><\/figure><\/div>\n\n\n\n<p>Apr\u00e8s ce rapide survol de plus de trois si\u00e8cles d\u2019histoire japonaise, le parcours nous fait revenir au vif du sujet en s\u2019int\u00e9ressant \u00e0 la repr\u00e9sentation du mont Fuji. Si celui-ci est, comme nous l\u2019avons d\u00e9j\u00e0 vu, un motif \u00e0 part enti\u00e8re, il est \u00e9galement une image d\u2019arri\u00e8re-plan. La montagne est tellement omnipr\u00e9sente sur l\u2019\u00eele de Honshu et la route du Tokaido qu\u2019il n\u2019est pas rare d\u2019apercevoir cette silhouette parfaitement identifiable derri\u00e8re la sc\u00e8ne principale. Au-del\u00e0 de permettre une localisation de l\u2019oeuvre, la repr\u00e9sentation du mont Fuji apporte au sujet repr\u00e9sent\u00e9 une approche symbolique. Les artistes s\u2019amusent de ce motif si incontournable, en jouant avec des miroirs, ou en le faisant figurer sur un panneau d\u00e9coratif, un kimono, une pi\u00e8ce de c\u00e9ramique repr\u00e9sent\u00e9s dans l\u2019estampe.<\/p>\n\n\n\n<div class=\"wp-block-image\"><figure class=\"aligncenter size-large is-resized\"><img loading=\"lazy\" decoding=\"async\" src=\"https:\/\/archibat.com\/blog\/wp-content\/uploads\/2020\/09\/Photo5-720x446.png\" alt=\"\" class=\"wp-image-13609\" width=\"712\" height=\"441\" srcset=\"https:\/\/archibat.com\/blog\/wp-content\/uploads\/2020\/09\/Photo5-720x446.png 720w, https:\/\/archibat.com\/blog\/wp-content\/uploads\/2020\/09\/Photo5-300x186.png 300w, https:\/\/archibat.com\/blog\/wp-content\/uploads\/2020\/09\/Photo5-768x476.png 768w, https:\/\/archibat.com\/blog\/wp-content\/uploads\/2020\/09\/Photo5-1536x951.png 1536w, https:\/\/archibat.com\/blog\/wp-content\/uploads\/2020\/09\/Photo5.png 2048w\" sizes=\"auto, (max-width: 712px) 100vw, 712px\" \/><\/figure><\/div>\n\n\n\n<p>La partie suivante fait le lien entre les deux axes de cette exposition, la repr\u00e9sentation du mont Fuji et celle des paysages enneig\u00e9s, puisqu\u2019elle nous entra\u00eene sur les chemins d\u2019hiver.<br><\/p>\n\n\n\n<p>Gravir les pentes recouvertes de neiges \u00e9ternelles est un p\u00e8lerinage qui se pare d\u2019une dimension initiatique et spirituelle. Arriv\u00e9s au niveau du crat\u00e8re, les p\u00e8lerins faisaient le tour des points \u00e9lev\u00e9s, selon un rite appel\u00e9 <em>ohachimeguri<\/em>, ce que signifie \u00ab tourner autour du bol \u00bb. Les estampes se plaisent \u00e0 repr\u00e9senter les hommes affrontant les forces de la nature. Ils apparaissent souvent perdus au milieu d\u2019un paysage enneig\u00e9, confront\u00e9s aux rigueurs de l\u2019hiver. Le sujet est soit r\u00e9aliste, puisque ce voyage \u00e9tait une vraie exp\u00e9dition, dangereuse et \u00e9prouvante, soit litt\u00e9raire ou religieux. L\u2019estampe met alors en sc\u00e8ne un h\u00e9ros ou un moine triomphant d\u2019une \u00e9preuve.<\/p>\n\n\n\n<div class=\"wp-block-image\"><figure class=\"aligncenter size-large is-resized\"><img loading=\"lazy\" decoding=\"async\" src=\"https:\/\/archibat.com\/blog\/wp-content\/uploads\/2020\/09\/Photo6-681x480.png\" alt=\"\" class=\"wp-image-13611\" width=\"682\" height=\"480\" srcset=\"https:\/\/archibat.com\/blog\/wp-content\/uploads\/2020\/09\/Photo6-681x480.png 681w, https:\/\/archibat.com\/blog\/wp-content\/uploads\/2020\/09\/Photo6-300x211.png 300w, https:\/\/archibat.com\/blog\/wp-content\/uploads\/2020\/09\/Photo6-768x541.png 768w, https:\/\/archibat.com\/blog\/wp-content\/uploads\/2020\/09\/Photo6-1536x1082.png 1536w, https:\/\/archibat.com\/blog\/wp-content\/uploads\/2020\/09\/Photo6.png 1926w\" sizes=\"auto, (max-width: 682px) 100vw, 682px\" \/><\/figure><\/div>\n\n\n\n<p>La section qui suit nous d\u00e9montre \u00e0 quel point la repr\u00e9sentation de la neige en estampe est une prouesse technique et artistique. Il s\u2019agit de proposer toute une variation de blancs, de r\u00e9ussir \u00e0 repr\u00e9senter l\u2019aspect silencieux de la neige et sa capacit\u00e9 \u00e0 absorber les bruits. Les grands ma\u00eetres de l\u2019estampe adoptent pour ce faire diff\u00e9rentes techniques. Ainsi Hiroshige pr\u00e9f\u00e8rera laisser le blanc du papier appara\u00eetre. D\u2019autres utiliseront des paillettes de mica ou gaufreront les zones avec une planche non encr\u00e9e pour donner un effet de relief raffin\u00e9.<\/p>\n\n\n\n<div class=\"wp-block-image\"><figure class=\"aligncenter size-large is-resized\"><img loading=\"lazy\" decoding=\"async\" src=\"https:\/\/archibat.com\/blog\/wp-content\/uploads\/2020\/09\/Photo7-513x480.png\" alt=\"\" class=\"wp-image-13613\" width=\"644\" height=\"603\" srcset=\"https:\/\/archibat.com\/blog\/wp-content\/uploads\/2020\/09\/Photo7-513x480.png 513w, https:\/\/archibat.com\/blog\/wp-content\/uploads\/2020\/09\/Photo7-300x281.png 300w, https:\/\/archibat.com\/blog\/wp-content\/uploads\/2020\/09\/Photo7-768x718.png 768w, https:\/\/archibat.com\/blog\/wp-content\/uploads\/2020\/09\/Photo7.png 1470w\" sizes=\"auto, (max-width: 644px) 100vw, 644px\" \/><\/figure><\/div>\n\n\n\n<p>Enfin pour conclure, l\u2019exposition s\u2019int\u00e9resse \u00e0 la repr\u00e9sentation de la neige chez les artistes modernes. L\u2019apparition de la photographie sous l\u2019\u00e8re Meiji a favoris\u00e9 une tendance \u00e0 l\u2019\u00e9conomie de la palette chromatique. La neige souligne les mutations du monde moderne.<br><\/p>\n\n\n\n<p>Les premiers \u00e9clairages au gaz se r\u00e9verb\u00e8rent sur la neige, une sorte de m\u00e9lancolie s\u2019empare des paysages ensevelis o\u00f9 les installations industrielles surgissent dans une \u00e9conomie de forme. Kiyochika, \u00e9l\u00e8ve d\u2019Hiroshige, m\u00eale les techniques de l\u2019estampe et de l\u2019aquarelle, renon\u00e7ant au cerne noir entourant les figures. Cela permet \u00e0 la g\u00e9n\u00e9ration suivante de r\u00e9duire au maximum les moyens mis en oeuvre pour atteindre un synth\u00e9tisme des formes.<\/p>\n\n\n\n<div class=\"wp-block-image\"><figure class=\"aligncenter size-large is-resized\"><img loading=\"lazy\" decoding=\"async\" src=\"https:\/\/archibat.com\/blog\/wp-content\/uploads\/2020\/09\/Photo8-720x185.png\" alt=\"\" class=\"wp-image-13615\" width=\"678\" height=\"174\" srcset=\"https:\/\/archibat.com\/blog\/wp-content\/uploads\/2020\/09\/Photo8-720x185.png 720w, https:\/\/archibat.com\/blog\/wp-content\/uploads\/2020\/09\/Photo8-300x77.png 300w, https:\/\/archibat.com\/blog\/wp-content\/uploads\/2020\/09\/Photo8-768x197.png 768w, https:\/\/archibat.com\/blog\/wp-content\/uploads\/2020\/09\/Photo8-1536x394.png 1536w, https:\/\/archibat.com\/blog\/wp-content\/uploads\/2020\/09\/Photo8-2048x526.png 2048w\" sizes=\"auto, (max-width: 678px) 100vw, 678px\" \/><\/figure><\/div>\n\n\n\n<p>Soixante-dix estampes sont r\u00e9unies dans ce parcours au potentiel po\u00e9tique fort. Quelques photos, objets en porcelaine et oeuvres contemporaines compl\u00e8tent la s\u00e9lection d\u2019oeuvres.<br><\/p>\n\n\n\n<p>C\u2019est l\u2019occasion d\u2019admirer des oeuvres iconiques telles que quelques-une des c\u00e9l\u00e8bres <em>Trente-Six vues du mont Fuji<\/em> r\u00e9alis\u00e9es par Hokusai entre 1829 et 1836, mais aussi de d\u00e9couvrir des oeuvres moins connues mais tout autant attachantes.<\/p>\n\n\n\n<div class=\"wp-block-image\"><figure class=\"aligncenter size-large is-resized\"><img loading=\"lazy\" decoding=\"async\" src=\"https:\/\/archibat.com\/blog\/wp-content\/uploads\/2020\/09\/Photo9-720x232.png\" alt=\"\" class=\"wp-image-13617\" width=\"707\" height=\"227\" srcset=\"https:\/\/archibat.com\/blog\/wp-content\/uploads\/2020\/09\/Photo9-720x232.png 720w, https:\/\/archibat.com\/blog\/wp-content\/uploads\/2020\/09\/Photo9-300x97.png 300w, https:\/\/archibat.com\/blog\/wp-content\/uploads\/2020\/09\/Photo9-768x248.png 768w, https:\/\/archibat.com\/blog\/wp-content\/uploads\/2020\/09\/Photo9-1536x495.png 1536w, https:\/\/archibat.com\/blog\/wp-content\/uploads\/2020\/09\/Photo9-2048x660.png 2048w\" sizes=\"auto, (max-width: 707px) 100vw, 707px\" \/><\/figure><\/div>\n\n\n\n<p>L\u2019aspect technique est souvent soulign\u00e9. Un encart d\u00e9di\u00e9 d\u00e9taille d\u2019ailleurs la m\u00e9thode de l\u2019estampe et r\u00e9guli\u00e8rement les textes de salle attirent notre oeil sur une prouesse particuli\u00e8re ou une utilisation sp\u00e9cifique des plaques d\u2019encrage.<\/p>\n\n\n\n<div class=\"wp-block-image\"><figure class=\"aligncenter size-large is-resized\"><img loading=\"lazy\" decoding=\"async\" src=\"https:\/\/archibat.com\/blog\/wp-content\/uploads\/2020\/09\/Photo10-720x228.png\" alt=\"\" class=\"wp-image-13619\" width=\"688\" height=\"217\" srcset=\"https:\/\/archibat.com\/blog\/wp-content\/uploads\/2020\/09\/Photo10-720x228.png 720w, https:\/\/archibat.com\/blog\/wp-content\/uploads\/2020\/09\/Photo10-300x95.png 300w, https:\/\/archibat.com\/blog\/wp-content\/uploads\/2020\/09\/Photo10-1536x487.png 1536w, https:\/\/archibat.com\/blog\/wp-content\/uploads\/2020\/09\/Photo10-2048x650.png 2048w\" sizes=\"auto, (max-width: 688px) 100vw, 688px\" \/><\/figure><\/div>\n\n\n\n<p>Il est int\u00e9ressant de d\u00e9couvrir le mont Fuji non seulement pour sa place dans la g\u00e9ographie et l\u2019imaginaire japonais, mais aussi pour son importance religieuse, symbolique et \u00e9galement artistique. Les s\u00e9ries et d\u00e9clinaisons avec le mont Fuji en fond ont \u00e9t\u00e9 le pr\u00e9texte \u00e0 des \u00e9tudes de variations climatiques. Les repr\u00e9sentations de paysages uniform\u00e9ment recouvert de neige ont permis d\u2019exp\u00e9rimenter le d\u00e9calage du sujet dans la composition, rel\u00e9guant l\u2019action dans un coin de l\u2019oeuvre pour laisser toute la place au paysage. Ces deux id\u00e9es seront reprises par les Impressionnistes, grands amateurs d\u2019estampes japonaises.<\/p>\n\n\n\n<div class=\"wp-block-image\"><figure class=\"aligncenter size-large is-resized\"><img loading=\"lazy\" decoding=\"async\" src=\"https:\/\/archibat.com\/blog\/wp-content\/uploads\/2020\/09\/Photo11-720x234.png\" alt=\"\" class=\"wp-image-13621\" width=\"688\" height=\"223\" srcset=\"https:\/\/archibat.com\/blog\/wp-content\/uploads\/2020\/09\/Photo11-720x234.png 720w, https:\/\/archibat.com\/blog\/wp-content\/uploads\/2020\/09\/Photo11-300x98.png 300w, https:\/\/archibat.com\/blog\/wp-content\/uploads\/2020\/09\/Photo11-768x250.png 768w, https:\/\/archibat.com\/blog\/wp-content\/uploads\/2020\/09\/Photo11-1536x500.png 1536w, https:\/\/archibat.com\/blog\/wp-content\/uploads\/2020\/09\/Photo11-2048x666.png 2048w\" sizes=\"auto, (max-width: 688px) 100vw, 688px\" \/><\/figure><\/div>\n\n\n\n<p>Il faut noter enfin que le mont Fuji et sa g\u00e9om\u00e9trie tr\u00e8s particuli\u00e8re poussent les artistes \u00e0 simplifier leur composition pour laisser de la place \u00e0 cet imposant triangle. Il en r\u00e9sulte des oeuvres \u00e0 la modernit\u00e9 et \u00e0 la puissance singuli\u00e8res.<\/p>\n\n\n\n<div class=\"wp-block-image\"><figure class=\"aligncenter size-large is-resized\"><img loading=\"lazy\" decoding=\"async\" src=\"https:\/\/archibat.com\/blog\/wp-content\/uploads\/2020\/09\/Photo12-720x451.png\" alt=\"\" class=\"wp-image-13623\" width=\"663\" height=\"415\" srcset=\"https:\/\/archibat.com\/blog\/wp-content\/uploads\/2020\/09\/Photo12-720x451.png 720w, https:\/\/archibat.com\/blog\/wp-content\/uploads\/2020\/09\/Photo12-300x188.png 300w, https:\/\/archibat.com\/blog\/wp-content\/uploads\/2020\/09\/Photo12-768x481.png 768w, https:\/\/archibat.com\/blog\/wp-content\/uploads\/2020\/09\/Photo12-1536x961.png 1536w, https:\/\/archibat.com\/blog\/wp-content\/uploads\/2020\/09\/Photo12.png 1994w\" sizes=\"auto, (max-width: 663px) 100vw, 663px\" \/><\/figure><\/div>\n\n\n\n<p>Le mont Fuji est partout dans l\u2019art japonais: sujet principal de l\u2019oeuvre, en arri\u00e8re plan ou encore en motif d\u00e9coratif. Il est certain que l\u2019exposition ne pouvait pas nous proposer un inventaire exhaustif des repr\u00e9sentations du mont Fuji dans l\u2019histoire de l\u2019art. Mais ce parcours qui se vit comme une promenade est extr\u00eamement plaisant.<\/p>\n\n\n\n<p><\/p>\n\n\n\n<p><strong><em>Fuji, pays de neige<\/em>, au mus\u00e9e national des arts asiatiques &#8211; Guimet jusqu\u2019au 12 octobre.<\/strong><\/p>\n\n\n\n<p><\/p>\n\n\n\n<p>Liste des oeuvres:<\/p>\n\n\n\n<p>1) <em>P\u00e8lerin devant le mont Fuji, S\u00e9rie des cerisiers pour le cercle de Katsushika<\/em>, Yahima Gatukei, 1823<br>2) <em>Le mont Fuji<\/em>, Totoya Hokkei, fin du XVIII\u00e8me si\u00e8cle<br>3) <em>Paysage avec \u00e9rables en automne<\/em>, <em>S\u00e9rie des Trente-six vues du mont Fuji<\/em>, Utagawa Hiroshige, 1858<br>4) <em>Hara<\/em>, Utagawa Hiroshige, 1850<br>5) <em>La d\u00e9esse du mont Fuji, Konohana sakuya hime<\/em>, XVII\u00e8me si\u00e8cle<br>6) <em>Femmes riant<\/em>, Kitagawa Utamaro, 1798<br>7) <em>Le pavillon Sazai, temple des Cinq cents rakan, S\u00e9rie des Trente-six vues du mont Fuji<\/em>, Katsushika Hokusai, 1830<br>8) <em>Rizi\u00e8res d\u2019Ono dans la province de Suruga, S\u00e9rie des Trente-six vues du mont Fuji<\/em>, Katsushika Hokusai, 1830<br>9) <em>Vue d\u2019Ushibori dans la province de Hitachi, S\u00e9rie des Trente-six vues du mont Fuji<\/em>, Katsushika Hokusai, 1830<br>10) <em>Les premiers jours de printemps, S\u00e9rie des Gloires des douze mois, Isoda Koryusai<\/em>, d\u00e9but de l\u2019\u00e8re d\u2019Anei<br>11) <em>Oi, S\u00e9rie des soixante-neuf relais du Kisokaido<\/em>, Utagawa Hiroshige, 1834<br>12) <em>Chasseurs aupr\u00e8s du feu dans la montagne, S\u00e9rie des Cent po\u00e8mes racont\u00e9es par la nourrice<\/em>, Katsushika Hokusai, 1835<br>13) <em>Le moine Nichiren marchant dans un paysage enneig\u00e9, S\u00e9rie des Illustrations de moines c\u00e9l\u00e8bres<\/em>, Utagawa Kuniyoshi, 1835<br>14) <em>Les champs de Susaki \u00e0 Fukagawa, S\u00e9rie des Cent vues des lieux c\u00e9l\u00e8bres d\u2019Edo<\/em>, Utagawa Hiroshige, 1850<br>15) <em>Le sanctuaire de Gion sous la neige, S\u00e9rie des lieux c\u00e9l\u00e8bres de Kyoto<\/em>, Utagawa Hiroshige, 1837<br>16) <em>Ochanomizu, S\u00e9rie des Cent vues des lieux c\u00e9l\u00e8bres d\u2019Edo<\/em>, Utagawa Hiroshige, 1853<br>17) <em>Le pont d\u2019Imado et la colline de Matsuchi, S\u00e9rie des Trente-six vues de la capitale de l\u2019est<\/em>, Utagawa Hiroshige, 1859<br>18) <em>Eclaireurs japonais dans la for\u00eat, s\u00e9rie des Episodes de la guerre sino-japonaise<\/em>, Kobayashi Kiyochika, 1895<br>19) <em>Sanctuaire de Benten \u00e0 Ikenohata, S\u00e9rie des vues de Tokyo<\/em>, Kobayashi Kiyochika, 1880<br>20) <em>Neige \u00e0 Shiobara<\/em>, Kawasa Hasui, 1946<br>21) <em>Neige \u00e0 Sekiguchi<\/em>, Kawasa Hasui, 1932<br>22) <em>Le quartier des charpentiers \u00e0 Fukagawa, S\u00e9rie des Cent vues des lieux c\u00e9l\u00e8bres d\u2019Edo<\/em>, Utagawa Hiroshige, 1856<br>23) <em>Kiba \u00e0 Fukagawa, s\u00e9rie des cent vues c\u00e9l\u00e8bres de la province de Musahi<\/em>, Kobayashi Kiyochika, 1884<br>24) <em>Champs de la plaine d\u2019Otsuki, S\u00e9rie des Trente-six vues du mont Fuji<\/em>, Utagawa Hiroshige, 1858<br>25) <em>Soir de neige \u00e0 Terajima<\/em>, Kawasa Hasui, 1920<br>Cover : <em>Vent frais par matin clair, S\u00e9rie des Trente-six vues du mont Fuji<\/em>, Katsushika Hokusai, 1830<\/p>\n\n\n\n<p><\/p>\n\n\n\n<p><strong><em>Article r\u00e9dig\u00e9 par Am\u00e9lie Hautemaniere \u2013 Photos de l\u2019auteur.<\/em><\/strong><\/p>\n","protected":false},"excerpt":{"rendered":"<p>Le Mus\u00e9e Guimet met en valeur ses collections d\u2019estampes dans une petite exposition autour du mont Fuji et des paysages enneig\u00e9s. Le mont Fuji est\u2026<\/p>\n","protected":false},"author":2,"featured_media":13625,"comment_status":"closed","ping_status":"closed","sticky":false,"template":"","format":"standard","meta":{"_acf_changed":false,"footnotes":""},"categories":[2360],"tags":[1258,2554,2553,1250],"class_list":["post-13600","post","type-post","status-publish","format-standard","has-post-thumbnail","hentry","category-expositions","tag-exposition","tag-guimet","tag-mont-fuji","tag-musee"],"acf":[],"yoast_head":"<!-- This site is optimized with the Yoast SEO plugin v24.8.1 - https:\/\/yoast.com\/wordpress\/plugins\/seo\/ -->\n<title>Fuji, pays de neige, au mus\u00e9e national des arts asiatiques - Guimet &#8211; ArchiBat Mag<\/title>\n<meta name=\"robots\" content=\"index, follow, max-snippet:-1, max-image-preview:large, max-video-preview:-1\" \/>\n<link rel=\"canonical\" href=\"https:\/\/archibat.com\/blog\/fuji-pays-de-neige-au-musee-national-des-arts-asiatiques-guimet\/\" \/>\n<meta property=\"og:locale\" content=\"fr_FR\" \/>\n<meta property=\"og:type\" content=\"article\" \/>\n<meta property=\"og:title\" content=\"Fuji, pays de neige, au mus\u00e9e national des arts asiatiques - Guimet &#8211; ArchiBat Mag\" \/>\n<meta property=\"og:description\" content=\"Le Mus\u00e9e Guimet met en valeur ses collections d\u2019estampes dans une petite exposition autour du mont Fuji et des paysages enneig\u00e9s. Le mont Fuji est\u2026\" \/>\n<meta property=\"og:url\" content=\"https:\/\/archibat.com\/blog\/fuji-pays-de-neige-au-musee-national-des-arts-asiatiques-guimet\/\" \/>\n<meta property=\"og:site_name\" content=\"ArchiBat Mag\" \/>\n<meta property=\"article:published_time\" content=\"2020-10-02T12:00:28+00:00\" \/>\n<meta property=\"og:image\" content=\"https:\/\/archibat.com\/blog\/wp-content\/uploads\/2020\/09\/Photo13-696x480.png\" \/>\n\t<meta property=\"og:image:width\" content=\"696\" \/>\n\t<meta property=\"og:image:height\" content=\"480\" \/>\n\t<meta property=\"og:image:type\" content=\"image\/png\" \/>\n<meta name=\"author\" content=\"communication\" \/>\n<meta name=\"twitter:card\" content=\"summary_large_image\" \/>\n<meta name=\"twitter:label1\" content=\"\u00c9crit par\" \/>\n\t<meta name=\"twitter:data1\" content=\"communication\" \/>\n\t<meta name=\"twitter:label2\" content=\"Dur\u00e9e de lecture estim\u00e9e\" \/>\n\t<meta name=\"twitter:data2\" content=\"9 minutes\" \/>\n<script type=\"application\/ld+json\" class=\"yoast-schema-graph\">{\"@context\":\"https:\/\/schema.org\",\"@graph\":[{\"@type\":\"WebPage\",\"@id\":\"https:\/\/archibat.com\/blog\/fuji-pays-de-neige-au-musee-national-des-arts-asiatiques-guimet\/\",\"url\":\"https:\/\/archibat.com\/blog\/fuji-pays-de-neige-au-musee-national-des-arts-asiatiques-guimet\/\",\"name\":\"Fuji, pays de neige, au mus\u00e9e national des arts asiatiques - Guimet &#8211; ArchiBat Mag\",\"isPartOf\":{\"@id\":\"https:\/\/archibat.com\/blog\/#website\"},\"primaryImageOfPage\":{\"@id\":\"https:\/\/archibat.com\/blog\/fuji-pays-de-neige-au-musee-national-des-arts-asiatiques-guimet\/#primaryimage\"},\"image\":{\"@id\":\"https:\/\/archibat.com\/blog\/fuji-pays-de-neige-au-musee-national-des-arts-asiatiques-guimet\/#primaryimage\"},\"thumbnailUrl\":\"https:\/\/archibat.com\/blog\/wp-content\/uploads\/2020\/09\/Photo13.png\",\"datePublished\":\"2020-10-02T12:00:28+00:00\",\"author\":{\"@id\":\"https:\/\/archibat.com\/blog\/#\/schema\/person\/c246f0d63b5e719c2cbe4f9bd494bf12\"},\"breadcrumb\":{\"@id\":\"https:\/\/archibat.com\/blog\/fuji-pays-de-neige-au-musee-national-des-arts-asiatiques-guimet\/#breadcrumb\"},\"inLanguage\":\"fr-FR\",\"potentialAction\":[{\"@type\":\"ReadAction\",\"target\":[\"https:\/\/archibat.com\/blog\/fuji-pays-de-neige-au-musee-national-des-arts-asiatiques-guimet\/\"]}]},{\"@type\":\"ImageObject\",\"inLanguage\":\"fr-FR\",\"@id\":\"https:\/\/archibat.com\/blog\/fuji-pays-de-neige-au-musee-national-des-arts-asiatiques-guimet\/#primaryimage\",\"url\":\"https:\/\/archibat.com\/blog\/wp-content\/uploads\/2020\/09\/Photo13.png\",\"contentUrl\":\"https:\/\/archibat.com\/blog\/wp-content\/uploads\/2020\/09\/Photo13.png\",\"width\":1773,\"height\":1222},{\"@type\":\"BreadcrumbList\",\"@id\":\"https:\/\/archibat.com\/blog\/fuji-pays-de-neige-au-musee-national-des-arts-asiatiques-guimet\/#breadcrumb\",\"itemListElement\":[{\"@type\":\"ListItem\",\"position\":1,\"name\":\"Home\",\"item\":\"https:\/\/archibat.com\/blog\/\"},{\"@type\":\"ListItem\",\"position\":2,\"name\":\"Fuji, pays de neige, au mus\u00e9e national des arts asiatiques &#8211; Guimet\"}]},{\"@type\":\"WebSite\",\"@id\":\"https:\/\/archibat.com\/blog\/#website\",\"url\":\"https:\/\/archibat.com\/blog\/\",\"name\":\"ArchiBat Mag\",\"description\":\"Vous souhaitez connaitre les derni\u00e8res actualit\u00e9s sur l\u2019Architecture, le Design ou les Ressources Humaines ? D\u00e9couvrez ArchiBat Mag, le magazine d\u00e9di\u00e9 aux m\u00e9tiers de l&#039;Architecture et de l&#039;Ing\u00e9nierie.\",\"potentialAction\":[{\"@type\":\"SearchAction\",\"target\":{\"@type\":\"EntryPoint\",\"urlTemplate\":\"https:\/\/archibat.com\/blog\/?s={search_term_string}\"},\"query-input\":{\"@type\":\"PropertyValueSpecification\",\"valueRequired\":true,\"valueName\":\"search_term_string\"}}],\"inLanguage\":\"fr-FR\"},{\"@type\":\"Person\",\"@id\":\"https:\/\/archibat.com\/blog\/#\/schema\/person\/c246f0d63b5e719c2cbe4f9bd494bf12\",\"name\":\"communication\"}]}<\/script>\n<!-- \/ Yoast SEO plugin. -->","yoast_head_json":{"title":"Fuji, pays de neige, au mus\u00e9e national des arts asiatiques - Guimet &#8211; ArchiBat Mag","robots":{"index":"index","follow":"follow","max-snippet":"max-snippet:-1","max-image-preview":"max-image-preview:large","max-video-preview":"max-video-preview:-1"},"canonical":"https:\/\/archibat.com\/blog\/fuji-pays-de-neige-au-musee-national-des-arts-asiatiques-guimet\/","og_locale":"fr_FR","og_type":"article","og_title":"Fuji, pays de neige, au mus\u00e9e national des arts asiatiques - Guimet &#8211; ArchiBat Mag","og_description":"Le Mus\u00e9e Guimet met en valeur ses collections d\u2019estampes dans une petite exposition autour du mont Fuji et des paysages enneig\u00e9s. Le mont Fuji est\u2026","og_url":"https:\/\/archibat.com\/blog\/fuji-pays-de-neige-au-musee-national-des-arts-asiatiques-guimet\/","og_site_name":"ArchiBat Mag","article_published_time":"2020-10-02T12:00:28+00:00","og_image":[{"width":696,"height":480,"url":"https:\/\/archibat.com\/blog\/wp-content\/uploads\/2020\/09\/Photo13-696x480.png","type":"image\/png"}],"author":"communication","twitter_card":"summary_large_image","twitter_misc":{"\u00c9crit par":"communication","Dur\u00e9e de lecture estim\u00e9e":"9 minutes"},"schema":{"@context":"https:\/\/schema.org","@graph":[{"@type":"WebPage","@id":"https:\/\/archibat.com\/blog\/fuji-pays-de-neige-au-musee-national-des-arts-asiatiques-guimet\/","url":"https:\/\/archibat.com\/blog\/fuji-pays-de-neige-au-musee-national-des-arts-asiatiques-guimet\/","name":"Fuji, pays de neige, au mus\u00e9e national des arts asiatiques - Guimet &#8211; ArchiBat Mag","isPartOf":{"@id":"https:\/\/archibat.com\/blog\/#website"},"primaryImageOfPage":{"@id":"https:\/\/archibat.com\/blog\/fuji-pays-de-neige-au-musee-national-des-arts-asiatiques-guimet\/#primaryimage"},"image":{"@id":"https:\/\/archibat.com\/blog\/fuji-pays-de-neige-au-musee-national-des-arts-asiatiques-guimet\/#primaryimage"},"thumbnailUrl":"https:\/\/archibat.com\/blog\/wp-content\/uploads\/2020\/09\/Photo13.png","datePublished":"2020-10-02T12:00:28+00:00","author":{"@id":"https:\/\/archibat.com\/blog\/#\/schema\/person\/c246f0d63b5e719c2cbe4f9bd494bf12"},"breadcrumb":{"@id":"https:\/\/archibat.com\/blog\/fuji-pays-de-neige-au-musee-national-des-arts-asiatiques-guimet\/#breadcrumb"},"inLanguage":"fr-FR","potentialAction":[{"@type":"ReadAction","target":["https:\/\/archibat.com\/blog\/fuji-pays-de-neige-au-musee-national-des-arts-asiatiques-guimet\/"]}]},{"@type":"ImageObject","inLanguage":"fr-FR","@id":"https:\/\/archibat.com\/blog\/fuji-pays-de-neige-au-musee-national-des-arts-asiatiques-guimet\/#primaryimage","url":"https:\/\/archibat.com\/blog\/wp-content\/uploads\/2020\/09\/Photo13.png","contentUrl":"https:\/\/archibat.com\/blog\/wp-content\/uploads\/2020\/09\/Photo13.png","width":1773,"height":1222},{"@type":"BreadcrumbList","@id":"https:\/\/archibat.com\/blog\/fuji-pays-de-neige-au-musee-national-des-arts-asiatiques-guimet\/#breadcrumb","itemListElement":[{"@type":"ListItem","position":1,"name":"Home","item":"https:\/\/archibat.com\/blog\/"},{"@type":"ListItem","position":2,"name":"Fuji, pays de neige, au mus\u00e9e national des arts asiatiques &#8211; Guimet"}]},{"@type":"WebSite","@id":"https:\/\/archibat.com\/blog\/#website","url":"https:\/\/archibat.com\/blog\/","name":"ArchiBat Mag","description":"Vous souhaitez connaitre les derni\u00e8res actualit\u00e9s sur l\u2019Architecture, le Design ou les Ressources Humaines ? D\u00e9couvrez ArchiBat Mag, le magazine d\u00e9di\u00e9 aux m\u00e9tiers de l&#039;Architecture et de l&#039;Ing\u00e9nierie.","potentialAction":[{"@type":"SearchAction","target":{"@type":"EntryPoint","urlTemplate":"https:\/\/archibat.com\/blog\/?s={search_term_string}"},"query-input":{"@type":"PropertyValueSpecification","valueRequired":true,"valueName":"search_term_string"}}],"inLanguage":"fr-FR"},{"@type":"Person","@id":"https:\/\/archibat.com\/blog\/#\/schema\/person\/c246f0d63b5e719c2cbe4f9bd494bf12","name":"communication"}]}},"_links":{"self":[{"href":"https:\/\/archibat.com\/blog\/wp-json\/wp\/v2\/posts\/13600","targetHints":{"allow":["GET"]}}],"collection":[{"href":"https:\/\/archibat.com\/blog\/wp-json\/wp\/v2\/posts"}],"about":[{"href":"https:\/\/archibat.com\/blog\/wp-json\/wp\/v2\/types\/post"}],"author":[{"embeddable":true,"href":"https:\/\/archibat.com\/blog\/wp-json\/wp\/v2\/users\/2"}],"replies":[{"embeddable":true,"href":"https:\/\/archibat.com\/blog\/wp-json\/wp\/v2\/comments?post=13600"}],"version-history":[{"count":3,"href":"https:\/\/archibat.com\/blog\/wp-json\/wp\/v2\/posts\/13600\/revisions"}],"predecessor-version":[{"id":13630,"href":"https:\/\/archibat.com\/blog\/wp-json\/wp\/v2\/posts\/13600\/revisions\/13630"}],"wp:featuredmedia":[{"embeddable":true,"href":"https:\/\/archibat.com\/blog\/wp-json\/wp\/v2\/media\/13625"}],"wp:attachment":[{"href":"https:\/\/archibat.com\/blog\/wp-json\/wp\/v2\/media?parent=13600"}],"wp:term":[{"taxonomy":"category","embeddable":true,"href":"https:\/\/archibat.com\/blog\/wp-json\/wp\/v2\/categories?post=13600"},{"taxonomy":"post_tag","embeddable":true,"href":"https:\/\/archibat.com\/blog\/wp-json\/wp\/v2\/tags?post=13600"}],"curies":[{"name":"wp","href":"https:\/\/api.w.org\/{rel}","templated":true}]}}