{"id":14119,"date":"2020-12-24T14:00:18","date_gmt":"2020-12-24T13:00:18","guid":{"rendered":"https:\/\/archibat.com\/blog\/?p=14119"},"modified":"2020-12-24T10:58:43","modified_gmt":"2020-12-24T09:58:43","slug":"archibat-rh-vous-souhaite-des-belles-fetes-de-fin-dannee","status":"publish","type":"post","link":"https:\/\/archibat.com\/blog\/archibat-rh-vous-souhaite-des-belles-fetes-de-fin-dannee\/","title":{"rendered":"ArchiBat RH vous souhaite des belles f\u00eates de fin d&rsquo;ann\u00e9e !"},"content":{"rendered":"","protected":false},"excerpt":{"rendered":"","protected":false},"author":2,"featured_media":14120,"comment_status":"closed","ping_status":"closed","sticky":false,"template":"","format":"standard","meta":{"_acf_changed":false,"footnotes":""},"categories":[3],"tags":[],"class_list":["post-14119","post","type-post","status-publish","format-standard","has-post-thumbnail","hentry","category-architecture-et-design"],"acf":[],"yoast_head":"<!-- This site is optimized with the Yoast SEO plugin v24.8.1 - https:\/\/yoast.com\/wordpress\/plugins\/seo\/ -->\n<title>ArchiBat RH vous souhaite des belles f\u00eates de fin d&#039;ann\u00e9e ! &#8211; ArchiBat Mag<\/title>\n<meta name=\"robots\" content=\"index, follow, max-snippet:-1, max-image-preview:large, max-video-preview:-1\" \/>\n<link rel=\"canonical\" href=\"https:\/\/archibat.com\/blog\/archibat-rh-vous-souhaite-des-belles-fetes-de-fin-dannee\/\" \/>\n<meta property=\"og:locale\" content=\"fr_FR\" \/>\n<meta property=\"og:type\" content=\"article\" \/>\n<meta property=\"og:title\" content=\"ArchiBat RH vous souhaite des belles f\u00eates de fin d&#039;ann\u00e9e ! &#8211; ArchiBat Mag\" \/>\n<meta property=\"og:url\" content=\"https:\/\/archibat.com\/blog\/archibat-rh-vous-souhaite-des-belles-fetes-de-fin-dannee\/\" \/>\n<meta property=\"og:site_name\" content=\"ArchiBat Mag\" \/>\n<meta property=\"article:published_time\" content=\"2020-12-24T13:00:18+00:00\" \/>\n<meta property=\"og:image\" content=\"https:\/\/archibat.com\/blog\/wp-content\/uploads\/2020\/12\/voeux3-e1608803831213.jpg\" \/>\n\t<meta property=\"og:image:width\" content=\"1146\" \/>\n\t<meta property=\"og:image:height\" content=\"885\" \/>\n\t<meta property=\"og:image:type\" content=\"image\/jpeg\" \/>\n<meta name=\"author\" content=\"communication\" \/>\n<meta name=\"twitter:card\" content=\"summary_large_image\" \/>\n<meta name=\"twitter:label1\" content=\"\u00c9crit par\" \/>\n\t<meta name=\"twitter:data1\" content=\"communication\" \/>\n<script type=\"application\/ld+json\" class=\"yoast-schema-graph\">{\"@context\":\"https:\/\/schema.org\",\"@graph\":[{\"@type\":\"WebPage\",\"@id\":\"https:\/\/archibat.com\/blog\/archibat-rh-vous-souhaite-des-belles-fetes-de-fin-dannee\/\",\"url\":\"https:\/\/archibat.com\/blog\/archibat-rh-vous-souhaite-des-belles-fetes-de-fin-dannee\/\",\"name\":\"ArchiBat RH vous souhaite des belles f\u00eates de fin d'ann\u00e9e ! &#8211; ArchiBat Mag\",\"isPartOf\":{\"@id\":\"https:\/\/archibat.com\/blog\/#website\"},\"primaryImageOfPage\":{\"@id\":\"https:\/\/archibat.com\/blog\/archibat-rh-vous-souhaite-des-belles-fetes-de-fin-dannee\/#primaryimage\"},\"image\":{\"@id\":\"https:\/\/archibat.com\/blog\/archibat-rh-vous-souhaite-des-belles-fetes-de-fin-dannee\/#primaryimage\"},\"thumbnailUrl\":\"https:\/\/archibat.com\/blog\/wp-content\/uploads\/2020\/12\/voeux3-e1608803831213.jpg\",\"datePublished\":\"2020-12-24T13:00:18+00:00\",\"author\":{\"@id\":\"https:\/\/archibat.com\/blog\/#\/schema\/person\/c246f0d63b5e719c2cbe4f9bd494bf12\"},\"breadcrumb\":{\"@id\":\"https:\/\/archibat.com\/blog\/archibat-rh-vous-souhaite-des-belles-fetes-de-fin-dannee\/#breadcrumb\"},\"inLanguage\":\"fr-FR\",\"potentialAction\":[{\"@type\":\"ReadAction\",\"target\":[\"https:\/\/archibat.com\/blog\/archibat-rh-vous-souhaite-des-belles-fetes-de-fin-dannee\/\"]}]},{\"@type\":\"ImageObject\",\"inLanguage\":\"fr-FR\",\"@id\":\"https:\/\/archibat.com\/blog\/archibat-rh-vous-souhaite-des-belles-fetes-de-fin-dannee\/#primaryimage\",\"url\":\"https:\/\/archibat.com\/blog\/wp-content\/uploads\/2020\/12\/voeux3-e1608803831213.jpg\",\"contentUrl\":\"https:\/\/archibat.com\/blog\/wp-content\/uploads\/2020\/12\/voeux3-e1608803831213.jpg\",\"width\":1146,\"height\":885},{\"@type\":\"BreadcrumbList\",\"@id\":\"https:\/\/archibat.com\/blog\/archibat-rh-vous-souhaite-des-belles-fetes-de-fin-dannee\/#breadcrumb\",\"itemListElement\":[{\"@type\":\"ListItem\",\"position\":1,\"name\":\"Home\",\"item\":\"https:\/\/archibat.com\/blog\/\"},{\"@type\":\"ListItem\",\"position\":2,\"name\":\"ArchiBat RH vous souhaite des belles f\u00eates de fin d&rsquo;ann\u00e9e !\"}]},{\"@type\":\"WebSite\",\"@id\":\"https:\/\/archibat.com\/blog\/#website\",\"url\":\"https:\/\/archibat.com\/blog\/\",\"name\":\"ArchiBat Mag\",\"description\":\"Vous souhaitez connaitre les derni\u00e8res actualit\u00e9s sur l\u2019Architecture, le Design ou les Ressources Humaines ? D\u00e9couvrez ArchiBat Mag, le magazine d\u00e9di\u00e9 aux m\u00e9tiers de l&#039;Architecture et de l&#039;Ing\u00e9nierie.\",\"potentialAction\":[{\"@type\":\"SearchAction\",\"target\":{\"@type\":\"EntryPoint\",\"urlTemplate\":\"https:\/\/archibat.com\/blog\/?s={search_term_string}\"},\"query-input\":{\"@type\":\"PropertyValueSpecification\",\"valueRequired\":true,\"valueName\":\"search_term_string\"}}],\"inLanguage\":\"fr-FR\"},{\"@type\":\"Person\",\"@id\":\"https:\/\/archibat.com\/blog\/#\/schema\/person\/c246f0d63b5e719c2cbe4f9bd494bf12\",\"name\":\"communication\"}]}<\/script>\n<!-- \/ Yoast SEO plugin. -->","yoast_head_json":{"title":"ArchiBat RH vous souhaite des belles f\u00eates de fin d'ann\u00e9e ! &#8211; ArchiBat Mag","robots":{"index":"index","follow":"follow","max-snippet":"max-snippet:-1","max-image-preview":"max-image-preview:large","max-video-preview":"max-video-preview:-1"},"canonical":"https:\/\/archibat.com\/blog\/archibat-rh-vous-souhaite-des-belles-fetes-de-fin-dannee\/","og_locale":"fr_FR","og_type":"article","og_title":"ArchiBat RH vous souhaite des belles f\u00eates de fin d'ann\u00e9e ! &#8211; ArchiBat Mag","og_url":"https:\/\/archibat.com\/blog\/archibat-rh-vous-souhaite-des-belles-fetes-de-fin-dannee\/","og_site_name":"ArchiBat Mag","article_published_time":"2020-12-24T13:00:18+00:00","og_image":[{"width":1146,"height":885,"url":"https:\/\/archibat.com\/blog\/wp-content\/uploads\/2020\/12\/voeux3-e1608803831213.jpg","type":"image\/jpeg"}],"author":"communication","twitter_card":"summary_large_image","twitter_misc":{"\u00c9crit par":"communication"},"schema":{"@context":"https:\/\/schema.org","@graph":[{"@type":"WebPage","@id":"https:\/\/archibat.com\/blog\/archibat-rh-vous-souhaite-des-belles-fetes-de-fin-dannee\/","url":"https:\/\/archibat.com\/blog\/archibat-rh-vous-souhaite-des-belles-fetes-de-fin-dannee\/","name":"ArchiBat RH vous souhaite des belles f\u00eates de fin d'ann\u00e9e ! &#8211; ArchiBat Mag","isPartOf":{"@id":"https:\/\/archibat.com\/blog\/#website"},"primaryImageOfPage":{"@id":"https:\/\/archibat.com\/blog\/archibat-rh-vous-souhaite-des-belles-fetes-de-fin-dannee\/#primaryimage"},"image":{"@id":"https:\/\/archibat.com\/blog\/archibat-rh-vous-souhaite-des-belles-fetes-de-fin-dannee\/#primaryimage"},"thumbnailUrl":"https:\/\/archibat.com\/blog\/wp-content\/uploads\/2020\/12\/voeux3-e1608803831213.jpg","datePublished":"2020-12-24T13:00:18+00:00","author":{"@id":"https:\/\/archibat.com\/blog\/#\/schema\/person\/c246f0d63b5e719c2cbe4f9bd494bf12"},"breadcrumb":{"@id":"https:\/\/archibat.com\/blog\/archibat-rh-vous-souhaite-des-belles-fetes-de-fin-dannee\/#breadcrumb"},"inLanguage":"fr-FR","potentialAction":[{"@type":"ReadAction","target":["https:\/\/archibat.com\/blog\/archibat-rh-vous-souhaite-des-belles-fetes-de-fin-dannee\/"]}]},{"@type":"ImageObject","inLanguage":"fr-FR","@id":"https:\/\/archibat.com\/blog\/archibat-rh-vous-souhaite-des-belles-fetes-de-fin-dannee\/#primaryimage","url":"https:\/\/archibat.com\/blog\/wp-content\/uploads\/2020\/12\/voeux3-e1608803831213.jpg","contentUrl":"https:\/\/archibat.com\/blog\/wp-content\/uploads\/2020\/12\/voeux3-e1608803831213.jpg","width":1146,"height":885},{"@type":"BreadcrumbList","@id":"https:\/\/archibat.com\/blog\/archibat-rh-vous-souhaite-des-belles-fetes-de-fin-dannee\/#breadcrumb","itemListElement":[{"@type":"ListItem","position":1,"name":"Home","item":"https:\/\/archibat.com\/blog\/"},{"@type":"ListItem","position":2,"name":"ArchiBat RH vous souhaite des belles f\u00eates de fin d&rsquo;ann\u00e9e !"}]},{"@type":"WebSite","@id":"https:\/\/archibat.com\/blog\/#website","url":"https:\/\/archibat.com\/blog\/","name":"ArchiBat Mag","description":"Vous souhaitez connaitre les derni\u00e8res actualit\u00e9s sur l\u2019Architecture, le Design ou les Ressources Humaines ? D\u00e9couvrez ArchiBat Mag, le magazine d\u00e9di\u00e9 aux m\u00e9tiers de l&#039;Architecture et de l&#039;Ing\u00e9nierie.","potentialAction":[{"@type":"SearchAction","target":{"@type":"EntryPoint","urlTemplate":"https:\/\/archibat.com\/blog\/?s={search_term_string}"},"query-input":{"@type":"PropertyValueSpecification","valueRequired":true,"valueName":"search_term_string"}}],"inLanguage":"fr-FR"},{"@type":"Person","@id":"https:\/\/archibat.com\/blog\/#\/schema\/person\/c246f0d63b5e719c2cbe4f9bd494bf12","name":"communication"}]}},"_links":{"self":[{"href":"https:\/\/archibat.com\/blog\/wp-json\/wp\/v2\/posts\/14119","targetHints":{"allow":["GET"]}}],"collection":[{"href":"https:\/\/archibat.com\/blog\/wp-json\/wp\/v2\/posts"}],"about":[{"href":"https:\/\/archibat.com\/blog\/wp-json\/wp\/v2\/types\/post"}],"author":[{"embeddable":true,"href":"https:\/\/archibat.com\/blog\/wp-json\/wp\/v2\/users\/2"}],"replies":[{"embeddable":true,"href":"https:\/\/archibat.com\/blog\/wp-json\/wp\/v2\/comments?post=14119"}],"version-history":[{"count":1,"href":"https:\/\/archibat.com\/blog\/wp-json\/wp\/v2\/posts\/14119\/revisions"}],"predecessor-version":[{"id":14122,"href":"https:\/\/archibat.com\/blog\/wp-json\/wp\/v2\/posts\/14119\/revisions\/14122"}],"wp:featuredmedia":[{"embeddable":true,"href":"https:\/\/archibat.com\/blog\/wp-json\/wp\/v2\/media\/14120"}],"wp:attachment":[{"href":"https:\/\/archibat.com\/blog\/wp-json\/wp\/v2\/media?parent=14119"}],"wp:term":[{"taxonomy":"category","embeddable":true,"href":"https:\/\/archibat.com\/blog\/wp-json\/wp\/v2\/categories?post=14119"},{"taxonomy":"post_tag","embeddable":true,"href":"https:\/\/archibat.com\/blog\/wp-json\/wp\/v2\/tags?post=14119"}],"curies":[{"name":"wp","href":"https:\/\/api.w.org\/{rel}","templated":true}]}}