{"id":14304,"date":"2021-02-05T14:03:02","date_gmt":"2021-02-05T13:03:02","guid":{"rendered":"https:\/\/archibat.com\/blog\/?p=14304"},"modified":"2021-02-05T14:21:41","modified_gmt":"2021-02-05T13:21:41","slug":"un-projet-experimental-de-logements-communautaires","status":"publish","type":"post","link":"https:\/\/archibat.com\/blog\/un-projet-experimental-de-logements-communautaires\/","title":{"rendered":"Un projet exp\u00e9rimental de logements communautaires"},"content":{"rendered":"\n<p>Le Pavillon nordique de Venise sera transform\u00e9 en projet exp\u00e9rimental de cohabitation, \u00e0 l\u2019occasion de la 17<sup>e<\/sup> exposition internationale d\u2019architecture de la Biennale de Venise. Imagin\u00e9 par le cabinet d\u2019architectes norv\u00e9gien Helen &amp; Hard, sur le th\u00e8me\u00a0: \u00ab\u00a0Comment vivrons-nous ensemble\u00a0?\u00a0\u00bb, le projet \u00ab\u00a0pr\u00e9sentera un cadre pour la conception et la construction de logements communautaires bas\u00e9s sur la participation et le partage.\u00a0\u00bb Le Mus\u00e9e national de Norv\u00e8ge sera en charge de r\u00e9aliser l\u2019exposition, intitul\u00e9e \u00ab\u00a0Ce que nous partageons\u00a0\u00bb.<\/p>\n\n\n\n<div class=\"wp-block-image\"><figure class=\"aligncenter size-large is-resized\"><img loading=\"lazy\" decoding=\"async\" src=\"https:\/\/archibat.com\/blog\/wp-content\/uploads\/2021\/02\/Vindm\u251c\u00a9llebakken_by_Helen_Hard_Foto_Sindre_Ellingsen_Amfi-720x480.jpg\" alt=\"\" class=\"wp-image-14320\" width=\"768\" height=\"511\" srcset=\"https:\/\/archibat.com\/blog\/wp-content\/uploads\/2021\/02\/Vindm\u251c\u00a9llebakken_by_Helen_Hard_Foto_Sindre_Ellingsen_Amfi-720x480.jpg 720w, https:\/\/archibat.com\/blog\/wp-content\/uploads\/2021\/02\/Vindm\u251c\u00a9llebakken_by_Helen_Hard_Foto_Sindre_Ellingsen_Amfi-300x200.jpg 300w, https:\/\/archibat.com\/blog\/wp-content\/uploads\/2021\/02\/Vindm\u251c\u00a9llebakken_by_Helen_Hard_Foto_Sindre_Ellingsen_Amfi-768x512.jpg 768w, https:\/\/archibat.com\/blog\/wp-content\/uploads\/2021\/02\/Vindm\u251c\u00a9llebakken_by_Helen_Hard_Foto_Sindre_Ellingsen_Amfi-960x640.jpg 960w, https:\/\/archibat.com\/blog\/wp-content\/uploads\/2021\/02\/Vindm\u251c\u00a9llebakken_by_Helen_Hard_Foto_Sindre_Ellingsen_Amfi-350x233.jpg 350w, https:\/\/archibat.com\/blog\/wp-content\/uploads\/2021\/02\/Vindm\u251c\u00a9llebakken_by_Helen_Hard_Foto_Sindre_Ellingsen_Amfi-700x466.jpg 700w, https:\/\/archibat.com\/blog\/wp-content\/uploads\/2021\/02\/Vindm\u251c\u00a9llebakken_by_Helen_Hard_Foto_Sindre_Ellingsen_Amfi.jpg 1417w\" sizes=\"auto, (max-width: 768px) 100vw, 768px\" \/><\/figure><\/div>\n\n\n\n<p>\u00ab\u00a0Etant \u00e0 la fois architectes et vivant en cohabitation, nous avons pris conscience du potentiel que ce mod\u00e8le de logements peut offrir pour relever certains des d\u00e9fis soci\u00e9taux et environnementaux auxquels nous sommes confront\u00e9s aujourd\u2019hui.\u00a0\u00bb<\/p>\n\n\n\n<div class=\"wp-block-image\"><figure class=\"aligncenter size-large is-resized\"><img loading=\"lazy\" decoding=\"async\" src=\"https:\/\/archibat.com\/blog\/wp-content\/uploads\/2021\/02\/Vindm\u251c\u00a9llebakken_by_Helen_Hard_Foto_Sindre_Ellingsen_H1A1708-1-380x480.jpg\" alt=\"\" class=\"wp-image-14322\" width=\"713\" height=\"901\" srcset=\"https:\/\/archibat.com\/blog\/wp-content\/uploads\/2021\/02\/Vindm\u251c\u00a9llebakken_by_Helen_Hard_Foto_Sindre_Ellingsen_H1A1708-1-380x480.jpg 380w, https:\/\/archibat.com\/blog\/wp-content\/uploads\/2021\/02\/Vindm\u251c\u00a9llebakken_by_Helen_Hard_Foto_Sindre_Ellingsen_H1A1708-1-237x300.jpg 237w, https:\/\/archibat.com\/blog\/wp-content\/uploads\/2021\/02\/Vindm\u251c\u00a9llebakken_by_Helen_Hard_Foto_Sindre_Ellingsen_H1A1708-1-768x971.jpg 768w, https:\/\/archibat.com\/blog\/wp-content\/uploads\/2021\/02\/Vindm\u251c\u00a9llebakken_by_Helen_Hard_Foto_Sindre_Ellingsen_H1A1708-1.jpg 791w\" sizes=\"auto, (max-width: 713px) 100vw, 713px\" \/><\/figure><\/div>\n\n\n\n<p>\u00ab&nbsp;Les r\u00e9sidents disposent d\u2019appartements relativement petits mais enti\u00e8rement \u00e9quip\u00e9s, de plusieurs installations et d\u2019espaces partag\u00e9s, le tout dans un syst\u00e8me d\u00e9mocratique local et dynamique&nbsp;\u00bb pr\u00e9cisent les architectes. C\u2019est dans cette m\u00eame logique que Helen &amp; Hard travaillent avec les communaut\u00e9s d\u2019habitants pour r\u00e9fl\u00e9chir et d\u00e9velopper une version plus radicale du logement communautaire. \u00ab&nbsp;Jusqu\u2019o\u00f9 sont-ils pr\u00eats \u00e0 partager avec d\u2019autres r\u00e9sidents&nbsp;les diff\u00e9rents aspects de leur vie priv\u00e9e ?&nbsp;\u00bb Les architectes esp\u00e8rent ainsi r\u00e9pondre aux besoins urgents en logements et \u00e0 la surench\u00e8re immobili\u00e8re \u00e0 travers ces nouveaux mod\u00e8les de vie en communaut\u00e9.<\/p>\n\n\n\n<figure class=\"wp-block-image size-large\"><img loading=\"lazy\" decoding=\"async\" width=\"640\" height=\"480\" src=\"https:\/\/archibat.com\/blog\/wp-content\/uploads\/2021\/02\/Vindm\u251c\u00a9llebakken_by_Helen_Hard_photo_Siv_H._Stangeland_01-640x480.jpg\" alt=\"\" class=\"wp-image-14312\" srcset=\"https:\/\/archibat.com\/blog\/wp-content\/uploads\/2021\/02\/Vindm\u251c\u00a9llebakken_by_Helen_Hard_photo_Siv_H._Stangeland_01-640x480.jpg 640w, https:\/\/archibat.com\/blog\/wp-content\/uploads\/2021\/02\/Vindm\u251c\u00a9llebakken_by_Helen_Hard_photo_Siv_H._Stangeland_01-300x225.jpg 300w, https:\/\/archibat.com\/blog\/wp-content\/uploads\/2021\/02\/Vindm\u251c\u00a9llebakken_by_Helen_Hard_photo_Siv_H._Stangeland_01-768x576.jpg 768w, https:\/\/archibat.com\/blog\/wp-content\/uploads\/2021\/02\/Vindm\u251c\u00a9llebakken_by_Helen_Hard_photo_Siv_H._Stangeland_01.jpg 1333w\" sizes=\"auto, (max-width: 640px) 100vw, 640px\" \/><\/figure>\n\n\n\n<p>L\u2019exposition pr\u00e9sente une v\u00e9ritable proposition de construction d\u2019appartements, bas\u00e9e sur le mod\u00e8le nordique des ann\u00e9es 1970 qui combine occupation par le propri\u00e9taire et logements individuels avec participation communautaire. Outre les logements, l\u2019exposition d\u00e9voilera \u00e9galement les espaces communs ainsi que les zones de partage semi-priv\u00e9es.<\/p>\n\n\n\n<div class=\"wp-block-image\"><figure class=\"aligncenter size-large is-resized\"><img loading=\"lazy\" decoding=\"async\" src=\"https:\/\/archibat.com\/blog\/wp-content\/uploads\/2021\/02\/Vindm\u251c\u00a9llebakken_by_Helen_Hard_photo_Minna_Suojoki_IMG_2910-720x480.jpg\" alt=\"\" class=\"wp-image-14325\" width=\"755\" height=\"503\" srcset=\"https:\/\/archibat.com\/blog\/wp-content\/uploads\/2021\/02\/Vindm\u251c\u00a9llebakken_by_Helen_Hard_photo_Minna_Suojoki_IMG_2910-720x480.jpg 720w, https:\/\/archibat.com\/blog\/wp-content\/uploads\/2021\/02\/Vindm\u251c\u00a9llebakken_by_Helen_Hard_photo_Minna_Suojoki_IMG_2910-300x200.jpg 300w, https:\/\/archibat.com\/blog\/wp-content\/uploads\/2021\/02\/Vindm\u251c\u00a9llebakken_by_Helen_Hard_photo_Minna_Suojoki_IMG_2910-768x512.jpg 768w, https:\/\/archibat.com\/blog\/wp-content\/uploads\/2021\/02\/Vindm\u251c\u00a9llebakken_by_Helen_Hard_photo_Minna_Suojoki_IMG_2910-1440x960.jpg 1440w, https:\/\/archibat.com\/blog\/wp-content\/uploads\/2021\/02\/Vindm\u251c\u00a9llebakken_by_Helen_Hard_photo_Minna_Suojoki_IMG_2910-960x640.jpg 960w, https:\/\/archibat.com\/blog\/wp-content\/uploads\/2021\/02\/Vindm\u251c\u00a9llebakken_by_Helen_Hard_photo_Minna_Suojoki_IMG_2910-350x233.jpg 350w, https:\/\/archibat.com\/blog\/wp-content\/uploads\/2021\/02\/Vindm\u251c\u00a9llebakken_by_Helen_Hard_photo_Minna_Suojoki_IMG_2910-700x466.jpg 700w, https:\/\/archibat.com\/blog\/wp-content\/uploads\/2021\/02\/Vindm\u251c\u00a9llebakken_by_Helen_Hard_photo_Minna_Suojoki_IMG_2910.jpg 1500w\" sizes=\"auto, (max-width: 755px) 100vw, 755px\" \/><\/figure><\/div>\n\n\n\n<p>Lors de l\u2019ouverture au public pr\u00e9vue pour mai 2021, \u00ab\u00a0les visiteurs du Pavillon pourront parcourir une coupe transversale d\u2019un prototype de projet de cohabitation qui comprendra des espaces communs et priv\u00e9s, pr\u00e9sent\u00e9s comme de v\u00e9ritables lieux de vie.\u00a0\u00bb Le projet, n\u00e9 du dialogue entre architectes et habitants, met en \u0153uvre en syst\u00e8me innovant de construction open-source en bois massif, d\u00e9velopp\u00e9 en coop\u00e9ration avec l\u2019ing\u00e9nieur suisse Herman Blumer. Une pr\u00e9sentation compl\u00e8te du projet en version num\u00e9rique sera \u00e9galement disponible en ligne durant l\u2019exposition.<\/p>\n\n\n\n<figure class=\"wp-block-image size-large\"><img loading=\"lazy\" decoding=\"async\" width=\"720\" height=\"480\" src=\"https:\/\/archibat.com\/blog\/wp-content\/uploads\/2021\/02\/The_Nordic_Pavilion_Photo_Annar_Bjorgli__The_National_Museum-720x480.jpg\" alt=\"\" class=\"wp-image-14314\" srcset=\"https:\/\/archibat.com\/blog\/wp-content\/uploads\/2021\/02\/The_Nordic_Pavilion_Photo_Annar_Bjorgli__The_National_Museum-720x480.jpg 720w, https:\/\/archibat.com\/blog\/wp-content\/uploads\/2021\/02\/The_Nordic_Pavilion_Photo_Annar_Bjorgli__The_National_Museum-300x200.jpg 300w, https:\/\/archibat.com\/blog\/wp-content\/uploads\/2021\/02\/The_Nordic_Pavilion_Photo_Annar_Bjorgli__The_National_Museum-768x513.jpg 768w, https:\/\/archibat.com\/blog\/wp-content\/uploads\/2021\/02\/The_Nordic_Pavilion_Photo_Annar_Bjorgli__The_National_Museum-1440x960.jpg 1440w, https:\/\/archibat.com\/blog\/wp-content\/uploads\/2021\/02\/The_Nordic_Pavilion_Photo_Annar_Bjorgli__The_National_Museum-960x640.jpg 960w, https:\/\/archibat.com\/blog\/wp-content\/uploads\/2021\/02\/The_Nordic_Pavilion_Photo_Annar_Bjorgli__The_National_Museum-350x233.jpg 350w, https:\/\/archibat.com\/blog\/wp-content\/uploads\/2021\/02\/The_Nordic_Pavilion_Photo_Annar_Bjorgli__The_National_Museum-700x466.jpg 700w, https:\/\/archibat.com\/blog\/wp-content\/uploads\/2021\/02\/The_Nordic_Pavilion_Photo_Annar_Bjorgli__The_National_Museum.jpg 1497w\" sizes=\"auto, (max-width: 720px) 100vw, 720px\" \/><\/figure>\n\n\n\n<p><strong>Architectes\u00a0: <a href=\"https:\/\/helenhard.no\/\">https:\/\/helenhard.no\/<\/a><\/strong><\/p>\n\n\n\n<p><\/p>\n\n\n\n<p><strong><em>Cr\u00e9dit photos\u00a0: Annar Bjorgli<\/em><\/strong><\/p>\n","protected":false},"excerpt":{"rendered":"<p>Le Pavillon nordique de Venise sera transform\u00e9 en projet exp\u00e9rimental de cohabitation, \u00e0 l\u2019occasion de la 17e exposition internationale d\u2019architecture de la Biennale de Venise.\u2026<\/p>\n","protected":false},"author":2,"featured_media":14307,"comment_status":"closed","ping_status":"closed","sticky":false,"template":"","format":"standard","meta":{"_acf_changed":false,"footnotes":""},"categories":[3],"tags":[2653,2655,2654,2657,2656],"class_list":["post-14304","post","type-post","status-publish","format-standard","has-post-thumbnail","hentry","category-architecture-et-design","tag-architecte-2","tag-cohabitation","tag-partage","tag-logements","tag-residents"],"acf":[],"yoast_head":"<!-- This site is optimized with the Yoast SEO plugin v24.8.1 - https:\/\/yoast.com\/wordpress\/plugins\/seo\/ -->\n<title>Un projet exp\u00e9rimental de logements communautaires &#8211; ArchiBat Mag<\/title>\n<meta name=\"robots\" content=\"index, follow, max-snippet:-1, max-image-preview:large, max-video-preview:-1\" \/>\n<link rel=\"canonical\" href=\"https:\/\/archibat.com\/blog\/un-projet-experimental-de-logements-communautaires\/\" \/>\n<meta property=\"og:locale\" content=\"fr_FR\" \/>\n<meta property=\"og:type\" content=\"article\" \/>\n<meta property=\"og:title\" content=\"Un projet exp\u00e9rimental de logements communautaires &#8211; ArchiBat Mag\" \/>\n<meta property=\"og:description\" content=\"Le Pavillon nordique de Venise sera transform\u00e9 en projet exp\u00e9rimental de cohabitation, \u00e0 l\u2019occasion de la 17e exposition internationale d\u2019architecture de la Biennale de Venise.\u2026\" \/>\n<meta property=\"og:url\" content=\"https:\/\/archibat.com\/blog\/un-projet-experimental-de-logements-communautaires\/\" \/>\n<meta property=\"og:site_name\" content=\"ArchiBat Mag\" \/>\n<meta property=\"article:published_time\" content=\"2021-02-05T13:03:02+00:00\" \/>\n<meta property=\"article:modified_time\" content=\"2021-02-05T13:21:41+00:00\" \/>\n<meta property=\"og:image\" content=\"https:\/\/archibat.com\/blog\/wp-content\/uploads\/2021\/02\/Venice_collage_Helen___Hard.jpg\" \/>\n\t<meta property=\"og:image:width\" content=\"1582\" \/>\n\t<meta property=\"og:image:height\" content=\"885\" \/>\n\t<meta property=\"og:image:type\" content=\"image\/jpeg\" \/>\n<meta name=\"author\" content=\"communication\" \/>\n<meta name=\"twitter:card\" content=\"summary_large_image\" \/>\n<meta name=\"twitter:label1\" content=\"\u00c9crit par\" \/>\n\t<meta name=\"twitter:data1\" content=\"communication\" \/>\n\t<meta name=\"twitter:label2\" content=\"Dur\u00e9e de lecture estim\u00e9e\" \/>\n\t<meta name=\"twitter:data2\" content=\"2 minutes\" \/>\n<script type=\"application\/ld+json\" class=\"yoast-schema-graph\">{\"@context\":\"https:\/\/schema.org\",\"@graph\":[{\"@type\":\"WebPage\",\"@id\":\"https:\/\/archibat.com\/blog\/un-projet-experimental-de-logements-communautaires\/\",\"url\":\"https:\/\/archibat.com\/blog\/un-projet-experimental-de-logements-communautaires\/\",\"name\":\"Un projet exp\u00e9rimental de logements communautaires &#8211; ArchiBat Mag\",\"isPartOf\":{\"@id\":\"https:\/\/archibat.com\/blog\/#website\"},\"primaryImageOfPage\":{\"@id\":\"https:\/\/archibat.com\/blog\/un-projet-experimental-de-logements-communautaires\/#primaryimage\"},\"image\":{\"@id\":\"https:\/\/archibat.com\/blog\/un-projet-experimental-de-logements-communautaires\/#primaryimage\"},\"thumbnailUrl\":\"https:\/\/archibat.com\/blog\/wp-content\/uploads\/2021\/02\/Venice_collage_Helen___Hard.jpg\",\"datePublished\":\"2021-02-05T13:03:02+00:00\",\"dateModified\":\"2021-02-05T13:21:41+00:00\",\"author\":{\"@id\":\"https:\/\/archibat.com\/blog\/#\/schema\/person\/c246f0d63b5e719c2cbe4f9bd494bf12\"},\"breadcrumb\":{\"@id\":\"https:\/\/archibat.com\/blog\/un-projet-experimental-de-logements-communautaires\/#breadcrumb\"},\"inLanguage\":\"fr-FR\",\"potentialAction\":[{\"@type\":\"ReadAction\",\"target\":[\"https:\/\/archibat.com\/blog\/un-projet-experimental-de-logements-communautaires\/\"]}]},{\"@type\":\"ImageObject\",\"inLanguage\":\"fr-FR\",\"@id\":\"https:\/\/archibat.com\/blog\/un-projet-experimental-de-logements-communautaires\/#primaryimage\",\"url\":\"https:\/\/archibat.com\/blog\/wp-content\/uploads\/2021\/02\/Venice_collage_Helen___Hard.jpg\",\"contentUrl\":\"https:\/\/archibat.com\/blog\/wp-content\/uploads\/2021\/02\/Venice_collage_Helen___Hard.jpg\",\"width\":1582,\"height\":885},{\"@type\":\"BreadcrumbList\",\"@id\":\"https:\/\/archibat.com\/blog\/un-projet-experimental-de-logements-communautaires\/#breadcrumb\",\"itemListElement\":[{\"@type\":\"ListItem\",\"position\":1,\"name\":\"Home\",\"item\":\"https:\/\/archibat.com\/blog\/\"},{\"@type\":\"ListItem\",\"position\":2,\"name\":\"Un projet exp\u00e9rimental de logements communautaires\"}]},{\"@type\":\"WebSite\",\"@id\":\"https:\/\/archibat.com\/blog\/#website\",\"url\":\"https:\/\/archibat.com\/blog\/\",\"name\":\"ArchiBat Mag\",\"description\":\"Vous souhaitez connaitre les derni\u00e8res actualit\u00e9s sur l\u2019Architecture, le Design ou les Ressources Humaines ? D\u00e9couvrez ArchiBat Mag, le magazine d\u00e9di\u00e9 aux m\u00e9tiers de l&#039;Architecture et de l&#039;Ing\u00e9nierie.\",\"potentialAction\":[{\"@type\":\"SearchAction\",\"target\":{\"@type\":\"EntryPoint\",\"urlTemplate\":\"https:\/\/archibat.com\/blog\/?s={search_term_string}\"},\"query-input\":{\"@type\":\"PropertyValueSpecification\",\"valueRequired\":true,\"valueName\":\"search_term_string\"}}],\"inLanguage\":\"fr-FR\"},{\"@type\":\"Person\",\"@id\":\"https:\/\/archibat.com\/blog\/#\/schema\/person\/c246f0d63b5e719c2cbe4f9bd494bf12\",\"name\":\"communication\"}]}<\/script>\n<!-- \/ Yoast SEO plugin. -->","yoast_head_json":{"title":"Un projet exp\u00e9rimental de logements communautaires &#8211; ArchiBat Mag","robots":{"index":"index","follow":"follow","max-snippet":"max-snippet:-1","max-image-preview":"max-image-preview:large","max-video-preview":"max-video-preview:-1"},"canonical":"https:\/\/archibat.com\/blog\/un-projet-experimental-de-logements-communautaires\/","og_locale":"fr_FR","og_type":"article","og_title":"Un projet exp\u00e9rimental de logements communautaires &#8211; ArchiBat Mag","og_description":"Le Pavillon nordique de Venise sera transform\u00e9 en projet exp\u00e9rimental de cohabitation, \u00e0 l\u2019occasion de la 17e exposition internationale d\u2019architecture de la Biennale de Venise.\u2026","og_url":"https:\/\/archibat.com\/blog\/un-projet-experimental-de-logements-communautaires\/","og_site_name":"ArchiBat Mag","article_published_time":"2021-02-05T13:03:02+00:00","article_modified_time":"2021-02-05T13:21:41+00:00","og_image":[{"width":1582,"height":885,"url":"https:\/\/archibat.com\/blog\/wp-content\/uploads\/2021\/02\/Venice_collage_Helen___Hard.jpg","type":"image\/jpeg"}],"author":"communication","twitter_card":"summary_large_image","twitter_misc":{"\u00c9crit par":"communication","Dur\u00e9e de lecture estim\u00e9e":"2 minutes"},"schema":{"@context":"https:\/\/schema.org","@graph":[{"@type":"WebPage","@id":"https:\/\/archibat.com\/blog\/un-projet-experimental-de-logements-communautaires\/","url":"https:\/\/archibat.com\/blog\/un-projet-experimental-de-logements-communautaires\/","name":"Un projet exp\u00e9rimental de logements communautaires &#8211; ArchiBat Mag","isPartOf":{"@id":"https:\/\/archibat.com\/blog\/#website"},"primaryImageOfPage":{"@id":"https:\/\/archibat.com\/blog\/un-projet-experimental-de-logements-communautaires\/#primaryimage"},"image":{"@id":"https:\/\/archibat.com\/blog\/un-projet-experimental-de-logements-communautaires\/#primaryimage"},"thumbnailUrl":"https:\/\/archibat.com\/blog\/wp-content\/uploads\/2021\/02\/Venice_collage_Helen___Hard.jpg","datePublished":"2021-02-05T13:03:02+00:00","dateModified":"2021-02-05T13:21:41+00:00","author":{"@id":"https:\/\/archibat.com\/blog\/#\/schema\/person\/c246f0d63b5e719c2cbe4f9bd494bf12"},"breadcrumb":{"@id":"https:\/\/archibat.com\/blog\/un-projet-experimental-de-logements-communautaires\/#breadcrumb"},"inLanguage":"fr-FR","potentialAction":[{"@type":"ReadAction","target":["https:\/\/archibat.com\/blog\/un-projet-experimental-de-logements-communautaires\/"]}]},{"@type":"ImageObject","inLanguage":"fr-FR","@id":"https:\/\/archibat.com\/blog\/un-projet-experimental-de-logements-communautaires\/#primaryimage","url":"https:\/\/archibat.com\/blog\/wp-content\/uploads\/2021\/02\/Venice_collage_Helen___Hard.jpg","contentUrl":"https:\/\/archibat.com\/blog\/wp-content\/uploads\/2021\/02\/Venice_collage_Helen___Hard.jpg","width":1582,"height":885},{"@type":"BreadcrumbList","@id":"https:\/\/archibat.com\/blog\/un-projet-experimental-de-logements-communautaires\/#breadcrumb","itemListElement":[{"@type":"ListItem","position":1,"name":"Home","item":"https:\/\/archibat.com\/blog\/"},{"@type":"ListItem","position":2,"name":"Un projet exp\u00e9rimental de logements communautaires"}]},{"@type":"WebSite","@id":"https:\/\/archibat.com\/blog\/#website","url":"https:\/\/archibat.com\/blog\/","name":"ArchiBat Mag","description":"Vous souhaitez connaitre les derni\u00e8res actualit\u00e9s sur l\u2019Architecture, le Design ou les Ressources Humaines ? D\u00e9couvrez ArchiBat Mag, le magazine d\u00e9di\u00e9 aux m\u00e9tiers de l&#039;Architecture et de l&#039;Ing\u00e9nierie.","potentialAction":[{"@type":"SearchAction","target":{"@type":"EntryPoint","urlTemplate":"https:\/\/archibat.com\/blog\/?s={search_term_string}"},"query-input":{"@type":"PropertyValueSpecification","valueRequired":true,"valueName":"search_term_string"}}],"inLanguage":"fr-FR"},{"@type":"Person","@id":"https:\/\/archibat.com\/blog\/#\/schema\/person\/c246f0d63b5e719c2cbe4f9bd494bf12","name":"communication"}]}},"_links":{"self":[{"href":"https:\/\/archibat.com\/blog\/wp-json\/wp\/v2\/posts\/14304","targetHints":{"allow":["GET"]}}],"collection":[{"href":"https:\/\/archibat.com\/blog\/wp-json\/wp\/v2\/posts"}],"about":[{"href":"https:\/\/archibat.com\/blog\/wp-json\/wp\/v2\/types\/post"}],"author":[{"embeddable":true,"href":"https:\/\/archibat.com\/blog\/wp-json\/wp\/v2\/users\/2"}],"replies":[{"embeddable":true,"href":"https:\/\/archibat.com\/blog\/wp-json\/wp\/v2\/comments?post=14304"}],"version-history":[{"count":4,"href":"https:\/\/archibat.com\/blog\/wp-json\/wp\/v2\/posts\/14304\/revisions"}],"predecessor-version":[{"id":14396,"href":"https:\/\/archibat.com\/blog\/wp-json\/wp\/v2\/posts\/14304\/revisions\/14396"}],"wp:featuredmedia":[{"embeddable":true,"href":"https:\/\/archibat.com\/blog\/wp-json\/wp\/v2\/media\/14307"}],"wp:attachment":[{"href":"https:\/\/archibat.com\/blog\/wp-json\/wp\/v2\/media?parent=14304"}],"wp:term":[{"taxonomy":"category","embeddable":true,"href":"https:\/\/archibat.com\/blog\/wp-json\/wp\/v2\/categories?post=14304"},{"taxonomy":"post_tag","embeddable":true,"href":"https:\/\/archibat.com\/blog\/wp-json\/wp\/v2\/tags?post=14304"}],"curies":[{"name":"wp","href":"https:\/\/api.w.org\/{rel}","templated":true}]}}