{"id":14332,"date":"2021-02-09T14:00:13","date_gmt":"2021-02-09T13:00:13","guid":{"rendered":"https:\/\/archibat.com\/blog\/?p=14332"},"modified":"2021-02-09T14:00:15","modified_gmt":"2021-02-09T13:00:15","slug":"une-maison-en-bois-au-coeur-dun-fjord-norvegien","status":"publish","type":"post","link":"https:\/\/archibat.com\/blog\/une-maison-en-bois-au-coeur-dun-fjord-norvegien\/","title":{"rendered":"Une maison en bois au c\u0153ur d\u2019un fjord norv\u00e9gien"},"content":{"rendered":"\n<p>Construite sur un site escarp\u00e9 et \u00e9troit, la maison Zieglers Nest situ\u00e9 \u00e0 Molche, en Norv\u00e8ge, peut accueillir une famille de cinq personnes. L\u2019\u00e9quipe de Rever &amp; Drage Architects a con\u00e7u la maison comme un jeu de volumes en bois arrim\u00e9s sur un rez-de-chauss\u00e9e en b\u00e9ton. Les espaces de vie sont r\u00e9partis sur trois \u00e9tages compl\u00e9t\u00e9s par une terrasse sur le toit. La construction int\u00e8gre une palette de diff\u00e9rents bois&nbsp;: l\u2019escalier qui m\u00e8ne du rez-de-chauss\u00e9e au premier \u00e9tage ainsi que le plancher du premier \u00e9tage sont en ch\u00eane, pour une r\u00e9sistance optimale dans une zone o\u00f9 l\u2019on porte encore des chaussures et des bottes. L\u2019escalier conduisant au deuxi\u00e8me \u00e9tage est en pin, plus doux pour marcher pieds nus. Le premier niveau est construit en charpente tandis que les deux derniers \u00e9tages sont construits en rondins, des mat\u00e9riaux qui stockent la chaleur du soleil.<\/p>\n\n\n\n<div class=\"wp-block-image\"><figure class=\"aligncenter size-large is-resized\"><img loading=\"lazy\" decoding=\"async\" src=\"https:\/\/archibat.com\/blog\/wp-content\/uploads\/2021\/02\/ZieglersNest_RD_3-3-720x465.jpg\" alt=\"\" class=\"wp-image-14381\" width=\"800\" height=\"516\" srcset=\"https:\/\/archibat.com\/blog\/wp-content\/uploads\/2021\/02\/ZieglersNest_RD_3-3-720x465.jpg 720w, https:\/\/archibat.com\/blog\/wp-content\/uploads\/2021\/02\/ZieglersNest_RD_3-3-300x194.jpg 300w, https:\/\/archibat.com\/blog\/wp-content\/uploads\/2021\/02\/ZieglersNest_RD_3-3-768x496.jpg 768w, https:\/\/archibat.com\/blog\/wp-content\/uploads\/2021\/02\/ZieglersNest_RD_3-3-1536x992.jpg 1536w, https:\/\/archibat.com\/blog\/wp-content\/uploads\/2021\/02\/ZieglersNest_RD_3-3.jpg 1548w\" sizes=\"auto, (max-width: 800px) 100vw, 800px\" \/><\/figure><\/div>\n\n\n\n<p>Dans la zone non isol\u00e9e du rez-de-chauss\u00e9e, on trouve une entr\u00e9e, un parking, une zone de stockage et des \u00e9quipements techniques. Pour rendre cet espace semi ext\u00e9rieur agr\u00e9able, la lumi\u00e8re du jour entre par les fa\u00e7ades ouest et est du b\u00e2timent. Dans la partie la plus prot\u00e9g\u00e9e, une salle de jeu de cinq m\u00e8tres de hauteur sous plafond, abrite les jeux de trampoline et de ballon. Le soleil bas r\u00e9chauffe les murs en b\u00e9ton, ce qui permet de lutter efficacement contre l\u2019humidit\u00e9 de l\u2019air.<\/p>\n\n\n\n<figure class=\"wp-block-image size-large\"><img loading=\"lazy\" decoding=\"async\" width=\"720\" height=\"449\" src=\"https:\/\/archibat.com\/blog\/wp-content\/uploads\/2021\/02\/ZieglersNest_RD_11-720x449.jpg\" alt=\"\" class=\"wp-image-14383\" srcset=\"https:\/\/archibat.com\/blog\/wp-content\/uploads\/2021\/02\/ZieglersNest_RD_11-720x449.jpg 720w, https:\/\/archibat.com\/blog\/wp-content\/uploads\/2021\/02\/ZieglersNest_RD_11-300x187.jpg 300w, https:\/\/archibat.com\/blog\/wp-content\/uploads\/2021\/02\/ZieglersNest_RD_11-768x479.jpg 768w, https:\/\/archibat.com\/blog\/wp-content\/uploads\/2021\/02\/ZieglersNest_RD_11-1536x958.jpg 1536w, https:\/\/archibat.com\/blog\/wp-content\/uploads\/2021\/02\/ZieglersNest_RD_11.jpg 1582w\" sizes=\"auto, (max-width: 720px) 100vw, 720px\" \/><\/figure>\n\n\n\n<div class=\"wp-block-image\"><figure class=\"aligncenter size-large\"><img loading=\"lazy\" decoding=\"async\" width=\"720\" height=\"480\" src=\"https:\/\/archibat.com\/blog\/wp-content\/uploads\/2021\/02\/ZieglersNest_RD_17_1-720x480.jpg\" alt=\"\" class=\"wp-image-14385\" srcset=\"https:\/\/archibat.com\/blog\/wp-content\/uploads\/2021\/02\/ZieglersNest_RD_17_1-720x480.jpg 720w, https:\/\/archibat.com\/blog\/wp-content\/uploads\/2021\/02\/ZieglersNest_RD_17_1-300x200.jpg 300w, https:\/\/archibat.com\/blog\/wp-content\/uploads\/2021\/02\/ZieglersNest_RD_17_1-768x513.jpg 768w, https:\/\/archibat.com\/blog\/wp-content\/uploads\/2021\/02\/ZieglersNest_RD_17_1-1440x960.jpg 1440w, https:\/\/archibat.com\/blog\/wp-content\/uploads\/2021\/02\/ZieglersNest_RD_17_1-960x640.jpg 960w, https:\/\/archibat.com\/blog\/wp-content\/uploads\/2021\/02\/ZieglersNest_RD_17_1-350x233.jpg 350w, https:\/\/archibat.com\/blog\/wp-content\/uploads\/2021\/02\/ZieglersNest_RD_17_1-700x466.jpg 700w, https:\/\/archibat.com\/blog\/wp-content\/uploads\/2021\/02\/ZieglersNest_RD_17_1.jpg 1498w\" sizes=\"auto, (max-width: 720px) 100vw, 720px\" \/><\/figure><\/div>\n\n\n\n<p>Le premier \u00e9tage comprend un dressing, une salle de bains et deux chambre. Le deuxi\u00e8me \u00e9tage accueille les pi\u00e8ces de vie principales de la maison avec une cuisine, un salon et une biblioth\u00e8que. Cet \u00e9tage est pens\u00e9 comme un espace flottant baign\u00e9 de lumi\u00e8re. Les grandes baies du salon offrent une vue panoramique sur le fjord et les montagnes du sud, tandis que la v\u00e9randa de la cuisine fait face \u00e0 un jardin abrit\u00e9, c\u00f4t\u00e9 est. La fen\u00eatre haute sur le mur ouest du salon permet d\u2019admirer le ciel et la cime des arbres depuis le canap\u00e9. Pendant la journ\u00e9e, l\u2019\u00e9nergie du soleil est capt\u00e9e et restitu\u00e9e gr\u00e2ce \u00e0 la double hauteur du salon. Le troisi\u00e8me \u00e9tage, quant \u00e0 lui, comprend une chambre, une salle de bains ainsi qu\u2019un balcon int\u00e9rieur fa\u00e7on \u00ab&nbsp;Rom\u00e9o et Juliette&nbsp;\u00bb pour des repr\u00e9sentations th\u00e9atrales \u00e0 domicile. On peut acc\u00e9der au toit terrasse \u00e0 partir de ce niveau pour profiter du ciel \u00e9toil\u00e9 et des aurores bor\u00e9ales.<\/p>\n\n\n\n<div class=\"wp-block-image\"><figure class=\"aligncenter size-large is-resized\"><img loading=\"lazy\" decoding=\"async\" src=\"https:\/\/archibat.com\/blog\/wp-content\/uploads\/2021\/02\/Capture-decran-2021-02-09-a-12.13.21-550x480.png\" alt=\"\" class=\"wp-image-14378\" width=\"875\" height=\"764\" srcset=\"https:\/\/archibat.com\/blog\/wp-content\/uploads\/2021\/02\/Capture-decran-2021-02-09-a-12.13.21-550x480.png 550w, https:\/\/archibat.com\/blog\/wp-content\/uploads\/2021\/02\/Capture-decran-2021-02-09-a-12.13.21-300x262.png 300w, https:\/\/archibat.com\/blog\/wp-content\/uploads\/2021\/02\/Capture-decran-2021-02-09-a-12.13.21-768x670.png 768w, https:\/\/archibat.com\/blog\/wp-content\/uploads\/2021\/02\/Capture-decran-2021-02-09-a-12.13.21.png 1297w\" sizes=\"auto, (max-width: 875px) 100vw, 875px\" \/><\/figure><\/div>\n\n\n\n<p>Les architectes ont diff\u00e9renci\u00e9 subtilement les quatre fa\u00e7ades. Le b\u00e2timent est per\u00e7u comme une composition de quatre volumes plut\u00f4t qu\u2019un seul, adoucissant ainsi la rigidit\u00e9 du prisme rectangulaire. Le travail sur la composition des ouvertures donne \u00e0 l\u2019ext\u00e9rieur une lecture de l\u2019int\u00e9rieur.<\/p>\n\n\n\n<div class=\"wp-block-image\"><figure class=\"aligncenter size-large\"><img loading=\"lazy\" decoding=\"async\" width=\"720\" height=\"441\" src=\"https:\/\/archibat.com\/blog\/wp-content\/uploads\/2021\/02\/ZieglersNest_RD_2-720x441.jpg\" alt=\"\" class=\"wp-image-14387\" srcset=\"https:\/\/archibat.com\/blog\/wp-content\/uploads\/2021\/02\/ZieglersNest_RD_2-720x441.jpg 720w, https:\/\/archibat.com\/blog\/wp-content\/uploads\/2021\/02\/ZieglersNest_RD_2-300x184.jpg 300w, https:\/\/archibat.com\/blog\/wp-content\/uploads\/2021\/02\/ZieglersNest_RD_2-768x470.jpg 768w, https:\/\/archibat.com\/blog\/wp-content\/uploads\/2021\/02\/ZieglersNest_RD_2-1536x940.jpg 1536w, https:\/\/archibat.com\/blog\/wp-content\/uploads\/2021\/02\/ZieglersNest_RD_2.jpg 1582w\" sizes=\"auto, (max-width: 720px) 100vw, 720px\" \/><\/figure><\/div>\n\n\n\n<div class=\"wp-block-image\"><figure class=\"aligncenter size-large\"><img loading=\"lazy\" decoding=\"async\" width=\"720\" height=\"423\" src=\"https:\/\/archibat.com\/blog\/wp-content\/uploads\/2021\/02\/ZieglersNest_RD_44-1-720x423.jpg\" alt=\"\" class=\"wp-image-14392\" srcset=\"https:\/\/archibat.com\/blog\/wp-content\/uploads\/2021\/02\/ZieglersNest_RD_44-1-720x423.jpg 720w, https:\/\/archibat.com\/blog\/wp-content\/uploads\/2021\/02\/ZieglersNest_RD_44-1-300x176.jpg 300w, https:\/\/archibat.com\/blog\/wp-content\/uploads\/2021\/02\/ZieglersNest_RD_44-1-768x451.jpg 768w, https:\/\/archibat.com\/blog\/wp-content\/uploads\/2021\/02\/ZieglersNest_RD_44-1-1536x903.jpg 1536w, https:\/\/archibat.com\/blog\/wp-content\/uploads\/2021\/02\/ZieglersNest_RD_44-1.jpg 1582w\" sizes=\"auto, (max-width: 720px) 100vw, 720px\" \/><\/figure><\/div>\n\n\n\n<p><strong><em>Architectes&nbsp;:<\/em> <\/strong><a href=\"https:\/\/www.reverdrage.no\/\"><strong><em>https:\/\/www.reverdrage.no\/<\/em><\/strong><\/a><em><br><strong>Cr\u00e9dit photos&nbsp;: Tom Auger<\/strong><\/em>&nbsp;<br><br><br><\/p>\n","protected":false},"excerpt":{"rendered":"<p>Construite sur un site escarp\u00e9 et \u00e9troit, la maison Zieglers Nest situ\u00e9 \u00e0 Molche, en Norv\u00e8ge, peut accueillir une famille de cinq personnes. L\u2019\u00e9quipe de\u2026<\/p>\n","protected":false},"author":2,"featured_media":14389,"comment_status":"closed","ping_status":"closed","sticky":false,"template":"","format":"standard","meta":{"_acf_changed":false,"footnotes":""},"categories":[3],"tags":[2652,2660,2662],"class_list":["post-14332","post","type-post","status-publish","format-standard","has-post-thumbnail","hentry","category-architecture-et-design","tag-architectes-2","tag-norvege","tag-zieglers-nest"],"acf":[],"yoast_head":"<!-- This site is optimized with the Yoast SEO plugin v24.8.1 - https:\/\/yoast.com\/wordpress\/plugins\/seo\/ -->\n<title>Une maison en bois au c\u0153ur d\u2019un fjord norv\u00e9gien &#8211; ArchiBat Mag<\/title>\n<meta name=\"robots\" content=\"index, follow, max-snippet:-1, max-image-preview:large, max-video-preview:-1\" \/>\n<link rel=\"canonical\" href=\"https:\/\/archibat.com\/blog\/une-maison-en-bois-au-coeur-dun-fjord-norvegien\/\" \/>\n<meta property=\"og:locale\" content=\"fr_FR\" \/>\n<meta property=\"og:type\" content=\"article\" \/>\n<meta property=\"og:title\" content=\"Une maison en bois au c\u0153ur d\u2019un fjord norv\u00e9gien &#8211; ArchiBat Mag\" \/>\n<meta property=\"og:description\" content=\"Construite sur un site escarp\u00e9 et \u00e9troit, la maison Zieglers Nest situ\u00e9 \u00e0 Molche, en Norv\u00e8ge, peut accueillir une famille de cinq personnes. L\u2019\u00e9quipe de\u2026\" \/>\n<meta property=\"og:url\" content=\"https:\/\/archibat.com\/blog\/une-maison-en-bois-au-coeur-dun-fjord-norvegien\/\" \/>\n<meta property=\"og:site_name\" content=\"ArchiBat Mag\" \/>\n<meta property=\"article:published_time\" content=\"2021-02-09T13:00:13+00:00\" \/>\n<meta property=\"article:modified_time\" content=\"2021-02-09T13:00:15+00:00\" \/>\n<meta property=\"og:image\" content=\"https:\/\/archibat.com\/blog\/wp-content\/uploads\/2021\/02\/ZieglersNest_RD_1-2.jpg\" \/>\n\t<meta property=\"og:image:width\" content=\"1582\" \/>\n\t<meta property=\"og:image:height\" content=\"985\" \/>\n\t<meta property=\"og:image:type\" content=\"image\/jpeg\" \/>\n<meta name=\"author\" content=\"communication\" \/>\n<meta name=\"twitter:card\" content=\"summary_large_image\" \/>\n<meta name=\"twitter:label1\" content=\"\u00c9crit par\" \/>\n\t<meta name=\"twitter:data1\" content=\"communication\" \/>\n\t<meta name=\"twitter:label2\" content=\"Dur\u00e9e de lecture estim\u00e9e\" \/>\n\t<meta name=\"twitter:data2\" content=\"3 minutes\" \/>\n<script type=\"application\/ld+json\" class=\"yoast-schema-graph\">{\"@context\":\"https:\/\/schema.org\",\"@graph\":[{\"@type\":\"WebPage\",\"@id\":\"https:\/\/archibat.com\/blog\/une-maison-en-bois-au-coeur-dun-fjord-norvegien\/\",\"url\":\"https:\/\/archibat.com\/blog\/une-maison-en-bois-au-coeur-dun-fjord-norvegien\/\",\"name\":\"Une maison en bois au c\u0153ur d\u2019un fjord norv\u00e9gien &#8211; ArchiBat Mag\",\"isPartOf\":{\"@id\":\"https:\/\/archibat.com\/blog\/#website\"},\"primaryImageOfPage\":{\"@id\":\"https:\/\/archibat.com\/blog\/une-maison-en-bois-au-coeur-dun-fjord-norvegien\/#primaryimage\"},\"image\":{\"@id\":\"https:\/\/archibat.com\/blog\/une-maison-en-bois-au-coeur-dun-fjord-norvegien\/#primaryimage\"},\"thumbnailUrl\":\"https:\/\/archibat.com\/blog\/wp-content\/uploads\/2021\/02\/ZieglersNest_RD_1-2.jpg\",\"datePublished\":\"2021-02-09T13:00:13+00:00\",\"dateModified\":\"2021-02-09T13:00:15+00:00\",\"author\":{\"@id\":\"https:\/\/archibat.com\/blog\/#\/schema\/person\/c246f0d63b5e719c2cbe4f9bd494bf12\"},\"breadcrumb\":{\"@id\":\"https:\/\/archibat.com\/blog\/une-maison-en-bois-au-coeur-dun-fjord-norvegien\/#breadcrumb\"},\"inLanguage\":\"fr-FR\",\"potentialAction\":[{\"@type\":\"ReadAction\",\"target\":[\"https:\/\/archibat.com\/blog\/une-maison-en-bois-au-coeur-dun-fjord-norvegien\/\"]}]},{\"@type\":\"ImageObject\",\"inLanguage\":\"fr-FR\",\"@id\":\"https:\/\/archibat.com\/blog\/une-maison-en-bois-au-coeur-dun-fjord-norvegien\/#primaryimage\",\"url\":\"https:\/\/archibat.com\/blog\/wp-content\/uploads\/2021\/02\/ZieglersNest_RD_1-2.jpg\",\"contentUrl\":\"https:\/\/archibat.com\/blog\/wp-content\/uploads\/2021\/02\/ZieglersNest_RD_1-2.jpg\",\"width\":1582,\"height\":985},{\"@type\":\"BreadcrumbList\",\"@id\":\"https:\/\/archibat.com\/blog\/une-maison-en-bois-au-coeur-dun-fjord-norvegien\/#breadcrumb\",\"itemListElement\":[{\"@type\":\"ListItem\",\"position\":1,\"name\":\"Home\",\"item\":\"https:\/\/archibat.com\/blog\/\"},{\"@type\":\"ListItem\",\"position\":2,\"name\":\"Une maison en bois au c\u0153ur d\u2019un fjord norv\u00e9gien\"}]},{\"@type\":\"WebSite\",\"@id\":\"https:\/\/archibat.com\/blog\/#website\",\"url\":\"https:\/\/archibat.com\/blog\/\",\"name\":\"ArchiBat Mag\",\"description\":\"Vous souhaitez connaitre les derni\u00e8res actualit\u00e9s sur l\u2019Architecture, le Design ou les Ressources Humaines ? D\u00e9couvrez ArchiBat Mag, le magazine d\u00e9di\u00e9 aux m\u00e9tiers de l&#039;Architecture et de l&#039;Ing\u00e9nierie.\",\"potentialAction\":[{\"@type\":\"SearchAction\",\"target\":{\"@type\":\"EntryPoint\",\"urlTemplate\":\"https:\/\/archibat.com\/blog\/?s={search_term_string}\"},\"query-input\":{\"@type\":\"PropertyValueSpecification\",\"valueRequired\":true,\"valueName\":\"search_term_string\"}}],\"inLanguage\":\"fr-FR\"},{\"@type\":\"Person\",\"@id\":\"https:\/\/archibat.com\/blog\/#\/schema\/person\/c246f0d63b5e719c2cbe4f9bd494bf12\",\"name\":\"communication\"}]}<\/script>\n<!-- \/ Yoast SEO plugin. -->","yoast_head_json":{"title":"Une maison en bois au c\u0153ur d\u2019un fjord norv\u00e9gien &#8211; ArchiBat Mag","robots":{"index":"index","follow":"follow","max-snippet":"max-snippet:-1","max-image-preview":"max-image-preview:large","max-video-preview":"max-video-preview:-1"},"canonical":"https:\/\/archibat.com\/blog\/une-maison-en-bois-au-coeur-dun-fjord-norvegien\/","og_locale":"fr_FR","og_type":"article","og_title":"Une maison en bois au c\u0153ur d\u2019un fjord norv\u00e9gien &#8211; ArchiBat Mag","og_description":"Construite sur un site escarp\u00e9 et \u00e9troit, la maison Zieglers Nest situ\u00e9 \u00e0 Molche, en Norv\u00e8ge, peut accueillir une famille de cinq personnes. L\u2019\u00e9quipe de\u2026","og_url":"https:\/\/archibat.com\/blog\/une-maison-en-bois-au-coeur-dun-fjord-norvegien\/","og_site_name":"ArchiBat Mag","article_published_time":"2021-02-09T13:00:13+00:00","article_modified_time":"2021-02-09T13:00:15+00:00","og_image":[{"width":1582,"height":985,"url":"https:\/\/archibat.com\/blog\/wp-content\/uploads\/2021\/02\/ZieglersNest_RD_1-2.jpg","type":"image\/jpeg"}],"author":"communication","twitter_card":"summary_large_image","twitter_misc":{"\u00c9crit par":"communication","Dur\u00e9e de lecture estim\u00e9e":"3 minutes"},"schema":{"@context":"https:\/\/schema.org","@graph":[{"@type":"WebPage","@id":"https:\/\/archibat.com\/blog\/une-maison-en-bois-au-coeur-dun-fjord-norvegien\/","url":"https:\/\/archibat.com\/blog\/une-maison-en-bois-au-coeur-dun-fjord-norvegien\/","name":"Une maison en bois au c\u0153ur d\u2019un fjord norv\u00e9gien &#8211; ArchiBat Mag","isPartOf":{"@id":"https:\/\/archibat.com\/blog\/#website"},"primaryImageOfPage":{"@id":"https:\/\/archibat.com\/blog\/une-maison-en-bois-au-coeur-dun-fjord-norvegien\/#primaryimage"},"image":{"@id":"https:\/\/archibat.com\/blog\/une-maison-en-bois-au-coeur-dun-fjord-norvegien\/#primaryimage"},"thumbnailUrl":"https:\/\/archibat.com\/blog\/wp-content\/uploads\/2021\/02\/ZieglersNest_RD_1-2.jpg","datePublished":"2021-02-09T13:00:13+00:00","dateModified":"2021-02-09T13:00:15+00:00","author":{"@id":"https:\/\/archibat.com\/blog\/#\/schema\/person\/c246f0d63b5e719c2cbe4f9bd494bf12"},"breadcrumb":{"@id":"https:\/\/archibat.com\/blog\/une-maison-en-bois-au-coeur-dun-fjord-norvegien\/#breadcrumb"},"inLanguage":"fr-FR","potentialAction":[{"@type":"ReadAction","target":["https:\/\/archibat.com\/blog\/une-maison-en-bois-au-coeur-dun-fjord-norvegien\/"]}]},{"@type":"ImageObject","inLanguage":"fr-FR","@id":"https:\/\/archibat.com\/blog\/une-maison-en-bois-au-coeur-dun-fjord-norvegien\/#primaryimage","url":"https:\/\/archibat.com\/blog\/wp-content\/uploads\/2021\/02\/ZieglersNest_RD_1-2.jpg","contentUrl":"https:\/\/archibat.com\/blog\/wp-content\/uploads\/2021\/02\/ZieglersNest_RD_1-2.jpg","width":1582,"height":985},{"@type":"BreadcrumbList","@id":"https:\/\/archibat.com\/blog\/une-maison-en-bois-au-coeur-dun-fjord-norvegien\/#breadcrumb","itemListElement":[{"@type":"ListItem","position":1,"name":"Home","item":"https:\/\/archibat.com\/blog\/"},{"@type":"ListItem","position":2,"name":"Une maison en bois au c\u0153ur d\u2019un fjord norv\u00e9gien"}]},{"@type":"WebSite","@id":"https:\/\/archibat.com\/blog\/#website","url":"https:\/\/archibat.com\/blog\/","name":"ArchiBat Mag","description":"Vous souhaitez connaitre les derni\u00e8res actualit\u00e9s sur l\u2019Architecture, le Design ou les Ressources Humaines ? D\u00e9couvrez ArchiBat Mag, le magazine d\u00e9di\u00e9 aux m\u00e9tiers de l&#039;Architecture et de l&#039;Ing\u00e9nierie.","potentialAction":[{"@type":"SearchAction","target":{"@type":"EntryPoint","urlTemplate":"https:\/\/archibat.com\/blog\/?s={search_term_string}"},"query-input":{"@type":"PropertyValueSpecification","valueRequired":true,"valueName":"search_term_string"}}],"inLanguage":"fr-FR"},{"@type":"Person","@id":"https:\/\/archibat.com\/blog\/#\/schema\/person\/c246f0d63b5e719c2cbe4f9bd494bf12","name":"communication"}]}},"_links":{"self":[{"href":"https:\/\/archibat.com\/blog\/wp-json\/wp\/v2\/posts\/14332","targetHints":{"allow":["GET"]}}],"collection":[{"href":"https:\/\/archibat.com\/blog\/wp-json\/wp\/v2\/posts"}],"about":[{"href":"https:\/\/archibat.com\/blog\/wp-json\/wp\/v2\/types\/post"}],"author":[{"embeddable":true,"href":"https:\/\/archibat.com\/blog\/wp-json\/wp\/v2\/users\/2"}],"replies":[{"embeddable":true,"href":"https:\/\/archibat.com\/blog\/wp-json\/wp\/v2\/comments?post=14332"}],"version-history":[{"count":3,"href":"https:\/\/archibat.com\/blog\/wp-json\/wp\/v2\/posts\/14332\/revisions"}],"predecessor-version":[{"id":14395,"href":"https:\/\/archibat.com\/blog\/wp-json\/wp\/v2\/posts\/14332\/revisions\/14395"}],"wp:featuredmedia":[{"embeddable":true,"href":"https:\/\/archibat.com\/blog\/wp-json\/wp\/v2\/media\/14389"}],"wp:attachment":[{"href":"https:\/\/archibat.com\/blog\/wp-json\/wp\/v2\/media?parent=14332"}],"wp:term":[{"taxonomy":"category","embeddable":true,"href":"https:\/\/archibat.com\/blog\/wp-json\/wp\/v2\/categories?post=14332"},{"taxonomy":"post_tag","embeddable":true,"href":"https:\/\/archibat.com\/blog\/wp-json\/wp\/v2\/tags?post=14332"}],"curies":[{"name":"wp","href":"https:\/\/api.w.org\/{rel}","templated":true}]}}