{"id":14466,"date":"2021-02-15T14:00:35","date_gmt":"2021-02-15T13:00:35","guid":{"rendered":"https:\/\/archibat.com\/blog\/?p=14466"},"modified":"2022-10-18T14:22:44","modified_gmt":"2022-10-18T12:22:44","slug":"webinaire-comment-reussir-son-cv-et-son-book","status":"publish","type":"post","link":"https:\/\/archibat.com\/blog\/webinaire-comment-reussir-son-cv-et-son-book\/","title":{"rendered":"Webinaire ArchiBat RH : Comment r\u00e9ussir son CV et son book ?"},"content":{"rendered":"\n<p class=\"has-text-align-center\" style=\"font-size:22px\"><strong>COMMENT R\u00c9USSIR SON CV ET SON BOOK ?<\/strong><\/p>\n\n\n\n<p class=\"has-text-align-center\"><em>sp\u00e9cial jeunes architectes<\/em><\/p>\n\n\n\n<p><\/p>\n\n\n\n<p class=\"has-text-align-center\" style=\"font-size:22px\"><strong><span style=\"color:#fc4941\" class=\"has-inline-color\">MARDI 9 MARS \u00c0 18H30<\/span><\/strong>&nbsp;<\/p>\n\n\n\n<p class=\"has-text-align-center has-normal-font-size\"><em>Dur\u00e9e : 1 heure dont 20 mn de questions-r\u00e9ponses<\/em><\/p>\n\n\n\n<p><\/p>\n\n\n\n<p class=\"has-text-align-center has-vivid-red-color has-text-color has-medium-font-size\"><strong>        <span style=\"color:#fc4941\" class=\"has-inline-color\">  <a href=\"https:\/\/ssshakeapp.typeform.com\/to\/wIsz8VYE\">Pour s&rsquo;inscrire c&rsquo;est par ici<\/a>  <\/span><\/strong><\/p>\n\n\n\n<p><\/p>\n\n\n\n<p><\/p>\n\n\n\n<p><strong>Intervenants&nbsp;:<\/strong><br>Marie-Pierre Blanc, Architecte, Directrice Associ\u00e9e<br>Letizia Desmazi\u00e8res, Architecte, Consultante RH P\u00f4le Architecture<\/p>\n\n\n\n<p><br><strong>Pendant ce webinaire, d\u00e9couvrez comment&nbsp;:<\/strong><br><strong>1\/ Structurer et r\u00e9diger un CV<\/strong><br>&#8211; Le contenu : informations essentielles, points forts et objectifs professionnels, synth\u00e9tiser sa formation, mettre en avant ses exp\u00e9riences, valoriser ses stages, centres d\u2019int\u00e9r\u00eat, passions et b\u00e9n\u00e9volat.<br>&nbsp;&#8211; Le design : pr\u00e9sentation, mise en page, lisibilit\u00e9, longueur, une photo, pour ou contre ?&nbsp;<br>&nbsp;&#8211; Un CV g\u00e9n\u00e9ral vs sp\u00e9cifique<br>&nbsp;&#8211; Quid du&nbsp;CV en ligne&nbsp;?<br><br><strong>2\/ Pr\u00e9parer un book<\/strong><br>&#8211; Le book num\u00e9rique vs papier<br>&#8211; Comment pr\u00e9senter son book&nbsp;?<br>&#8211; S\u00e9lectionner les projets et visuels<br>&#8211; Les informations \u00e0 inclure<br>&#8211; Le book et ses annexes<\/p>\n\n\n\n<p><\/p>\n\n\n\n<p class=\"has-normal-font-size\"><strong>La r\u00e9alisation d\u2019un CV et d\u2019un book est avant tout une d\u00e9marche strat\u00e9gique qui doit s\u2019inscrire dans vos objectifs professionnels. Le processus n\u2019est jamais fig\u00e9&nbsp;car il \u00e9volue avec vos savoir-faire.<\/strong><\/p>\n","protected":false},"excerpt":{"rendered":"<p>COMMENT R\u00c9USSIR SON CV ET SON BOOK ? sp\u00e9cial jeunes architectes MARDI 9 MARS \u00c0 18H30&nbsp; Dur\u00e9e : 1 heure dont 20 mn de questions-r\u00e9ponses\u2026<\/p>\n","protected":false},"author":2,"featured_media":14590,"comment_status":"closed","ping_status":"closed","sticky":false,"template":"","format":"standard","meta":{"_acf_changed":false,"footnotes":""},"categories":[4],"tags":[2667,1468,1691,1715,2666],"class_list":["post-14466","post","type-post","status-publish","format-standard","has-post-thumbnail","hentry","category-ressources-humaines","tag-book","tag-cv","tag-objectifs","tag-professionnel","tag-webinaire"],"acf":[],"yoast_head":"<!-- This site is optimized with the Yoast SEO plugin v24.8.1 - https:\/\/yoast.com\/wordpress\/plugins\/seo\/ -->\n<title>Webinaire ArchiBat RH : Comment r\u00e9ussir son CV et son book ? &#8211; ArchiBat Mag<\/title>\n<meta name=\"robots\" content=\"index, follow, max-snippet:-1, max-image-preview:large, max-video-preview:-1\" \/>\n<link rel=\"canonical\" href=\"https:\/\/archibat.com\/blog\/webinaire-comment-reussir-son-cv-et-son-book\/\" \/>\n<meta property=\"og:locale\" content=\"fr_FR\" \/>\n<meta property=\"og:type\" content=\"article\" \/>\n<meta property=\"og:title\" content=\"Webinaire ArchiBat RH : Comment r\u00e9ussir son CV et son book ? &#8211; ArchiBat Mag\" \/>\n<meta property=\"og:description\" content=\"COMMENT R\u00c9USSIR SON CV ET SON BOOK ? sp\u00e9cial jeunes architectes MARDI 9 MARS \u00c0 18H30&nbsp; Dur\u00e9e : 1 heure dont 20 mn de questions-r\u00e9ponses\u2026\" \/>\n<meta property=\"og:url\" content=\"https:\/\/archibat.com\/blog\/webinaire-comment-reussir-son-cv-et-son-book\/\" \/>\n<meta property=\"og:site_name\" content=\"ArchiBat Mag\" \/>\n<meta property=\"article:published_time\" content=\"2021-02-15T13:00:35+00:00\" \/>\n<meta property=\"article:modified_time\" content=\"2022-10-18T12:22:44+00:00\" \/>\n<meta property=\"og:image\" content=\"https:\/\/archibat.com\/blog\/wp-content\/uploads\/2021\/02\/Banner-Webinar.png\" \/>\n\t<meta property=\"og:image:width\" content=\"1958\" \/>\n\t<meta property=\"og:image:height\" content=\"1080\" \/>\n\t<meta property=\"og:image:type\" content=\"image\/png\" \/>\n<meta name=\"author\" content=\"communication\" \/>\n<meta name=\"twitter:card\" content=\"summary_large_image\" \/>\n<meta name=\"twitter:label1\" content=\"\u00c9crit par\" \/>\n\t<meta name=\"twitter:data1\" content=\"communication\" \/>\n\t<meta name=\"twitter:label2\" content=\"Dur\u00e9e de lecture estim\u00e9e\" \/>\n\t<meta name=\"twitter:data2\" content=\"1 minute\" \/>\n<script type=\"application\/ld+json\" class=\"yoast-schema-graph\">{\"@context\":\"https:\/\/schema.org\",\"@graph\":[{\"@type\":\"WebPage\",\"@id\":\"https:\/\/archibat.com\/blog\/webinaire-comment-reussir-son-cv-et-son-book\/\",\"url\":\"https:\/\/archibat.com\/blog\/webinaire-comment-reussir-son-cv-et-son-book\/\",\"name\":\"Webinaire ArchiBat RH : Comment r\u00e9ussir son CV et son book ? &#8211; ArchiBat Mag\",\"isPartOf\":{\"@id\":\"https:\/\/archibat.com\/blog\/#website\"},\"primaryImageOfPage\":{\"@id\":\"https:\/\/archibat.com\/blog\/webinaire-comment-reussir-son-cv-et-son-book\/#primaryimage\"},\"image\":{\"@id\":\"https:\/\/archibat.com\/blog\/webinaire-comment-reussir-son-cv-et-son-book\/#primaryimage\"},\"thumbnailUrl\":\"https:\/\/archibat.com\/blog\/wp-content\/uploads\/2021\/02\/Banner-Webinar.png\",\"datePublished\":\"2021-02-15T13:00:35+00:00\",\"dateModified\":\"2022-10-18T12:22:44+00:00\",\"author\":{\"@id\":\"https:\/\/archibat.com\/blog\/#\/schema\/person\/c246f0d63b5e719c2cbe4f9bd494bf12\"},\"breadcrumb\":{\"@id\":\"https:\/\/archibat.com\/blog\/webinaire-comment-reussir-son-cv-et-son-book\/#breadcrumb\"},\"inLanguage\":\"fr-FR\",\"potentialAction\":[{\"@type\":\"ReadAction\",\"target\":[\"https:\/\/archibat.com\/blog\/webinaire-comment-reussir-son-cv-et-son-book\/\"]}]},{\"@type\":\"ImageObject\",\"inLanguage\":\"fr-FR\",\"@id\":\"https:\/\/archibat.com\/blog\/webinaire-comment-reussir-son-cv-et-son-book\/#primaryimage\",\"url\":\"https:\/\/archibat.com\/blog\/wp-content\/uploads\/2021\/02\/Banner-Webinar.png\",\"contentUrl\":\"https:\/\/archibat.com\/blog\/wp-content\/uploads\/2021\/02\/Banner-Webinar.png\",\"width\":1958,\"height\":1080},{\"@type\":\"BreadcrumbList\",\"@id\":\"https:\/\/archibat.com\/blog\/webinaire-comment-reussir-son-cv-et-son-book\/#breadcrumb\",\"itemListElement\":[{\"@type\":\"ListItem\",\"position\":1,\"name\":\"Home\",\"item\":\"https:\/\/archibat.com\/blog\/\"},{\"@type\":\"ListItem\",\"position\":2,\"name\":\"Webinaire ArchiBat RH : Comment r\u00e9ussir son CV et son book ?\"}]},{\"@type\":\"WebSite\",\"@id\":\"https:\/\/archibat.com\/blog\/#website\",\"url\":\"https:\/\/archibat.com\/blog\/\",\"name\":\"ArchiBat Mag\",\"description\":\"Vous souhaitez connaitre les derni\u00e8res actualit\u00e9s sur l\u2019Architecture, le Design ou les Ressources Humaines ? D\u00e9couvrez ArchiBat Mag, le magazine d\u00e9di\u00e9 aux m\u00e9tiers de l&#039;Architecture et de l&#039;Ing\u00e9nierie.\",\"potentialAction\":[{\"@type\":\"SearchAction\",\"target\":{\"@type\":\"EntryPoint\",\"urlTemplate\":\"https:\/\/archibat.com\/blog\/?s={search_term_string}\"},\"query-input\":{\"@type\":\"PropertyValueSpecification\",\"valueRequired\":true,\"valueName\":\"search_term_string\"}}],\"inLanguage\":\"fr-FR\"},{\"@type\":\"Person\",\"@id\":\"https:\/\/archibat.com\/blog\/#\/schema\/person\/c246f0d63b5e719c2cbe4f9bd494bf12\",\"name\":\"communication\"}]}<\/script>\n<!-- \/ Yoast SEO plugin. -->","yoast_head_json":{"title":"Webinaire ArchiBat RH : Comment r\u00e9ussir son CV et son book ? &#8211; ArchiBat Mag","robots":{"index":"index","follow":"follow","max-snippet":"max-snippet:-1","max-image-preview":"max-image-preview:large","max-video-preview":"max-video-preview:-1"},"canonical":"https:\/\/archibat.com\/blog\/webinaire-comment-reussir-son-cv-et-son-book\/","og_locale":"fr_FR","og_type":"article","og_title":"Webinaire ArchiBat RH : Comment r\u00e9ussir son CV et son book ? &#8211; ArchiBat Mag","og_description":"COMMENT R\u00c9USSIR SON CV ET SON BOOK ? sp\u00e9cial jeunes architectes MARDI 9 MARS \u00c0 18H30&nbsp; Dur\u00e9e : 1 heure dont 20 mn de questions-r\u00e9ponses\u2026","og_url":"https:\/\/archibat.com\/blog\/webinaire-comment-reussir-son-cv-et-son-book\/","og_site_name":"ArchiBat Mag","article_published_time":"2021-02-15T13:00:35+00:00","article_modified_time":"2022-10-18T12:22:44+00:00","og_image":[{"width":1958,"height":1080,"url":"https:\/\/archibat.com\/blog\/wp-content\/uploads\/2021\/02\/Banner-Webinar.png","type":"image\/png"}],"author":"communication","twitter_card":"summary_large_image","twitter_misc":{"\u00c9crit par":"communication","Dur\u00e9e de lecture estim\u00e9e":"1 minute"},"schema":{"@context":"https:\/\/schema.org","@graph":[{"@type":"WebPage","@id":"https:\/\/archibat.com\/blog\/webinaire-comment-reussir-son-cv-et-son-book\/","url":"https:\/\/archibat.com\/blog\/webinaire-comment-reussir-son-cv-et-son-book\/","name":"Webinaire ArchiBat RH : Comment r\u00e9ussir son CV et son book ? &#8211; ArchiBat Mag","isPartOf":{"@id":"https:\/\/archibat.com\/blog\/#website"},"primaryImageOfPage":{"@id":"https:\/\/archibat.com\/blog\/webinaire-comment-reussir-son-cv-et-son-book\/#primaryimage"},"image":{"@id":"https:\/\/archibat.com\/blog\/webinaire-comment-reussir-son-cv-et-son-book\/#primaryimage"},"thumbnailUrl":"https:\/\/archibat.com\/blog\/wp-content\/uploads\/2021\/02\/Banner-Webinar.png","datePublished":"2021-02-15T13:00:35+00:00","dateModified":"2022-10-18T12:22:44+00:00","author":{"@id":"https:\/\/archibat.com\/blog\/#\/schema\/person\/c246f0d63b5e719c2cbe4f9bd494bf12"},"breadcrumb":{"@id":"https:\/\/archibat.com\/blog\/webinaire-comment-reussir-son-cv-et-son-book\/#breadcrumb"},"inLanguage":"fr-FR","potentialAction":[{"@type":"ReadAction","target":["https:\/\/archibat.com\/blog\/webinaire-comment-reussir-son-cv-et-son-book\/"]}]},{"@type":"ImageObject","inLanguage":"fr-FR","@id":"https:\/\/archibat.com\/blog\/webinaire-comment-reussir-son-cv-et-son-book\/#primaryimage","url":"https:\/\/archibat.com\/blog\/wp-content\/uploads\/2021\/02\/Banner-Webinar.png","contentUrl":"https:\/\/archibat.com\/blog\/wp-content\/uploads\/2021\/02\/Banner-Webinar.png","width":1958,"height":1080},{"@type":"BreadcrumbList","@id":"https:\/\/archibat.com\/blog\/webinaire-comment-reussir-son-cv-et-son-book\/#breadcrumb","itemListElement":[{"@type":"ListItem","position":1,"name":"Home","item":"https:\/\/archibat.com\/blog\/"},{"@type":"ListItem","position":2,"name":"Webinaire ArchiBat RH : Comment r\u00e9ussir son CV et son book ?"}]},{"@type":"WebSite","@id":"https:\/\/archibat.com\/blog\/#website","url":"https:\/\/archibat.com\/blog\/","name":"ArchiBat Mag","description":"Vous souhaitez connaitre les derni\u00e8res actualit\u00e9s sur l\u2019Architecture, le Design ou les Ressources Humaines ? D\u00e9couvrez ArchiBat Mag, le magazine d\u00e9di\u00e9 aux m\u00e9tiers de l&#039;Architecture et de l&#039;Ing\u00e9nierie.","potentialAction":[{"@type":"SearchAction","target":{"@type":"EntryPoint","urlTemplate":"https:\/\/archibat.com\/blog\/?s={search_term_string}"},"query-input":{"@type":"PropertyValueSpecification","valueRequired":true,"valueName":"search_term_string"}}],"inLanguage":"fr-FR"},{"@type":"Person","@id":"https:\/\/archibat.com\/blog\/#\/schema\/person\/c246f0d63b5e719c2cbe4f9bd494bf12","name":"communication"}]}},"_links":{"self":[{"href":"https:\/\/archibat.com\/blog\/wp-json\/wp\/v2\/posts\/14466","targetHints":{"allow":["GET"]}}],"collection":[{"href":"https:\/\/archibat.com\/blog\/wp-json\/wp\/v2\/posts"}],"about":[{"href":"https:\/\/archibat.com\/blog\/wp-json\/wp\/v2\/types\/post"}],"author":[{"embeddable":true,"href":"https:\/\/archibat.com\/blog\/wp-json\/wp\/v2\/users\/2"}],"replies":[{"embeddable":true,"href":"https:\/\/archibat.com\/blog\/wp-json\/wp\/v2\/comments?post=14466"}],"version-history":[{"count":3,"href":"https:\/\/archibat.com\/blog\/wp-json\/wp\/v2\/posts\/14466\/revisions"}],"predecessor-version":[{"id":14593,"href":"https:\/\/archibat.com\/blog\/wp-json\/wp\/v2\/posts\/14466\/revisions\/14593"}],"wp:featuredmedia":[{"embeddable":true,"href":"https:\/\/archibat.com\/blog\/wp-json\/wp\/v2\/media\/14590"}],"wp:attachment":[{"href":"https:\/\/archibat.com\/blog\/wp-json\/wp\/v2\/media?parent=14466"}],"wp:term":[{"taxonomy":"category","embeddable":true,"href":"https:\/\/archibat.com\/blog\/wp-json\/wp\/v2\/categories?post=14466"},{"taxonomy":"post_tag","embeddable":true,"href":"https:\/\/archibat.com\/blog\/wp-json\/wp\/v2\/tags?post=14466"}],"curies":[{"name":"wp","href":"https:\/\/api.w.org\/{rel}","templated":true}]}}