{"id":1468,"date":"2016-02-11T17:15:18","date_gmt":"2016-02-11T16:15:18","guid":{"rendered":"https:\/\/www.archibat.com\/blog\/?p=1468"},"modified":"2018-10-30T15:14:28","modified_gmt":"2018-10-30T14:14:28","slug":"le-prix-turner-2015-recompense-de-lart-contemporain-pour-un-collectif-darchitectes","status":"publish","type":"post","link":"https:\/\/archibat.com\/blog\/le-prix-turner-2015-recompense-de-lart-contemporain-pour-un-collectif-darchitectes\/","title":{"rendered":"Le Prix Turner 2015, r\u00e9compense de l&rsquo;art contemporain pour \u2026 un collectif d\u2019architectes\u00a0!"},"content":{"rendered":"<p>Le prix Turner, l\u2019une des plus prestigieuses r\u00e9compenses d\u2019art contemporain au monde a \u00e9t\u00e9 attribu\u00e9 le 7 d\u00e9cembre 2015 \u00e0 Londres. Ce prix a \u00e9t\u00e9 cr\u00e9\u00e9 en 1984 par la Tate Modern qui est l\u2019un des grands mus\u00e9es d\u2019art contemporain de Londres.<\/p>\n<p>Cette ann\u00e9e ce n\u2019est pas \u00e0 un photographe, un sculpteur ou encore \u00e0 un peintre mais bien \u00e0 un architecte ou plus exactement un collectif d\u2019architectes que la r\u00e9compense a \u00e9t\u00e9 remise.<\/p>\n<p>Les projets de ces laur\u00e9ats repr\u00e9sentent une nouvelle forme d\u2019art contemporain ancr\u00e9e dans la r\u00e9alit\u00e9 et fond\u00e9e sur une \u00e9conomie solidaire. C&rsquo;est une alternative \u00e0 l&rsquo;art contemporain qui n\u2019est pas toujours bien compris du grand public et tient parfois plus de la sp\u00e9culation que de la r\u00e9alit\u00e9.<\/p>\n<h2>Assemble\u00a0: qui sont-ils\u00a0?<\/h2>\n<p>Assemble\u00a0est un collectif compos\u00e9 d\u2019une quinzaine de personnes. Les architectes y sont majoritaires, toutefois, on compte aussi des \u00e9crivains ou des philosophes. Leur vision est bas\u00e9e sur l\u2019id\u00e9e que le design est un outil permettant de rassembler les gens et de cr\u00e9er du lien social dans les quartiers en difficult\u00e9.<\/p>\n<p>Leurs locaux sont bas\u00e9s \u00e0 Stratford, un quartier populaire de Londres. Ils ont d\u2019autres designers pour voisins ce qui conf\u00e8re \u00e0 cet environnement une \u00e9nergie cr\u00e9atrice inspirante et innovante.<\/p>\n<p><img loading=\"lazy\" decoding=\"async\" class=\"alignnone size-full wp-image-1472\" src=\"https:\/\/www.archibat.com\/blog\/wp-content\/uploads\/2016\/02\/IMG_57571-2.jpg\" alt=\"Assemble\" width=\"635\" height=\"423\" srcset=\"https:\/\/archibat.com\/blog\/wp-content\/uploads\/2016\/02\/IMG_57571-2.jpg 635w, https:\/\/archibat.com\/blog\/wp-content\/uploads\/2016\/02\/IMG_57571-2-300x200.jpg 300w, https:\/\/archibat.com\/blog\/wp-content\/uploads\/2016\/02\/IMG_57571-2-350x233.jpg 350w\" sizes=\"auto, (max-width: 635px) 100vw, 635px\" \/><\/p>\n<p>Ils ont r\u00e9alis\u00e9 de nombreux projets comme par exemple cette station essence qu\u2019ils ont transform\u00e9e en cin\u00e9ma gr\u00e2ce \u00e0 des mat\u00e9riaux de r\u00e9cup\u00e9ration et avec l\u2019aide d\u2019une centaine de b\u00e9n\u00e9voles.<\/p>\n<p><img loading=\"lazy\" decoding=\"async\" class=\"alignnone size-full wp-image-1473\" src=\"https:\/\/www.archibat.com\/blog\/wp-content\/uploads\/2016\/02\/VON5754S1-2.jpg\" alt=\"Assemble\" width=\"635\" height=\"579\" srcset=\"https:\/\/archibat.com\/blog\/wp-content\/uploads\/2016\/02\/VON5754S1-2.jpg 635w, https:\/\/archibat.com\/blog\/wp-content\/uploads\/2016\/02\/VON5754S1-2-300x274.jpg 300w, https:\/\/archibat.com\/blog\/wp-content\/uploads\/2016\/02\/VON5754S1-2-526x480.jpg 526w\" sizes=\"auto, (max-width: 635px) 100vw, 635px\" \/><\/p>\n<h2>Le projet de Granby Four Streets<\/h2>\n<p>Un de leurs projets en cours et qui leur a valu de se voir attribuer ce prix prestigieux, est le r\u00e9am\u00e9nagement de quatre rues d\u2019un quartier de Liverpool (Granby Four Streets) compos\u00e9es des derni\u00e8res maisons victoriennes des environs. Ce remodelage a \u00e9t\u00e9 r\u00e9alis\u00e9 en lien avec la population afin de conserver l\u2019\u00e2me du quartier, dans un esprit \u00ab\u00a0Do It Yourself\u00a0\u00bb, en m\u00ealant art, design et surtout architecture.<\/p>\n<p><img loading=\"lazy\" decoding=\"async\" class=\"alignnone size-full wp-image-1471\" src=\"https:\/\/www.archibat.com\/blog\/wp-content\/uploads\/2016\/02\/IMG_9346-2.jpg\" alt=\"Assemble\" width=\"635\" height=\"433\" srcset=\"https:\/\/archibat.com\/blog\/wp-content\/uploads\/2016\/02\/IMG_9346-2.jpg 635w, https:\/\/archibat.com\/blog\/wp-content\/uploads\/2016\/02\/IMG_9346-2-300x205.jpg 300w\" sizes=\"auto, (max-width: 635px) 100vw, 635px\" \/><\/p>\n<p><img loading=\"lazy\" decoding=\"async\" class=\"alignnone size-full wp-image-1470\" src=\"https:\/\/www.archibat.com\/blog\/wp-content\/uploads\/2016\/02\/Greenhouse-view-2.jpg\" alt=\"Assemble\" width=\"635\" height=\"505\" srcset=\"https:\/\/archibat.com\/blog\/wp-content\/uploads\/2016\/02\/Greenhouse-view-2.jpg 635w, https:\/\/archibat.com\/blog\/wp-content\/uploads\/2016\/02\/Greenhouse-view-2-300x239.jpg 300w, https:\/\/archibat.com\/blog\/wp-content\/uploads\/2016\/02\/Greenhouse-view-2-604x480.jpg 604w\" sizes=\"auto, (max-width: 635px) 100vw, 635px\" \/><\/p>\n<p><img loading=\"lazy\" decoding=\"async\" class=\"alignnone size-full wp-image-1469\" src=\"https:\/\/www.archibat.com\/blog\/wp-content\/uploads\/2016\/02\/frontview-2.jpg\" alt=\"Assemble\" width=\"635\" height=\"635\" srcset=\"https:\/\/archibat.com\/blog\/wp-content\/uploads\/2016\/02\/frontview-2.jpg 635w, https:\/\/archibat.com\/blog\/wp-content\/uploads\/2016\/02\/frontview-2-300x300.jpg 300w, https:\/\/archibat.com\/blog\/wp-content\/uploads\/2016\/02\/frontview-2-480x480.jpg 480w, https:\/\/archibat.com\/blog\/wp-content\/uploads\/2016\/02\/frontview-2-432x432.jpg 432w, https:\/\/archibat.com\/blog\/wp-content\/uploads\/2016\/02\/frontview-2-600x600.jpg 600w\" sizes=\"auto, (max-width: 635px) 100vw, 635px\" \/><\/p>\n<p><em><strong>Et si l\u2019architecture solidaire et collaborative \u00e9tait une nouvelle forme d\u2019art contemporain ? Qu&rsquo;en pensez-vous ?<\/strong><\/em><\/p>\n","protected":false},"excerpt":{"rendered":"<p>Le prix Turner, l\u2019une des plus prestigieuses r\u00e9compenses d\u2019art contemporain au monde a \u00e9t\u00e9 attribu\u00e9 le 7 d\u00e9cembre 2015 \u00e0 Londres. Ce prix a \u00e9t\u00e9\u2026<\/p>\n","protected":false},"author":2,"featured_media":1475,"comment_status":"closed","ping_status":"closed","sticky":false,"template":"","format":"standard","meta":{"_acf_changed":false,"footnotes":""},"categories":[3],"tags":[1554,1555,1556],"class_list":["post-1468","post","type-post","status-publish","format-standard","has-post-thumbnail","hentry","category-architecture-et-design","tag-assemble","tag-collectif-darchitectes","tag-prix-turner"],"acf":[],"yoast_head":"<!-- This site is optimized with the Yoast SEO plugin v24.8.1 - https:\/\/yoast.com\/wordpress\/plugins\/seo\/ -->\n<title>Le Prix Turner 2015, r\u00e9compense de l&#039;art contemporain pour \u2026 un collectif d\u2019architectes\u00a0! &#8211; ArchiBat Mag<\/title>\n<meta name=\"robots\" content=\"index, follow, max-snippet:-1, max-image-preview:large, max-video-preview:-1\" \/>\n<link rel=\"canonical\" href=\"https:\/\/archibat.com\/blog\/le-prix-turner-2015-recompense-de-lart-contemporain-pour-un-collectif-darchitectes\/\" \/>\n<meta property=\"og:locale\" content=\"fr_FR\" \/>\n<meta property=\"og:type\" content=\"article\" \/>\n<meta property=\"og:title\" content=\"Le Prix Turner 2015, r\u00e9compense de l&#039;art contemporain pour \u2026 un collectif d\u2019architectes\u00a0! &#8211; ArchiBat Mag\" \/>\n<meta property=\"og:description\" content=\"Le prix Turner, l\u2019une des plus prestigieuses r\u00e9compenses d\u2019art contemporain au monde a \u00e9t\u00e9 attribu\u00e9 le 7 d\u00e9cembre 2015 \u00e0 Londres. Ce prix a \u00e9t\u00e9\u2026\" \/>\n<meta property=\"og:url\" content=\"https:\/\/archibat.com\/blog\/le-prix-turner-2015-recompense-de-lart-contemporain-pour-un-collectif-darchitectes\/\" \/>\n<meta property=\"og:site_name\" content=\"ArchiBat Mag\" \/>\n<meta property=\"article:published_time\" content=\"2016-02-11T16:15:18+00:00\" \/>\n<meta property=\"article:modified_time\" content=\"2018-10-30T14:14:28+00:00\" \/>\n<meta property=\"og:image\" content=\"https:\/\/archibat.com\/blog\/wp-content\/uploads\/2016\/02\/Cineroleum_Zander-Olsen_0011-2.jpg\" \/>\n\t<meta property=\"og:image:width\" content=\"635\" \/>\n\t<meta property=\"og:image:height\" content=\"327\" \/>\n\t<meta property=\"og:image:type\" content=\"image\/jpeg\" \/>\n<meta name=\"author\" content=\"communication\" \/>\n<meta name=\"twitter:card\" content=\"summary_large_image\" \/>\n<meta name=\"twitter:label1\" content=\"\u00c9crit par\" \/>\n\t<meta name=\"twitter:data1\" content=\"communication\" \/>\n\t<meta name=\"twitter:label2\" content=\"Dur\u00e9e de lecture estim\u00e9e\" \/>\n\t<meta name=\"twitter:data2\" content=\"2 minutes\" \/>\n<script type=\"application\/ld+json\" class=\"yoast-schema-graph\">{\"@context\":\"https:\/\/schema.org\",\"@graph\":[{\"@type\":\"WebPage\",\"@id\":\"https:\/\/archibat.com\/blog\/le-prix-turner-2015-recompense-de-lart-contemporain-pour-un-collectif-darchitectes\/\",\"url\":\"https:\/\/archibat.com\/blog\/le-prix-turner-2015-recompense-de-lart-contemporain-pour-un-collectif-darchitectes\/\",\"name\":\"Le Prix Turner 2015, r\u00e9compense de l'art contemporain pour \u2026 un collectif d\u2019architectes\u00a0! &#8211; ArchiBat Mag\",\"isPartOf\":{\"@id\":\"https:\/\/archibat.com\/blog\/#website\"},\"primaryImageOfPage\":{\"@id\":\"https:\/\/archibat.com\/blog\/le-prix-turner-2015-recompense-de-lart-contemporain-pour-un-collectif-darchitectes\/#primaryimage\"},\"image\":{\"@id\":\"https:\/\/archibat.com\/blog\/le-prix-turner-2015-recompense-de-lart-contemporain-pour-un-collectif-darchitectes\/#primaryimage\"},\"thumbnailUrl\":\"https:\/\/archibat.com\/blog\/wp-content\/uploads\/2016\/02\/Cineroleum_Zander-Olsen_0011-2.jpg\",\"datePublished\":\"2016-02-11T16:15:18+00:00\",\"dateModified\":\"2018-10-30T14:14:28+00:00\",\"author\":{\"@id\":\"https:\/\/archibat.com\/blog\/#\/schema\/person\/c246f0d63b5e719c2cbe4f9bd494bf12\"},\"breadcrumb\":{\"@id\":\"https:\/\/archibat.com\/blog\/le-prix-turner-2015-recompense-de-lart-contemporain-pour-un-collectif-darchitectes\/#breadcrumb\"},\"inLanguage\":\"fr-FR\",\"potentialAction\":[{\"@type\":\"ReadAction\",\"target\":[\"https:\/\/archibat.com\/blog\/le-prix-turner-2015-recompense-de-lart-contemporain-pour-un-collectif-darchitectes\/\"]}]},{\"@type\":\"ImageObject\",\"inLanguage\":\"fr-FR\",\"@id\":\"https:\/\/archibat.com\/blog\/le-prix-turner-2015-recompense-de-lart-contemporain-pour-un-collectif-darchitectes\/#primaryimage\",\"url\":\"https:\/\/archibat.com\/blog\/wp-content\/uploads\/2016\/02\/Cineroleum_Zander-Olsen_0011-2.jpg\",\"contentUrl\":\"https:\/\/archibat.com\/blog\/wp-content\/uploads\/2016\/02\/Cineroleum_Zander-Olsen_0011-2.jpg\",\"width\":635,\"height\":327,\"caption\":\"Assemble\"},{\"@type\":\"BreadcrumbList\",\"@id\":\"https:\/\/archibat.com\/blog\/le-prix-turner-2015-recompense-de-lart-contemporain-pour-un-collectif-darchitectes\/#breadcrumb\",\"itemListElement\":[{\"@type\":\"ListItem\",\"position\":1,\"name\":\"Home\",\"item\":\"https:\/\/archibat.com\/blog\/\"},{\"@type\":\"ListItem\",\"position\":2,\"name\":\"Le Prix Turner 2015, r\u00e9compense de l&rsquo;art contemporain pour \u2026 un collectif d\u2019architectes\u00a0!\"}]},{\"@type\":\"WebSite\",\"@id\":\"https:\/\/archibat.com\/blog\/#website\",\"url\":\"https:\/\/archibat.com\/blog\/\",\"name\":\"ArchiBat Mag\",\"description\":\"Vous souhaitez connaitre les derni\u00e8res actualit\u00e9s sur l\u2019Architecture, le Design ou les Ressources Humaines ? D\u00e9couvrez ArchiBat Mag, le magazine d\u00e9di\u00e9 aux m\u00e9tiers de l&#039;Architecture et de l&#039;Ing\u00e9nierie.\",\"potentialAction\":[{\"@type\":\"SearchAction\",\"target\":{\"@type\":\"EntryPoint\",\"urlTemplate\":\"https:\/\/archibat.com\/blog\/?s={search_term_string}\"},\"query-input\":{\"@type\":\"PropertyValueSpecification\",\"valueRequired\":true,\"valueName\":\"search_term_string\"}}],\"inLanguage\":\"fr-FR\"},{\"@type\":\"Person\",\"@id\":\"https:\/\/archibat.com\/blog\/#\/schema\/person\/c246f0d63b5e719c2cbe4f9bd494bf12\",\"name\":\"communication\"}]}<\/script>\n<!-- \/ Yoast SEO plugin. -->","yoast_head_json":{"title":"Le Prix Turner 2015, r\u00e9compense de l'art contemporain pour \u2026 un collectif d\u2019architectes\u00a0! &#8211; ArchiBat Mag","robots":{"index":"index","follow":"follow","max-snippet":"max-snippet:-1","max-image-preview":"max-image-preview:large","max-video-preview":"max-video-preview:-1"},"canonical":"https:\/\/archibat.com\/blog\/le-prix-turner-2015-recompense-de-lart-contemporain-pour-un-collectif-darchitectes\/","og_locale":"fr_FR","og_type":"article","og_title":"Le Prix Turner 2015, r\u00e9compense de l'art contemporain pour \u2026 un collectif d\u2019architectes\u00a0! &#8211; ArchiBat Mag","og_description":"Le prix Turner, l\u2019une des plus prestigieuses r\u00e9compenses d\u2019art contemporain au monde a \u00e9t\u00e9 attribu\u00e9 le 7 d\u00e9cembre 2015 \u00e0 Londres. Ce prix a \u00e9t\u00e9\u2026","og_url":"https:\/\/archibat.com\/blog\/le-prix-turner-2015-recompense-de-lart-contemporain-pour-un-collectif-darchitectes\/","og_site_name":"ArchiBat Mag","article_published_time":"2016-02-11T16:15:18+00:00","article_modified_time":"2018-10-30T14:14:28+00:00","og_image":[{"width":635,"height":327,"url":"https:\/\/archibat.com\/blog\/wp-content\/uploads\/2016\/02\/Cineroleum_Zander-Olsen_0011-2.jpg","type":"image\/jpeg"}],"author":"communication","twitter_card":"summary_large_image","twitter_misc":{"\u00c9crit par":"communication","Dur\u00e9e de lecture estim\u00e9e":"2 minutes"},"schema":{"@context":"https:\/\/schema.org","@graph":[{"@type":"WebPage","@id":"https:\/\/archibat.com\/blog\/le-prix-turner-2015-recompense-de-lart-contemporain-pour-un-collectif-darchitectes\/","url":"https:\/\/archibat.com\/blog\/le-prix-turner-2015-recompense-de-lart-contemporain-pour-un-collectif-darchitectes\/","name":"Le Prix Turner 2015, r\u00e9compense de l'art contemporain pour \u2026 un collectif d\u2019architectes\u00a0! &#8211; ArchiBat Mag","isPartOf":{"@id":"https:\/\/archibat.com\/blog\/#website"},"primaryImageOfPage":{"@id":"https:\/\/archibat.com\/blog\/le-prix-turner-2015-recompense-de-lart-contemporain-pour-un-collectif-darchitectes\/#primaryimage"},"image":{"@id":"https:\/\/archibat.com\/blog\/le-prix-turner-2015-recompense-de-lart-contemporain-pour-un-collectif-darchitectes\/#primaryimage"},"thumbnailUrl":"https:\/\/archibat.com\/blog\/wp-content\/uploads\/2016\/02\/Cineroleum_Zander-Olsen_0011-2.jpg","datePublished":"2016-02-11T16:15:18+00:00","dateModified":"2018-10-30T14:14:28+00:00","author":{"@id":"https:\/\/archibat.com\/blog\/#\/schema\/person\/c246f0d63b5e719c2cbe4f9bd494bf12"},"breadcrumb":{"@id":"https:\/\/archibat.com\/blog\/le-prix-turner-2015-recompense-de-lart-contemporain-pour-un-collectif-darchitectes\/#breadcrumb"},"inLanguage":"fr-FR","potentialAction":[{"@type":"ReadAction","target":["https:\/\/archibat.com\/blog\/le-prix-turner-2015-recompense-de-lart-contemporain-pour-un-collectif-darchitectes\/"]}]},{"@type":"ImageObject","inLanguage":"fr-FR","@id":"https:\/\/archibat.com\/blog\/le-prix-turner-2015-recompense-de-lart-contemporain-pour-un-collectif-darchitectes\/#primaryimage","url":"https:\/\/archibat.com\/blog\/wp-content\/uploads\/2016\/02\/Cineroleum_Zander-Olsen_0011-2.jpg","contentUrl":"https:\/\/archibat.com\/blog\/wp-content\/uploads\/2016\/02\/Cineroleum_Zander-Olsen_0011-2.jpg","width":635,"height":327,"caption":"Assemble"},{"@type":"BreadcrumbList","@id":"https:\/\/archibat.com\/blog\/le-prix-turner-2015-recompense-de-lart-contemporain-pour-un-collectif-darchitectes\/#breadcrumb","itemListElement":[{"@type":"ListItem","position":1,"name":"Home","item":"https:\/\/archibat.com\/blog\/"},{"@type":"ListItem","position":2,"name":"Le Prix Turner 2015, r\u00e9compense de l&rsquo;art contemporain pour \u2026 un collectif d\u2019architectes\u00a0!"}]},{"@type":"WebSite","@id":"https:\/\/archibat.com\/blog\/#website","url":"https:\/\/archibat.com\/blog\/","name":"ArchiBat Mag","description":"Vous souhaitez connaitre les derni\u00e8res actualit\u00e9s sur l\u2019Architecture, le Design ou les Ressources Humaines ? D\u00e9couvrez ArchiBat Mag, le magazine d\u00e9di\u00e9 aux m\u00e9tiers de l&#039;Architecture et de l&#039;Ing\u00e9nierie.","potentialAction":[{"@type":"SearchAction","target":{"@type":"EntryPoint","urlTemplate":"https:\/\/archibat.com\/blog\/?s={search_term_string}"},"query-input":{"@type":"PropertyValueSpecification","valueRequired":true,"valueName":"search_term_string"}}],"inLanguage":"fr-FR"},{"@type":"Person","@id":"https:\/\/archibat.com\/blog\/#\/schema\/person\/c246f0d63b5e719c2cbe4f9bd494bf12","name":"communication"}]}},"_links":{"self":[{"href":"https:\/\/archibat.com\/blog\/wp-json\/wp\/v2\/posts\/1468","targetHints":{"allow":["GET"]}}],"collection":[{"href":"https:\/\/archibat.com\/blog\/wp-json\/wp\/v2\/posts"}],"about":[{"href":"https:\/\/archibat.com\/blog\/wp-json\/wp\/v2\/types\/post"}],"author":[{"embeddable":true,"href":"https:\/\/archibat.com\/blog\/wp-json\/wp\/v2\/users\/2"}],"replies":[{"embeddable":true,"href":"https:\/\/archibat.com\/blog\/wp-json\/wp\/v2\/comments?post=1468"}],"version-history":[{"count":2,"href":"https:\/\/archibat.com\/blog\/wp-json\/wp\/v2\/posts\/1468\/revisions"}],"predecessor-version":[{"id":6247,"href":"https:\/\/archibat.com\/blog\/wp-json\/wp\/v2\/posts\/1468\/revisions\/6247"}],"wp:featuredmedia":[{"embeddable":true,"href":"https:\/\/archibat.com\/blog\/wp-json\/wp\/v2\/media\/1475"}],"wp:attachment":[{"href":"https:\/\/archibat.com\/blog\/wp-json\/wp\/v2\/media?parent=1468"}],"wp:term":[{"taxonomy":"category","embeddable":true,"href":"https:\/\/archibat.com\/blog\/wp-json\/wp\/v2\/categories?post=1468"},{"taxonomy":"post_tag","embeddable":true,"href":"https:\/\/archibat.com\/blog\/wp-json\/wp\/v2\/tags?post=1468"}],"curies":[{"name":"wp","href":"https:\/\/api.w.org\/{rel}","templated":true}]}}