{"id":1476,"date":"2016-02-12T15:01:01","date_gmt":"2016-02-12T14:01:01","guid":{"rendered":"https:\/\/www.archibat.com\/blog\/?p=1476"},"modified":"2018-11-20T17:54:59","modified_gmt":"2018-11-20T16:54:59","slug":"my-home-is-your-office","status":"publish","type":"post","link":"https:\/\/archibat.com\/blog\/my-home-is-your-office\/","title":{"rendered":"\u00ab\u00a0My home is your office\u00a0\u00bb"},"content":{"rendered":"<h2>R\u00e9inventez votre espace de travail, chez un particulier\u00a0!<\/h2>\n<p>Astucieux\u00a0! D\u00e9sormais, les particuliers peuvent louer leurs espaces sous-utilis\u00e9s en journ\u00e9e, \u00e0 des professionnels nomades dont la demande est en pleine explosion dans les grandes villes.<\/p>\n<p>Face a\u0300 l\u2019offre co\u00fbteuse et souvent inadapte\u0301e des grandes villes, comme les centres d\u2019affaires rigides, les espaces de co-working souvent impersonnels, ou les cafe\u0301s bruyants et encombre\u0301s, <strong><a href=\"https:\/\/www.officeriders.com\/\" target=\"_blank\" rel=\"noopener\">OfficeRiders<\/a> propose une alternative abordable, conviviale et souple, en vous invitant a\u0300 travailler dans des espaces singuliers chez les particuliers.<\/strong><\/p>\n<p>D\u00e9j\u00e0 surnomm\u00e9e \u00ab\u00a0AirBnb\u00a0des professionnels\u00a0\u00bb, la start-up Fran\u00e7aise OfficeRiders, brise les codes du march\u00e9, avec ce concept issu de l\u2019\u00e9conomie collaborative.<\/p>\n<p>OfficeRiders regorge de perles qui r\u00e9pondent \u00e0 de multiples besoins professionnels : lofts de caract\u00e8re, rooftops avec vues imprenables, grandes maisons avec jardin, studios soigneusement d\u00e9cor\u00e9s, et salons haussmanniens&#8230; Tous ces espaces auxquels OfficeRiders redonne vie en journ\u00e9e, vous attendent pour travailler en toute intimit\u00e9 ou avec d&rsquo;autres ! Ils accueillent aujourd\u2019hui des journ\u00e9es de co-working, des r\u00e9unions, des start-ups, ou encore des showrooms ou des cours de cuisine\u00a0!<\/p>\n<p>OfficeRiders puise sa force dans l\u2019e\u0301conomie du partage et les nouvelles technologies, pour re\u0301pondre aux difficult\u00e9s lie\u0301s au co\u00fbt de l\u2019immobilier, a\u0300 l\u2019isolement au travail, et a\u0300 la forte croissance du travail de\u0301-se\u0301dentarise\u0301 dans les grandes villes.<\/p>\n<p>La marketplace en ligne\u00a0<a href=\"https:\/\/www.officeriders.com\/\" target=\"_blank\" rel=\"noopener\">www.officeriders.com<\/a>,\u00a0qui compte d\u00e9j\u00e0 plus de\u00a0<strong>4.000 utilisateurs<\/strong>, vient de d\u00e9passer les\u00a0<strong>400 espaces list\u00e9s\u00a0<\/strong>sur sa plateforme ; elle est appel\u00e9e \u00e0 se d\u00e9velopper dans d\u2019autres grandes villes en France et \u00e0 l\u2019international.<\/p>\n<p>OfficeRiders est actuellement en pleine campagne d\u2019equity-crowdfunding et invite ainsi chacun \u00e0 prendre part afin de grandir tous ensemble\u00a0: <a href=\"www.smartangels.fr\/entreprises\/officeriders\" target=\"_blank\" rel=\"noopener\">www.smartangels.fr\/entreprises\/officeriders<\/a><\/p>\n","protected":false},"excerpt":{"rendered":"<p>R\u00e9inventez votre espace de travail, chez un particulier\u00a0! Astucieux\u00a0! D\u00e9sormais, les particuliers peuvent louer leurs espaces sous-utilis\u00e9s en journ\u00e9e, \u00e0 des professionnels nomades dont la\u2026<\/p>\n","protected":false},"author":2,"featured_media":1487,"comment_status":"closed","ping_status":"closed","sticky":false,"template":"","format":"standard","meta":{"_acf_changed":false,"footnotes":""},"categories":[3],"tags":[],"class_list":["post-1476","post","type-post","status-publish","format-standard","has-post-thumbnail","hentry","category-architecture-et-design"],"acf":[],"yoast_head":"<!-- This site is optimized with the Yoast SEO plugin v24.8.1 - https:\/\/yoast.com\/wordpress\/plugins\/seo\/ -->\n<title>\u00ab\u00a0My home is your office\u00a0\u00bb &#8211; ArchiBat Mag<\/title>\n<meta name=\"robots\" content=\"index, follow, max-snippet:-1, max-image-preview:large, max-video-preview:-1\" \/>\n<link rel=\"canonical\" href=\"https:\/\/archibat.com\/blog\/my-home-is-your-office\/\" \/>\n<meta property=\"og:locale\" content=\"fr_FR\" \/>\n<meta property=\"og:type\" content=\"article\" \/>\n<meta property=\"og:title\" content=\"\u00ab\u00a0My home is your office\u00a0\u00bb &#8211; ArchiBat Mag\" \/>\n<meta property=\"og:description\" content=\"R\u00e9inventez votre espace de travail, chez un particulier\u00a0! Astucieux\u00a0! D\u00e9sormais, les particuliers peuvent louer leurs espaces sous-utilis\u00e9s en journ\u00e9e, \u00e0 des professionnels nomades dont la\u2026\" \/>\n<meta property=\"og:url\" content=\"https:\/\/archibat.com\/blog\/my-home-is-your-office\/\" \/>\n<meta property=\"og:site_name\" content=\"ArchiBat Mag\" \/>\n<meta property=\"article:published_time\" content=\"2016-02-12T14:01:01+00:00\" \/>\n<meta property=\"article:modified_time\" content=\"2018-11-20T16:54:59+00:00\" \/>\n<meta property=\"og:image\" content=\"https:\/\/archibat.com\/blog\/wp-content\/uploads\/2016\/02\/Logo-tagline-final-2.png\" \/>\n\t<meta property=\"og:image:width\" content=\"635\" \/>\n\t<meta property=\"og:image:height\" content=\"341\" \/>\n\t<meta property=\"og:image:type\" content=\"image\/png\" \/>\n<meta name=\"author\" content=\"communication\" \/>\n<meta name=\"twitter:card\" content=\"summary_large_image\" \/>\n<meta name=\"twitter:label1\" content=\"\u00c9crit par\" \/>\n\t<meta name=\"twitter:data1\" content=\"communication\" \/>\n\t<meta name=\"twitter:label2\" content=\"Dur\u00e9e de lecture estim\u00e9e\" \/>\n\t<meta name=\"twitter:data2\" content=\"2 minutes\" \/>\n<script type=\"application\/ld+json\" class=\"yoast-schema-graph\">{\"@context\":\"https:\/\/schema.org\",\"@graph\":[{\"@type\":\"WebPage\",\"@id\":\"https:\/\/archibat.com\/blog\/my-home-is-your-office\/\",\"url\":\"https:\/\/archibat.com\/blog\/my-home-is-your-office\/\",\"name\":\"\u00ab\u00a0My home is your office\u00a0\u00bb &#8211; ArchiBat Mag\",\"isPartOf\":{\"@id\":\"https:\/\/archibat.com\/blog\/#website\"},\"primaryImageOfPage\":{\"@id\":\"https:\/\/archibat.com\/blog\/my-home-is-your-office\/#primaryimage\"},\"image\":{\"@id\":\"https:\/\/archibat.com\/blog\/my-home-is-your-office\/#primaryimage\"},\"thumbnailUrl\":\"https:\/\/archibat.com\/blog\/wp-content\/uploads\/2016\/02\/Logo-tagline-final-2.png\",\"datePublished\":\"2016-02-12T14:01:01+00:00\",\"dateModified\":\"2018-11-20T16:54:59+00:00\",\"author\":{\"@id\":\"https:\/\/archibat.com\/blog\/#\/schema\/person\/c246f0d63b5e719c2cbe4f9bd494bf12\"},\"breadcrumb\":{\"@id\":\"https:\/\/archibat.com\/blog\/my-home-is-your-office\/#breadcrumb\"},\"inLanguage\":\"fr-FR\",\"potentialAction\":[{\"@type\":\"ReadAction\",\"target\":[\"https:\/\/archibat.com\/blog\/my-home-is-your-office\/\"]}]},{\"@type\":\"ImageObject\",\"inLanguage\":\"fr-FR\",\"@id\":\"https:\/\/archibat.com\/blog\/my-home-is-your-office\/#primaryimage\",\"url\":\"https:\/\/archibat.com\/blog\/wp-content\/uploads\/2016\/02\/Logo-tagline-final-2.png\",\"contentUrl\":\"https:\/\/archibat.com\/blog\/wp-content\/uploads\/2016\/02\/Logo-tagline-final-2.png\",\"width\":635,\"height\":341},{\"@type\":\"BreadcrumbList\",\"@id\":\"https:\/\/archibat.com\/blog\/my-home-is-your-office\/#breadcrumb\",\"itemListElement\":[{\"@type\":\"ListItem\",\"position\":1,\"name\":\"Home\",\"item\":\"https:\/\/archibat.com\/blog\/\"},{\"@type\":\"ListItem\",\"position\":2,\"name\":\"\u00ab\u00a0My home is your office\u00a0\u00bb\"}]},{\"@type\":\"WebSite\",\"@id\":\"https:\/\/archibat.com\/blog\/#website\",\"url\":\"https:\/\/archibat.com\/blog\/\",\"name\":\"ArchiBat Mag\",\"description\":\"Vous souhaitez connaitre les derni\u00e8res actualit\u00e9s sur l\u2019Architecture, le Design ou les Ressources Humaines ? D\u00e9couvrez ArchiBat Mag, le magazine d\u00e9di\u00e9 aux m\u00e9tiers de l&#039;Architecture et de l&#039;Ing\u00e9nierie.\",\"potentialAction\":[{\"@type\":\"SearchAction\",\"target\":{\"@type\":\"EntryPoint\",\"urlTemplate\":\"https:\/\/archibat.com\/blog\/?s={search_term_string}\"},\"query-input\":{\"@type\":\"PropertyValueSpecification\",\"valueRequired\":true,\"valueName\":\"search_term_string\"}}],\"inLanguage\":\"fr-FR\"},{\"@type\":\"Person\",\"@id\":\"https:\/\/archibat.com\/blog\/#\/schema\/person\/c246f0d63b5e719c2cbe4f9bd494bf12\",\"name\":\"communication\"}]}<\/script>\n<!-- \/ Yoast SEO plugin. -->","yoast_head_json":{"title":"\u00ab\u00a0My home is your office\u00a0\u00bb &#8211; ArchiBat Mag","robots":{"index":"index","follow":"follow","max-snippet":"max-snippet:-1","max-image-preview":"max-image-preview:large","max-video-preview":"max-video-preview:-1"},"canonical":"https:\/\/archibat.com\/blog\/my-home-is-your-office\/","og_locale":"fr_FR","og_type":"article","og_title":"\u00ab\u00a0My home is your office\u00a0\u00bb &#8211; ArchiBat Mag","og_description":"R\u00e9inventez votre espace de travail, chez un particulier\u00a0! Astucieux\u00a0! D\u00e9sormais, les particuliers peuvent louer leurs espaces sous-utilis\u00e9s en journ\u00e9e, \u00e0 des professionnels nomades dont la\u2026","og_url":"https:\/\/archibat.com\/blog\/my-home-is-your-office\/","og_site_name":"ArchiBat Mag","article_published_time":"2016-02-12T14:01:01+00:00","article_modified_time":"2018-11-20T16:54:59+00:00","og_image":[{"width":635,"height":341,"url":"https:\/\/archibat.com\/blog\/wp-content\/uploads\/2016\/02\/Logo-tagline-final-2.png","type":"image\/png"}],"author":"communication","twitter_card":"summary_large_image","twitter_misc":{"\u00c9crit par":"communication","Dur\u00e9e de lecture estim\u00e9e":"2 minutes"},"schema":{"@context":"https:\/\/schema.org","@graph":[{"@type":"WebPage","@id":"https:\/\/archibat.com\/blog\/my-home-is-your-office\/","url":"https:\/\/archibat.com\/blog\/my-home-is-your-office\/","name":"\u00ab\u00a0My home is your office\u00a0\u00bb &#8211; ArchiBat Mag","isPartOf":{"@id":"https:\/\/archibat.com\/blog\/#website"},"primaryImageOfPage":{"@id":"https:\/\/archibat.com\/blog\/my-home-is-your-office\/#primaryimage"},"image":{"@id":"https:\/\/archibat.com\/blog\/my-home-is-your-office\/#primaryimage"},"thumbnailUrl":"https:\/\/archibat.com\/blog\/wp-content\/uploads\/2016\/02\/Logo-tagline-final-2.png","datePublished":"2016-02-12T14:01:01+00:00","dateModified":"2018-11-20T16:54:59+00:00","author":{"@id":"https:\/\/archibat.com\/blog\/#\/schema\/person\/c246f0d63b5e719c2cbe4f9bd494bf12"},"breadcrumb":{"@id":"https:\/\/archibat.com\/blog\/my-home-is-your-office\/#breadcrumb"},"inLanguage":"fr-FR","potentialAction":[{"@type":"ReadAction","target":["https:\/\/archibat.com\/blog\/my-home-is-your-office\/"]}]},{"@type":"ImageObject","inLanguage":"fr-FR","@id":"https:\/\/archibat.com\/blog\/my-home-is-your-office\/#primaryimage","url":"https:\/\/archibat.com\/blog\/wp-content\/uploads\/2016\/02\/Logo-tagline-final-2.png","contentUrl":"https:\/\/archibat.com\/blog\/wp-content\/uploads\/2016\/02\/Logo-tagline-final-2.png","width":635,"height":341},{"@type":"BreadcrumbList","@id":"https:\/\/archibat.com\/blog\/my-home-is-your-office\/#breadcrumb","itemListElement":[{"@type":"ListItem","position":1,"name":"Home","item":"https:\/\/archibat.com\/blog\/"},{"@type":"ListItem","position":2,"name":"\u00ab\u00a0My home is your office\u00a0\u00bb"}]},{"@type":"WebSite","@id":"https:\/\/archibat.com\/blog\/#website","url":"https:\/\/archibat.com\/blog\/","name":"ArchiBat Mag","description":"Vous souhaitez connaitre les derni\u00e8res actualit\u00e9s sur l\u2019Architecture, le Design ou les Ressources Humaines ? D\u00e9couvrez ArchiBat Mag, le magazine d\u00e9di\u00e9 aux m\u00e9tiers de l&#039;Architecture et de l&#039;Ing\u00e9nierie.","potentialAction":[{"@type":"SearchAction","target":{"@type":"EntryPoint","urlTemplate":"https:\/\/archibat.com\/blog\/?s={search_term_string}"},"query-input":{"@type":"PropertyValueSpecification","valueRequired":true,"valueName":"search_term_string"}}],"inLanguage":"fr-FR"},{"@type":"Person","@id":"https:\/\/archibat.com\/blog\/#\/schema\/person\/c246f0d63b5e719c2cbe4f9bd494bf12","name":"communication"}]}},"_links":{"self":[{"href":"https:\/\/archibat.com\/blog\/wp-json\/wp\/v2\/posts\/1476","targetHints":{"allow":["GET"]}}],"collection":[{"href":"https:\/\/archibat.com\/blog\/wp-json\/wp\/v2\/posts"}],"about":[{"href":"https:\/\/archibat.com\/blog\/wp-json\/wp\/v2\/types\/post"}],"author":[{"embeddable":true,"href":"https:\/\/archibat.com\/blog\/wp-json\/wp\/v2\/users\/2"}],"replies":[{"embeddable":true,"href":"https:\/\/archibat.com\/blog\/wp-json\/wp\/v2\/comments?post=1476"}],"version-history":[{"count":2,"href":"https:\/\/archibat.com\/blog\/wp-json\/wp\/v2\/posts\/1476\/revisions"}],"predecessor-version":[{"id":7775,"href":"https:\/\/archibat.com\/blog\/wp-json\/wp\/v2\/posts\/1476\/revisions\/7775"}],"wp:featuredmedia":[{"embeddable":true,"href":"https:\/\/archibat.com\/blog\/wp-json\/wp\/v2\/media\/1487"}],"wp:attachment":[{"href":"https:\/\/archibat.com\/blog\/wp-json\/wp\/v2\/media?parent=1476"}],"wp:term":[{"taxonomy":"category","embeddable":true,"href":"https:\/\/archibat.com\/blog\/wp-json\/wp\/v2\/categories?post=1476"},{"taxonomy":"post_tag","embeddable":true,"href":"https:\/\/archibat.com\/blog\/wp-json\/wp\/v2\/tags?post=1476"}],"curies":[{"name":"wp","href":"https:\/\/api.w.org\/{rel}","templated":true}]}}