{"id":15138,"date":"2021-05-18T14:00:44","date_gmt":"2021-05-18T12:00:44","guid":{"rendered":"https:\/\/archibat.com\/blog\/?p=15138"},"modified":"2021-06-11T14:32:42","modified_gmt":"2021-06-11T12:32:42","slug":"une-evasion-coloree-avec-des-objets-et-matieres-recyclees","status":"publish","type":"post","link":"https:\/\/archibat.com\/blog\/une-evasion-coloree-avec-des-objets-et-matieres-recyclees\/","title":{"rendered":"\u00ab\u00a0Evasion color\u00e9e\u00a0\u00bb avec des mat\u00e9riaux et objets recycl\u00e9s"},"content":{"rendered":"\n<p>L\u2019agence d\u2019architecture Office S&amp;M a totalement transform\u00e9 le niveau inf\u00e9rieur d\u2019une maison g\u00e9orgienne pour en faire une \u00ab&nbsp;\u00e9vasion color\u00e9e&nbsp;\u00bb au c\u0153ur de la ville de Londres. Le bureau en sous-sol \u00e9tait tr\u00e8s peu utilis\u00e9 en raison de son atmosph\u00e8re sombre, humide et exigu\u00eb. Aujourd\u2019hui, l\u2019espace de 55 m\u00b2 abrite une cuisine ouverte, des espaces de repas ainsi que deux salles de bains, id\u00e9al pour une famille de quatre personnes.<\/p>\n\n\n\n<div class=\"wp-block-image\"><figure class=\"aligncenter size-large is-resized\"><img loading=\"lazy\" decoding=\"async\" src=\"https:\/\/archibat.com\/blog\/wp-content\/uploads\/2021\/05\/80268_office_sm_mo_tel_house_2-720x480.jpg\" alt=\"\" class=\"wp-image-15141\" width=\"829\" height=\"552\" srcset=\"https:\/\/archibat.com\/blog\/wp-content\/uploads\/2021\/05\/80268_office_sm_mo_tel_house_2-720x480.jpg 720w, https:\/\/archibat.com\/blog\/wp-content\/uploads\/2021\/05\/80268_office_sm_mo_tel_house_2-300x200.jpg 300w, https:\/\/archibat.com\/blog\/wp-content\/uploads\/2021\/05\/80268_office_sm_mo_tel_house_2-1440x960.jpg 1440w, https:\/\/archibat.com\/blog\/wp-content\/uploads\/2021\/05\/80268_office_sm_mo_tel_house_2-960x640.jpg 960w, https:\/\/archibat.com\/blog\/wp-content\/uploads\/2021\/05\/80268_office_sm_mo_tel_house_2-1920x1280.jpg 1920w, https:\/\/archibat.com\/blog\/wp-content\/uploads\/2021\/05\/80268_office_sm_mo_tel_house_2-350x233.jpg 350w, https:\/\/archibat.com\/blog\/wp-content\/uploads\/2021\/05\/80268_office_sm_mo_tel_house_2-700x466.jpg 700w\" sizes=\"auto, (max-width: 829px) 100vw, 829px\" \/><\/figure><\/div>\n\n\n\n<div class=\"wp-block-image\"><figure class=\"aligncenter size-large is-resized\"><img loading=\"lazy\" decoding=\"async\" src=\"https:\/\/archibat.com\/blog\/wp-content\/uploads\/2021\/05\/80272_office_sm_mo_tel_house_6-720x480.jpg\" alt=\"\" class=\"wp-image-15145\" width=\"1071\" height=\"714\" srcset=\"https:\/\/archibat.com\/blog\/wp-content\/uploads\/2021\/05\/80272_office_sm_mo_tel_house_6-720x480.jpg 720w, https:\/\/archibat.com\/blog\/wp-content\/uploads\/2021\/05\/80272_office_sm_mo_tel_house_6-300x200.jpg 300w, https:\/\/archibat.com\/blog\/wp-content\/uploads\/2021\/05\/80272_office_sm_mo_tel_house_6-768x513.jpg 768w, https:\/\/archibat.com\/blog\/wp-content\/uploads\/2021\/05\/80272_office_sm_mo_tel_house_6-1536x1026.jpg 1536w, https:\/\/archibat.com\/blog\/wp-content\/uploads\/2021\/05\/80272_office_sm_mo_tel_house_6-1440x960.jpg 1440w, https:\/\/archibat.com\/blog\/wp-content\/uploads\/2021\/05\/80272_office_sm_mo_tel_house_6-960x640.jpg 960w, https:\/\/archibat.com\/blog\/wp-content\/uploads\/2021\/05\/80272_office_sm_mo_tel_house_6.jpg 1920w, https:\/\/archibat.com\/blog\/wp-content\/uploads\/2021\/05\/80272_office_sm_mo_tel_house_6-350x233.jpg 350w, https:\/\/archibat.com\/blog\/wp-content\/uploads\/2021\/05\/80272_office_sm_mo_tel_house_6-700x466.jpg 700w\" sizes=\"auto, (max-width: 1071px) 100vw, 1071px\" \/><\/figure><\/div>\n\n\n\n<p>En d\u00e9molissant les murs int\u00e9rieurs pour ouvrir l\u2019espace, les designers ont apport\u00e9 de la couleur et de la lumi\u00e8re dans cette zone d\u00e9laiss\u00e9e. Un escalier bleu sarcelle relie les deux niveaux et rejoint une palette tropicale de vert, de bleu, de jaune et de rose. Les luminaires et les miroirs r\u00e9fl\u00e9chissants diffusent une belle luminosit\u00e9 dans toutes les directions, imitant la lumi\u00e8re naturelle du soleil.<\/p>\n\n\n\n<div class=\"wp-block-image\"><figure class=\"aligncenter size-large is-resized\"><img loading=\"lazy\" decoding=\"async\" src=\"https:\/\/archibat.com\/blog\/wp-content\/uploads\/2021\/05\/80269_office_sm_mo_tel_house_3-320x480.jpg\" alt=\"\" class=\"wp-image-15143\" width=\"772\" height=\"1158\" srcset=\"https:\/\/archibat.com\/blog\/wp-content\/uploads\/2021\/05\/80269_office_sm_mo_tel_house_3-320x480.jpg 320w, https:\/\/archibat.com\/blog\/wp-content\/uploads\/2021\/05\/80269_office_sm_mo_tel_house_3-200x300.jpg 200w, https:\/\/archibat.com\/blog\/wp-content\/uploads\/2021\/05\/80269_office_sm_mo_tel_house_3-1025x1536.jpg 1025w, https:\/\/archibat.com\/blog\/wp-content\/uploads\/2021\/05\/80269_office_sm_mo_tel_house_3-1367x2048.jpg 1367w\" sizes=\"auto, (max-width: 772px) 100vw, 772px\" \/><\/figure><\/div>\n\n\n\n<p>Le mobilier sur-mesure cr\u00e9e des \u00ab&nbsp;espaces interconnect\u00e9s mais distincts&nbsp;\u00bb, comme les meubles-bars encadrant la salle \u00e0 manger, qui servent aussi d\u2019espaces de rangement. Ce projet, appel\u00e9 Mo-tel House, utilise des objets et mat\u00e9riaux recycl\u00e9s. Des bouteilles de lait et des planches \u00e0 d\u00e9couper ont \u00e9t\u00e9 fondues pour cr\u00e9er les plans de travail et les surfaces marbr\u00e9es. Des copeaux et chutes de marbre ont \u00e9t\u00e9 utilis\u00e9s pour cr\u00e9er le terrazzo vert de la cuisine. Les luminaires l\u00e9gers sont sculpt\u00e9s \u00e0 partir de briques en carton recycl\u00e9es.<\/p>\n\n\n\n<div class=\"wp-block-image\"><figure class=\"aligncenter size-large is-resized\"><img loading=\"lazy\" decoding=\"async\" src=\"https:\/\/archibat.com\/blog\/wp-content\/uploads\/2021\/05\/80275_00title_office_sm_mo_tel_house_1-720x405.jpg\" alt=\"\" class=\"wp-image-15147\" width=\"989\" height=\"556\" srcset=\"https:\/\/archibat.com\/blog\/wp-content\/uploads\/2021\/05\/80275_00title_office_sm_mo_tel_house_1-720x405.jpg 720w, https:\/\/archibat.com\/blog\/wp-content\/uploads\/2021\/05\/80275_00title_office_sm_mo_tel_house_1-300x169.jpg 300w, https:\/\/archibat.com\/blog\/wp-content\/uploads\/2021\/05\/80275_00title_office_sm_mo_tel_house_1-768x432.jpg 768w, https:\/\/archibat.com\/blog\/wp-content\/uploads\/2021\/05\/80275_00title_office_sm_mo_tel_house_1-1536x864.jpg 1536w, https:\/\/archibat.com\/blog\/wp-content\/uploads\/2021\/05\/80275_00title_office_sm_mo_tel_house_1-2048x1152.jpg 2048w\" sizes=\"auto, (max-width: 989px) 100vw, 989px\" \/><\/figure><\/div>\n\n\n\n<p>Ce projet de r\u00e9novation est inspir\u00e9 de l\u2019\u00e9thique personnelle de la cliente Tamsin Chislett, en mati\u00e8re d\u2019emprunt et la r\u00e9utilisation des mat\u00e9riaux. Tamsin Chislett est la co-fondatrice d\u2019Onloan, une plateforme de pr\u00eat de v\u00eatements.<\/p>\n\n\n\n<div class=\"wp-block-image\"><figure class=\"aligncenter size-large is-resized\"><img loading=\"lazy\" decoding=\"async\" src=\"https:\/\/archibat.com\/blog\/wp-content\/uploads\/2021\/05\/80273_office_sm_mo_tel_house_7-320x480.jpg\" alt=\"\" class=\"wp-image-15149\" width=\"988\" height=\"1482\" srcset=\"https:\/\/archibat.com\/blog\/wp-content\/uploads\/2021\/05\/80273_office_sm_mo_tel_house_7-320x480.jpg 320w, https:\/\/archibat.com\/blog\/wp-content\/uploads\/2021\/05\/80273_office_sm_mo_tel_house_7-200x300.jpg 200w, https:\/\/archibat.com\/blog\/wp-content\/uploads\/2021\/05\/80273_office_sm_mo_tel_house_7-768x1151.jpg 768w, https:\/\/archibat.com\/blog\/wp-content\/uploads\/2021\/05\/80273_office_sm_mo_tel_house_7-1025x1536.jpg 1025w, https:\/\/archibat.com\/blog\/wp-content\/uploads\/2021\/05\/80273_office_sm_mo_tel_house_7-scaled.jpg 1708w\" sizes=\"auto, (max-width: 988px) 100vw, 988px\" \/><\/figure><\/div>\n\n\n\n<p>\u00ab&nbsp;Mo-tel House nous a mis au d\u00e9fi de consid\u00e9rer la r\u00e9utilisation comme un outil de conception pour de nouvelles id\u00e9es audacieuses. Nous avons trouv\u00e9 de la valeur et des opportunit\u00e9s dans des mat\u00e9riaux qui autrement auraient \u00e9t\u00e9 n\u00e9glig\u00e9s \u00bb d\u00e9taille Catrina Stewart, associ\u00e9e fondatrice d\u2019Office S&amp;M.<\/p>\n\n\n\n<p><\/p>\n\n\n\n<p><strong>Photos et architectes&nbsp;:<\/strong> <a href=\"https:\/\/officesandm.com\">Office S&amp;M<\/a><br><a href=\"https:\/\/onloan.co\/\">https:\/\/onloan.co\/<\/a><\/p>\n","protected":false},"excerpt":{"rendered":"<p>L\u2019agence d\u2019architecture Office S&amp;M a totalement transform\u00e9 le niveau inf\u00e9rieur d\u2019une maison g\u00e9orgienne pour en faire une \u00ab&nbsp;\u00e9vasion color\u00e9e&nbsp;\u00bb au c\u0153ur de la ville de\u2026<\/p>\n","protected":false},"author":2,"featured_media":15139,"comment_status":"closed","ping_status":"closed","sticky":false,"template":"","format":"standard","meta":{"_acf_changed":false,"footnotes":""},"categories":[3],"tags":[1228,1242,1352,2738,2737,2493],"class_list":["post-15138","post","type-post","status-publish","format-standard","has-post-thumbnail","hentry","category-architecture-et-design","tag-design","tag-londres","tag-maison","tag-mo-tel-house","tag-office-sm","tag-recyclage"],"acf":[],"yoast_head":"<!-- This site is optimized with the Yoast SEO plugin v24.8.1 - https:\/\/yoast.com\/wordpress\/plugins\/seo\/ -->\n<title>\u00ab\u00a0Evasion color\u00e9e\u00a0\u00bb avec des mat\u00e9riaux et objets recycl\u00e9s &#8211; ArchiBat Mag<\/title>\n<meta name=\"robots\" content=\"index, follow, max-snippet:-1, max-image-preview:large, max-video-preview:-1\" \/>\n<link rel=\"canonical\" href=\"https:\/\/archibat.com\/blog\/une-evasion-coloree-avec-des-objets-et-matieres-recyclees\/\" \/>\n<meta property=\"og:locale\" content=\"fr_FR\" \/>\n<meta property=\"og:type\" content=\"article\" \/>\n<meta property=\"og:title\" content=\"\u00ab\u00a0Evasion color\u00e9e\u00a0\u00bb avec des mat\u00e9riaux et objets recycl\u00e9s &#8211; ArchiBat Mag\" \/>\n<meta property=\"og:description\" content=\"L\u2019agence d\u2019architecture Office S&amp;M a totalement transform\u00e9 le niveau inf\u00e9rieur d\u2019une maison g\u00e9orgienne pour en faire une \u00ab&nbsp;\u00e9vasion color\u00e9e&nbsp;\u00bb au c\u0153ur de la ville de\u2026\" \/>\n<meta property=\"og:url\" content=\"https:\/\/archibat.com\/blog\/une-evasion-coloree-avec-des-objets-et-matieres-recyclees\/\" \/>\n<meta property=\"og:site_name\" content=\"ArchiBat Mag\" \/>\n<meta property=\"article:published_time\" content=\"2021-05-18T12:00:44+00:00\" \/>\n<meta property=\"article:modified_time\" content=\"2021-06-11T12:32:42+00:00\" \/>\n<meta property=\"og:image\" content=\"https:\/\/archibat.com\/blog\/wp-content\/uploads\/2021\/05\/80270_office_sm_mo_tel_house_4.jpg\" \/>\n\t<meta property=\"og:image:width\" content=\"1920\" \/>\n\t<meta property=\"og:image:height\" content=\"1282\" \/>\n\t<meta property=\"og:image:type\" content=\"image\/jpeg\" \/>\n<meta name=\"author\" content=\"communication\" \/>\n<meta name=\"twitter:card\" content=\"summary_large_image\" \/>\n<meta name=\"twitter:label1\" content=\"\u00c9crit par\" \/>\n\t<meta name=\"twitter:data1\" content=\"communication\" \/>\n\t<meta name=\"twitter:label2\" content=\"Dur\u00e9e de lecture estim\u00e9e\" \/>\n\t<meta name=\"twitter:data2\" content=\"2 minutes\" \/>\n<script type=\"application\/ld+json\" class=\"yoast-schema-graph\">{\"@context\":\"https:\/\/schema.org\",\"@graph\":[{\"@type\":\"WebPage\",\"@id\":\"https:\/\/archibat.com\/blog\/une-evasion-coloree-avec-des-objets-et-matieres-recyclees\/\",\"url\":\"https:\/\/archibat.com\/blog\/une-evasion-coloree-avec-des-objets-et-matieres-recyclees\/\",\"name\":\"\u00ab\u00a0Evasion color\u00e9e\u00a0\u00bb avec des mat\u00e9riaux et objets recycl\u00e9s &#8211; ArchiBat Mag\",\"isPartOf\":{\"@id\":\"https:\/\/archibat.com\/blog\/#website\"},\"primaryImageOfPage\":{\"@id\":\"https:\/\/archibat.com\/blog\/une-evasion-coloree-avec-des-objets-et-matieres-recyclees\/#primaryimage\"},\"image\":{\"@id\":\"https:\/\/archibat.com\/blog\/une-evasion-coloree-avec-des-objets-et-matieres-recyclees\/#primaryimage\"},\"thumbnailUrl\":\"https:\/\/archibat.com\/blog\/wp-content\/uploads\/2021\/05\/80270_office_sm_mo_tel_house_4.jpg\",\"datePublished\":\"2021-05-18T12:00:44+00:00\",\"dateModified\":\"2021-06-11T12:32:42+00:00\",\"author\":{\"@id\":\"https:\/\/archibat.com\/blog\/#\/schema\/person\/c246f0d63b5e719c2cbe4f9bd494bf12\"},\"breadcrumb\":{\"@id\":\"https:\/\/archibat.com\/blog\/une-evasion-coloree-avec-des-objets-et-matieres-recyclees\/#breadcrumb\"},\"inLanguage\":\"fr-FR\",\"potentialAction\":[{\"@type\":\"ReadAction\",\"target\":[\"https:\/\/archibat.com\/blog\/une-evasion-coloree-avec-des-objets-et-matieres-recyclees\/\"]}]},{\"@type\":\"ImageObject\",\"inLanguage\":\"fr-FR\",\"@id\":\"https:\/\/archibat.com\/blog\/une-evasion-coloree-avec-des-objets-et-matieres-recyclees\/#primaryimage\",\"url\":\"https:\/\/archibat.com\/blog\/wp-content\/uploads\/2021\/05\/80270_office_sm_mo_tel_house_4.jpg\",\"contentUrl\":\"https:\/\/archibat.com\/blog\/wp-content\/uploads\/2021\/05\/80270_office_sm_mo_tel_house_4.jpg\",\"width\":1920,\"height\":1282},{\"@type\":\"BreadcrumbList\",\"@id\":\"https:\/\/archibat.com\/blog\/une-evasion-coloree-avec-des-objets-et-matieres-recyclees\/#breadcrumb\",\"itemListElement\":[{\"@type\":\"ListItem\",\"position\":1,\"name\":\"Home\",\"item\":\"https:\/\/archibat.com\/blog\/\"},{\"@type\":\"ListItem\",\"position\":2,\"name\":\"\u00ab\u00a0Evasion color\u00e9e\u00a0\u00bb avec des mat\u00e9riaux et objets recycl\u00e9s\"}]},{\"@type\":\"WebSite\",\"@id\":\"https:\/\/archibat.com\/blog\/#website\",\"url\":\"https:\/\/archibat.com\/blog\/\",\"name\":\"ArchiBat Mag\",\"description\":\"Vous souhaitez connaitre les derni\u00e8res actualit\u00e9s sur l\u2019Architecture, le Design ou les Ressources Humaines ? D\u00e9couvrez ArchiBat Mag, le magazine d\u00e9di\u00e9 aux m\u00e9tiers de l&#039;Architecture et de l&#039;Ing\u00e9nierie.\",\"potentialAction\":[{\"@type\":\"SearchAction\",\"target\":{\"@type\":\"EntryPoint\",\"urlTemplate\":\"https:\/\/archibat.com\/blog\/?s={search_term_string}\"},\"query-input\":{\"@type\":\"PropertyValueSpecification\",\"valueRequired\":true,\"valueName\":\"search_term_string\"}}],\"inLanguage\":\"fr-FR\"},{\"@type\":\"Person\",\"@id\":\"https:\/\/archibat.com\/blog\/#\/schema\/person\/c246f0d63b5e719c2cbe4f9bd494bf12\",\"name\":\"communication\"}]}<\/script>\n<!-- \/ Yoast SEO plugin. -->","yoast_head_json":{"title":"\u00ab\u00a0Evasion color\u00e9e\u00a0\u00bb avec des mat\u00e9riaux et objets recycl\u00e9s &#8211; ArchiBat Mag","robots":{"index":"index","follow":"follow","max-snippet":"max-snippet:-1","max-image-preview":"max-image-preview:large","max-video-preview":"max-video-preview:-1"},"canonical":"https:\/\/archibat.com\/blog\/une-evasion-coloree-avec-des-objets-et-matieres-recyclees\/","og_locale":"fr_FR","og_type":"article","og_title":"\u00ab\u00a0Evasion color\u00e9e\u00a0\u00bb avec des mat\u00e9riaux et objets recycl\u00e9s &#8211; ArchiBat Mag","og_description":"L\u2019agence d\u2019architecture Office S&amp;M a totalement transform\u00e9 le niveau inf\u00e9rieur d\u2019une maison g\u00e9orgienne pour en faire une \u00ab&nbsp;\u00e9vasion color\u00e9e&nbsp;\u00bb au c\u0153ur de la ville de\u2026","og_url":"https:\/\/archibat.com\/blog\/une-evasion-coloree-avec-des-objets-et-matieres-recyclees\/","og_site_name":"ArchiBat Mag","article_published_time":"2021-05-18T12:00:44+00:00","article_modified_time":"2021-06-11T12:32:42+00:00","og_image":[{"width":1920,"height":1282,"url":"https:\/\/archibat.com\/blog\/wp-content\/uploads\/2021\/05\/80270_office_sm_mo_tel_house_4.jpg","type":"image\/jpeg"}],"author":"communication","twitter_card":"summary_large_image","twitter_misc":{"\u00c9crit par":"communication","Dur\u00e9e de lecture estim\u00e9e":"2 minutes"},"schema":{"@context":"https:\/\/schema.org","@graph":[{"@type":"WebPage","@id":"https:\/\/archibat.com\/blog\/une-evasion-coloree-avec-des-objets-et-matieres-recyclees\/","url":"https:\/\/archibat.com\/blog\/une-evasion-coloree-avec-des-objets-et-matieres-recyclees\/","name":"\u00ab\u00a0Evasion color\u00e9e\u00a0\u00bb avec des mat\u00e9riaux et objets recycl\u00e9s &#8211; ArchiBat Mag","isPartOf":{"@id":"https:\/\/archibat.com\/blog\/#website"},"primaryImageOfPage":{"@id":"https:\/\/archibat.com\/blog\/une-evasion-coloree-avec-des-objets-et-matieres-recyclees\/#primaryimage"},"image":{"@id":"https:\/\/archibat.com\/blog\/une-evasion-coloree-avec-des-objets-et-matieres-recyclees\/#primaryimage"},"thumbnailUrl":"https:\/\/archibat.com\/blog\/wp-content\/uploads\/2021\/05\/80270_office_sm_mo_tel_house_4.jpg","datePublished":"2021-05-18T12:00:44+00:00","dateModified":"2021-06-11T12:32:42+00:00","author":{"@id":"https:\/\/archibat.com\/blog\/#\/schema\/person\/c246f0d63b5e719c2cbe4f9bd494bf12"},"breadcrumb":{"@id":"https:\/\/archibat.com\/blog\/une-evasion-coloree-avec-des-objets-et-matieres-recyclees\/#breadcrumb"},"inLanguage":"fr-FR","potentialAction":[{"@type":"ReadAction","target":["https:\/\/archibat.com\/blog\/une-evasion-coloree-avec-des-objets-et-matieres-recyclees\/"]}]},{"@type":"ImageObject","inLanguage":"fr-FR","@id":"https:\/\/archibat.com\/blog\/une-evasion-coloree-avec-des-objets-et-matieres-recyclees\/#primaryimage","url":"https:\/\/archibat.com\/blog\/wp-content\/uploads\/2021\/05\/80270_office_sm_mo_tel_house_4.jpg","contentUrl":"https:\/\/archibat.com\/blog\/wp-content\/uploads\/2021\/05\/80270_office_sm_mo_tel_house_4.jpg","width":1920,"height":1282},{"@type":"BreadcrumbList","@id":"https:\/\/archibat.com\/blog\/une-evasion-coloree-avec-des-objets-et-matieres-recyclees\/#breadcrumb","itemListElement":[{"@type":"ListItem","position":1,"name":"Home","item":"https:\/\/archibat.com\/blog\/"},{"@type":"ListItem","position":2,"name":"\u00ab\u00a0Evasion color\u00e9e\u00a0\u00bb avec des mat\u00e9riaux et objets recycl\u00e9s"}]},{"@type":"WebSite","@id":"https:\/\/archibat.com\/blog\/#website","url":"https:\/\/archibat.com\/blog\/","name":"ArchiBat Mag","description":"Vous souhaitez connaitre les derni\u00e8res actualit\u00e9s sur l\u2019Architecture, le Design ou les Ressources Humaines ? D\u00e9couvrez ArchiBat Mag, le magazine d\u00e9di\u00e9 aux m\u00e9tiers de l&#039;Architecture et de l&#039;Ing\u00e9nierie.","potentialAction":[{"@type":"SearchAction","target":{"@type":"EntryPoint","urlTemplate":"https:\/\/archibat.com\/blog\/?s={search_term_string}"},"query-input":{"@type":"PropertyValueSpecification","valueRequired":true,"valueName":"search_term_string"}}],"inLanguage":"fr-FR"},{"@type":"Person","@id":"https:\/\/archibat.com\/blog\/#\/schema\/person\/c246f0d63b5e719c2cbe4f9bd494bf12","name":"communication"}]}},"_links":{"self":[{"href":"https:\/\/archibat.com\/blog\/wp-json\/wp\/v2\/posts\/15138","targetHints":{"allow":["GET"]}}],"collection":[{"href":"https:\/\/archibat.com\/blog\/wp-json\/wp\/v2\/posts"}],"about":[{"href":"https:\/\/archibat.com\/blog\/wp-json\/wp\/v2\/types\/post"}],"author":[{"embeddable":true,"href":"https:\/\/archibat.com\/blog\/wp-json\/wp\/v2\/users\/2"}],"replies":[{"embeddable":true,"href":"https:\/\/archibat.com\/blog\/wp-json\/wp\/v2\/comments?post=15138"}],"version-history":[{"count":3,"href":"https:\/\/archibat.com\/blog\/wp-json\/wp\/v2\/posts\/15138\/revisions"}],"predecessor-version":[{"id":15410,"href":"https:\/\/archibat.com\/blog\/wp-json\/wp\/v2\/posts\/15138\/revisions\/15410"}],"wp:featuredmedia":[{"embeddable":true,"href":"https:\/\/archibat.com\/blog\/wp-json\/wp\/v2\/media\/15139"}],"wp:attachment":[{"href":"https:\/\/archibat.com\/blog\/wp-json\/wp\/v2\/media?parent=15138"}],"wp:term":[{"taxonomy":"category","embeddable":true,"href":"https:\/\/archibat.com\/blog\/wp-json\/wp\/v2\/categories?post=15138"},{"taxonomy":"post_tag","embeddable":true,"href":"https:\/\/archibat.com\/blog\/wp-json\/wp\/v2\/tags?post=15138"}],"curies":[{"name":"wp","href":"https:\/\/api.w.org\/{rel}","templated":true}]}}