{"id":1543,"date":"2016-03-08T11:19:35","date_gmt":"2016-03-08T10:19:35","guid":{"rendered":"https:\/\/www.archibat.com\/blog\/?p=1543"},"modified":"2018-11-20T17:48:41","modified_gmt":"2018-11-20T16:48:41","slug":"gagnez-des-places-avec-archibat-rh-et-acth-pour-le-deuxieme-salon-du-bim-a-paris-les-6-et-7-avril-2016","status":"publish","type":"post","link":"https:\/\/archibat.com\/blog\/gagnez-des-places-avec-archibat-rh-et-acth-pour-le-deuxieme-salon-du-bim-a-paris-les-6-et-7-avril-2016\/","title":{"rendered":"Gagnez des places avec ArchiBat RH et ACTH pour le deuxi\u00e8me salon du BIM \u00e0 Paris, les 6 et 7 avril 2016"},"content":{"rendered":"<p>L&rsquo;\u00e9v\u00e8nement BIM World, le grand rendez-vous du num\u00e9rique pour la construction et l&rsquo;am\u00e9nagement, va se tenir les 6 &amp; 7 Avril 2016 \u00e0 l\u2019Espace Grande Arche la D\u00e9fense \u00e0 Paris.\u00a0Sur 2 jours, le BIM World 2016 va r\u00e9unir 4000 acteurs publics et priv\u00e9s qui proposent ou int\u00e8grent dans leurs m\u00e9tiers les technologies et services num\u00e9riques. Archibat RH participera pour la deuxi\u00e8me fois au BIM World avec son partenaire ACTH. Nous serons pr\u00e9sents sur le salon Stand 46 : venez nous voir !<\/p>\n<p><strong>Partagez un moment unique de networking sur 2 jours<\/strong><\/p>\n<ul>\n<li>plus de 110 exposants r\u00e9unis : \u00e9diteurs, prestataires du num\u00e9rique et tous les acteurs de la fili\u00e8re qui ont entrepris leur transformation digitale<\/li>\n<li>un cycle de conf\u00e9rences international pour\u00a0pr\u00e9senter les meilleures pratiques du num\u00e9rique\u00a0pour la construction \u00e0 travers le monde<\/li>\n<li>des Master Class pour approfondir les pratiques\u00a0professionnelles et d\u00e9couvrir les innovations<\/li>\n<li>un forum des m\u00e9tiers et comp\u00e9tences du\u00a0num\u00e9rique pour la construction,<\/li>\n<li>un espace d\u00e9monstration unique pour vivre\u00a0l\u2019exp\u00e9rience de la 3D<\/li>\n<li>les BoB \u00ab Best of BIM \u00bb : une s\u00e9lection des\u00a0meilleures r\u00e9alisations \u00e0 travers le monde<\/li>\n<\/ul>\n<p><strong>ArchiBat RH et ACTH offrent jusqu\u2019\u00e0 150 entr\u00e9es gratuites pour le BIM World<\/strong><\/p>\n<p>Vous recherchez des entr\u00e9es gratuites pour le grand salon du BIM \u00e0 Paris ? Rien de plus simple. Rendez-vous sur notre page Facebook, postez un commentaire \u00e0 la suite de notre publication\u00a0pour tenter de gagner une place. Si vous \u00eates s\u00e9lectionn\u00e9, rendez-vous sur <a href=\"http:\/\/www.bim-w.com\/\" target=\"_blank\" rel=\"noopener\">www.bim-w.com<\/a>, rubrique inscription, s\u00e9lectionnez \u00a0\u00bb acc\u00e8s nominatif pour les 2 jours \u00e0 l\u2019exposition \u00a0\u00bb\u00a0et entrez le code que l\u2019on vous aura fourni, puis validez.<\/p>\n<p><strong>D\u00e9tails du salon du BIM<\/strong><\/p>\n<p>Le 6 avril : 9h00 -19h00\/ le 7 avril : 9h00 &#8211; 18h00<\/p>\n<p>Centre des Nouvelles Industries et Technologies (CNIT)<\/p>\n<p>2 Place de la D\u00e9fense, 92053 La D\u00e9fense<\/p>\n<p><em>Site Internet : <a href=\"http:\/\/www.bim-w.com\/\" target=\"_blank\" rel=\"noopener\">http:\/\/www.bim-w.com\/<\/a><\/em><\/p>\n<p><em>Sources images : <a href=\"http:\/\/dailydigital.fr\/event\/ilearning-forum-paris-2016\" target=\"_blank\" rel=\"noopener\">http:\/\/dailydigital.fr\/event\/ilearning-forum-paris-2016<\/a><\/em><\/p>\n","protected":false},"excerpt":{"rendered":"<p>L&rsquo;\u00e9v\u00e8nement BIM World, le grand rendez-vous du num\u00e9rique pour la construction et l&rsquo;am\u00e9nagement, va se tenir les 6 &amp; 7 Avril 2016 \u00e0 l\u2019Espace Grande\u2026<\/p>\n","protected":false},"author":2,"featured_media":1553,"comment_status":"closed","ping_status":"closed","sticky":false,"template":"","format":"standard","meta":{"_acf_changed":false,"footnotes":""},"categories":[3],"tags":[],"class_list":["post-1543","post","type-post","status-publish","format-standard","has-post-thumbnail","hentry","category-architecture-et-design"],"acf":[],"yoast_head":"<!-- This site is optimized with the Yoast SEO plugin v24.8.1 - https:\/\/yoast.com\/wordpress\/plugins\/seo\/ -->\n<title>Gagnez des places avec ArchiBat RH et ACTH pour le deuxi\u00e8me salon du BIM \u00e0 Paris, les 6 et 7 avril 2016 &#8211; ArchiBat Mag<\/title>\n<meta name=\"robots\" content=\"index, follow, max-snippet:-1, max-image-preview:large, max-video-preview:-1\" \/>\n<link rel=\"canonical\" href=\"https:\/\/archibat.com\/blog\/gagnez-des-places-avec-archibat-rh-et-acth-pour-le-deuxieme-salon-du-bim-a-paris-les-6-et-7-avril-2016\/\" \/>\n<meta property=\"og:locale\" content=\"fr_FR\" \/>\n<meta property=\"og:type\" content=\"article\" \/>\n<meta property=\"og:title\" content=\"Gagnez des places avec ArchiBat RH et ACTH pour le deuxi\u00e8me salon du BIM \u00e0 Paris, les 6 et 7 avril 2016 &#8211; ArchiBat Mag\" \/>\n<meta property=\"og:description\" content=\"L&rsquo;\u00e9v\u00e8nement BIM World, le grand rendez-vous du num\u00e9rique pour la construction et l&rsquo;am\u00e9nagement, va se tenir les 6 &amp; 7 Avril 2016 \u00e0 l\u2019Espace Grande\u2026\" \/>\n<meta property=\"og:url\" content=\"https:\/\/archibat.com\/blog\/gagnez-des-places-avec-archibat-rh-et-acth-pour-le-deuxieme-salon-du-bim-a-paris-les-6-et-7-avril-2016\/\" \/>\n<meta property=\"og:site_name\" content=\"ArchiBat Mag\" \/>\n<meta property=\"article:published_time\" content=\"2016-03-08T10:19:35+00:00\" \/>\n<meta property=\"article:modified_time\" content=\"2018-11-20T16:48:41+00:00\" \/>\n<meta property=\"og:image\" content=\"https:\/\/archibat.com\/blog\/wp-content\/uploads\/2016\/03\/Final-Archibat-RH-V2-635x327-def-2.jpg\" \/>\n\t<meta property=\"og:image:width\" content=\"635\" \/>\n\t<meta property=\"og:image:height\" content=\"337\" \/>\n\t<meta property=\"og:image:type\" content=\"image\/jpeg\" \/>\n<meta name=\"author\" content=\"communication\" \/>\n<meta name=\"twitter:card\" content=\"summary_large_image\" \/>\n<meta name=\"twitter:label1\" content=\"\u00c9crit par\" \/>\n\t<meta name=\"twitter:data1\" content=\"communication\" \/>\n\t<meta name=\"twitter:label2\" content=\"Dur\u00e9e de lecture estim\u00e9e\" \/>\n\t<meta name=\"twitter:data2\" content=\"2 minutes\" \/>\n<script type=\"application\/ld+json\" class=\"yoast-schema-graph\">{\"@context\":\"https:\/\/schema.org\",\"@graph\":[{\"@type\":\"WebPage\",\"@id\":\"https:\/\/archibat.com\/blog\/gagnez-des-places-avec-archibat-rh-et-acth-pour-le-deuxieme-salon-du-bim-a-paris-les-6-et-7-avril-2016\/\",\"url\":\"https:\/\/archibat.com\/blog\/gagnez-des-places-avec-archibat-rh-et-acth-pour-le-deuxieme-salon-du-bim-a-paris-les-6-et-7-avril-2016\/\",\"name\":\"Gagnez des places avec ArchiBat RH et ACTH pour le deuxi\u00e8me salon du BIM \u00e0 Paris, les 6 et 7 avril 2016 &#8211; ArchiBat Mag\",\"isPartOf\":{\"@id\":\"https:\/\/archibat.com\/blog\/#website\"},\"primaryImageOfPage\":{\"@id\":\"https:\/\/archibat.com\/blog\/gagnez-des-places-avec-archibat-rh-et-acth-pour-le-deuxieme-salon-du-bim-a-paris-les-6-et-7-avril-2016\/#primaryimage\"},\"image\":{\"@id\":\"https:\/\/archibat.com\/blog\/gagnez-des-places-avec-archibat-rh-et-acth-pour-le-deuxieme-salon-du-bim-a-paris-les-6-et-7-avril-2016\/#primaryimage\"},\"thumbnailUrl\":\"https:\/\/archibat.com\/blog\/wp-content\/uploads\/2016\/03\/Final-Archibat-RH-V2-635x327-def-2.jpg\",\"datePublished\":\"2016-03-08T10:19:35+00:00\",\"dateModified\":\"2018-11-20T16:48:41+00:00\",\"author\":{\"@id\":\"https:\/\/archibat.com\/blog\/#\/schema\/person\/c246f0d63b5e719c2cbe4f9bd494bf12\"},\"breadcrumb\":{\"@id\":\"https:\/\/archibat.com\/blog\/gagnez-des-places-avec-archibat-rh-et-acth-pour-le-deuxieme-salon-du-bim-a-paris-les-6-et-7-avril-2016\/#breadcrumb\"},\"inLanguage\":\"fr-FR\",\"potentialAction\":[{\"@type\":\"ReadAction\",\"target\":[\"https:\/\/archibat.com\/blog\/gagnez-des-places-avec-archibat-rh-et-acth-pour-le-deuxieme-salon-du-bim-a-paris-les-6-et-7-avril-2016\/\"]}]},{\"@type\":\"ImageObject\",\"inLanguage\":\"fr-FR\",\"@id\":\"https:\/\/archibat.com\/blog\/gagnez-des-places-avec-archibat-rh-et-acth-pour-le-deuxieme-salon-du-bim-a-paris-les-6-et-7-avril-2016\/#primaryimage\",\"url\":\"https:\/\/archibat.com\/blog\/wp-content\/uploads\/2016\/03\/Final-Archibat-RH-V2-635x327-def-2.jpg\",\"contentUrl\":\"https:\/\/archibat.com\/blog\/wp-content\/uploads\/2016\/03\/Final-Archibat-RH-V2-635x327-def-2.jpg\",\"width\":635,\"height\":337},{\"@type\":\"BreadcrumbList\",\"@id\":\"https:\/\/archibat.com\/blog\/gagnez-des-places-avec-archibat-rh-et-acth-pour-le-deuxieme-salon-du-bim-a-paris-les-6-et-7-avril-2016\/#breadcrumb\",\"itemListElement\":[{\"@type\":\"ListItem\",\"position\":1,\"name\":\"Home\",\"item\":\"https:\/\/archibat.com\/blog\/\"},{\"@type\":\"ListItem\",\"position\":2,\"name\":\"Gagnez des places avec ArchiBat RH et ACTH pour le deuxi\u00e8me salon du BIM \u00e0 Paris, les 6 et 7 avril 2016\"}]},{\"@type\":\"WebSite\",\"@id\":\"https:\/\/archibat.com\/blog\/#website\",\"url\":\"https:\/\/archibat.com\/blog\/\",\"name\":\"ArchiBat Mag\",\"description\":\"Vous souhaitez connaitre les derni\u00e8res actualit\u00e9s sur l\u2019Architecture, le Design ou les Ressources Humaines ? D\u00e9couvrez ArchiBat Mag, le magazine d\u00e9di\u00e9 aux m\u00e9tiers de l&#039;Architecture et de l&#039;Ing\u00e9nierie.\",\"potentialAction\":[{\"@type\":\"SearchAction\",\"target\":{\"@type\":\"EntryPoint\",\"urlTemplate\":\"https:\/\/archibat.com\/blog\/?s={search_term_string}\"},\"query-input\":{\"@type\":\"PropertyValueSpecification\",\"valueRequired\":true,\"valueName\":\"search_term_string\"}}],\"inLanguage\":\"fr-FR\"},{\"@type\":\"Person\",\"@id\":\"https:\/\/archibat.com\/blog\/#\/schema\/person\/c246f0d63b5e719c2cbe4f9bd494bf12\",\"name\":\"communication\"}]}<\/script>\n<!-- \/ Yoast SEO plugin. -->","yoast_head_json":{"title":"Gagnez des places avec ArchiBat RH et ACTH pour le deuxi\u00e8me salon du BIM \u00e0 Paris, les 6 et 7 avril 2016 &#8211; ArchiBat Mag","robots":{"index":"index","follow":"follow","max-snippet":"max-snippet:-1","max-image-preview":"max-image-preview:large","max-video-preview":"max-video-preview:-1"},"canonical":"https:\/\/archibat.com\/blog\/gagnez-des-places-avec-archibat-rh-et-acth-pour-le-deuxieme-salon-du-bim-a-paris-les-6-et-7-avril-2016\/","og_locale":"fr_FR","og_type":"article","og_title":"Gagnez des places avec ArchiBat RH et ACTH pour le deuxi\u00e8me salon du BIM \u00e0 Paris, les 6 et 7 avril 2016 &#8211; ArchiBat Mag","og_description":"L&rsquo;\u00e9v\u00e8nement BIM World, le grand rendez-vous du num\u00e9rique pour la construction et l&rsquo;am\u00e9nagement, va se tenir les 6 &amp; 7 Avril 2016 \u00e0 l\u2019Espace Grande\u2026","og_url":"https:\/\/archibat.com\/blog\/gagnez-des-places-avec-archibat-rh-et-acth-pour-le-deuxieme-salon-du-bim-a-paris-les-6-et-7-avril-2016\/","og_site_name":"ArchiBat Mag","article_published_time":"2016-03-08T10:19:35+00:00","article_modified_time":"2018-11-20T16:48:41+00:00","og_image":[{"width":635,"height":337,"url":"https:\/\/archibat.com\/blog\/wp-content\/uploads\/2016\/03\/Final-Archibat-RH-V2-635x327-def-2.jpg","type":"image\/jpeg"}],"author":"communication","twitter_card":"summary_large_image","twitter_misc":{"\u00c9crit par":"communication","Dur\u00e9e de lecture estim\u00e9e":"2 minutes"},"schema":{"@context":"https:\/\/schema.org","@graph":[{"@type":"WebPage","@id":"https:\/\/archibat.com\/blog\/gagnez-des-places-avec-archibat-rh-et-acth-pour-le-deuxieme-salon-du-bim-a-paris-les-6-et-7-avril-2016\/","url":"https:\/\/archibat.com\/blog\/gagnez-des-places-avec-archibat-rh-et-acth-pour-le-deuxieme-salon-du-bim-a-paris-les-6-et-7-avril-2016\/","name":"Gagnez des places avec ArchiBat RH et ACTH pour le deuxi\u00e8me salon du BIM \u00e0 Paris, les 6 et 7 avril 2016 &#8211; ArchiBat Mag","isPartOf":{"@id":"https:\/\/archibat.com\/blog\/#website"},"primaryImageOfPage":{"@id":"https:\/\/archibat.com\/blog\/gagnez-des-places-avec-archibat-rh-et-acth-pour-le-deuxieme-salon-du-bim-a-paris-les-6-et-7-avril-2016\/#primaryimage"},"image":{"@id":"https:\/\/archibat.com\/blog\/gagnez-des-places-avec-archibat-rh-et-acth-pour-le-deuxieme-salon-du-bim-a-paris-les-6-et-7-avril-2016\/#primaryimage"},"thumbnailUrl":"https:\/\/archibat.com\/blog\/wp-content\/uploads\/2016\/03\/Final-Archibat-RH-V2-635x327-def-2.jpg","datePublished":"2016-03-08T10:19:35+00:00","dateModified":"2018-11-20T16:48:41+00:00","author":{"@id":"https:\/\/archibat.com\/blog\/#\/schema\/person\/c246f0d63b5e719c2cbe4f9bd494bf12"},"breadcrumb":{"@id":"https:\/\/archibat.com\/blog\/gagnez-des-places-avec-archibat-rh-et-acth-pour-le-deuxieme-salon-du-bim-a-paris-les-6-et-7-avril-2016\/#breadcrumb"},"inLanguage":"fr-FR","potentialAction":[{"@type":"ReadAction","target":["https:\/\/archibat.com\/blog\/gagnez-des-places-avec-archibat-rh-et-acth-pour-le-deuxieme-salon-du-bim-a-paris-les-6-et-7-avril-2016\/"]}]},{"@type":"ImageObject","inLanguage":"fr-FR","@id":"https:\/\/archibat.com\/blog\/gagnez-des-places-avec-archibat-rh-et-acth-pour-le-deuxieme-salon-du-bim-a-paris-les-6-et-7-avril-2016\/#primaryimage","url":"https:\/\/archibat.com\/blog\/wp-content\/uploads\/2016\/03\/Final-Archibat-RH-V2-635x327-def-2.jpg","contentUrl":"https:\/\/archibat.com\/blog\/wp-content\/uploads\/2016\/03\/Final-Archibat-RH-V2-635x327-def-2.jpg","width":635,"height":337},{"@type":"BreadcrumbList","@id":"https:\/\/archibat.com\/blog\/gagnez-des-places-avec-archibat-rh-et-acth-pour-le-deuxieme-salon-du-bim-a-paris-les-6-et-7-avril-2016\/#breadcrumb","itemListElement":[{"@type":"ListItem","position":1,"name":"Home","item":"https:\/\/archibat.com\/blog\/"},{"@type":"ListItem","position":2,"name":"Gagnez des places avec ArchiBat RH et ACTH pour le deuxi\u00e8me salon du BIM \u00e0 Paris, les 6 et 7 avril 2016"}]},{"@type":"WebSite","@id":"https:\/\/archibat.com\/blog\/#website","url":"https:\/\/archibat.com\/blog\/","name":"ArchiBat Mag","description":"Vous souhaitez connaitre les derni\u00e8res actualit\u00e9s sur l\u2019Architecture, le Design ou les Ressources Humaines ? D\u00e9couvrez ArchiBat Mag, le magazine d\u00e9di\u00e9 aux m\u00e9tiers de l&#039;Architecture et de l&#039;Ing\u00e9nierie.","potentialAction":[{"@type":"SearchAction","target":{"@type":"EntryPoint","urlTemplate":"https:\/\/archibat.com\/blog\/?s={search_term_string}"},"query-input":{"@type":"PropertyValueSpecification","valueRequired":true,"valueName":"search_term_string"}}],"inLanguage":"fr-FR"},{"@type":"Person","@id":"https:\/\/archibat.com\/blog\/#\/schema\/person\/c246f0d63b5e719c2cbe4f9bd494bf12","name":"communication"}]}},"_links":{"self":[{"href":"https:\/\/archibat.com\/blog\/wp-json\/wp\/v2\/posts\/1543","targetHints":{"allow":["GET"]}}],"collection":[{"href":"https:\/\/archibat.com\/blog\/wp-json\/wp\/v2\/posts"}],"about":[{"href":"https:\/\/archibat.com\/blog\/wp-json\/wp\/v2\/types\/post"}],"author":[{"embeddable":true,"href":"https:\/\/archibat.com\/blog\/wp-json\/wp\/v2\/users\/2"}],"replies":[{"embeddable":true,"href":"https:\/\/archibat.com\/blog\/wp-json\/wp\/v2\/comments?post=1543"}],"version-history":[{"count":2,"href":"https:\/\/archibat.com\/blog\/wp-json\/wp\/v2\/posts\/1543\/revisions"}],"predecessor-version":[{"id":7766,"href":"https:\/\/archibat.com\/blog\/wp-json\/wp\/v2\/posts\/1543\/revisions\/7766"}],"wp:featuredmedia":[{"embeddable":true,"href":"https:\/\/archibat.com\/blog\/wp-json\/wp\/v2\/media\/1553"}],"wp:attachment":[{"href":"https:\/\/archibat.com\/blog\/wp-json\/wp\/v2\/media?parent=1543"}],"wp:term":[{"taxonomy":"category","embeddable":true,"href":"https:\/\/archibat.com\/blog\/wp-json\/wp\/v2\/categories?post=1543"},{"taxonomy":"post_tag","embeddable":true,"href":"https:\/\/archibat.com\/blog\/wp-json\/wp\/v2\/tags?post=1543"}],"curies":[{"name":"wp","href":"https:\/\/api.w.org\/{rel}","templated":true}]}}