{"id":15758,"date":"2021-08-17T14:00:30","date_gmt":"2021-08-17T12:00:30","guid":{"rendered":"https:\/\/archibat.com\/blog\/?p=15758"},"modified":"2021-12-14T16:29:54","modified_gmt":"2021-12-14T15:29:54","slug":"un-kiosque-mobile-et-securise-pour-les-sans-abris","status":"publish","type":"post","link":"https:\/\/archibat.com\/blog\/un-kiosque-mobile-et-securise-pour-les-sans-abris\/","title":{"rendered":"Un kiosque mobile et s\u00e9curis\u00e9 pour les sans-abris"},"content":{"rendered":"\n<p>L\u2019Ambulantito, \u00e0 la fois kiosque et abri, a \u00e9t\u00e9 con\u00e7u par l&rsquo;agence d&rsquo;architecture Natura Futura, dans le contexte \u00e9quatorien actuel, pour les sans-abris qui se d\u00e9placent d\u2019une ville \u00e0 l\u2019autre. Le projet offre un refuge d\u2019urgence, tout en sensibilisant les citoyens au taux croissant de pauvret\u00e9 dans le pays. La structure, mont\u00e9e sur roues, comporte des \u00e9l\u00e9ments pliables qui permettent la transformation en abri de base ou en kiosque pour vendre diff\u00e9rents produits.<\/p>\n\n\n\n<div class=\"wp-block-image\"><figure class=\"aligncenter size-large is-resized\"><img loading=\"lazy\" decoding=\"async\" src=\"https:\/\/archibat.com\/blog\/wp-content\/uploads\/2021\/08\/the-ambulantito-rolling-productive-micro-shelter-8-60c7b67a391a6-720x476.jpg\" alt=\"\" class=\"wp-image-15761\" width=\"990\" height=\"654\" srcset=\"https:\/\/archibat.com\/blog\/wp-content\/uploads\/2021\/08\/the-ambulantito-rolling-productive-micro-shelter-8-60c7b67a391a6-720x476.jpg 720w, https:\/\/archibat.com\/blog\/wp-content\/uploads\/2021\/08\/the-ambulantito-rolling-productive-micro-shelter-8-60c7b67a391a6-300x198.jpg 300w, https:\/\/archibat.com\/blog\/wp-content\/uploads\/2021\/08\/the-ambulantito-rolling-productive-micro-shelter-8-60c7b67a391a6-768x508.jpg 768w, https:\/\/archibat.com\/blog\/wp-content\/uploads\/2021\/08\/the-ambulantito-rolling-productive-micro-shelter-8-60c7b67a391a6.jpg 818w\" sizes=\"auto, (max-width: 990px) 100vw, 990px\" \/><\/figure><\/div>\n\n\n\n<p>\u00ab&nbsp;L\u2019Am\u00e9rique latine et l\u2019\u00c9quateur vivent une r\u00e9alit\u00e9 tangible, les taux d\u2019indigence r\u00e9sultant de l\u2019immigration et de la crise \u00e9conomique actuelle ne cessent de cro\u00eetre&nbsp;\u00bb, commentent les architectes. \u00ab&nbsp;Face \u00e0 cela, nous nous interrogeons&nbsp;: que pouvons-nous faire par notre m\u00e9tier pour aider et sensibiliser \u00e0 une situation dont nous sommes t\u00e9moins au quotidien&nbsp;? Gr\u00e2ce \u00e0 l\u2019autogestion, nous avons pu recueillir des ressources, collaborer avec des amis et unir nos forces pour atteindre un objectif commun.&nbsp;\u00bb<\/p>\n\n\n\n<div class=\"wp-block-image\"><figure class=\"aligncenter size-large is-resized\"><img loading=\"lazy\" decoding=\"async\" src=\"https:\/\/archibat.com\/blog\/wp-content\/uploads\/2021\/08\/the-ambulantito-rolling-productive-micro-shelter-6-60c7b67a39111-720x258.jpg\" alt=\"\" class=\"wp-image-15763\" width=\"1109\" height=\"397\" srcset=\"https:\/\/archibat.com\/blog\/wp-content\/uploads\/2021\/08\/the-ambulantito-rolling-productive-micro-shelter-6-60c7b67a39111-720x258.jpg 720w, https:\/\/archibat.com\/blog\/wp-content\/uploads\/2021\/08\/the-ambulantito-rolling-productive-micro-shelter-6-60c7b67a39111-300x107.jpg 300w, https:\/\/archibat.com\/blog\/wp-content\/uploads\/2021\/08\/the-ambulantito-rolling-productive-micro-shelter-6-60c7b67a39111-768x275.jpg 768w, https:\/\/archibat.com\/blog\/wp-content\/uploads\/2021\/08\/the-ambulantito-rolling-productive-micro-shelter-6-60c7b67a39111.jpg 818w\" sizes=\"auto, (max-width: 1109px) 100vw, 1109px\" \/><\/figure><\/div>\n\n\n\n<p>L\u2019Ambulantito est consid\u00e9r\u00e9 comme une solution temporaire. Il peut donc \u00eatre partag\u00e9, donn\u00e9, d\u00e9plac\u00e9 ou pr\u00eat\u00e9. L\u2019abri a \u00e9t\u00e9 adapt\u00e9 pour se transformer en kiosque utilisable par les sans-abris dans les parcs, les rues et les foires locales. L\u2019appareil sert alors de point de vente ambulant, ce qui permet de g\u00e9n\u00e9rer quelques revenus aux personnes vivant dans la rue.<\/p>\n\n\n\n<div class=\"wp-block-image\"><figure class=\"aligncenter size-large is-resized\"><img loading=\"lazy\" decoding=\"async\" src=\"https:\/\/archibat.com\/blog\/wp-content\/uploads\/2021\/08\/the-ambulantito-rolling-productive-micro-shelter-2-60c7b67a38f87-2-320x480.jpg\" alt=\"\" class=\"wp-image-15767\" width=\"951\" height=\"1427\" srcset=\"https:\/\/archibat.com\/blog\/wp-content\/uploads\/2021\/08\/the-ambulantito-rolling-productive-micro-shelter-2-60c7b67a38f87-2-320x480.jpg 320w, https:\/\/archibat.com\/blog\/wp-content\/uploads\/2021\/08\/the-ambulantito-rolling-productive-micro-shelter-2-60c7b67a38f87-2-200x300.jpg 200w, https:\/\/archibat.com\/blog\/wp-content\/uploads\/2021\/08\/the-ambulantito-rolling-productive-micro-shelter-2-60c7b67a38f87-2-768x1152.jpg 768w, https:\/\/archibat.com\/blog\/wp-content\/uploads\/2021\/08\/the-ambulantito-rolling-productive-micro-shelter-2-60c7b67a38f87-2.jpg 818w\" sizes=\"auto, (max-width: 951px) 100vw, 951px\" \/><\/figure><\/div>\n\n\n\n<p>L\u2019abri mesure 2,50 m x 0,85 m. Il est construit \u00e0 partir d\u2019une structure de tiges m\u00e9talliques carr\u00e9es et de panneaux de bois d\u2019origine locale. L\u2019abri dispose de deux avant-toits, l\u2019un fixe et l\u2019autre modulable qui, une fois ouvert, forme une stalle. Un tableau noir permet d\u2019afficher les produits ou services mis en vente. Un aspect essentiel de la conception \u00e9tait de s\u00e9curiser les effets personnels des utilisateurs. Natura Futura a donc mis en place des portes pliantes en treillis de chaque c\u00f4t\u00e9, s\u00e9curisant les biens personnels ou les produits destin\u00e9s \u00e0 la vente.<\/p>\n\n\n\n<div class=\"wp-block-image\"><figure class=\"aligncenter size-large is-resized\"><img loading=\"lazy\" decoding=\"async\" src=\"https:\/\/archibat.com\/blog\/wp-content\/uploads\/2021\/08\/the-ambulantito-rolling-productive-micro-shelter-1-60c7b67a38e7b-1-720x476.jpg\" alt=\"\" class=\"wp-image-15773\" width=\"960\" height=\"634\" srcset=\"https:\/\/archibat.com\/blog\/wp-content\/uploads\/2021\/08\/the-ambulantito-rolling-productive-micro-shelter-1-60c7b67a38e7b-1-720x476.jpg 720w, https:\/\/archibat.com\/blog\/wp-content\/uploads\/2021\/08\/the-ambulantito-rolling-productive-micro-shelter-1-60c7b67a38e7b-1-300x198.jpg 300w, https:\/\/archibat.com\/blog\/wp-content\/uploads\/2021\/08\/the-ambulantito-rolling-productive-micro-shelter-1-60c7b67a38e7b-1-768x508.jpg 768w, https:\/\/archibat.com\/blog\/wp-content\/uploads\/2021\/08\/the-ambulantito-rolling-productive-micro-shelter-1-60c7b67a38e7b-1.jpg 818w\" sizes=\"auto, (max-width: 960px) 100vw, 960px\" \/><\/figure><\/div>\n\n\n\n<p>Les supports lat\u00e9raux inf\u00e9rieurs peuvent \u00eatre repli\u00e9s durant la journ\u00e9e, ce qui facilite la mobilit\u00e9 dans la ville. Une fois d\u00e9pli\u00e9s, ils offrent suffisamment d\u2019espace pour pouvoir dormir. \u00ab L\u2019Ambulantito est un premier petit pas vers la sensibilisation aux besoins urgents tels que le logement, le travail, la s\u00e9curit\u00e9, qui devrait \u00eatre accessible \u00e0 tous. Cela ouvre de nouvelles possibilit\u00e9s et une r\u00e9flexion sur notre r\u00f4le face aux r\u00e9alit\u00e9s de la ville&nbsp;\u00bb concluent les architectes.<\/p>\n\n\n\n<div class=\"wp-block-image\"><figure class=\"aligncenter size-large is-resized\"><img loading=\"lazy\" decoding=\"async\" src=\"https:\/\/archibat.com\/blog\/wp-content\/uploads\/2021\/08\/the-ambulantito-rolling-productive-micro-shelter-11-60c7b67a3926f-1-480x480.jpg\" alt=\"\" class=\"wp-image-15771\" width=\"963\" height=\"963\" srcset=\"https:\/\/archibat.com\/blog\/wp-content\/uploads\/2021\/08\/the-ambulantito-rolling-productive-micro-shelter-11-60c7b67a3926f-1-480x480.jpg 480w, https:\/\/archibat.com\/blog\/wp-content\/uploads\/2021\/08\/the-ambulantito-rolling-productive-micro-shelter-11-60c7b67a3926f-1-300x300.jpg 300w, https:\/\/archibat.com\/blog\/wp-content\/uploads\/2021\/08\/the-ambulantito-rolling-productive-micro-shelter-11-60c7b67a3926f-1-432x432.jpg 432w, https:\/\/archibat.com\/blog\/wp-content\/uploads\/2021\/08\/the-ambulantito-rolling-productive-micro-shelter-11-60c7b67a3926f-1-768x768.jpg 768w, https:\/\/archibat.com\/blog\/wp-content\/uploads\/2021\/08\/the-ambulantito-rolling-productive-micro-shelter-11-60c7b67a3926f-1-600x600.jpg 600w, https:\/\/archibat.com\/blog\/wp-content\/uploads\/2021\/08\/the-ambulantito-rolling-productive-micro-shelter-11-60c7b67a3926f-1.jpg 818w\" sizes=\"auto, (max-width: 963px) 100vw, 963px\" \/><\/figure><\/div>\n\n\n\n<p><strong>Architectes et photos<\/strong>&nbsp;: Natura Futura<\/p>\n","protected":false},"excerpt":{"rendered":"<p>L\u2019Ambulantito, \u00e0 la fois kiosque et abri, a \u00e9t\u00e9 con\u00e7u par l&rsquo;agence d&rsquo;architecture Natura Futura, dans le contexte \u00e9quatorien actuel, pour les sans-abris qui se\u2026<\/p>\n","protected":false},"author":2,"featured_media":15849,"comment_status":"closed","ping_status":"closed","sticky":false,"template":"","format":"standard","meta":{"_acf_changed":false,"footnotes":""},"categories":[3],"tags":[2819,2816,1240,2817,2818,1500],"class_list":["post-15758","post","type-post","status-publish","format-standard","has-post-thumbnail","hentry","category-architecture-et-design","tag-abri","tag-ambulantito","tag-architecture-2","tag-kiosque","tag-natura-futura","tag-refuge"],"acf":[],"yoast_head":"<!-- This site is optimized with the Yoast SEO plugin v24.8.1 - https:\/\/yoast.com\/wordpress\/plugins\/seo\/ -->\n<title>Un kiosque mobile et s\u00e9curis\u00e9 pour les sans-abris &#8211; ArchiBat Mag<\/title>\n<meta name=\"robots\" content=\"index, follow, max-snippet:-1, max-image-preview:large, max-video-preview:-1\" \/>\n<link rel=\"canonical\" href=\"https:\/\/archibat.com\/blog\/un-kiosque-mobile-et-securise-pour-les-sans-abris\/\" \/>\n<meta property=\"og:locale\" content=\"fr_FR\" \/>\n<meta property=\"og:type\" content=\"article\" \/>\n<meta property=\"og:title\" content=\"Un kiosque mobile et s\u00e9curis\u00e9 pour les sans-abris &#8211; ArchiBat Mag\" \/>\n<meta property=\"og:description\" content=\"L\u2019Ambulantito, \u00e0 la fois kiosque et abri, a \u00e9t\u00e9 con\u00e7u par l&rsquo;agence d&rsquo;architecture Natura Futura, dans le contexte \u00e9quatorien actuel, pour les sans-abris qui se\u2026\" \/>\n<meta property=\"og:url\" content=\"https:\/\/archibat.com\/blog\/un-kiosque-mobile-et-securise-pour-les-sans-abris\/\" \/>\n<meta property=\"og:site_name\" content=\"ArchiBat Mag\" \/>\n<meta property=\"article:published_time\" content=\"2021-08-17T12:00:30+00:00\" \/>\n<meta property=\"article:modified_time\" content=\"2021-12-14T15:29:54+00:00\" \/>\n<meta property=\"og:image\" content=\"https:\/\/archibat.com\/blog\/wp-content\/uploads\/2021\/08\/the-ambulantito-rolling-productive-micro-shelter-4-60c7b67a3902a.jpg\" \/>\n\t<meta property=\"og:image:width\" content=\"818\" \/>\n\t<meta property=\"og:image:height\" content=\"541\" \/>\n\t<meta property=\"og:image:type\" content=\"image\/jpeg\" \/>\n<meta name=\"author\" content=\"communication\" \/>\n<meta name=\"twitter:card\" content=\"summary_large_image\" \/>\n<meta name=\"twitter:label1\" content=\"\u00c9crit par\" \/>\n\t<meta name=\"twitter:data1\" content=\"communication\" \/>\n\t<meta name=\"twitter:label2\" content=\"Dur\u00e9e de lecture estim\u00e9e\" \/>\n\t<meta name=\"twitter:data2\" content=\"2 minutes\" \/>\n<script type=\"application\/ld+json\" class=\"yoast-schema-graph\">{\"@context\":\"https:\/\/schema.org\",\"@graph\":[{\"@type\":\"WebPage\",\"@id\":\"https:\/\/archibat.com\/blog\/un-kiosque-mobile-et-securise-pour-les-sans-abris\/\",\"url\":\"https:\/\/archibat.com\/blog\/un-kiosque-mobile-et-securise-pour-les-sans-abris\/\",\"name\":\"Un kiosque mobile et s\u00e9curis\u00e9 pour les sans-abris &#8211; ArchiBat Mag\",\"isPartOf\":{\"@id\":\"https:\/\/archibat.com\/blog\/#website\"},\"primaryImageOfPage\":{\"@id\":\"https:\/\/archibat.com\/blog\/un-kiosque-mobile-et-securise-pour-les-sans-abris\/#primaryimage\"},\"image\":{\"@id\":\"https:\/\/archibat.com\/blog\/un-kiosque-mobile-et-securise-pour-les-sans-abris\/#primaryimage\"},\"thumbnailUrl\":\"https:\/\/archibat.com\/blog\/wp-content\/uploads\/2021\/08\/the-ambulantito-rolling-productive-micro-shelter-4-60c7b67a3902a.jpg\",\"datePublished\":\"2021-08-17T12:00:30+00:00\",\"dateModified\":\"2021-12-14T15:29:54+00:00\",\"author\":{\"@id\":\"https:\/\/archibat.com\/blog\/#\/schema\/person\/c246f0d63b5e719c2cbe4f9bd494bf12\"},\"breadcrumb\":{\"@id\":\"https:\/\/archibat.com\/blog\/un-kiosque-mobile-et-securise-pour-les-sans-abris\/#breadcrumb\"},\"inLanguage\":\"fr-FR\",\"potentialAction\":[{\"@type\":\"ReadAction\",\"target\":[\"https:\/\/archibat.com\/blog\/un-kiosque-mobile-et-securise-pour-les-sans-abris\/\"]}]},{\"@type\":\"ImageObject\",\"inLanguage\":\"fr-FR\",\"@id\":\"https:\/\/archibat.com\/blog\/un-kiosque-mobile-et-securise-pour-les-sans-abris\/#primaryimage\",\"url\":\"https:\/\/archibat.com\/blog\/wp-content\/uploads\/2021\/08\/the-ambulantito-rolling-productive-micro-shelter-4-60c7b67a3902a.jpg\",\"contentUrl\":\"https:\/\/archibat.com\/blog\/wp-content\/uploads\/2021\/08\/the-ambulantito-rolling-productive-micro-shelter-4-60c7b67a3902a.jpg\",\"width\":818,\"height\":541},{\"@type\":\"BreadcrumbList\",\"@id\":\"https:\/\/archibat.com\/blog\/un-kiosque-mobile-et-securise-pour-les-sans-abris\/#breadcrumb\",\"itemListElement\":[{\"@type\":\"ListItem\",\"position\":1,\"name\":\"Home\",\"item\":\"https:\/\/archibat.com\/blog\/\"},{\"@type\":\"ListItem\",\"position\":2,\"name\":\"Un kiosque mobile et s\u00e9curis\u00e9 pour les sans-abris\"}]},{\"@type\":\"WebSite\",\"@id\":\"https:\/\/archibat.com\/blog\/#website\",\"url\":\"https:\/\/archibat.com\/blog\/\",\"name\":\"ArchiBat Mag\",\"description\":\"Vous souhaitez connaitre les derni\u00e8res actualit\u00e9s sur l\u2019Architecture, le Design ou les Ressources Humaines ? D\u00e9couvrez ArchiBat Mag, le magazine d\u00e9di\u00e9 aux m\u00e9tiers de l&#039;Architecture et de l&#039;Ing\u00e9nierie.\",\"potentialAction\":[{\"@type\":\"SearchAction\",\"target\":{\"@type\":\"EntryPoint\",\"urlTemplate\":\"https:\/\/archibat.com\/blog\/?s={search_term_string}\"},\"query-input\":{\"@type\":\"PropertyValueSpecification\",\"valueRequired\":true,\"valueName\":\"search_term_string\"}}],\"inLanguage\":\"fr-FR\"},{\"@type\":\"Person\",\"@id\":\"https:\/\/archibat.com\/blog\/#\/schema\/person\/c246f0d63b5e719c2cbe4f9bd494bf12\",\"name\":\"communication\"}]}<\/script>\n<!-- \/ Yoast SEO plugin. -->","yoast_head_json":{"title":"Un kiosque mobile et s\u00e9curis\u00e9 pour les sans-abris &#8211; ArchiBat Mag","robots":{"index":"index","follow":"follow","max-snippet":"max-snippet:-1","max-image-preview":"max-image-preview:large","max-video-preview":"max-video-preview:-1"},"canonical":"https:\/\/archibat.com\/blog\/un-kiosque-mobile-et-securise-pour-les-sans-abris\/","og_locale":"fr_FR","og_type":"article","og_title":"Un kiosque mobile et s\u00e9curis\u00e9 pour les sans-abris &#8211; ArchiBat Mag","og_description":"L\u2019Ambulantito, \u00e0 la fois kiosque et abri, a \u00e9t\u00e9 con\u00e7u par l&rsquo;agence d&rsquo;architecture Natura Futura, dans le contexte \u00e9quatorien actuel, pour les sans-abris qui se\u2026","og_url":"https:\/\/archibat.com\/blog\/un-kiosque-mobile-et-securise-pour-les-sans-abris\/","og_site_name":"ArchiBat Mag","article_published_time":"2021-08-17T12:00:30+00:00","article_modified_time":"2021-12-14T15:29:54+00:00","og_image":[{"width":818,"height":541,"url":"https:\/\/archibat.com\/blog\/wp-content\/uploads\/2021\/08\/the-ambulantito-rolling-productive-micro-shelter-4-60c7b67a3902a.jpg","type":"image\/jpeg"}],"author":"communication","twitter_card":"summary_large_image","twitter_misc":{"\u00c9crit par":"communication","Dur\u00e9e de lecture estim\u00e9e":"2 minutes"},"schema":{"@context":"https:\/\/schema.org","@graph":[{"@type":"WebPage","@id":"https:\/\/archibat.com\/blog\/un-kiosque-mobile-et-securise-pour-les-sans-abris\/","url":"https:\/\/archibat.com\/blog\/un-kiosque-mobile-et-securise-pour-les-sans-abris\/","name":"Un kiosque mobile et s\u00e9curis\u00e9 pour les sans-abris &#8211; ArchiBat Mag","isPartOf":{"@id":"https:\/\/archibat.com\/blog\/#website"},"primaryImageOfPage":{"@id":"https:\/\/archibat.com\/blog\/un-kiosque-mobile-et-securise-pour-les-sans-abris\/#primaryimage"},"image":{"@id":"https:\/\/archibat.com\/blog\/un-kiosque-mobile-et-securise-pour-les-sans-abris\/#primaryimage"},"thumbnailUrl":"https:\/\/archibat.com\/blog\/wp-content\/uploads\/2021\/08\/the-ambulantito-rolling-productive-micro-shelter-4-60c7b67a3902a.jpg","datePublished":"2021-08-17T12:00:30+00:00","dateModified":"2021-12-14T15:29:54+00:00","author":{"@id":"https:\/\/archibat.com\/blog\/#\/schema\/person\/c246f0d63b5e719c2cbe4f9bd494bf12"},"breadcrumb":{"@id":"https:\/\/archibat.com\/blog\/un-kiosque-mobile-et-securise-pour-les-sans-abris\/#breadcrumb"},"inLanguage":"fr-FR","potentialAction":[{"@type":"ReadAction","target":["https:\/\/archibat.com\/blog\/un-kiosque-mobile-et-securise-pour-les-sans-abris\/"]}]},{"@type":"ImageObject","inLanguage":"fr-FR","@id":"https:\/\/archibat.com\/blog\/un-kiosque-mobile-et-securise-pour-les-sans-abris\/#primaryimage","url":"https:\/\/archibat.com\/blog\/wp-content\/uploads\/2021\/08\/the-ambulantito-rolling-productive-micro-shelter-4-60c7b67a3902a.jpg","contentUrl":"https:\/\/archibat.com\/blog\/wp-content\/uploads\/2021\/08\/the-ambulantito-rolling-productive-micro-shelter-4-60c7b67a3902a.jpg","width":818,"height":541},{"@type":"BreadcrumbList","@id":"https:\/\/archibat.com\/blog\/un-kiosque-mobile-et-securise-pour-les-sans-abris\/#breadcrumb","itemListElement":[{"@type":"ListItem","position":1,"name":"Home","item":"https:\/\/archibat.com\/blog\/"},{"@type":"ListItem","position":2,"name":"Un kiosque mobile et s\u00e9curis\u00e9 pour les sans-abris"}]},{"@type":"WebSite","@id":"https:\/\/archibat.com\/blog\/#website","url":"https:\/\/archibat.com\/blog\/","name":"ArchiBat Mag","description":"Vous souhaitez connaitre les derni\u00e8res actualit\u00e9s sur l\u2019Architecture, le Design ou les Ressources Humaines ? D\u00e9couvrez ArchiBat Mag, le magazine d\u00e9di\u00e9 aux m\u00e9tiers de l&#039;Architecture et de l&#039;Ing\u00e9nierie.","potentialAction":[{"@type":"SearchAction","target":{"@type":"EntryPoint","urlTemplate":"https:\/\/archibat.com\/blog\/?s={search_term_string}"},"query-input":{"@type":"PropertyValueSpecification","valueRequired":true,"valueName":"search_term_string"}}],"inLanguage":"fr-FR"},{"@type":"Person","@id":"https:\/\/archibat.com\/blog\/#\/schema\/person\/c246f0d63b5e719c2cbe4f9bd494bf12","name":"communication"}]}},"_links":{"self":[{"href":"https:\/\/archibat.com\/blog\/wp-json\/wp\/v2\/posts\/15758","targetHints":{"allow":["GET"]}}],"collection":[{"href":"https:\/\/archibat.com\/blog\/wp-json\/wp\/v2\/posts"}],"about":[{"href":"https:\/\/archibat.com\/blog\/wp-json\/wp\/v2\/types\/post"}],"author":[{"embeddable":true,"href":"https:\/\/archibat.com\/blog\/wp-json\/wp\/v2\/users\/2"}],"replies":[{"embeddable":true,"href":"https:\/\/archibat.com\/blog\/wp-json\/wp\/v2\/comments?post=15758"}],"version-history":[{"count":3,"href":"https:\/\/archibat.com\/blog\/wp-json\/wp\/v2\/posts\/15758\/revisions"}],"predecessor-version":[{"id":16880,"href":"https:\/\/archibat.com\/blog\/wp-json\/wp\/v2\/posts\/15758\/revisions\/16880"}],"wp:featuredmedia":[{"embeddable":true,"href":"https:\/\/archibat.com\/blog\/wp-json\/wp\/v2\/media\/15849"}],"wp:attachment":[{"href":"https:\/\/archibat.com\/blog\/wp-json\/wp\/v2\/media?parent=15758"}],"wp:term":[{"taxonomy":"category","embeddable":true,"href":"https:\/\/archibat.com\/blog\/wp-json\/wp\/v2\/categories?post=15758"},{"taxonomy":"post_tag","embeddable":true,"href":"https:\/\/archibat.com\/blog\/wp-json\/wp\/v2\/tags?post=15758"}],"curies":[{"name":"wp","href":"https:\/\/api.w.org\/{rel}","templated":true}]}}