{"id":15797,"date":"2021-08-27T14:00:00","date_gmt":"2021-08-27T12:00:00","guid":{"rendered":"https:\/\/archibat.com\/blog\/?p=15797"},"modified":"2021-08-27T14:07:19","modified_gmt":"2021-08-27T12:07:19","slug":"une-tour-verte-pour-raviver-le-tissu-urbain-milanais","status":"publish","type":"post","link":"https:\/\/archibat.com\/blog\/une-tour-verte-pour-raviver-le-tissu-urbain-milanais\/","title":{"rendered":"Une tour verte pour raviver le tissu urbain milanais"},"content":{"rendered":"\n<p>Le cabinet d\u2019architectes Antonio Citterio Patricia Viel (ACPV) d\u00e9voile le design du nouveau si\u00e8ge de la soci\u00e9t\u00e9 italienne A2A \u00e0 Milan, en Italie. Avec leur projet intitul\u00e9&nbsp;<em>Torre faro<\/em>&nbsp;(Tour du phare), les designers r\u00e9inventent les espaces de bureaux de l\u2019entreprise afin qu\u2019ils puissent s\u2019adapter aux organisations en constante \u00e9volution. La tour de 144 m\u00e8tres de haut permettra d\u2019insuffler un nouveau souffle de vie au tissu urbain local, avec plus de 6&nbsp;000 m\u00b2&nbsp;d\u2019espaces verts.&nbsp;<\/p>\n\n\n\n<figure class=\"wp-block-image size-large is-resized\"><img loading=\"lazy\" decoding=\"async\" src=\"https:\/\/archibat.com\/blog\/wp-content\/uploads\/2021\/08\/ACPV-a2a-milan-3-720x437.jpg\" alt=\"\" class=\"wp-image-15800\" width=\"850\" height=\"516\" srcset=\"https:\/\/archibat.com\/blog\/wp-content\/uploads\/2021\/08\/ACPV-a2a-milan-3-720x437.jpg 720w, https:\/\/archibat.com\/blog\/wp-content\/uploads\/2021\/08\/ACPV-a2a-milan-3-300x182.jpg 300w, https:\/\/archibat.com\/blog\/wp-content\/uploads\/2021\/08\/ACPV-a2a-milan-3-768x466.jpg 768w, https:\/\/archibat.com\/blog\/wp-content\/uploads\/2021\/08\/ACPV-a2a-milan-3.jpg 818w\" sizes=\"auto, (max-width: 850px) 100vw, 850px\" \/><\/figure>\n\n\n\n<p><em>Torre faro<\/em>&nbsp;relie le centre historique \u00e0 la p\u00e9riph\u00e9rie de Milan, en ravivant un axe nord-sud qui part du centre-ville jusqu\u2019au quartier d\u2019affaires situ\u00e9 en face de la gare ferroviaire d\u00e9saffect\u00e9e. \u00ab&nbsp;Ce projet cr\u00e9e un nouveau centre d\u2019activit\u00e9s vertical con\u00e7u pour encourager les interactions professionnelles et personnelles spontan\u00e9es&nbsp;\u00bb d\u00e9taille Antonio Citterio.&nbsp;<\/p>\n\n\n\n<figure class=\"wp-block-image size-large is-resized\"><img loading=\"lazy\" decoding=\"async\" src=\"https:\/\/archibat.com\/blog\/wp-content\/uploads\/2021\/08\/ACPV-a2a-milan-1-641x480.jpg\" alt=\"\" class=\"wp-image-15802\" width=\"964\" height=\"721\" srcset=\"https:\/\/archibat.com\/blog\/wp-content\/uploads\/2021\/08\/ACPV-a2a-milan-1-641x480.jpg 641w, https:\/\/archibat.com\/blog\/wp-content\/uploads\/2021\/08\/ACPV-a2a-milan-1-300x225.jpg 300w, https:\/\/archibat.com\/blog\/wp-content\/uploads\/2021\/08\/ACPV-a2a-milan-1.jpg 818w\" sizes=\"auto, (max-width: 964px) 100vw, 964px\" \/><\/figure>\n\n\n\n<p>Cette tour peut accueillir jusqu\u2019\u00e0 1&nbsp;500 personnes dans des espaces modulables et ouverts, avec en son centre une cour verte partag\u00e9e avec le mus\u00e9e de l\u2019\u00e9nergie. La tour est divis\u00e9e verticalement en deux ensembles d\u2019\u00e9tages de bureaux encadr\u00e9s par le hall d\u2019entr\u00e9e spacieux au premier \u00e9tage, le \u00ab&nbsp;jardin du ciel&nbsp;\u00bb au milieu et le belv\u00e9d\u00e8re au sommet. L\u2019architecture du b\u00e2timent r\u00e9pond aux besoins professionnels futurs en int\u00e9grant des espaces flexibles, dont des salles de coworking et des espaces de r\u00e9union pouvant \u00eatre reconfigur\u00e9s pour diff\u00e9rentes utilisations.&nbsp;<br><\/p>\n\n\n\n<figure class=\"wp-block-image size-large is-resized\"><img loading=\"lazy\" decoding=\"async\" src=\"https:\/\/archibat.com\/blog\/wp-content\/uploads\/2021\/08\/ACPV-a2a-milan-5-579x480.jpg\" alt=\"\" class=\"wp-image-15804\" width=\"786\" height=\"652\" srcset=\"https:\/\/archibat.com\/blog\/wp-content\/uploads\/2021\/08\/ACPV-a2a-milan-5-579x480.jpg 579w, https:\/\/archibat.com\/blog\/wp-content\/uploads\/2021\/08\/ACPV-a2a-milan-5-300x249.jpg 300w, https:\/\/archibat.com\/blog\/wp-content\/uploads\/2021\/08\/ACPV-a2a-milan-5-768x637.jpg 768w, https:\/\/archibat.com\/blog\/wp-content\/uploads\/2021\/08\/ACPV-a2a-milan-5.jpg 818w\" sizes=\"auto, (max-width: 786px) 100vw, 786px\" \/><\/figure>\n\n\n\n<p>La r\u00e9novation urbaine du quartier inclut l\u2019agrandissement des zones pi\u00e9tonnes, deux nouvelles places, des espaces verts suppl\u00e9mentaires et des pistes cyclables pour en faire un quartier diversifi\u00e9, attrayant et multig\u00e9n\u00e9rationnel. \u00ab&nbsp;La nouvelle tour et la r\u00e9novation des b\u00e2timents existants de l\u2019entreprise transforment les volumes architecturaux pour permettre un passage fluide du centre-ville de Milan \u00e0 la gare ferroviaire d\u00e9saffect\u00e9e de la&nbsp;<em>Porta Romana,<\/em>&nbsp;ainsi qu\u2019au quartier d\u2019affaires qui prend forme actuellement&nbsp;\u00bb, explique Claudio Raviolo, responsable du projet. APCV a veill\u00e9 \u00e0 ce que la tour soit ouverte au public pour l\u2019inscrire pleinement dans le projet de r\u00e9g\u00e9n\u00e9ration urbaine du quartier.<\/p>\n\n\n\n<figure class=\"wp-block-image size-large is-resized\"><img loading=\"lazy\" decoding=\"async\" src=\"https:\/\/archibat.com\/blog\/wp-content\/uploads\/2021\/08\/ACPV-a2a-milan-4-720x405.jpg\" alt=\"\" class=\"wp-image-15812\" width=\"963\" height=\"541\" srcset=\"https:\/\/archibat.com\/blog\/wp-content\/uploads\/2021\/08\/ACPV-a2a-milan-4-720x405.jpg 720w, https:\/\/archibat.com\/blog\/wp-content\/uploads\/2021\/08\/ACPV-a2a-milan-4-300x169.jpg 300w, https:\/\/archibat.com\/blog\/wp-content\/uploads\/2021\/08\/ACPV-a2a-milan-4-768x432.jpg 768w, https:\/\/archibat.com\/blog\/wp-content\/uploads\/2021\/08\/ACPV-a2a-milan-4.jpg 818w\" sizes=\"auto, (max-width: 963px) 100vw, 963px\" \/><\/figure>\n\n\n\n<figure class=\"wp-block-image size-large is-resized\"><img loading=\"lazy\" decoding=\"async\" src=\"https:\/\/archibat.com\/blog\/wp-content\/uploads\/2021\/08\/ACPV-a2a-milan-6-553x480.jpg\" alt=\"\" class=\"wp-image-15806\" width=\"871\" height=\"756\" srcset=\"https:\/\/archibat.com\/blog\/wp-content\/uploads\/2021\/08\/ACPV-a2a-milan-6-553x480.jpg 553w, https:\/\/archibat.com\/blog\/wp-content\/uploads\/2021\/08\/ACPV-a2a-milan-6-300x260.jpg 300w, https:\/\/archibat.com\/blog\/wp-content\/uploads\/2021\/08\/ACPV-a2a-milan-6-768x667.jpg 768w, https:\/\/archibat.com\/blog\/wp-content\/uploads\/2021\/08\/ACPV-a2a-milan-6.jpg 818w\" sizes=\"auto, (max-width: 871px) 100vw, 871px\" \/><\/figure>\n\n\n\n<figure class=\"wp-block-image size-large is-resized\"><img loading=\"lazy\" decoding=\"async\" src=\"https:\/\/archibat.com\/blog\/wp-content\/uploads\/2021\/08\/ACPV-a2a-milan-7-679x480.jpg\" alt=\"\" class=\"wp-image-15808\" width=\"1016\" height=\"718\" srcset=\"https:\/\/archibat.com\/blog\/wp-content\/uploads\/2021\/08\/ACPV-a2a-milan-7-679x480.jpg 679w, https:\/\/archibat.com\/blog\/wp-content\/uploads\/2021\/08\/ACPV-a2a-milan-7-300x212.jpg 300w, https:\/\/archibat.com\/blog\/wp-content\/uploads\/2021\/08\/ACPV-a2a-milan-7-768x543.jpg 768w, https:\/\/archibat.com\/blog\/wp-content\/uploads\/2021\/08\/ACPV-a2a-milan-7.jpg 818w\" sizes=\"auto, (max-width: 1016px) 100vw, 1016px\" \/><\/figure>\n\n\n\n<figure class=\"wp-block-image size-large is-resized\"><img loading=\"lazy\" decoding=\"async\" src=\"https:\/\/archibat.com\/blog\/wp-content\/uploads\/2021\/08\/ACPV-a2a-milan-8-679x480.jpg\" alt=\"\" class=\"wp-image-15810\" width=\"973\" height=\"688\" srcset=\"https:\/\/archibat.com\/blog\/wp-content\/uploads\/2021\/08\/ACPV-a2a-milan-8-679x480.jpg 679w, https:\/\/archibat.com\/blog\/wp-content\/uploads\/2021\/08\/ACPV-a2a-milan-8-300x212.jpg 300w, https:\/\/archibat.com\/blog\/wp-content\/uploads\/2021\/08\/ACPV-a2a-milan-8-768x543.jpg 768w, https:\/\/archibat.com\/blog\/wp-content\/uploads\/2021\/08\/ACPV-a2a-milan-8.jpg 818w\" sizes=\"auto, (max-width: 973px) 100vw, 973px\" \/><\/figure>\n\n\n\n<p><strong>Photos et architectes&nbsp;:<\/strong>&nbsp;<a href=\"https:\/\/www.citterio-viel.com\/projects\/torre-faro-a2a\/#1605284709473-5e513d85-a035\">ACPV<\/a><\/p>\n","protected":false},"excerpt":{"rendered":"<p>Le cabinet d\u2019architectes Antonio Citterio Patricia Viel (ACPV) d\u00e9voile le design du nouveau si\u00e8ge de la soci\u00e9t\u00e9 italienne A2A \u00e0 Milan, en Italie. Avec leur\u2026<\/p>\n","protected":false},"author":2,"featured_media":15798,"comment_status":"closed","ping_status":"closed","sticky":false,"template":"","format":"standard","meta":{"_acf_changed":false,"footnotes":""},"categories":[3],"tags":[2829,2828,2832,2830,2835,2831,2827,2834],"class_list":["post-15797","post","type-post","status-publish","format-standard","has-post-thumbnail","hentry","category-architecture-et-design","tag-a2a","tag-acpv","tag-bureaux-2","tag-milan","tag-portaromana","tag-torrefaro","tag-tourverte","tag-urbain-2"],"acf":[],"yoast_head":"<!-- This site is optimized with the Yoast SEO plugin v24.8.1 - https:\/\/yoast.com\/wordpress\/plugins\/seo\/ -->\n<title>Une tour verte pour raviver le tissu urbain milanais &#8211; ArchiBat Mag<\/title>\n<meta name=\"robots\" content=\"index, follow, max-snippet:-1, max-image-preview:large, max-video-preview:-1\" \/>\n<link rel=\"canonical\" href=\"https:\/\/archibat.com\/blog\/une-tour-verte-pour-raviver-le-tissu-urbain-milanais\/\" \/>\n<meta property=\"og:locale\" content=\"fr_FR\" \/>\n<meta property=\"og:type\" content=\"article\" \/>\n<meta property=\"og:title\" content=\"Une tour verte pour raviver le tissu urbain milanais &#8211; ArchiBat Mag\" \/>\n<meta property=\"og:description\" content=\"Le cabinet d\u2019architectes Antonio Citterio Patricia Viel (ACPV) d\u00e9voile le design du nouveau si\u00e8ge de la soci\u00e9t\u00e9 italienne A2A \u00e0 Milan, en Italie. Avec leur\u2026\" \/>\n<meta property=\"og:url\" content=\"https:\/\/archibat.com\/blog\/une-tour-verte-pour-raviver-le-tissu-urbain-milanais\/\" \/>\n<meta property=\"og:site_name\" content=\"ArchiBat Mag\" \/>\n<meta property=\"article:published_time\" content=\"2021-08-27T12:00:00+00:00\" \/>\n<meta property=\"article:modified_time\" content=\"2021-08-27T12:07:19+00:00\" \/>\n<meta property=\"og:image\" content=\"https:\/\/archibat.com\/blog\/wp-content\/uploads\/2021\/08\/COVER.jpg\" \/>\n\t<meta property=\"og:image:width\" content=\"818\" \/>\n\t<meta property=\"og:image:height\" content=\"511\" \/>\n\t<meta property=\"og:image:type\" content=\"image\/jpeg\" \/>\n<meta name=\"author\" content=\"communication\" \/>\n<meta name=\"twitter:card\" content=\"summary_large_image\" \/>\n<meta name=\"twitter:label1\" content=\"\u00c9crit par\" \/>\n\t<meta name=\"twitter:data1\" content=\"communication\" \/>\n\t<meta name=\"twitter:label2\" content=\"Dur\u00e9e de lecture estim\u00e9e\" \/>\n\t<meta name=\"twitter:data2\" content=\"2 minutes\" \/>\n<script type=\"application\/ld+json\" class=\"yoast-schema-graph\">{\"@context\":\"https:\/\/schema.org\",\"@graph\":[{\"@type\":\"WebPage\",\"@id\":\"https:\/\/archibat.com\/blog\/une-tour-verte-pour-raviver-le-tissu-urbain-milanais\/\",\"url\":\"https:\/\/archibat.com\/blog\/une-tour-verte-pour-raviver-le-tissu-urbain-milanais\/\",\"name\":\"Une tour verte pour raviver le tissu urbain milanais &#8211; ArchiBat Mag\",\"isPartOf\":{\"@id\":\"https:\/\/archibat.com\/blog\/#website\"},\"primaryImageOfPage\":{\"@id\":\"https:\/\/archibat.com\/blog\/une-tour-verte-pour-raviver-le-tissu-urbain-milanais\/#primaryimage\"},\"image\":{\"@id\":\"https:\/\/archibat.com\/blog\/une-tour-verte-pour-raviver-le-tissu-urbain-milanais\/#primaryimage\"},\"thumbnailUrl\":\"https:\/\/archibat.com\/blog\/wp-content\/uploads\/2021\/08\/COVER.jpg\",\"datePublished\":\"2021-08-27T12:00:00+00:00\",\"dateModified\":\"2021-08-27T12:07:19+00:00\",\"author\":{\"@id\":\"https:\/\/archibat.com\/blog\/#\/schema\/person\/c246f0d63b5e719c2cbe4f9bd494bf12\"},\"breadcrumb\":{\"@id\":\"https:\/\/archibat.com\/blog\/une-tour-verte-pour-raviver-le-tissu-urbain-milanais\/#breadcrumb\"},\"inLanguage\":\"fr-FR\",\"potentialAction\":[{\"@type\":\"ReadAction\",\"target\":[\"https:\/\/archibat.com\/blog\/une-tour-verte-pour-raviver-le-tissu-urbain-milanais\/\"]}]},{\"@type\":\"ImageObject\",\"inLanguage\":\"fr-FR\",\"@id\":\"https:\/\/archibat.com\/blog\/une-tour-verte-pour-raviver-le-tissu-urbain-milanais\/#primaryimage\",\"url\":\"https:\/\/archibat.com\/blog\/wp-content\/uploads\/2021\/08\/COVER.jpg\",\"contentUrl\":\"https:\/\/archibat.com\/blog\/wp-content\/uploads\/2021\/08\/COVER.jpg\",\"width\":818,\"height\":511},{\"@type\":\"BreadcrumbList\",\"@id\":\"https:\/\/archibat.com\/blog\/une-tour-verte-pour-raviver-le-tissu-urbain-milanais\/#breadcrumb\",\"itemListElement\":[{\"@type\":\"ListItem\",\"position\":1,\"name\":\"Home\",\"item\":\"https:\/\/archibat.com\/blog\/\"},{\"@type\":\"ListItem\",\"position\":2,\"name\":\"Une tour verte pour raviver le tissu urbain milanais\"}]},{\"@type\":\"WebSite\",\"@id\":\"https:\/\/archibat.com\/blog\/#website\",\"url\":\"https:\/\/archibat.com\/blog\/\",\"name\":\"ArchiBat Mag\",\"description\":\"Vous souhaitez connaitre les derni\u00e8res actualit\u00e9s sur l\u2019Architecture, le Design ou les Ressources Humaines ? D\u00e9couvrez ArchiBat Mag, le magazine d\u00e9di\u00e9 aux m\u00e9tiers de l&#039;Architecture et de l&#039;Ing\u00e9nierie.\",\"potentialAction\":[{\"@type\":\"SearchAction\",\"target\":{\"@type\":\"EntryPoint\",\"urlTemplate\":\"https:\/\/archibat.com\/blog\/?s={search_term_string}\"},\"query-input\":{\"@type\":\"PropertyValueSpecification\",\"valueRequired\":true,\"valueName\":\"search_term_string\"}}],\"inLanguage\":\"fr-FR\"},{\"@type\":\"Person\",\"@id\":\"https:\/\/archibat.com\/blog\/#\/schema\/person\/c246f0d63b5e719c2cbe4f9bd494bf12\",\"name\":\"communication\"}]}<\/script>\n<!-- \/ Yoast SEO plugin. -->","yoast_head_json":{"title":"Une tour verte pour raviver le tissu urbain milanais &#8211; ArchiBat Mag","robots":{"index":"index","follow":"follow","max-snippet":"max-snippet:-1","max-image-preview":"max-image-preview:large","max-video-preview":"max-video-preview:-1"},"canonical":"https:\/\/archibat.com\/blog\/une-tour-verte-pour-raviver-le-tissu-urbain-milanais\/","og_locale":"fr_FR","og_type":"article","og_title":"Une tour verte pour raviver le tissu urbain milanais &#8211; ArchiBat Mag","og_description":"Le cabinet d\u2019architectes Antonio Citterio Patricia Viel (ACPV) d\u00e9voile le design du nouveau si\u00e8ge de la soci\u00e9t\u00e9 italienne A2A \u00e0 Milan, en Italie. Avec leur\u2026","og_url":"https:\/\/archibat.com\/blog\/une-tour-verte-pour-raviver-le-tissu-urbain-milanais\/","og_site_name":"ArchiBat Mag","article_published_time":"2021-08-27T12:00:00+00:00","article_modified_time":"2021-08-27T12:07:19+00:00","og_image":[{"width":818,"height":511,"url":"https:\/\/archibat.com\/blog\/wp-content\/uploads\/2021\/08\/COVER.jpg","type":"image\/jpeg"}],"author":"communication","twitter_card":"summary_large_image","twitter_misc":{"\u00c9crit par":"communication","Dur\u00e9e de lecture estim\u00e9e":"2 minutes"},"schema":{"@context":"https:\/\/schema.org","@graph":[{"@type":"WebPage","@id":"https:\/\/archibat.com\/blog\/une-tour-verte-pour-raviver-le-tissu-urbain-milanais\/","url":"https:\/\/archibat.com\/blog\/une-tour-verte-pour-raviver-le-tissu-urbain-milanais\/","name":"Une tour verte pour raviver le tissu urbain milanais &#8211; ArchiBat Mag","isPartOf":{"@id":"https:\/\/archibat.com\/blog\/#website"},"primaryImageOfPage":{"@id":"https:\/\/archibat.com\/blog\/une-tour-verte-pour-raviver-le-tissu-urbain-milanais\/#primaryimage"},"image":{"@id":"https:\/\/archibat.com\/blog\/une-tour-verte-pour-raviver-le-tissu-urbain-milanais\/#primaryimage"},"thumbnailUrl":"https:\/\/archibat.com\/blog\/wp-content\/uploads\/2021\/08\/COVER.jpg","datePublished":"2021-08-27T12:00:00+00:00","dateModified":"2021-08-27T12:07:19+00:00","author":{"@id":"https:\/\/archibat.com\/blog\/#\/schema\/person\/c246f0d63b5e719c2cbe4f9bd494bf12"},"breadcrumb":{"@id":"https:\/\/archibat.com\/blog\/une-tour-verte-pour-raviver-le-tissu-urbain-milanais\/#breadcrumb"},"inLanguage":"fr-FR","potentialAction":[{"@type":"ReadAction","target":["https:\/\/archibat.com\/blog\/une-tour-verte-pour-raviver-le-tissu-urbain-milanais\/"]}]},{"@type":"ImageObject","inLanguage":"fr-FR","@id":"https:\/\/archibat.com\/blog\/une-tour-verte-pour-raviver-le-tissu-urbain-milanais\/#primaryimage","url":"https:\/\/archibat.com\/blog\/wp-content\/uploads\/2021\/08\/COVER.jpg","contentUrl":"https:\/\/archibat.com\/blog\/wp-content\/uploads\/2021\/08\/COVER.jpg","width":818,"height":511},{"@type":"BreadcrumbList","@id":"https:\/\/archibat.com\/blog\/une-tour-verte-pour-raviver-le-tissu-urbain-milanais\/#breadcrumb","itemListElement":[{"@type":"ListItem","position":1,"name":"Home","item":"https:\/\/archibat.com\/blog\/"},{"@type":"ListItem","position":2,"name":"Une tour verte pour raviver le tissu urbain milanais"}]},{"@type":"WebSite","@id":"https:\/\/archibat.com\/blog\/#website","url":"https:\/\/archibat.com\/blog\/","name":"ArchiBat Mag","description":"Vous souhaitez connaitre les derni\u00e8res actualit\u00e9s sur l\u2019Architecture, le Design ou les Ressources Humaines ? D\u00e9couvrez ArchiBat Mag, le magazine d\u00e9di\u00e9 aux m\u00e9tiers de l&#039;Architecture et de l&#039;Ing\u00e9nierie.","potentialAction":[{"@type":"SearchAction","target":{"@type":"EntryPoint","urlTemplate":"https:\/\/archibat.com\/blog\/?s={search_term_string}"},"query-input":{"@type":"PropertyValueSpecification","valueRequired":true,"valueName":"search_term_string"}}],"inLanguage":"fr-FR"},{"@type":"Person","@id":"https:\/\/archibat.com\/blog\/#\/schema\/person\/c246f0d63b5e719c2cbe4f9bd494bf12","name":"communication"}]}},"_links":{"self":[{"href":"https:\/\/archibat.com\/blog\/wp-json\/wp\/v2\/posts\/15797","targetHints":{"allow":["GET"]}}],"collection":[{"href":"https:\/\/archibat.com\/blog\/wp-json\/wp\/v2\/posts"}],"about":[{"href":"https:\/\/archibat.com\/blog\/wp-json\/wp\/v2\/types\/post"}],"author":[{"embeddable":true,"href":"https:\/\/archibat.com\/blog\/wp-json\/wp\/v2\/users\/2"}],"replies":[{"embeddable":true,"href":"https:\/\/archibat.com\/blog\/wp-json\/wp\/v2\/comments?post=15797"}],"version-history":[{"count":3,"href":"https:\/\/archibat.com\/blog\/wp-json\/wp\/v2\/posts\/15797\/revisions"}],"predecessor-version":[{"id":15852,"href":"https:\/\/archibat.com\/blog\/wp-json\/wp\/v2\/posts\/15797\/revisions\/15852"}],"wp:featuredmedia":[{"embeddable":true,"href":"https:\/\/archibat.com\/blog\/wp-json\/wp\/v2\/media\/15798"}],"wp:attachment":[{"href":"https:\/\/archibat.com\/blog\/wp-json\/wp\/v2\/media?parent=15797"}],"wp:term":[{"taxonomy":"category","embeddable":true,"href":"https:\/\/archibat.com\/blog\/wp-json\/wp\/v2\/categories?post=15797"},{"taxonomy":"post_tag","embeddable":true,"href":"https:\/\/archibat.com\/blog\/wp-json\/wp\/v2\/tags?post=15797"}],"curies":[{"name":"wp","href":"https:\/\/api.w.org\/{rel}","templated":true}]}}