{"id":15856,"date":"2021-09-07T14:00:56","date_gmt":"2021-09-07T12:00:56","guid":{"rendered":"https:\/\/archibat.com\/blog\/?p=15856"},"modified":"2023-09-06T11:00:49","modified_gmt":"2023-09-06T09:00:49","slug":"12-13-octobre-2021-rendez-vous-de-la-matiere-faire","status":"publish","type":"post","link":"https:\/\/archibat.com\/blog\/12-13-octobre-2021-rendez-vous-de-la-matiere-faire\/","title":{"rendered":"12 &#038; 13 OCTOBRE 2021 : RENDEZ-VOUS DE LA MATI\u00c8RE + FAIR(E)"},"content":{"rendered":"\n<p>Le format des&nbsp;<strong>RENDEZ-VOUS DE LA MATI\u00c8RE + FAIR(E)<\/strong>&nbsp;associe deux lieux atypiques au dynamisme&nbsp;d&rsquo;un salon professionnel. Une&nbsp;<strong>sc\u00e9nographie immersive<\/strong>, con\u00e7ue sur-mesure par le&nbsp;<strong>studio de design Fr\u00e9d\u00e9ric Imbert<\/strong>,&nbsp;sous la forme d&rsquo;un d\u00e9cor de th\u00e9\u00e2tre serpentant entre les espaces.<\/p>\n\n\n\n<figure class=\"wp-block-image size-large is-resized\"><img loading=\"lazy\" decoding=\"async\" src=\"https:\/\/archibat.com\/blog\/wp-content\/uploads\/2021\/09\/RDV-Matiere-1.jpg\" alt=\"\" class=\"wp-image-15877\" width=\"984\" height=\"557\" srcset=\"https:\/\/archibat.com\/blog\/wp-content\/uploads\/2021\/09\/RDV-Matiere-1.jpg 635w, https:\/\/archibat.com\/blog\/wp-content\/uploads\/2021\/09\/RDV-Matiere-1-300x170.jpg 300w\" sizes=\"auto, (max-width: 984px) 100vw, 984px\" \/><\/figure>\n\n\n\n<p>Deux jours de rencontres privil\u00e9gi\u00e9es autour&nbsp;d\u2019un concept sc\u00e9nographique permettant&nbsp;de favoriser la d\u00e9couverte des potentiels cr\u00e9atifs,&nbsp;sensoriels et techniques des mati\u00e8res,&nbsp;d\u2019impulser les rencontres et collaborations&nbsp;entre les industriels, concepteurs de mati\u00e8res&nbsp;et les 2 500 visiteurs attendus (architectes, designers,&nbsp;agenceurs, ma\u00eetres d\u2019ouvrage, d\u00e9corateurs)&nbsp;pour cette nouvelle \u00e9dition.<\/p>\n\n\n\n<p>Chaque \u00e9dition est ponctu\u00e9e de plusieurs cycles&nbsp;de conf\u00e9rences enti\u00e8rement d\u00e9di\u00e9s \u00e0 la&nbsp;th\u00e9matique des mat\u00e9riaux, de visites guid\u00e9es&nbsp;et workshops en pr\u00e9sence d\u2019architectes, fabricants&nbsp;et sp\u00e9cialistes.<\/p>\n\n\n\n<figure class=\"wp-block-image size-large is-resized\"><img loading=\"lazy\" decoding=\"async\" src=\"https:\/\/archibat.com\/blog\/wp-content\/uploads\/2021\/09\/CP_RDVM_2020.pdf-Adobe-Acrobat-Pro-DC-1-720x470.jpg\" alt=\"\" class=\"wp-image-15864\" width=\"965\" height=\"630\" srcset=\"https:\/\/archibat.com\/blog\/wp-content\/uploads\/2021\/09\/CP_RDVM_2020.pdf-Adobe-Acrobat-Pro-DC-1-720x470.jpg 720w, https:\/\/archibat.com\/blog\/wp-content\/uploads\/2021\/09\/CP_RDVM_2020.pdf-Adobe-Acrobat-Pro-DC-1-300x196.jpg 300w, https:\/\/archibat.com\/blog\/wp-content\/uploads\/2021\/09\/CP_RDVM_2020.pdf-Adobe-Acrobat-Pro-DC-1-768x502.jpg 768w, https:\/\/archibat.com\/blog\/wp-content\/uploads\/2021\/09\/CP_RDVM_2020.pdf-Adobe-Acrobat-Pro-DC-1.jpg 1434w\" sizes=\"auto, (max-width: 965px) 100vw, 965px\" \/><\/figure>\n\n\n\n<p><strong>1\/ Les rendez-vous de la mati\u00e8re, mat\u00e9riaux et solutions cr\u00e9atives\u00a0\u00e0 l&rsquo;Espace Commines<\/strong><br><br>Les Rendez-vous de la Mati\u00e8re offrent aux industriels fran\u00e7ais et \u00e9trangers un espace de rencontre autour du potentiel cr\u00e9atif et sensoriel de leurs mat\u00e9riaux et solutions relevant d&rsquo;un savoir-faire sp\u00e9cifique.<\/p>\n\n\n\n<p><strong>2\/ L\u2019atelier Fair(e), c\u0153ur de l&rsquo;artisanat \u00e0 l&rsquo;espace Marais\u2022Marais<\/strong><br><br>L\u2019Atelier FAIR(E) affirme l\u2019ambition cr\u00e9ative&nbsp;des artisans d\u2019art de sans&nbsp;cesse renouveler leur mani\u00e8re d\u2019appr\u00e9hender&nbsp;la mati\u00e8re. Ce lieu s\u2019est naturellement&nbsp;voulu intimiste et propice aux&nbsp;\u00e9changes, afin de conserver la proximit\u00e9&nbsp;entre exposants et prescripteurs.<\/p>\n\n\n\n<figure class=\"wp-block-image size-large is-resized\"><img loading=\"lazy\" decoding=\"async\" src=\"https:\/\/archibat.com\/blog\/wp-content\/uploads\/2021\/09\/unnamed-1.jpg\" alt=\"\" class=\"wp-image-15866\" width=\"1148\" height=\"645\" srcset=\"https:\/\/archibat.com\/blog\/wp-content\/uploads\/2021\/09\/unnamed-1.jpg 512w, https:\/\/archibat.com\/blog\/wp-content\/uploads\/2021\/09\/unnamed-1-300x169.jpg 300w\" sizes=\"auto, (max-width: 1148px) 100vw, 1148px\" \/><\/figure>\n\n\n\n<p><strong>Acc\u00e8s :<\/strong><br>M\u00e9tro Filles du Calvaire ligne 8<br>Bus 91,&nbsp;Oberkampf &#8211;&nbsp;Bus&nbsp;96, Bretagne<br>Stations V\u00e9lib : Place Padeloup, Filles du Calvaire<br>Parking Garage Turenne, Interparking Temple<br><br><strong>Espace Commines :&nbsp;17 Rue Commines, 75003 Paris<br>Espace Marais\u2022Marais :&nbsp;5 bis Rue de Beauce, 75003 Paris<\/strong><\/p>\n\n\n\n<p><\/p>\n\n\n\n<p><\/p>\n","protected":false},"excerpt":{"rendered":"<p>Le format des&nbsp;RENDEZ-VOUS DE LA MATI\u00c8RE + FAIR(E)&nbsp;associe deux lieux atypiques au dynamisme&nbsp;d&rsquo;un salon professionnel. Une&nbsp;sc\u00e9nographie immersive, con\u00e7ue sur-mesure par le&nbsp;studio de design Fr\u00e9d\u00e9ric Imbert,&nbsp;sous\u2026<\/p>\n","protected":false},"author":2,"featured_media":15862,"comment_status":"closed","ping_status":"closed","sticky":false,"template":"","format":"standard","meta":{"_acf_changed":false,"footnotes":""},"categories":[3],"tags":[2845,2852,2850,2856,2849,2851,2855,2857],"class_list":["post-15856","post","type-post","status-publish","format-standard","has-post-thumbnail","hentry","category-architecture-et-design","tag-architecture-3","tag-art-3","tag-artisanat-2","tag-decorateurs","tag-espace-commines","tag-espace-marais","tag-matieres","tag-scenographie-2"],"acf":[],"yoast_head":"<!-- This site is optimized with the Yoast SEO plugin v24.8.1 - https:\/\/yoast.com\/wordpress\/plugins\/seo\/ -->\n<title>12 &amp; 13 OCTOBRE 2021 : RENDEZ-VOUS DE LA MATI\u00c8RE + FAIR(E) &#8211; ArchiBat Mag<\/title>\n<meta name=\"robots\" content=\"index, follow, max-snippet:-1, max-image-preview:large, max-video-preview:-1\" \/>\n<link rel=\"canonical\" href=\"https:\/\/archibat.com\/blog\/12-13-octobre-2021-rendez-vous-de-la-matiere-faire\/\" \/>\n<meta property=\"og:locale\" content=\"fr_FR\" \/>\n<meta property=\"og:type\" content=\"article\" \/>\n<meta property=\"og:title\" content=\"12 &amp; 13 OCTOBRE 2021 : RENDEZ-VOUS DE LA MATI\u00c8RE + FAIR(E) &#8211; ArchiBat Mag\" \/>\n<meta property=\"og:description\" content=\"Le format des&nbsp;RENDEZ-VOUS DE LA MATI\u00c8RE + FAIR(E)&nbsp;associe deux lieux atypiques au dynamisme&nbsp;d&rsquo;un salon professionnel. Une&nbsp;sc\u00e9nographie immersive, con\u00e7ue sur-mesure par le&nbsp;studio de design Fr\u00e9d\u00e9ric Imbert,&nbsp;sous\u2026\" \/>\n<meta property=\"og:url\" content=\"https:\/\/archibat.com\/blog\/12-13-octobre-2021-rendez-vous-de-la-matiere-faire\/\" \/>\n<meta property=\"og:site_name\" content=\"ArchiBat Mag\" \/>\n<meta property=\"article:published_time\" content=\"2021-09-07T12:00:56+00:00\" \/>\n<meta property=\"article:modified_time\" content=\"2023-09-06T09:00:49+00:00\" \/>\n<meta property=\"og:image\" content=\"https:\/\/archibat.com\/blog\/wp-content\/uploads\/2021\/09\/rendez-vous-de-la-matiere-17-bookstorming-04b-e1551366308445.jpg\" \/>\n\t<meta property=\"og:image:width\" content=\"800\" \/>\n\t<meta property=\"og:image:height\" content=\"651\" \/>\n\t<meta property=\"og:image:type\" content=\"image\/jpeg\" \/>\n<meta name=\"author\" content=\"communication\" \/>\n<meta name=\"twitter:card\" content=\"summary_large_image\" \/>\n<meta name=\"twitter:label1\" content=\"\u00c9crit par\" \/>\n\t<meta name=\"twitter:data1\" content=\"communication\" \/>\n\t<meta name=\"twitter:label2\" content=\"Dur\u00e9e de lecture estim\u00e9e\" \/>\n\t<meta name=\"twitter:data2\" content=\"2 minutes\" \/>\n<script type=\"application\/ld+json\" class=\"yoast-schema-graph\">{\"@context\":\"https:\/\/schema.org\",\"@graph\":[{\"@type\":\"WebPage\",\"@id\":\"https:\/\/archibat.com\/blog\/12-13-octobre-2021-rendez-vous-de-la-matiere-faire\/\",\"url\":\"https:\/\/archibat.com\/blog\/12-13-octobre-2021-rendez-vous-de-la-matiere-faire\/\",\"name\":\"12 & 13 OCTOBRE 2021 : RENDEZ-VOUS DE LA MATI\u00c8RE + FAIR(E) &#8211; ArchiBat Mag\",\"isPartOf\":{\"@id\":\"https:\/\/archibat.com\/blog\/#website\"},\"primaryImageOfPage\":{\"@id\":\"https:\/\/archibat.com\/blog\/12-13-octobre-2021-rendez-vous-de-la-matiere-faire\/#primaryimage\"},\"image\":{\"@id\":\"https:\/\/archibat.com\/blog\/12-13-octobre-2021-rendez-vous-de-la-matiere-faire\/#primaryimage\"},\"thumbnailUrl\":\"https:\/\/archibat.com\/blog\/wp-content\/uploads\/2021\/09\/rendez-vous-de-la-matiere-17-bookstorming-04b-e1551366308445.jpg\",\"datePublished\":\"2021-09-07T12:00:56+00:00\",\"dateModified\":\"2023-09-06T09:00:49+00:00\",\"author\":{\"@id\":\"https:\/\/archibat.com\/blog\/#\/schema\/person\/c246f0d63b5e719c2cbe4f9bd494bf12\"},\"breadcrumb\":{\"@id\":\"https:\/\/archibat.com\/blog\/12-13-octobre-2021-rendez-vous-de-la-matiere-faire\/#breadcrumb\"},\"inLanguage\":\"fr-FR\",\"potentialAction\":[{\"@type\":\"ReadAction\",\"target\":[\"https:\/\/archibat.com\/blog\/12-13-octobre-2021-rendez-vous-de-la-matiere-faire\/\"]}]},{\"@type\":\"ImageObject\",\"inLanguage\":\"fr-FR\",\"@id\":\"https:\/\/archibat.com\/blog\/12-13-octobre-2021-rendez-vous-de-la-matiere-faire\/#primaryimage\",\"url\":\"https:\/\/archibat.com\/blog\/wp-content\/uploads\/2021\/09\/rendez-vous-de-la-matiere-17-bookstorming-04b-e1551366308445.jpg\",\"contentUrl\":\"https:\/\/archibat.com\/blog\/wp-content\/uploads\/2021\/09\/rendez-vous-de-la-matiere-17-bookstorming-04b-e1551366308445.jpg\",\"width\":800,\"height\":651},{\"@type\":\"BreadcrumbList\",\"@id\":\"https:\/\/archibat.com\/blog\/12-13-octobre-2021-rendez-vous-de-la-matiere-faire\/#breadcrumb\",\"itemListElement\":[{\"@type\":\"ListItem\",\"position\":1,\"name\":\"Home\",\"item\":\"https:\/\/archibat.com\/blog\/\"},{\"@type\":\"ListItem\",\"position\":2,\"name\":\"12 &#038; 13 OCTOBRE 2021 : RENDEZ-VOUS DE LA MATI\u00c8RE + FAIR(E)\"}]},{\"@type\":\"WebSite\",\"@id\":\"https:\/\/archibat.com\/blog\/#website\",\"url\":\"https:\/\/archibat.com\/blog\/\",\"name\":\"ArchiBat Mag\",\"description\":\"Vous souhaitez connaitre les derni\u00e8res actualit\u00e9s sur l\u2019Architecture, le Design ou les Ressources Humaines ? D\u00e9couvrez ArchiBat Mag, le magazine d\u00e9di\u00e9 aux m\u00e9tiers de l&#039;Architecture et de l&#039;Ing\u00e9nierie.\",\"potentialAction\":[{\"@type\":\"SearchAction\",\"target\":{\"@type\":\"EntryPoint\",\"urlTemplate\":\"https:\/\/archibat.com\/blog\/?s={search_term_string}\"},\"query-input\":{\"@type\":\"PropertyValueSpecification\",\"valueRequired\":true,\"valueName\":\"search_term_string\"}}],\"inLanguage\":\"fr-FR\"},{\"@type\":\"Person\",\"@id\":\"https:\/\/archibat.com\/blog\/#\/schema\/person\/c246f0d63b5e719c2cbe4f9bd494bf12\",\"name\":\"communication\"}]}<\/script>\n<!-- \/ Yoast SEO plugin. -->","yoast_head_json":{"title":"12 & 13 OCTOBRE 2021 : RENDEZ-VOUS DE LA MATI\u00c8RE + FAIR(E) &#8211; ArchiBat Mag","robots":{"index":"index","follow":"follow","max-snippet":"max-snippet:-1","max-image-preview":"max-image-preview:large","max-video-preview":"max-video-preview:-1"},"canonical":"https:\/\/archibat.com\/blog\/12-13-octobre-2021-rendez-vous-de-la-matiere-faire\/","og_locale":"fr_FR","og_type":"article","og_title":"12 & 13 OCTOBRE 2021 : RENDEZ-VOUS DE LA MATI\u00c8RE + FAIR(E) &#8211; ArchiBat Mag","og_description":"Le format des&nbsp;RENDEZ-VOUS DE LA MATI\u00c8RE + FAIR(E)&nbsp;associe deux lieux atypiques au dynamisme&nbsp;d&rsquo;un salon professionnel. Une&nbsp;sc\u00e9nographie immersive, con\u00e7ue sur-mesure par le&nbsp;studio de design Fr\u00e9d\u00e9ric Imbert,&nbsp;sous\u2026","og_url":"https:\/\/archibat.com\/blog\/12-13-octobre-2021-rendez-vous-de-la-matiere-faire\/","og_site_name":"ArchiBat Mag","article_published_time":"2021-09-07T12:00:56+00:00","article_modified_time":"2023-09-06T09:00:49+00:00","og_image":[{"width":800,"height":651,"url":"https:\/\/archibat.com\/blog\/wp-content\/uploads\/2021\/09\/rendez-vous-de-la-matiere-17-bookstorming-04b-e1551366308445.jpg","type":"image\/jpeg"}],"author":"communication","twitter_card":"summary_large_image","twitter_misc":{"\u00c9crit par":"communication","Dur\u00e9e de lecture estim\u00e9e":"2 minutes"},"schema":{"@context":"https:\/\/schema.org","@graph":[{"@type":"WebPage","@id":"https:\/\/archibat.com\/blog\/12-13-octobre-2021-rendez-vous-de-la-matiere-faire\/","url":"https:\/\/archibat.com\/blog\/12-13-octobre-2021-rendez-vous-de-la-matiere-faire\/","name":"12 & 13 OCTOBRE 2021 : RENDEZ-VOUS DE LA MATI\u00c8RE + FAIR(E) &#8211; ArchiBat Mag","isPartOf":{"@id":"https:\/\/archibat.com\/blog\/#website"},"primaryImageOfPage":{"@id":"https:\/\/archibat.com\/blog\/12-13-octobre-2021-rendez-vous-de-la-matiere-faire\/#primaryimage"},"image":{"@id":"https:\/\/archibat.com\/blog\/12-13-octobre-2021-rendez-vous-de-la-matiere-faire\/#primaryimage"},"thumbnailUrl":"https:\/\/archibat.com\/blog\/wp-content\/uploads\/2021\/09\/rendez-vous-de-la-matiere-17-bookstorming-04b-e1551366308445.jpg","datePublished":"2021-09-07T12:00:56+00:00","dateModified":"2023-09-06T09:00:49+00:00","author":{"@id":"https:\/\/archibat.com\/blog\/#\/schema\/person\/c246f0d63b5e719c2cbe4f9bd494bf12"},"breadcrumb":{"@id":"https:\/\/archibat.com\/blog\/12-13-octobre-2021-rendez-vous-de-la-matiere-faire\/#breadcrumb"},"inLanguage":"fr-FR","potentialAction":[{"@type":"ReadAction","target":["https:\/\/archibat.com\/blog\/12-13-octobre-2021-rendez-vous-de-la-matiere-faire\/"]}]},{"@type":"ImageObject","inLanguage":"fr-FR","@id":"https:\/\/archibat.com\/blog\/12-13-octobre-2021-rendez-vous-de-la-matiere-faire\/#primaryimage","url":"https:\/\/archibat.com\/blog\/wp-content\/uploads\/2021\/09\/rendez-vous-de-la-matiere-17-bookstorming-04b-e1551366308445.jpg","contentUrl":"https:\/\/archibat.com\/blog\/wp-content\/uploads\/2021\/09\/rendez-vous-de-la-matiere-17-bookstorming-04b-e1551366308445.jpg","width":800,"height":651},{"@type":"BreadcrumbList","@id":"https:\/\/archibat.com\/blog\/12-13-octobre-2021-rendez-vous-de-la-matiere-faire\/#breadcrumb","itemListElement":[{"@type":"ListItem","position":1,"name":"Home","item":"https:\/\/archibat.com\/blog\/"},{"@type":"ListItem","position":2,"name":"12 &#038; 13 OCTOBRE 2021 : RENDEZ-VOUS DE LA MATI\u00c8RE + FAIR(E)"}]},{"@type":"WebSite","@id":"https:\/\/archibat.com\/blog\/#website","url":"https:\/\/archibat.com\/blog\/","name":"ArchiBat Mag","description":"Vous souhaitez connaitre les derni\u00e8res actualit\u00e9s sur l\u2019Architecture, le Design ou les Ressources Humaines ? D\u00e9couvrez ArchiBat Mag, le magazine d\u00e9di\u00e9 aux m\u00e9tiers de l&#039;Architecture et de l&#039;Ing\u00e9nierie.","potentialAction":[{"@type":"SearchAction","target":{"@type":"EntryPoint","urlTemplate":"https:\/\/archibat.com\/blog\/?s={search_term_string}"},"query-input":{"@type":"PropertyValueSpecification","valueRequired":true,"valueName":"search_term_string"}}],"inLanguage":"fr-FR"},{"@type":"Person","@id":"https:\/\/archibat.com\/blog\/#\/schema\/person\/c246f0d63b5e719c2cbe4f9bd494bf12","name":"communication"}]}},"_links":{"self":[{"href":"https:\/\/archibat.com\/blog\/wp-json\/wp\/v2\/posts\/15856","targetHints":{"allow":["GET"]}}],"collection":[{"href":"https:\/\/archibat.com\/blog\/wp-json\/wp\/v2\/posts"}],"about":[{"href":"https:\/\/archibat.com\/blog\/wp-json\/wp\/v2\/types\/post"}],"author":[{"embeddable":true,"href":"https:\/\/archibat.com\/blog\/wp-json\/wp\/v2\/users\/2"}],"replies":[{"embeddable":true,"href":"https:\/\/archibat.com\/blog\/wp-json\/wp\/v2\/comments?post=15856"}],"version-history":[{"count":3,"href":"https:\/\/archibat.com\/blog\/wp-json\/wp\/v2\/posts\/15856\/revisions"}],"predecessor-version":[{"id":21404,"href":"https:\/\/archibat.com\/blog\/wp-json\/wp\/v2\/posts\/15856\/revisions\/21404"}],"wp:featuredmedia":[{"embeddable":true,"href":"https:\/\/archibat.com\/blog\/wp-json\/wp\/v2\/media\/15862"}],"wp:attachment":[{"href":"https:\/\/archibat.com\/blog\/wp-json\/wp\/v2\/media?parent=15856"}],"wp:term":[{"taxonomy":"category","embeddable":true,"href":"https:\/\/archibat.com\/blog\/wp-json\/wp\/v2\/categories?post=15856"},{"taxonomy":"post_tag","embeddable":true,"href":"https:\/\/archibat.com\/blog\/wp-json\/wp\/v2\/tags?post=15856"}],"curies":[{"name":"wp","href":"https:\/\/api.w.org\/{rel}","templated":true}]}}