{"id":162,"date":"2014-10-29T16:42:37","date_gmt":"2014-10-29T15:42:37","guid":{"rendered":"https:\/\/www.archibat.com\/blog\/?p=162"},"modified":"2018-11-13T16:19:11","modified_gmt":"2018-11-13T15:19:11","slug":"central-park-francais-grand-paris","status":"publish","type":"post","link":"https:\/\/archibat.com\/blog\/central-park-francais-grand-paris\/","title":{"rendered":"Un Central Park fran\u00e7ais dans le Grand Paris"},"content":{"rendered":"<p>Le projet du parc de la Courneuve, con\u00e7u par l\u2019Atelier Castro-Denissof &amp; Associ\u00e9s, est pr\u00e9sent\u00e9 comme l\u2019acte fondateur du Grand Paris. Il s\u2019agit d\u2019am\u00e9nager un espace vert de 400 hectares aux portes de Paris.<\/p>\n<h2>Le Central Park du Grand Paris<\/h2>\n<p>Le projet propose de r\u00e9inventer le parc de la Courneuve en y int\u00e9grant 24000 logements sur le pourtour du parc, organis\u00e9 en \u00ab\u00a0fa\u00e7ade urbaine\u00a0\u00bb afin d\u2019op\u00e9rer une \u00ab\u00a0couture\u00a0\u00bb entre la ville et la nature. Le b\u00e2ti int\u00e9grerait des logements, mais \u00e9galement des bureaux, commerces, \u00e9coles, cin\u00e9mas\u2026<\/p>\n<p>Le projet mise sur la mixit\u00e9 sociale et le d\u00e9senclavement du parc de La Courneuve. La trame architecturale int\u00e8gre l\u2019utilisation du bois pour la construction et des \u00ab\u00a0jardins suspendus \u00e0 tous les \u00e9tages\u00a0\u00bb. Il s\u2019inscrit dans la volont\u00e9 affich\u00e9e par l\u2019agence d\u2019architecture de r\u00e9concilier l\u2019Homme avec la ville et renverser le regard sur le rapport Paris \/ banlieues en cr\u00e9ant de nouvelles centralit\u00e9s.<\/p>\n<h2>Un projet ambitieux port\u00e9 par l\u2019architecte Roland Castro<\/h2>\n<p>C\u2019est un projet port\u00e9 par l\u2019architecte Roland Castro de longue date. En 1983, il en parle \u00e0 Fran\u00e7ois Mitterrand, puis relance le projet \u00e0 l\u2019occasion de la consultation du Grand Paris en 2008. C\u2019est gr\u00e2ce \u00e0 sa collaboration avec le promoteur Marc Rozenblat (Constructions et d\u00e9veloppements urbains) que le projet est relanc\u00e9.<\/p>\n<p>En janvier 2015, le premier ministre doit annoncer les 20 sites retenus en \u00cele-de-France dans le cadre de l\u2019op\u00e9ration d\u2019int\u00e9r\u00eat national destin\u00e9e \u00e0 faciliter la cr\u00e9ation de logements. Le Central Park du Grand Paris pourrait ainsi voir le jour\u2026<\/p>\n<p>D\u00e9couvrez le projet en vid\u00e9o\u00a0:<\/p>\n<p><iframe loading=\"lazy\" title=\"Un projet de Central park \u00e0 la fran\u00e7aise pourrait \u00eatre tr\u00e8s rentable\" width=\"500\" height=\"281\" src=\"https:\/\/www.youtube.com\/embed\/8YOowHshm3U?feature=oembed\" frameborder=\"0\" allow=\"accelerometer; autoplay; clipboard-write; encrypted-media; gyroscope; picture-in-picture; web-share\" referrerpolicy=\"strict-origin-when-cross-origin\" allowfullscreen><\/iframe><\/p>\n","protected":false},"excerpt":{"rendered":"<p>Le projet du parc de la Courneuve, con\u00e7u par l\u2019Atelier Castro-Denissof &amp; Associ\u00e9s, est pr\u00e9sent\u00e9 comme l\u2019acte fondateur du Grand Paris. Il s\u2019agit d\u2019am\u00e9nager un\u2026<\/p>\n","protected":false},"author":2,"featured_media":163,"comment_status":"closed","ping_status":"closed","sticky":false,"template":"","format":"standard","meta":{"_acf_changed":false,"footnotes":""},"categories":[3],"tags":[1240],"class_list":["post-162","post","type-post","status-publish","format-standard","has-post-thumbnail","hentry","category-architecture-et-design","tag-architecture-2"],"acf":[],"yoast_head":"<!-- This site is optimized with the Yoast SEO plugin v24.8.1 - https:\/\/yoast.com\/wordpress\/plugins\/seo\/ -->\n<title>Un Central Park fran\u00e7ais dans le Grand Paris &#8211; ArchiBat Mag<\/title>\n<meta name=\"description\" content=\"Un projet ambitieux port\u00e9 par l&#039;architecte Roland Castro qui s&#039;inscrit dans le projet du Grand Paris. D\u00e9couvrez le projet en images!\" \/>\n<meta name=\"robots\" content=\"index, follow, max-snippet:-1, max-image-preview:large, max-video-preview:-1\" \/>\n<link rel=\"canonical\" href=\"https:\/\/archibat.com\/blog\/central-park-francais-grand-paris\/\" \/>\n<meta property=\"og:locale\" content=\"fr_FR\" \/>\n<meta property=\"og:type\" content=\"article\" \/>\n<meta property=\"og:title\" content=\"Un Central Park fran\u00e7ais dans le Grand Paris &#8211; ArchiBat Mag\" \/>\n<meta property=\"og:description\" content=\"Un projet ambitieux port\u00e9 par l&#039;architecte Roland Castro qui s&#039;inscrit dans le projet du Grand Paris. D\u00e9couvrez le projet en images!\" \/>\n<meta property=\"og:url\" content=\"https:\/\/archibat.com\/blog\/central-park-francais-grand-paris\/\" \/>\n<meta property=\"og:site_name\" content=\"ArchiBat Mag\" \/>\n<meta property=\"article:published_time\" content=\"2014-10-29T15:42:37+00:00\" \/>\n<meta property=\"article:modified_time\" content=\"2018-11-13T15:19:11+00:00\" \/>\n<meta property=\"og:image\" content=\"https:\/\/archibat.com\/blog\/wp-content\/uploads\/2014\/10\/Fotolia_53564707_XS-Central-Park-2.jpg\" \/>\n\t<meta property=\"og:image:width\" content=\"460\" \/>\n\t<meta property=\"og:image:height\" content=\"261\" \/>\n\t<meta property=\"og:image:type\" content=\"image\/jpeg\" \/>\n<meta name=\"author\" content=\"communication\" \/>\n<meta name=\"twitter:card\" content=\"summary_large_image\" \/>\n<meta name=\"twitter:label1\" content=\"\u00c9crit par\" \/>\n\t<meta name=\"twitter:data1\" content=\"communication\" \/>\n\t<meta name=\"twitter:label2\" content=\"Dur\u00e9e de lecture estim\u00e9e\" \/>\n\t<meta name=\"twitter:data2\" content=\"1 minute\" \/>\n<script type=\"application\/ld+json\" class=\"yoast-schema-graph\">{\"@context\":\"https:\/\/schema.org\",\"@graph\":[{\"@type\":\"WebPage\",\"@id\":\"https:\/\/archibat.com\/blog\/central-park-francais-grand-paris\/\",\"url\":\"https:\/\/archibat.com\/blog\/central-park-francais-grand-paris\/\",\"name\":\"Un Central Park fran\u00e7ais dans le Grand Paris &#8211; ArchiBat Mag\",\"isPartOf\":{\"@id\":\"https:\/\/archibat.com\/blog\/#website\"},\"primaryImageOfPage\":{\"@id\":\"https:\/\/archibat.com\/blog\/central-park-francais-grand-paris\/#primaryimage\"},\"image\":{\"@id\":\"https:\/\/archibat.com\/blog\/central-park-francais-grand-paris\/#primaryimage\"},\"thumbnailUrl\":\"https:\/\/archibat.com\/blog\/wp-content\/uploads\/2014\/10\/Fotolia_53564707_XS-Central-Park-2.jpg\",\"datePublished\":\"2014-10-29T15:42:37+00:00\",\"dateModified\":\"2018-11-13T15:19:11+00:00\",\"author\":{\"@id\":\"https:\/\/archibat.com\/blog\/#\/schema\/person\/c246f0d63b5e719c2cbe4f9bd494bf12\"},\"description\":\"Un projet ambitieux port\u00e9 par l'architecte Roland Castro qui s'inscrit dans le projet du Grand Paris. D\u00e9couvrez le projet en images!\",\"breadcrumb\":{\"@id\":\"https:\/\/archibat.com\/blog\/central-park-francais-grand-paris\/#breadcrumb\"},\"inLanguage\":\"fr-FR\",\"potentialAction\":[{\"@type\":\"ReadAction\",\"target\":[\"https:\/\/archibat.com\/blog\/central-park-francais-grand-paris\/\"]}]},{\"@type\":\"ImageObject\",\"inLanguage\":\"fr-FR\",\"@id\":\"https:\/\/archibat.com\/blog\/central-park-francais-grand-paris\/#primaryimage\",\"url\":\"https:\/\/archibat.com\/blog\/wp-content\/uploads\/2014\/10\/Fotolia_53564707_XS-Central-Park-2.jpg\",\"contentUrl\":\"https:\/\/archibat.com\/blog\/wp-content\/uploads\/2014\/10\/Fotolia_53564707_XS-Central-Park-2.jpg\",\"width\":460,\"height\":261,\"caption\":\"Grand Paris\"},{\"@type\":\"BreadcrumbList\",\"@id\":\"https:\/\/archibat.com\/blog\/central-park-francais-grand-paris\/#breadcrumb\",\"itemListElement\":[{\"@type\":\"ListItem\",\"position\":1,\"name\":\"Home\",\"item\":\"https:\/\/archibat.com\/blog\/\"},{\"@type\":\"ListItem\",\"position\":2,\"name\":\"Un Central Park fran\u00e7ais dans le Grand Paris\"}]},{\"@type\":\"WebSite\",\"@id\":\"https:\/\/archibat.com\/blog\/#website\",\"url\":\"https:\/\/archibat.com\/blog\/\",\"name\":\"ArchiBat Mag\",\"description\":\"Vous souhaitez connaitre les derni\u00e8res actualit\u00e9s sur l\u2019Architecture, le Design ou les Ressources Humaines ? D\u00e9couvrez ArchiBat Mag, le magazine d\u00e9di\u00e9 aux m\u00e9tiers de l&#039;Architecture et de l&#039;Ing\u00e9nierie.\",\"potentialAction\":[{\"@type\":\"SearchAction\",\"target\":{\"@type\":\"EntryPoint\",\"urlTemplate\":\"https:\/\/archibat.com\/blog\/?s={search_term_string}\"},\"query-input\":{\"@type\":\"PropertyValueSpecification\",\"valueRequired\":true,\"valueName\":\"search_term_string\"}}],\"inLanguage\":\"fr-FR\"},{\"@type\":\"Person\",\"@id\":\"https:\/\/archibat.com\/blog\/#\/schema\/person\/c246f0d63b5e719c2cbe4f9bd494bf12\",\"name\":\"communication\"}]}<\/script>\n<!-- \/ Yoast SEO plugin. -->","yoast_head_json":{"title":"Un Central Park fran\u00e7ais dans le Grand Paris &#8211; ArchiBat Mag","description":"Un projet ambitieux port\u00e9 par l'architecte Roland Castro qui s'inscrit dans le projet du Grand Paris. D\u00e9couvrez le projet en images!","robots":{"index":"index","follow":"follow","max-snippet":"max-snippet:-1","max-image-preview":"max-image-preview:large","max-video-preview":"max-video-preview:-1"},"canonical":"https:\/\/archibat.com\/blog\/central-park-francais-grand-paris\/","og_locale":"fr_FR","og_type":"article","og_title":"Un Central Park fran\u00e7ais dans le Grand Paris &#8211; ArchiBat Mag","og_description":"Un projet ambitieux port\u00e9 par l'architecte Roland Castro qui s'inscrit dans le projet du Grand Paris. D\u00e9couvrez le projet en images!","og_url":"https:\/\/archibat.com\/blog\/central-park-francais-grand-paris\/","og_site_name":"ArchiBat Mag","article_published_time":"2014-10-29T15:42:37+00:00","article_modified_time":"2018-11-13T15:19:11+00:00","og_image":[{"width":460,"height":261,"url":"https:\/\/archibat.com\/blog\/wp-content\/uploads\/2014\/10\/Fotolia_53564707_XS-Central-Park-2.jpg","type":"image\/jpeg"}],"author":"communication","twitter_card":"summary_large_image","twitter_misc":{"\u00c9crit par":"communication","Dur\u00e9e de lecture estim\u00e9e":"1 minute"},"schema":{"@context":"https:\/\/schema.org","@graph":[{"@type":"WebPage","@id":"https:\/\/archibat.com\/blog\/central-park-francais-grand-paris\/","url":"https:\/\/archibat.com\/blog\/central-park-francais-grand-paris\/","name":"Un Central Park fran\u00e7ais dans le Grand Paris &#8211; ArchiBat Mag","isPartOf":{"@id":"https:\/\/archibat.com\/blog\/#website"},"primaryImageOfPage":{"@id":"https:\/\/archibat.com\/blog\/central-park-francais-grand-paris\/#primaryimage"},"image":{"@id":"https:\/\/archibat.com\/blog\/central-park-francais-grand-paris\/#primaryimage"},"thumbnailUrl":"https:\/\/archibat.com\/blog\/wp-content\/uploads\/2014\/10\/Fotolia_53564707_XS-Central-Park-2.jpg","datePublished":"2014-10-29T15:42:37+00:00","dateModified":"2018-11-13T15:19:11+00:00","author":{"@id":"https:\/\/archibat.com\/blog\/#\/schema\/person\/c246f0d63b5e719c2cbe4f9bd494bf12"},"description":"Un projet ambitieux port\u00e9 par l'architecte Roland Castro qui s'inscrit dans le projet du Grand Paris. D\u00e9couvrez le projet en images!","breadcrumb":{"@id":"https:\/\/archibat.com\/blog\/central-park-francais-grand-paris\/#breadcrumb"},"inLanguage":"fr-FR","potentialAction":[{"@type":"ReadAction","target":["https:\/\/archibat.com\/blog\/central-park-francais-grand-paris\/"]}]},{"@type":"ImageObject","inLanguage":"fr-FR","@id":"https:\/\/archibat.com\/blog\/central-park-francais-grand-paris\/#primaryimage","url":"https:\/\/archibat.com\/blog\/wp-content\/uploads\/2014\/10\/Fotolia_53564707_XS-Central-Park-2.jpg","contentUrl":"https:\/\/archibat.com\/blog\/wp-content\/uploads\/2014\/10\/Fotolia_53564707_XS-Central-Park-2.jpg","width":460,"height":261,"caption":"Grand Paris"},{"@type":"BreadcrumbList","@id":"https:\/\/archibat.com\/blog\/central-park-francais-grand-paris\/#breadcrumb","itemListElement":[{"@type":"ListItem","position":1,"name":"Home","item":"https:\/\/archibat.com\/blog\/"},{"@type":"ListItem","position":2,"name":"Un Central Park fran\u00e7ais dans le Grand Paris"}]},{"@type":"WebSite","@id":"https:\/\/archibat.com\/blog\/#website","url":"https:\/\/archibat.com\/blog\/","name":"ArchiBat Mag","description":"Vous souhaitez connaitre les derni\u00e8res actualit\u00e9s sur l\u2019Architecture, le Design ou les Ressources Humaines ? D\u00e9couvrez ArchiBat Mag, le magazine d\u00e9di\u00e9 aux m\u00e9tiers de l&#039;Architecture et de l&#039;Ing\u00e9nierie.","potentialAction":[{"@type":"SearchAction","target":{"@type":"EntryPoint","urlTemplate":"https:\/\/archibat.com\/blog\/?s={search_term_string}"},"query-input":{"@type":"PropertyValueSpecification","valueRequired":true,"valueName":"search_term_string"}}],"inLanguage":"fr-FR"},{"@type":"Person","@id":"https:\/\/archibat.com\/blog\/#\/schema\/person\/c246f0d63b5e719c2cbe4f9bd494bf12","name":"communication"}]}},"_links":{"self":[{"href":"https:\/\/archibat.com\/blog\/wp-json\/wp\/v2\/posts\/162","targetHints":{"allow":["GET"]}}],"collection":[{"href":"https:\/\/archibat.com\/blog\/wp-json\/wp\/v2\/posts"}],"about":[{"href":"https:\/\/archibat.com\/blog\/wp-json\/wp\/v2\/types\/post"}],"author":[{"embeddable":true,"href":"https:\/\/archibat.com\/blog\/wp-json\/wp\/v2\/users\/2"}],"replies":[{"embeddable":true,"href":"https:\/\/archibat.com\/blog\/wp-json\/wp\/v2\/comments?post=162"}],"version-history":[{"count":2,"href":"https:\/\/archibat.com\/blog\/wp-json\/wp\/v2\/posts\/162\/revisions"}],"predecessor-version":[{"id":7481,"href":"https:\/\/archibat.com\/blog\/wp-json\/wp\/v2\/posts\/162\/revisions\/7481"}],"wp:featuredmedia":[{"embeddable":true,"href":"https:\/\/archibat.com\/blog\/wp-json\/wp\/v2\/media\/163"}],"wp:attachment":[{"href":"https:\/\/archibat.com\/blog\/wp-json\/wp\/v2\/media?parent=162"}],"wp:term":[{"taxonomy":"category","embeddable":true,"href":"https:\/\/archibat.com\/blog\/wp-json\/wp\/v2\/categories?post=162"},{"taxonomy":"post_tag","embeddable":true,"href":"https:\/\/archibat.com\/blog\/wp-json\/wp\/v2\/tags?post=162"}],"curies":[{"name":"wp","href":"https:\/\/api.w.org\/{rel}","templated":true}]}}