{"id":1643,"date":"2016-03-15T15:37:05","date_gmt":"2016-03-15T14:37:05","guid":{"rendered":"https:\/\/www.archibat.com\/blog\/?p=1643"},"modified":"2018-12-11T16:30:56","modified_gmt":"2018-12-11T15:30:56","slug":"portrait-de-guillaume-anatole-faraut-architecte-urbaniste-a-linternational-entre-theories-pratiques","status":"publish","type":"post","link":"https:\/\/archibat.com\/blog\/portrait-de-guillaume-anatole-faraut-architecte-urbaniste-a-linternational-entre-theories-pratiques\/","title":{"rendered":"Guillaume Anatole Faraut : parcours d\u2019expatriation vers Shanghai"},"content":{"rendered":"<p>Architecte urbaniste form\u00e9 entre Paris et Barcelone, Guillaume Anatole Faraut a accumul\u00e9 des exp\u00e9riences internationales depuis l\u2019enfance. \u00c0 l\u2019occasion de voyages r\u00e9guliers en famille, il d\u00e9couvre l\u2019Europe et les \u00c9tats-Unis et d\u00e9veloppe un go\u00fbt pour les langues et la diversit\u00e9 des modes de vie. Des voyages d\u2019\u00e9tudes rythment sa formation et fa\u00e7onnent son attrait pour les grandes villes : avec l\u2019\u00e9cole d\u2019architecture de Paris Malaquais il visite New-York et P\u00e9kin, et parcourt Chicago avec la Escuela Tecnica Superior de Architectura de Barcelone.<\/p>\n<h2>\u00c9tudes \u00e0 Barcelone, paradis urbain<\/h2>\n<p>D\u00e9termin\u00e9 au point d\u2019ouvrir sa propre destination Erasmus, Guillaume Anatole Faraut passe une 4<sup>\u00e8me<\/sup> ann\u00e9e d\u2019\u00e9tudes \u00e0 Barcelone. Fascin\u00e9 par le dynamisme \u00e0 l\u2019\u0153uvre \u00e0 la fin des ann\u00e9es 1990 en Espagne en mati\u00e8re d\u2019urbanisme, de paysage, d\u2019architecture et de design, il d\u00e9cide, apr\u00e8s avoir obtenu en 2002 le dipl\u00f4me d\u2019architecte, de s\u2019inscrire \u00e0 un Master barcelonais\u00a0: \u00ab\u00a0Architecture du Paysage\u00a0\u00bb. Cette formation compl\u00e8te son cursus en y apportant des comp\u00e9tences urbaines et la ma\u00eetrise du castillan. Apr\u00e8s trois ans \u00e0 l\u2019\u00e9tranger, l\u2019architecte devenu urbaniste a d\u00e9pass\u00e9 ses appr\u00e9hensions relatives \u00e0 l\u2019exil&#8230; et de nouvelles exp\u00e9riences l\u2019attendent.<\/p>\n<h2>Construction d\u2019un profil entre th\u00e9ories et pratiques<\/h2>\n<p>Tout en \u00e9tudiant, Guillaume Anatole Faraut appr\u00e9hende le monde de l\u2019entreprise en r\u00e9alisant des stages \u00e0 Paris et \u00e0 Barcelone dans des grandes agences\u00a0: Jean-Michel Wilmotte, Michel Desvigne, Enric Miralles. L\u2019articulation entre enseignement th\u00e9orique et pratique du m\u00e9tier structure solidement son parcours. Ses premi\u00e8res activit\u00e9s professionnelles r\u00e9v\u00e8lent un \u00e9ventail de comp\u00e9tences originales : collaboration d\u2019architecte chez Valode &amp; Pistre, projets de tramways chez Pena Paysage, chef de projet pour A\u00e9roport de Paris, chef de projet urbain \u00e0 l\u2019\u00c9tablissement Public d\u2019Am\u00e9nagement de S\u00e9nart. D\u00e8s les ann\u00e9es 2000, Guillaume Anatole Faraut le constate dans la presse sp\u00e9cialis\u00e9e et les conf\u00e9rences : l\u2019Asie et les \u00c9mirats Arabes Unis deviennent des p\u00f4les d\u2019attraction pour les architectes du monde. Parce qu\u2019il y avait voyag\u00e9 et que la culture chinoise attisait sa curiosit\u00e9, il d\u00e9cide de s\u2019expatrier \u00e0 Shanghai\u2026 Mais il avertit\u00a0: <em>\u00ab\u00a0le d\u00e9part se pr\u00e9pare en amont\u00a0!\u00a0\u00bb<\/em><\/p>\n<h2>Processus d\u2019expatriation\u00a0vers Shanghai<\/h2>\n<p>\u00c0 Paris, Guillaume Anatole Faraut r\u00e9colte des informations aupr\u00e8s d\u2019organismes professionnels\u00a0: Ordre, AFEX, agences de recrutement\u2026 et trouve une aide pr\u00e9cieuse \u00e0 l\u2019Observatoire de l\u2019architecture de la Chine contemporaine. En rep\u00e9rage \u00e0 Shanghai, un attachement au lieu se confirme et son installation r\u00e9sidentielle dans le quartier de l\u2019ancienne concession fran\u00e7aise se pr\u00e9cise. Nicolas Papier, connaissance de promotion, dirige l\u2019agence Architecture Studio de Shanghai et recherche \u00e0 ce moment-l\u00e0 un architecte urbaniste. Pendant trois ans, il s\u2019int\u00e8gre \u00e0 l\u2019\u00e9quipe et p\u00e9n\u00e8tre avec le plus grand int\u00e9r\u00eat dans les coulisses de la fabrication de vastes projets urbains\u00a0: voyages dans tout le pays, participation \u00e0 des concours, apprentissage du chinois, relations avec les clients.<\/p>\n<p><em>\u00a0<strong>\u00ab\u00a0L\u2019international est une carte de visite en plus, un savoir-faire suppl\u00e9mentaire qui est une vraie valeur pour l\u2019avenir. Je n\u2019exclue pas de rentrer en France et d\u2019utiliser cette carte, repr\u00e9senter une agence \u00e0 l\u2019\u00e9tranger, pouvoir g\u00e9rer des projets \u00e0 l\u2019international, c\u2019est une richesse, \u00e7a me diff\u00e9rencie.\u00a0\u00bb<\/strong><\/em><\/p>\n<p class=\"author\"><em>Portrait r\u00e9alis\u00e9 par Laura Rosenbaum, architecte DEHMONP, 3\u00e8me ann\u00e9e de th\u00e8se de sociologie sous la direction de Guy Tapie, laboratoire PAVE, ensapBx, associ\u00e9 au Centre Emile Durkheim, Universit\u00e9 de Bordeaux<\/em><\/p>\n","protected":false},"excerpt":{"rendered":"<p>Architecte urbaniste form\u00e9 entre Paris et Barcelone, Guillaume Anatole Faraut a accumul\u00e9 des exp\u00e9riences internationales depuis l\u2019enfance. \u00c0 l\u2019occasion de voyages r\u00e9guliers en famille, il\u2026<\/p>\n","protected":false},"author":2,"featured_media":1645,"comment_status":"closed","ping_status":"closed","sticky":false,"template":"","format":"standard","meta":{"_acf_changed":false,"footnotes":""},"categories":[5],"tags":[1426],"class_list":["post-1643","post","type-post","status-publish","format-standard","has-post-thumbnail","hentry","category-portraits","tag-portrait"],"acf":[],"yoast_head":"<!-- This site is optimized with the Yoast SEO plugin v24.8.1 - https:\/\/yoast.com\/wordpress\/plugins\/seo\/ -->\n<title>Guillaume Anatole Faraut : parcours d\u2019expatriation vers Shanghai &#8211; ArchiBat Mag<\/title>\n<meta name=\"robots\" content=\"index, follow, max-snippet:-1, max-image-preview:large, max-video-preview:-1\" \/>\n<link rel=\"canonical\" href=\"https:\/\/archibat.com\/blog\/portrait-de-guillaume-anatole-faraut-architecte-urbaniste-a-linternational-entre-theories-pratiques\/\" \/>\n<meta property=\"og:locale\" content=\"fr_FR\" \/>\n<meta property=\"og:type\" content=\"article\" \/>\n<meta property=\"og:title\" content=\"Guillaume Anatole Faraut : parcours d\u2019expatriation vers Shanghai &#8211; ArchiBat Mag\" \/>\n<meta property=\"og:description\" content=\"Architecte urbaniste form\u00e9 entre Paris et Barcelone, Guillaume Anatole Faraut a accumul\u00e9 des exp\u00e9riences internationales depuis l\u2019enfance. \u00c0 l\u2019occasion de voyages r\u00e9guliers en famille, il\u2026\" \/>\n<meta property=\"og:url\" content=\"https:\/\/archibat.com\/blog\/portrait-de-guillaume-anatole-faraut-architecte-urbaniste-a-linternational-entre-theories-pratiques\/\" \/>\n<meta property=\"og:site_name\" content=\"ArchiBat Mag\" \/>\n<meta property=\"article:published_time\" content=\"2016-03-15T14:37:05+00:00\" \/>\n<meta property=\"article:modified_time\" content=\"2018-12-11T15:30:56+00:00\" \/>\n<meta property=\"og:image\" content=\"https:\/\/archibat.com\/blog\/wp-content\/uploads\/2016\/03\/Fotolia_67643989_XS-2.jpg\" \/>\n\t<meta property=\"og:image:width\" content=\"635\" \/>\n\t<meta property=\"og:image:height\" content=\"327\" \/>\n\t<meta property=\"og:image:type\" content=\"image\/jpeg\" \/>\n<meta name=\"author\" content=\"communication\" \/>\n<meta name=\"twitter:card\" content=\"summary_large_image\" \/>\n<meta name=\"twitter:label1\" content=\"\u00c9crit par\" \/>\n\t<meta name=\"twitter:data1\" content=\"communication\" \/>\n\t<meta name=\"twitter:label2\" content=\"Dur\u00e9e de lecture estim\u00e9e\" \/>\n\t<meta name=\"twitter:data2\" content=\"3 minutes\" \/>\n<script type=\"application\/ld+json\" class=\"yoast-schema-graph\">{\"@context\":\"https:\/\/schema.org\",\"@graph\":[{\"@type\":\"WebPage\",\"@id\":\"https:\/\/archibat.com\/blog\/portrait-de-guillaume-anatole-faraut-architecte-urbaniste-a-linternational-entre-theories-pratiques\/\",\"url\":\"https:\/\/archibat.com\/blog\/portrait-de-guillaume-anatole-faraut-architecte-urbaniste-a-linternational-entre-theories-pratiques\/\",\"name\":\"Guillaume Anatole Faraut : parcours d\u2019expatriation vers Shanghai &#8211; ArchiBat Mag\",\"isPartOf\":{\"@id\":\"https:\/\/archibat.com\/blog\/#website\"},\"primaryImageOfPage\":{\"@id\":\"https:\/\/archibat.com\/blog\/portrait-de-guillaume-anatole-faraut-architecte-urbaniste-a-linternational-entre-theories-pratiques\/#primaryimage\"},\"image\":{\"@id\":\"https:\/\/archibat.com\/blog\/portrait-de-guillaume-anatole-faraut-architecte-urbaniste-a-linternational-entre-theories-pratiques\/#primaryimage\"},\"thumbnailUrl\":\"https:\/\/archibat.com\/blog\/wp-content\/uploads\/2016\/03\/Fotolia_67643989_XS-2.jpg\",\"datePublished\":\"2016-03-15T14:37:05+00:00\",\"dateModified\":\"2018-12-11T15:30:56+00:00\",\"author\":{\"@id\":\"https:\/\/archibat.com\/blog\/#\/schema\/person\/c246f0d63b5e719c2cbe4f9bd494bf12\"},\"breadcrumb\":{\"@id\":\"https:\/\/archibat.com\/blog\/portrait-de-guillaume-anatole-faraut-architecte-urbaniste-a-linternational-entre-theories-pratiques\/#breadcrumb\"},\"inLanguage\":\"fr-FR\",\"potentialAction\":[{\"@type\":\"ReadAction\",\"target\":[\"https:\/\/archibat.com\/blog\/portrait-de-guillaume-anatole-faraut-architecte-urbaniste-a-linternational-entre-theories-pratiques\/\"]}]},{\"@type\":\"ImageObject\",\"inLanguage\":\"fr-FR\",\"@id\":\"https:\/\/archibat.com\/blog\/portrait-de-guillaume-anatole-faraut-architecte-urbaniste-a-linternational-entre-theories-pratiques\/#primaryimage\",\"url\":\"https:\/\/archibat.com\/blog\/wp-content\/uploads\/2016\/03\/Fotolia_67643989_XS-2.jpg\",\"contentUrl\":\"https:\/\/archibat.com\/blog\/wp-content\/uploads\/2016\/03\/Fotolia_67643989_XS-2.jpg\",\"width\":635,\"height\":327,\"caption\":\"architecte urbaniste\"},{\"@type\":\"BreadcrumbList\",\"@id\":\"https:\/\/archibat.com\/blog\/portrait-de-guillaume-anatole-faraut-architecte-urbaniste-a-linternational-entre-theories-pratiques\/#breadcrumb\",\"itemListElement\":[{\"@type\":\"ListItem\",\"position\":1,\"name\":\"Home\",\"item\":\"https:\/\/archibat.com\/blog\/\"},{\"@type\":\"ListItem\",\"position\":2,\"name\":\"Guillaume Anatole Faraut : parcours d\u2019expatriation vers Shanghai\"}]},{\"@type\":\"WebSite\",\"@id\":\"https:\/\/archibat.com\/blog\/#website\",\"url\":\"https:\/\/archibat.com\/blog\/\",\"name\":\"ArchiBat Mag\",\"description\":\"Vous souhaitez connaitre les derni\u00e8res actualit\u00e9s sur l\u2019Architecture, le Design ou les Ressources Humaines ? D\u00e9couvrez ArchiBat Mag, le magazine d\u00e9di\u00e9 aux m\u00e9tiers de l&#039;Architecture et de l&#039;Ing\u00e9nierie.\",\"potentialAction\":[{\"@type\":\"SearchAction\",\"target\":{\"@type\":\"EntryPoint\",\"urlTemplate\":\"https:\/\/archibat.com\/blog\/?s={search_term_string}\"},\"query-input\":{\"@type\":\"PropertyValueSpecification\",\"valueRequired\":true,\"valueName\":\"search_term_string\"}}],\"inLanguage\":\"fr-FR\"},{\"@type\":\"Person\",\"@id\":\"https:\/\/archibat.com\/blog\/#\/schema\/person\/c246f0d63b5e719c2cbe4f9bd494bf12\",\"name\":\"communication\"}]}<\/script>\n<!-- \/ Yoast SEO plugin. -->","yoast_head_json":{"title":"Guillaume Anatole Faraut : parcours d\u2019expatriation vers Shanghai &#8211; ArchiBat Mag","robots":{"index":"index","follow":"follow","max-snippet":"max-snippet:-1","max-image-preview":"max-image-preview:large","max-video-preview":"max-video-preview:-1"},"canonical":"https:\/\/archibat.com\/blog\/portrait-de-guillaume-anatole-faraut-architecte-urbaniste-a-linternational-entre-theories-pratiques\/","og_locale":"fr_FR","og_type":"article","og_title":"Guillaume Anatole Faraut : parcours d\u2019expatriation vers Shanghai &#8211; ArchiBat Mag","og_description":"Architecte urbaniste form\u00e9 entre Paris et Barcelone, Guillaume Anatole Faraut a accumul\u00e9 des exp\u00e9riences internationales depuis l\u2019enfance. \u00c0 l\u2019occasion de voyages r\u00e9guliers en famille, il\u2026","og_url":"https:\/\/archibat.com\/blog\/portrait-de-guillaume-anatole-faraut-architecte-urbaniste-a-linternational-entre-theories-pratiques\/","og_site_name":"ArchiBat Mag","article_published_time":"2016-03-15T14:37:05+00:00","article_modified_time":"2018-12-11T15:30:56+00:00","og_image":[{"width":635,"height":327,"url":"https:\/\/archibat.com\/blog\/wp-content\/uploads\/2016\/03\/Fotolia_67643989_XS-2.jpg","type":"image\/jpeg"}],"author":"communication","twitter_card":"summary_large_image","twitter_misc":{"\u00c9crit par":"communication","Dur\u00e9e de lecture estim\u00e9e":"3 minutes"},"schema":{"@context":"https:\/\/schema.org","@graph":[{"@type":"WebPage","@id":"https:\/\/archibat.com\/blog\/portrait-de-guillaume-anatole-faraut-architecte-urbaniste-a-linternational-entre-theories-pratiques\/","url":"https:\/\/archibat.com\/blog\/portrait-de-guillaume-anatole-faraut-architecte-urbaniste-a-linternational-entre-theories-pratiques\/","name":"Guillaume Anatole Faraut : parcours d\u2019expatriation vers Shanghai &#8211; ArchiBat Mag","isPartOf":{"@id":"https:\/\/archibat.com\/blog\/#website"},"primaryImageOfPage":{"@id":"https:\/\/archibat.com\/blog\/portrait-de-guillaume-anatole-faraut-architecte-urbaniste-a-linternational-entre-theories-pratiques\/#primaryimage"},"image":{"@id":"https:\/\/archibat.com\/blog\/portrait-de-guillaume-anatole-faraut-architecte-urbaniste-a-linternational-entre-theories-pratiques\/#primaryimage"},"thumbnailUrl":"https:\/\/archibat.com\/blog\/wp-content\/uploads\/2016\/03\/Fotolia_67643989_XS-2.jpg","datePublished":"2016-03-15T14:37:05+00:00","dateModified":"2018-12-11T15:30:56+00:00","author":{"@id":"https:\/\/archibat.com\/blog\/#\/schema\/person\/c246f0d63b5e719c2cbe4f9bd494bf12"},"breadcrumb":{"@id":"https:\/\/archibat.com\/blog\/portrait-de-guillaume-anatole-faraut-architecte-urbaniste-a-linternational-entre-theories-pratiques\/#breadcrumb"},"inLanguage":"fr-FR","potentialAction":[{"@type":"ReadAction","target":["https:\/\/archibat.com\/blog\/portrait-de-guillaume-anatole-faraut-architecte-urbaniste-a-linternational-entre-theories-pratiques\/"]}]},{"@type":"ImageObject","inLanguage":"fr-FR","@id":"https:\/\/archibat.com\/blog\/portrait-de-guillaume-anatole-faraut-architecte-urbaniste-a-linternational-entre-theories-pratiques\/#primaryimage","url":"https:\/\/archibat.com\/blog\/wp-content\/uploads\/2016\/03\/Fotolia_67643989_XS-2.jpg","contentUrl":"https:\/\/archibat.com\/blog\/wp-content\/uploads\/2016\/03\/Fotolia_67643989_XS-2.jpg","width":635,"height":327,"caption":"architecte urbaniste"},{"@type":"BreadcrumbList","@id":"https:\/\/archibat.com\/blog\/portrait-de-guillaume-anatole-faraut-architecte-urbaniste-a-linternational-entre-theories-pratiques\/#breadcrumb","itemListElement":[{"@type":"ListItem","position":1,"name":"Home","item":"https:\/\/archibat.com\/blog\/"},{"@type":"ListItem","position":2,"name":"Guillaume Anatole Faraut : parcours d\u2019expatriation vers Shanghai"}]},{"@type":"WebSite","@id":"https:\/\/archibat.com\/blog\/#website","url":"https:\/\/archibat.com\/blog\/","name":"ArchiBat Mag","description":"Vous souhaitez connaitre les derni\u00e8res actualit\u00e9s sur l\u2019Architecture, le Design ou les Ressources Humaines ? D\u00e9couvrez ArchiBat Mag, le magazine d\u00e9di\u00e9 aux m\u00e9tiers de l&#039;Architecture et de l&#039;Ing\u00e9nierie.","potentialAction":[{"@type":"SearchAction","target":{"@type":"EntryPoint","urlTemplate":"https:\/\/archibat.com\/blog\/?s={search_term_string}"},"query-input":{"@type":"PropertyValueSpecification","valueRequired":true,"valueName":"search_term_string"}}],"inLanguage":"fr-FR"},{"@type":"Person","@id":"https:\/\/archibat.com\/blog\/#\/schema\/person\/c246f0d63b5e719c2cbe4f9bd494bf12","name":"communication"}]}},"_links":{"self":[{"href":"https:\/\/archibat.com\/blog\/wp-json\/wp\/v2\/posts\/1643","targetHints":{"allow":["GET"]}}],"collection":[{"href":"https:\/\/archibat.com\/blog\/wp-json\/wp\/v2\/posts"}],"about":[{"href":"https:\/\/archibat.com\/blog\/wp-json\/wp\/v2\/types\/post"}],"author":[{"embeddable":true,"href":"https:\/\/archibat.com\/blog\/wp-json\/wp\/v2\/users\/2"}],"replies":[{"embeddable":true,"href":"https:\/\/archibat.com\/blog\/wp-json\/wp\/v2\/comments?post=1643"}],"version-history":[{"count":2,"href":"https:\/\/archibat.com\/blog\/wp-json\/wp\/v2\/posts\/1643\/revisions"}],"predecessor-version":[{"id":6227,"href":"https:\/\/archibat.com\/blog\/wp-json\/wp\/v2\/posts\/1643\/revisions\/6227"}],"wp:featuredmedia":[{"embeddable":true,"href":"https:\/\/archibat.com\/blog\/wp-json\/wp\/v2\/media\/1645"}],"wp:attachment":[{"href":"https:\/\/archibat.com\/blog\/wp-json\/wp\/v2\/media?parent=1643"}],"wp:term":[{"taxonomy":"category","embeddable":true,"href":"https:\/\/archibat.com\/blog\/wp-json\/wp\/v2\/categories?post=1643"},{"taxonomy":"post_tag","embeddable":true,"href":"https:\/\/archibat.com\/blog\/wp-json\/wp\/v2\/tags?post=1643"}],"curies":[{"name":"wp","href":"https:\/\/api.w.org\/{rel}","templated":true}]}}