{"id":16528,"date":"2021-11-16T14:00:00","date_gmt":"2021-11-16T13:00:00","guid":{"rendered":"https:\/\/archibat.com\/blog\/?p=16528"},"modified":"2021-11-08T12:38:14","modified_gmt":"2021-11-08T11:38:14","slug":"1er-audit-environnemental-pour-une-exposition-au-design-museum","status":"publish","type":"post","link":"https:\/\/archibat.com\/blog\/1er-audit-environnemental-pour-une-exposition-au-design-museum\/","title":{"rendered":"1er audit environnemental pour une exposition au Design Museum"},"content":{"rendered":"\n<p>Waste Age est le nom de la derni\u00e8re exposition du Design Museum au Royaume-Uni, r\u00e9alis\u00e9e dans le cadre de la COP26 sur les probl\u00e9matiques du climat et de l\u2019environnement. Selon le collectif environnemental\u00a0<a href=\"https:\/\/urgecollective.com\/\" target=\"_blank\" rel=\"noreferrer noopener\">URGE<\/a>, la diminution des d\u00e9chets est une mesure essentielle que les professionnels du design doivent prendre pour prot\u00e9ger la plan\u00e8te.\u00a0\u00a0<\/p>\n\n\n\n<figure class=\"wp-block-image size-large is-resized\"><img loading=\"lazy\" decoding=\"async\" src=\"https:\/\/archibat.com\/blog\/wp-content\/uploads\/2021\/11\/design-museum-waste-age-exhibition_dezeen_2364_col_8-852x1152-2-355x480.jpg\" alt=\"\" class=\"wp-image-16551\" width=\"1450\" height=\"1961\" srcset=\"https:\/\/archibat.com\/blog\/wp-content\/uploads\/2021\/11\/design-museum-waste-age-exhibition_dezeen_2364_col_8-852x1152-2-355x480.jpg 355w, https:\/\/archibat.com\/blog\/wp-content\/uploads\/2021\/11\/design-museum-waste-age-exhibition_dezeen_2364_col_8-852x1152-2-222x300.jpg 222w, https:\/\/archibat.com\/blog\/wp-content\/uploads\/2021\/11\/design-museum-waste-age-exhibition_dezeen_2364_col_8-852x1152-2-768x1038.jpg 768w, https:\/\/archibat.com\/blog\/wp-content\/uploads\/2021\/11\/design-museum-waste-age-exhibition_dezeen_2364_col_8-852x1152-2.jpg 852w\" sizes=\"auto, (max-width: 1450px) 100vw, 1450px\" \/><\/figure>\n\n\n\n<figure class=\"wp-block-image size-large is-resized\"><img loading=\"lazy\" decoding=\"async\" src=\"https:\/\/archibat.com\/blog\/wp-content\/uploads\/2021\/11\/design-museum-waste-age-exhibition_dezeen_2364_col_7-852x639-1-640x480.jpg\" alt=\"\" class=\"wp-image-16549\" width=\"1439\" height=\"1080\" srcset=\"https:\/\/archibat.com\/blog\/wp-content\/uploads\/2021\/11\/design-museum-waste-age-exhibition_dezeen_2364_col_7-852x639-1-640x480.jpg 640w, https:\/\/archibat.com\/blog\/wp-content\/uploads\/2021\/11\/design-museum-waste-age-exhibition_dezeen_2364_col_7-852x639-1-300x225.jpg 300w, https:\/\/archibat.com\/blog\/wp-content\/uploads\/2021\/11\/design-museum-waste-age-exhibition_dezeen_2364_col_7-852x639-1-768x576.jpg 768w, https:\/\/archibat.com\/blog\/wp-content\/uploads\/2021\/11\/design-museum-waste-age-exhibition_dezeen_2364_col_7-852x639-1.jpg 852w\" sizes=\"auto, (max-width: 1439px) 100vw, 1439px\" \/><\/figure>\n\n\n\n<p>L\u2019audit, command\u00e9 par le mus\u00e9e, vise \u00e0 \u00e9valuer l\u2019empreinte environnementale d\u2019un \u00e9v\u00e9nement temporaire et \u00e0 d\u00e9montrer comment celle-ci peut \u00eatre r\u00e9duite. \u00ab\u00a0Nous savons que m\u00eame si les expositions ont une grande valeur culturelle, elles peuvent aussi \u00eatre gaspilleuses, surtout si vous construisez des murs en plaques de pl\u00e2tre et des plinthes Mdf\u00a0qui seront jet\u00e9s \u00e0 la benne par la suite \u00bb d\u00e9clare le conservateur en chef du Design Museum, Justin McGuirk.\u00a0<\/p>\n\n\n\n<figure class=\"wp-block-image size-large is-resized\"><img loading=\"lazy\" decoding=\"async\" src=\"https:\/\/archibat.com\/blog\/wp-content\/uploads\/2021\/11\/design-museum-waste-age-exhibition_dezeen_2364_hero-852x479-2-720x405.jpg\" alt=\"\" class=\"wp-image-16555\" width=\"1450\" height=\"815\" srcset=\"https:\/\/archibat.com\/blog\/wp-content\/uploads\/2021\/11\/design-museum-waste-age-exhibition_dezeen_2364_hero-852x479-2-720x405.jpg 720w, https:\/\/archibat.com\/blog\/wp-content\/uploads\/2021\/11\/design-museum-waste-age-exhibition_dezeen_2364_hero-852x479-2-300x169.jpg 300w, https:\/\/archibat.com\/blog\/wp-content\/uploads\/2021\/11\/design-museum-waste-age-exhibition_dezeen_2364_hero-852x479-2-768x432.jpg 768w, https:\/\/archibat.com\/blog\/wp-content\/uploads\/2021\/11\/design-museum-waste-age-exhibition_dezeen_2364_hero-852x479-2.jpg 852w\" sizes=\"auto, (max-width: 1450px) 100vw, 1450px\" \/><\/figure>\n\n\n\n<figure class=\"wp-block-image size-large is-resized\"><img loading=\"lazy\" decoding=\"async\" src=\"https:\/\/archibat.com\/blog\/wp-content\/uploads\/2021\/11\/design-museum-waste-age-exhibition_dezeen_2364_col_5-852x639-2-640x480.jpg\" alt=\"\" class=\"wp-image-16553\" width=\"1450\" height=\"1087\" srcset=\"https:\/\/archibat.com\/blog\/wp-content\/uploads\/2021\/11\/design-museum-waste-age-exhibition_dezeen_2364_col_5-852x639-2-640x480.jpg 640w, https:\/\/archibat.com\/blog\/wp-content\/uploads\/2021\/11\/design-museum-waste-age-exhibition_dezeen_2364_col_5-852x639-2-300x225.jpg 300w, https:\/\/archibat.com\/blog\/wp-content\/uploads\/2021\/11\/design-museum-waste-age-exhibition_dezeen_2364_col_5-852x639-2-768x576.jpg 768w, https:\/\/archibat.com\/blog\/wp-content\/uploads\/2021\/11\/design-museum-waste-age-exhibition_dezeen_2364_col_5-852x639-2.jpg 852w\" sizes=\"auto, (max-width: 1450px) 100vw, 1450px\" \/><\/figure>\n\n\n\n<figure class=\"wp-block-image size-large is-resized\"><img loading=\"lazy\" decoding=\"async\" src=\"https:\/\/archibat.com\/blog\/wp-content\/uploads\/2021\/11\/design-museum-waste-age-exhibition_dezeen_2364_col_11-852x1136-1-360x480.jpg\" alt=\"\" class=\"wp-image-16559\" width=\"1293\" height=\"1724\" srcset=\"https:\/\/archibat.com\/blog\/wp-content\/uploads\/2021\/11\/design-museum-waste-age-exhibition_dezeen_2364_col_11-852x1136-1-360x480.jpg 360w, https:\/\/archibat.com\/blog\/wp-content\/uploads\/2021\/11\/design-museum-waste-age-exhibition_dezeen_2364_col_11-852x1136-1-225x300.jpg 225w, https:\/\/archibat.com\/blog\/wp-content\/uploads\/2021\/11\/design-museum-waste-age-exhibition_dezeen_2364_col_11-852x1136-1-768x1024.jpg 768w, https:\/\/archibat.com\/blog\/wp-content\/uploads\/2021\/11\/design-museum-waste-age-exhibition_dezeen_2364_col_11-852x1136-1.jpg 852w\" sizes=\"auto, (max-width: 1293px) 100vw, 1293px\" \/><\/figure>\n\n\n\n<p>La phase initiale de l\u2019audit consiste \u00e0 estimer l\u2019empreinte carbone de l\u2019ensemble de cette exposition, qui s\u2019\u00e9l\u00e8verait \u00e0 190 tonnes d\u2019\u00e9quivalent en CO2, avec une mise en \u0153uvre classique. Cela implique notamment de mesurer le volume des communications num\u00e9riques. Apr\u00e8s r\u00e9duction, celles-ci g\u00e9n\u00e8rent encore une tonne de CO2, repr\u00e9sentant 10% de l\u2019empreinte totale. Les responsables de l\u2019audit travaillent \u00e9galement avec les concepteurs de l\u2019exposition pour analyser leurs chaines d\u2019approvisionnement. L\u2019audit r\u00e9alis\u00e9 par URGE estime que le mus\u00e9e a r\u00e9ussi \u00e0 diminuer l\u2019empreinte carbone de l\u2019\u00e9v\u00e8nement \u00e0 10 tonnes de CO2, ce qui \u00e9quivaut \u00e0 ce qu\u2019une personne \u00e9met en un an au Royaume-Uni. Cette r\u00e9duction massive a pu \u00eatre r\u00e9alis\u00e9e car le mus\u00e9e \u00e9tait d\u00e9j\u00e0 pass\u00e9 aux \u00e9nergies renouvelables depuis 2017 apr\u00e8s avoir emm\u00e9nag\u00e9 dans son nouveau site de Kensington.<\/p>\n\n\n\n<figure class=\"wp-block-image size-large is-resized\"><img loading=\"lazy\" decoding=\"async\" src=\"https:\/\/archibat.com\/blog\/wp-content\/uploads\/2021\/11\/waste-age-urge-environmental-audit_dezeen_2364_col_3-852x639-1-640x480.jpg\" alt=\"\" class=\"wp-image-16535\" width=\"1278\" height=\"959\" srcset=\"https:\/\/archibat.com\/blog\/wp-content\/uploads\/2021\/11\/waste-age-urge-environmental-audit_dezeen_2364_col_3-852x639-1-640x480.jpg 640w, https:\/\/archibat.com\/blog\/wp-content\/uploads\/2021\/11\/waste-age-urge-environmental-audit_dezeen_2364_col_3-852x639-1-300x225.jpg 300w, https:\/\/archibat.com\/blog\/wp-content\/uploads\/2021\/11\/waste-age-urge-environmental-audit_dezeen_2364_col_3-852x639-1-768x576.jpg 768w, https:\/\/archibat.com\/blog\/wp-content\/uploads\/2021\/11\/waste-age-urge-environmental-audit_dezeen_2364_col_3-852x639-1.jpg 852w\" sizes=\"auto, (max-width: 1278px) 100vw, 1278px\" \/><\/figure>\n\n\n\n<p>En collaboration avec URGE, les designers du studio londonien Material Cultures ont r\u00e9utilis\u00e9 un maximum de structures des expositions pr\u00e9c\u00e9dentes. Ils ont ensuite travaill\u00e9 sur des mat\u00e9riaux de construction \u00e0 faible impact environnemental pouvant \u00eatre remis en oeuvre ou biod\u00e9gradables, sans nuire \u00e0 l\u2019environnement. Des socles d\u2019affichage modulaires, con\u00e7us pour la r\u00e9cente r\u00e9trospective sur Charlotte Perriand, ont \u00e9t\u00e9 r\u00e9incorpor\u00e9s \u00e0 l\u2019exposition Waste Age. Ils ont \u00e9t\u00e9 associ\u00e9s \u00e0 une signal\u00e9tique en plastique recycl\u00e9 et \u00e0 un mur en briques d\u2019adobe non cuites. Empil\u00e9es sans fixations, ces briques peuvent \u00eatre facilement d\u00e9mont\u00e9es et rendues au briquetier pour une utilisation dans d\u2019autres constructions. En les laissant non cuites, cela permet d\u2019\u00e9conomiser 6 tonnes de CO2. L\u2019utilisation de cadres en bois lamell\u00e9-crois\u00e9 pour les cloisons qui remplacent le syst\u00e8me traditionnel en aluminium permet de r\u00e9duire l\u2019empreinte carbone d\u2019environ 20 %. Mais les 4800 vis en acier inoxydable ont finalement rajout\u00e9 1,2 tonnes suppl\u00e9mentaire de CO2.<\/p>\n\n\n\n<figure class=\"wp-block-image size-large is-resized\"><img loading=\"lazy\" decoding=\"async\" src=\"https:\/\/archibat.com\/blog\/wp-content\/uploads\/2021\/11\/COVER-1-640x480.jpg\" alt=\"\" class=\"wp-image-16539\" width=\"1339\" height=\"1004\" srcset=\"https:\/\/archibat.com\/blog\/wp-content\/uploads\/2021\/11\/COVER-1-640x480.jpg 640w, https:\/\/archibat.com\/blog\/wp-content\/uploads\/2021\/11\/COVER-1-300x225.jpg 300w, https:\/\/archibat.com\/blog\/wp-content\/uploads\/2021\/11\/COVER-1-768x576.jpg 768w, https:\/\/archibat.com\/blog\/wp-content\/uploads\/2021\/11\/COVER-1.jpg 852w\" sizes=\"auto, (max-width: 1339px) 100vw, 1339px\" \/><\/figure>\n\n\n\n<figure class=\"wp-block-image size-large is-resized\"><img loading=\"lazy\" decoding=\"async\" src=\"https:\/\/archibat.com\/blog\/wp-content\/uploads\/2021\/11\/design-museum-waste-age-exhibition_dezeen_2364_col_2-852x639-1-640x480.jpg\" alt=\"\" class=\"wp-image-16541\" width=\"1449\" height=\"1088\" srcset=\"https:\/\/archibat.com\/blog\/wp-content\/uploads\/2021\/11\/design-museum-waste-age-exhibition_dezeen_2364_col_2-852x639-1-640x480.jpg 640w, https:\/\/archibat.com\/blog\/wp-content\/uploads\/2021\/11\/design-museum-waste-age-exhibition_dezeen_2364_col_2-852x639-1-300x225.jpg 300w, https:\/\/archibat.com\/blog\/wp-content\/uploads\/2021\/11\/design-museum-waste-age-exhibition_dezeen_2364_col_2-852x639-1-768x576.jpg 768w, https:\/\/archibat.com\/blog\/wp-content\/uploads\/2021\/11\/design-museum-waste-age-exhibition_dezeen_2364_col_2-852x639-1.jpg 852w\" sizes=\"auto, (max-width: 1449px) 100vw, 1449px\" \/><\/figure>\n\n\n\n<figure class=\"wp-block-image size-large is-resized\"><img loading=\"lazy\" decoding=\"async\" src=\"https:\/\/archibat.com\/blog\/wp-content\/uploads\/2021\/11\/design-museum-waste-age-exhibition_dezeen_2364_col_3-852x636-2-643x480.jpg\" alt=\"\" class=\"wp-image-16547\" width=\"1450\" height=\"1081\" srcset=\"https:\/\/archibat.com\/blog\/wp-content\/uploads\/2021\/11\/design-museum-waste-age-exhibition_dezeen_2364_col_3-852x636-2-643x480.jpg 643w, https:\/\/archibat.com\/blog\/wp-content\/uploads\/2021\/11\/design-museum-waste-age-exhibition_dezeen_2364_col_3-852x636-2-300x224.jpg 300w, https:\/\/archibat.com\/blog\/wp-content\/uploads\/2021\/11\/design-museum-waste-age-exhibition_dezeen_2364_col_3-852x636-2-768x573.jpg 768w, https:\/\/archibat.com\/blog\/wp-content\/uploads\/2021\/11\/design-museum-waste-age-exhibition_dezeen_2364_col_3-852x636-2.jpg 852w\" sizes=\"auto, (max-width: 1450px) 100vw, 1450px\" \/><\/figure>\n\n\n\n<p>\u00ab Le design a contribu\u00e9 \u00e0 cr\u00e9er notre soci\u00e9t\u00e9 de gaspillage, et celui-ci a maintenant un r\u00f4le crucial \u00e0 jouer pour construire un avenir plus propre. Cela signifie que nous devons repenser nos modes de vie et remettre en question l\u2019utilisation de certains mat\u00e9riaux qui font tant de d\u00e9g\u00e2ts. Cette exposition optimiste d\u00e9montre l\u2019\u00e9nergie et l\u2019ing\u00e9niosit\u00e9 mises en \u0153uvre pour relever le d\u00e9fi \u2013 et nous voulons qu\u2019elle marque un tournant\u00a0\u00bb explique Justin McGuirk. \u00a0<\/p>\n\n\n\n<figure class=\"wp-block-image size-large is-resized\"><img loading=\"lazy\" decoding=\"async\" src=\"https:\/\/archibat.com\/blog\/wp-content\/uploads\/2021\/11\/waste-age-urge-environmental-audit_dezeen_2364_col_0-852x639-1-640x480.jpg\" alt=\"\" class=\"wp-image-16557\" width=\"1450\" height=\"1088\" srcset=\"https:\/\/archibat.com\/blog\/wp-content\/uploads\/2021\/11\/waste-age-urge-environmental-audit_dezeen_2364_col_0-852x639-1-640x480.jpg 640w, https:\/\/archibat.com\/blog\/wp-content\/uploads\/2021\/11\/waste-age-urge-environmental-audit_dezeen_2364_col_0-852x639-1-300x225.jpg 300w, https:\/\/archibat.com\/blog\/wp-content\/uploads\/2021\/11\/waste-age-urge-environmental-audit_dezeen_2364_col_0-852x639-1-768x576.jpg 768w, https:\/\/archibat.com\/blog\/wp-content\/uploads\/2021\/11\/waste-age-urge-environmental-audit_dezeen_2364_col_0-852x639-1.jpg 852w\" sizes=\"auto, (max-width: 1450px) 100vw, 1450px\" \/><\/figure>\n\n\n\n<figure class=\"wp-block-image size-large is-resized\"><img loading=\"lazy\" decoding=\"async\" src=\"https:\/\/archibat.com\/blog\/wp-content\/uploads\/2021\/11\/design-museum-waste-age-exhibition_dezeen_2364_col_6-852x1136-1-360x480.jpg\" alt=\"\" class=\"wp-image-16545\" width=\"1317\" height=\"1756\" srcset=\"https:\/\/archibat.com\/blog\/wp-content\/uploads\/2021\/11\/design-museum-waste-age-exhibition_dezeen_2364_col_6-852x1136-1-360x480.jpg 360w, https:\/\/archibat.com\/blog\/wp-content\/uploads\/2021\/11\/design-museum-waste-age-exhibition_dezeen_2364_col_6-852x1136-1-225x300.jpg 225w, https:\/\/archibat.com\/blog\/wp-content\/uploads\/2021\/11\/design-museum-waste-age-exhibition_dezeen_2364_col_6-852x1136-1-768x1024.jpg 768w, https:\/\/archibat.com\/blog\/wp-content\/uploads\/2021\/11\/design-museum-waste-age-exhibition_dezeen_2364_col_6-852x1136-1.jpg 852w\" sizes=\"auto, (max-width: 1317px) 100vw, 1317px\" \/><\/figure>\n\n\n\n<p>La premi\u00e8re partie de l\u2019exposition intitul\u00e9e \u00ab&nbsp;Peak Waste&nbsp;\u00bb a pour but de sensibiliser les visiteurs \u00e0 l\u2019impact des d\u00e9chets au niveau mondial, notamment gr\u00e2ce \u00e0 un traqueur de d\u00e9chets \u00e0 grande \u00e9chelle. L\u2019espace \u00ab&nbsp;Precious Waste&nbsp;\u00bb, pr\u00e9sente les principales mati\u00e8res premi\u00e8res utilis\u00e9es au quotidien qui vont de pair avec la \u00ab&nbsp;culture du jetable&nbsp;\u00bb. L\u2019exposition est pr\u00e9sent\u00e9e au Design Museum de Londres jusqu\u2019au 20 f\u00e9vrier 2022.<\/p>\n\n\n\n<p><strong>En savoir plus\u00a0:<\/strong>\u00a0<a href=\"https:\/\/designmuseum.org\/exhibitions\/waste-age-what-can-design-do\" target=\"_blank\" rel=\"noreferrer noopener\">Design Museum<\/a><\/p>\n","protected":false},"excerpt":{"rendered":"<p>Waste Age est le nom de la derni\u00e8re exposition du Design Museum au Royaume-Uni, r\u00e9alis\u00e9e dans le cadre de la COP26 sur les probl\u00e9matiques du\u2026<\/p>\n","protected":false},"author":2,"featured_media":16529,"comment_status":"closed","ping_status":"closed","sticky":false,"template":"","format":"standard","meta":{"_acf_changed":false,"footnotes":""},"categories":[3],"tags":[2975,2978,1228,2977,2976,2404,2974,1824],"class_list":["post-16528","post","type-post","status-publish","format-standard","has-post-thumbnail","hentry","category-architecture-et-design","tag-co2","tag-cop26","tag-design","tag-designmuseum","tag-empreintecarbone","tag-expo","tag-impactenvironnemental","tag-scenographie"],"acf":[],"yoast_head":"<!-- This site is optimized with the Yoast SEO plugin v24.8.1 - https:\/\/yoast.com\/wordpress\/plugins\/seo\/ -->\n<title>1er audit environnemental pour une exposition au Design Museum &#8211; ArchiBat Mag<\/title>\n<meta name=\"robots\" content=\"index, follow, max-snippet:-1, max-image-preview:large, max-video-preview:-1\" \/>\n<link rel=\"canonical\" href=\"https:\/\/archibat.com\/blog\/1er-audit-environnemental-pour-une-exposition-au-design-museum\/\" \/>\n<meta property=\"og:locale\" content=\"fr_FR\" \/>\n<meta property=\"og:type\" content=\"article\" \/>\n<meta property=\"og:title\" content=\"1er audit environnemental pour une exposition au Design Museum &#8211; ArchiBat Mag\" \/>\n<meta property=\"og:description\" content=\"Waste Age est le nom de la derni\u00e8re exposition du Design Museum au Royaume-Uni, r\u00e9alis\u00e9e dans le cadre de la COP26 sur les probl\u00e9matiques du\u2026\" \/>\n<meta property=\"og:url\" content=\"https:\/\/archibat.com\/blog\/1er-audit-environnemental-pour-une-exposition-au-design-museum\/\" \/>\n<meta property=\"og:site_name\" content=\"ArchiBat Mag\" \/>\n<meta property=\"article:published_time\" content=\"2021-11-16T13:00:00+00:00\" \/>\n<meta property=\"og:image\" content=\"https:\/\/archibat.com\/blog\/wp-content\/uploads\/2021\/11\/COVER.jpg\" \/>\n\t<meta property=\"og:image:width\" content=\"852\" \/>\n\t<meta property=\"og:image:height\" content=\"639\" \/>\n\t<meta property=\"og:image:type\" content=\"image\/jpeg\" \/>\n<meta name=\"author\" content=\"communication\" \/>\n<meta name=\"twitter:card\" content=\"summary_large_image\" \/>\n<meta name=\"twitter:label1\" content=\"\u00c9crit par\" \/>\n\t<meta name=\"twitter:data1\" content=\"communication\" \/>\n\t<meta name=\"twitter:label2\" content=\"Dur\u00e9e de lecture estim\u00e9e\" \/>\n\t<meta name=\"twitter:data2\" content=\"3 minutes\" \/>\n<script type=\"application\/ld+json\" class=\"yoast-schema-graph\">{\"@context\":\"https:\/\/schema.org\",\"@graph\":[{\"@type\":\"WebPage\",\"@id\":\"https:\/\/archibat.com\/blog\/1er-audit-environnemental-pour-une-exposition-au-design-museum\/\",\"url\":\"https:\/\/archibat.com\/blog\/1er-audit-environnemental-pour-une-exposition-au-design-museum\/\",\"name\":\"1er audit environnemental pour une exposition au Design Museum &#8211; ArchiBat Mag\",\"isPartOf\":{\"@id\":\"https:\/\/archibat.com\/blog\/#website\"},\"primaryImageOfPage\":{\"@id\":\"https:\/\/archibat.com\/blog\/1er-audit-environnemental-pour-une-exposition-au-design-museum\/#primaryimage\"},\"image\":{\"@id\":\"https:\/\/archibat.com\/blog\/1er-audit-environnemental-pour-une-exposition-au-design-museum\/#primaryimage\"},\"thumbnailUrl\":\"https:\/\/archibat.com\/blog\/wp-content\/uploads\/2021\/11\/COVER.jpg\",\"datePublished\":\"2021-11-16T13:00:00+00:00\",\"author\":{\"@id\":\"https:\/\/archibat.com\/blog\/#\/schema\/person\/c246f0d63b5e719c2cbe4f9bd494bf12\"},\"breadcrumb\":{\"@id\":\"https:\/\/archibat.com\/blog\/1er-audit-environnemental-pour-une-exposition-au-design-museum\/#breadcrumb\"},\"inLanguage\":\"fr-FR\",\"potentialAction\":[{\"@type\":\"ReadAction\",\"target\":[\"https:\/\/archibat.com\/blog\/1er-audit-environnemental-pour-une-exposition-au-design-museum\/\"]}]},{\"@type\":\"ImageObject\",\"inLanguage\":\"fr-FR\",\"@id\":\"https:\/\/archibat.com\/blog\/1er-audit-environnemental-pour-une-exposition-au-design-museum\/#primaryimage\",\"url\":\"https:\/\/archibat.com\/blog\/wp-content\/uploads\/2021\/11\/COVER.jpg\",\"contentUrl\":\"https:\/\/archibat.com\/blog\/wp-content\/uploads\/2021\/11\/COVER.jpg\",\"width\":852,\"height\":639},{\"@type\":\"BreadcrumbList\",\"@id\":\"https:\/\/archibat.com\/blog\/1er-audit-environnemental-pour-une-exposition-au-design-museum\/#breadcrumb\",\"itemListElement\":[{\"@type\":\"ListItem\",\"position\":1,\"name\":\"Home\",\"item\":\"https:\/\/archibat.com\/blog\/\"},{\"@type\":\"ListItem\",\"position\":2,\"name\":\"1er audit environnemental pour une exposition au Design Museum\"}]},{\"@type\":\"WebSite\",\"@id\":\"https:\/\/archibat.com\/blog\/#website\",\"url\":\"https:\/\/archibat.com\/blog\/\",\"name\":\"ArchiBat Mag\",\"description\":\"Vous souhaitez connaitre les derni\u00e8res actualit\u00e9s sur l\u2019Architecture, le Design ou les Ressources Humaines ? D\u00e9couvrez ArchiBat Mag, le magazine d\u00e9di\u00e9 aux m\u00e9tiers de l&#039;Architecture et de l&#039;Ing\u00e9nierie.\",\"potentialAction\":[{\"@type\":\"SearchAction\",\"target\":{\"@type\":\"EntryPoint\",\"urlTemplate\":\"https:\/\/archibat.com\/blog\/?s={search_term_string}\"},\"query-input\":{\"@type\":\"PropertyValueSpecification\",\"valueRequired\":true,\"valueName\":\"search_term_string\"}}],\"inLanguage\":\"fr-FR\"},{\"@type\":\"Person\",\"@id\":\"https:\/\/archibat.com\/blog\/#\/schema\/person\/c246f0d63b5e719c2cbe4f9bd494bf12\",\"name\":\"communication\"}]}<\/script>\n<!-- \/ Yoast SEO plugin. -->","yoast_head_json":{"title":"1er audit environnemental pour une exposition au Design Museum &#8211; ArchiBat Mag","robots":{"index":"index","follow":"follow","max-snippet":"max-snippet:-1","max-image-preview":"max-image-preview:large","max-video-preview":"max-video-preview:-1"},"canonical":"https:\/\/archibat.com\/blog\/1er-audit-environnemental-pour-une-exposition-au-design-museum\/","og_locale":"fr_FR","og_type":"article","og_title":"1er audit environnemental pour une exposition au Design Museum &#8211; ArchiBat Mag","og_description":"Waste Age est le nom de la derni\u00e8re exposition du Design Museum au Royaume-Uni, r\u00e9alis\u00e9e dans le cadre de la COP26 sur les probl\u00e9matiques du\u2026","og_url":"https:\/\/archibat.com\/blog\/1er-audit-environnemental-pour-une-exposition-au-design-museum\/","og_site_name":"ArchiBat Mag","article_published_time":"2021-11-16T13:00:00+00:00","og_image":[{"width":852,"height":639,"url":"https:\/\/archibat.com\/blog\/wp-content\/uploads\/2021\/11\/COVER.jpg","type":"image\/jpeg"}],"author":"communication","twitter_card":"summary_large_image","twitter_misc":{"\u00c9crit par":"communication","Dur\u00e9e de lecture estim\u00e9e":"3 minutes"},"schema":{"@context":"https:\/\/schema.org","@graph":[{"@type":"WebPage","@id":"https:\/\/archibat.com\/blog\/1er-audit-environnemental-pour-une-exposition-au-design-museum\/","url":"https:\/\/archibat.com\/blog\/1er-audit-environnemental-pour-une-exposition-au-design-museum\/","name":"1er audit environnemental pour une exposition au Design Museum &#8211; ArchiBat Mag","isPartOf":{"@id":"https:\/\/archibat.com\/blog\/#website"},"primaryImageOfPage":{"@id":"https:\/\/archibat.com\/blog\/1er-audit-environnemental-pour-une-exposition-au-design-museum\/#primaryimage"},"image":{"@id":"https:\/\/archibat.com\/blog\/1er-audit-environnemental-pour-une-exposition-au-design-museum\/#primaryimage"},"thumbnailUrl":"https:\/\/archibat.com\/blog\/wp-content\/uploads\/2021\/11\/COVER.jpg","datePublished":"2021-11-16T13:00:00+00:00","author":{"@id":"https:\/\/archibat.com\/blog\/#\/schema\/person\/c246f0d63b5e719c2cbe4f9bd494bf12"},"breadcrumb":{"@id":"https:\/\/archibat.com\/blog\/1er-audit-environnemental-pour-une-exposition-au-design-museum\/#breadcrumb"},"inLanguage":"fr-FR","potentialAction":[{"@type":"ReadAction","target":["https:\/\/archibat.com\/blog\/1er-audit-environnemental-pour-une-exposition-au-design-museum\/"]}]},{"@type":"ImageObject","inLanguage":"fr-FR","@id":"https:\/\/archibat.com\/blog\/1er-audit-environnemental-pour-une-exposition-au-design-museum\/#primaryimage","url":"https:\/\/archibat.com\/blog\/wp-content\/uploads\/2021\/11\/COVER.jpg","contentUrl":"https:\/\/archibat.com\/blog\/wp-content\/uploads\/2021\/11\/COVER.jpg","width":852,"height":639},{"@type":"BreadcrumbList","@id":"https:\/\/archibat.com\/blog\/1er-audit-environnemental-pour-une-exposition-au-design-museum\/#breadcrumb","itemListElement":[{"@type":"ListItem","position":1,"name":"Home","item":"https:\/\/archibat.com\/blog\/"},{"@type":"ListItem","position":2,"name":"1er audit environnemental pour une exposition au Design Museum"}]},{"@type":"WebSite","@id":"https:\/\/archibat.com\/blog\/#website","url":"https:\/\/archibat.com\/blog\/","name":"ArchiBat Mag","description":"Vous souhaitez connaitre les derni\u00e8res actualit\u00e9s sur l\u2019Architecture, le Design ou les Ressources Humaines ? D\u00e9couvrez ArchiBat Mag, le magazine d\u00e9di\u00e9 aux m\u00e9tiers de l&#039;Architecture et de l&#039;Ing\u00e9nierie.","potentialAction":[{"@type":"SearchAction","target":{"@type":"EntryPoint","urlTemplate":"https:\/\/archibat.com\/blog\/?s={search_term_string}"},"query-input":{"@type":"PropertyValueSpecification","valueRequired":true,"valueName":"search_term_string"}}],"inLanguage":"fr-FR"},{"@type":"Person","@id":"https:\/\/archibat.com\/blog\/#\/schema\/person\/c246f0d63b5e719c2cbe4f9bd494bf12","name":"communication"}]}},"_links":{"self":[{"href":"https:\/\/archibat.com\/blog\/wp-json\/wp\/v2\/posts\/16528","targetHints":{"allow":["GET"]}}],"collection":[{"href":"https:\/\/archibat.com\/blog\/wp-json\/wp\/v2\/posts"}],"about":[{"href":"https:\/\/archibat.com\/blog\/wp-json\/wp\/v2\/types\/post"}],"author":[{"embeddable":true,"href":"https:\/\/archibat.com\/blog\/wp-json\/wp\/v2\/users\/2"}],"replies":[{"embeddable":true,"href":"https:\/\/archibat.com\/blog\/wp-json\/wp\/v2\/comments?post=16528"}],"version-history":[{"count":3,"href":"https:\/\/archibat.com\/blog\/wp-json\/wp\/v2\/posts\/16528\/revisions"}],"predecessor-version":[{"id":16563,"href":"https:\/\/archibat.com\/blog\/wp-json\/wp\/v2\/posts\/16528\/revisions\/16563"}],"wp:featuredmedia":[{"embeddable":true,"href":"https:\/\/archibat.com\/blog\/wp-json\/wp\/v2\/media\/16529"}],"wp:attachment":[{"href":"https:\/\/archibat.com\/blog\/wp-json\/wp\/v2\/media?parent=16528"}],"wp:term":[{"taxonomy":"category","embeddable":true,"href":"https:\/\/archibat.com\/blog\/wp-json\/wp\/v2\/categories?post=16528"},{"taxonomy":"post_tag","embeddable":true,"href":"https:\/\/archibat.com\/blog\/wp-json\/wp\/v2\/tags?post=16528"}],"curies":[{"name":"wp","href":"https:\/\/api.w.org\/{rel}","templated":true}]}}