{"id":1737,"date":"2016-04-27T06:39:45","date_gmt":"2016-04-27T05:39:45","guid":{"rendered":"https:\/\/www.archibat.com\/blog\/?p=1737"},"modified":"2018-10-29T17:50:31","modified_gmt":"2018-10-29T16:50:31","slug":"mots-a-eviter-entretien-dembauche","status":"publish","type":"post","link":"https:\/\/archibat.com\/blog\/mots-a-eviter-entretien-dembauche\/","title":{"rendered":"Des mots \u00e0 \u00e9viter en entretien d&#8217;embauche !"},"content":{"rendered":"<p>Une \u00e9tude parue en 2012, r\u00e9alis\u00e9e par l\u2019entreprise am\u00e9ricaine Leadership IQ a d\u00e9montr\u00e9 que les recruteurs percevaient certains mots mieux que d\u2019autres. Les r\u00e9ponses de 1427 participants \u00e0 un questionnaire d\u2019embauche avec quinze questions ouvertes ont \u00e9t\u00e9 analys\u00e9es par des recruteurs RH et des managers. Ceux-ci devaient classer les candidats entre candidat prometteur, d\u00e9cevant ou encore moyen. Voici quelques r\u00e9sultats de cette \u00e9tude\u00a0:<\/p>\n<ol>\n<li>\n<h2>N\u2019utilisez pas trop d\u2019adverbes<\/h2>\n<\/li>\n<\/ol>\n<p>L\u2019\u00e9tude a d\u00e9montr\u00e9 que les candidats utilisant plus d\u2019adverbes que la moyenne tels que \u00ab\u00a0vraiment\u00a0\u00bb, \u00ab\u00a0r\u00e9ellement\u00a0\u00bb ou encore \u00ab\u00a0rapidement\u00a0\u00bb \u00e9taient per\u00e7us par les recruteurs comme des candidats ayant un manque d\u2019exp\u00e9rience et une envie de combler des lacunes. Essayez d\u2019aller droit au but en expliquant vos actions et vos id\u00e9es sans en rajouter.<\/p>\n<ol start=\"2\">\n<li>\n<h2>N\u2019exprimez pas de sentiments n\u00e9gatifs<\/h2>\n<\/li>\n<\/ol>\n<p>Ayez un discours positif. Les candidats ayant utilis\u00e9 des mots exprimant des sentiments n\u00e9gatifs ont \u00e9t\u00e9 moins bien class\u00e9s que les autres, cela peut r\u00e9v\u00e9ler chez le candidat une tendance au pessimisme, ou encore une intelligence \u00e9motionnelle plus faible. La n\u00e9gation est \u00e9galement \u00e0 \u00e9viter. Ne dites pas que \u00ab\u00a0vous n\u2019avez pas pu\u00a0\u00bb mais d\u00e9crivez plut\u00f4t les circonstances et en quoi celles-ci vous ont emp\u00each\u00e9 de faire ce que vous souhaitiez. Pr\u00e9sentez un \u00e9v\u00e9nement n\u00e9gatif comme une source de positif\u00a0: expliquez ce que cela vous a appris.<\/p>\n<ol start=\"3\">\n<li>\n<h2>Ne soyez pas cat\u00e9gorique<\/h2>\n<\/li>\n<\/ol>\n<p>Des mots tels que \u00ab\u00a0absolument\u00a0\u00bb, \u00ab\u00a0jamais\u00a0\u00bb, \u00ab\u00a0toujours\u00a0\u00bb sont \u00e0 \u00e9viter. Essayez de nuancer vos propos car sinon les recruteurs peuvent vous percevoir comme quelqu\u2019un d&rsquo;autoritaire qui veut imposer ses id\u00e9es ou une personnalit\u00e9 avec avec des visions trop tranch\u00e9es.<\/p>\n<ol start=\"4\">\n<li>\n<h2>Attention aux tics de langage<\/h2>\n<\/li>\n<\/ol>\n<p>Il est important d\u2019avoir conscience de ces tics et de les ma\u00eetriser lors d\u2019un entretien. Dans le cas contraire, ils parasiteront votre discours et emp\u00eacheront vos interlocuteurs de saisir le message que vous essaierez de faire passer. Le recruteur peut penser que vous \u00eates quelqu&rsquo;un de timide ou d&rsquo;inhib\u00e9.<\/p>\n<p>&nbsp;<\/p>\n<p><em><strong>Alors, vous sentez-vous pr\u00eat \u00e0 passer un entretien d\u2019embauche\u00a0?<\/strong><\/em><\/p>\n","protected":false},"excerpt":{"rendered":"<p>Une \u00e9tude parue en 2012, r\u00e9alis\u00e9e par l\u2019entreprise am\u00e9ricaine Leadership IQ a d\u00e9montr\u00e9 que les recruteurs percevaient certains mots mieux que d\u2019autres. Les r\u00e9ponses de\u2026<\/p>\n","protected":false},"author":2,"featured_media":1738,"comment_status":"closed","ping_status":"closed","sticky":false,"template":"","format":"standard","meta":{"_acf_changed":false,"footnotes":""},"categories":[4],"tags":[1292,1597],"class_list":["post-1737","post","type-post","status-publish","format-standard","has-post-thumbnail","hentry","category-ressources-humaines","tag-entretien","tag-mots-a-eviter"],"acf":[],"yoast_head":"<!-- This site is optimized with the Yoast SEO plugin v24.8.1 - https:\/\/yoast.com\/wordpress\/plugins\/seo\/ -->\n<title>Des mots \u00e0 \u00e9viter en entretien d&#039;embauche ! &#8211; ArchiBat Mag<\/title>\n<meta name=\"robots\" content=\"index, follow, max-snippet:-1, max-image-preview:large, max-video-preview:-1\" \/>\n<link rel=\"canonical\" href=\"https:\/\/archibat.com\/blog\/mots-a-eviter-entretien-dembauche\/\" \/>\n<meta property=\"og:locale\" content=\"fr_FR\" \/>\n<meta property=\"og:type\" content=\"article\" \/>\n<meta property=\"og:title\" content=\"Des mots \u00e0 \u00e9viter en entretien d&#039;embauche ! &#8211; ArchiBat Mag\" \/>\n<meta property=\"og:description\" content=\"Une \u00e9tude parue en 2012, r\u00e9alis\u00e9e par l\u2019entreprise am\u00e9ricaine Leadership IQ a d\u00e9montr\u00e9 que les recruteurs percevaient certains mots mieux que d\u2019autres. Les r\u00e9ponses de\u2026\" \/>\n<meta property=\"og:url\" content=\"https:\/\/archibat.com\/blog\/mots-a-eviter-entretien-dembauche\/\" \/>\n<meta property=\"og:site_name\" content=\"ArchiBat Mag\" \/>\n<meta property=\"article:published_time\" content=\"2016-04-27T05:39:45+00:00\" \/>\n<meta property=\"article:modified_time\" content=\"2018-10-29T16:50:31+00:00\" \/>\n<meta property=\"og:image\" content=\"https:\/\/archibat.com\/blog\/wp-content\/uploads\/2016\/04\/Fotolia_96200747_XS-2.jpg\" \/>\n\t<meta property=\"og:image:width\" content=\"635\" \/>\n\t<meta property=\"og:image:height\" content=\"327\" \/>\n\t<meta property=\"og:image:type\" content=\"image\/jpeg\" \/>\n<meta name=\"author\" content=\"communication\" \/>\n<meta name=\"twitter:card\" content=\"summary_large_image\" \/>\n<meta name=\"twitter:label1\" content=\"\u00c9crit par\" \/>\n\t<meta name=\"twitter:data1\" content=\"communication\" \/>\n\t<meta name=\"twitter:label2\" content=\"Dur\u00e9e de lecture estim\u00e9e\" \/>\n\t<meta name=\"twitter:data2\" content=\"2 minutes\" \/>\n<script type=\"application\/ld+json\" class=\"yoast-schema-graph\">{\"@context\":\"https:\/\/schema.org\",\"@graph\":[{\"@type\":\"WebPage\",\"@id\":\"https:\/\/archibat.com\/blog\/mots-a-eviter-entretien-dembauche\/\",\"url\":\"https:\/\/archibat.com\/blog\/mots-a-eviter-entretien-dembauche\/\",\"name\":\"Des mots \u00e0 \u00e9viter en entretien d'embauche ! &#8211; ArchiBat Mag\",\"isPartOf\":{\"@id\":\"https:\/\/archibat.com\/blog\/#website\"},\"primaryImageOfPage\":{\"@id\":\"https:\/\/archibat.com\/blog\/mots-a-eviter-entretien-dembauche\/#primaryimage\"},\"image\":{\"@id\":\"https:\/\/archibat.com\/blog\/mots-a-eviter-entretien-dembauche\/#primaryimage\"},\"thumbnailUrl\":\"https:\/\/archibat.com\/blog\/wp-content\/uploads\/2016\/04\/Fotolia_96200747_XS-2.jpg\",\"datePublished\":\"2016-04-27T05:39:45+00:00\",\"dateModified\":\"2018-10-29T16:50:31+00:00\",\"author\":{\"@id\":\"https:\/\/archibat.com\/blog\/#\/schema\/person\/c246f0d63b5e719c2cbe4f9bd494bf12\"},\"breadcrumb\":{\"@id\":\"https:\/\/archibat.com\/blog\/mots-a-eviter-entretien-dembauche\/#breadcrumb\"},\"inLanguage\":\"fr-FR\",\"potentialAction\":[{\"@type\":\"ReadAction\",\"target\":[\"https:\/\/archibat.com\/blog\/mots-a-eviter-entretien-dembauche\/\"]}]},{\"@type\":\"ImageObject\",\"inLanguage\":\"fr-FR\",\"@id\":\"https:\/\/archibat.com\/blog\/mots-a-eviter-entretien-dembauche\/#primaryimage\",\"url\":\"https:\/\/archibat.com\/blog\/wp-content\/uploads\/2016\/04\/Fotolia_96200747_XS-2.jpg\",\"contentUrl\":\"https:\/\/archibat.com\/blog\/wp-content\/uploads\/2016\/04\/Fotolia_96200747_XS-2.jpg\",\"width\":635,\"height\":327,\"caption\":\"mots \u00e0 \u00e9viter\"},{\"@type\":\"BreadcrumbList\",\"@id\":\"https:\/\/archibat.com\/blog\/mots-a-eviter-entretien-dembauche\/#breadcrumb\",\"itemListElement\":[{\"@type\":\"ListItem\",\"position\":1,\"name\":\"Home\",\"item\":\"https:\/\/archibat.com\/blog\/\"},{\"@type\":\"ListItem\",\"position\":2,\"name\":\"Des mots \u00e0 \u00e9viter en entretien d&#8217;embauche !\"}]},{\"@type\":\"WebSite\",\"@id\":\"https:\/\/archibat.com\/blog\/#website\",\"url\":\"https:\/\/archibat.com\/blog\/\",\"name\":\"ArchiBat Mag\",\"description\":\"Vous souhaitez connaitre les derni\u00e8res actualit\u00e9s sur l\u2019Architecture, le Design ou les Ressources Humaines ? D\u00e9couvrez ArchiBat Mag, le magazine d\u00e9di\u00e9 aux m\u00e9tiers de l&#039;Architecture et de l&#039;Ing\u00e9nierie.\",\"potentialAction\":[{\"@type\":\"SearchAction\",\"target\":{\"@type\":\"EntryPoint\",\"urlTemplate\":\"https:\/\/archibat.com\/blog\/?s={search_term_string}\"},\"query-input\":{\"@type\":\"PropertyValueSpecification\",\"valueRequired\":true,\"valueName\":\"search_term_string\"}}],\"inLanguage\":\"fr-FR\"},{\"@type\":\"Person\",\"@id\":\"https:\/\/archibat.com\/blog\/#\/schema\/person\/c246f0d63b5e719c2cbe4f9bd494bf12\",\"name\":\"communication\"}]}<\/script>\n<!-- \/ Yoast SEO plugin. -->","yoast_head_json":{"title":"Des mots \u00e0 \u00e9viter en entretien d'embauche ! &#8211; ArchiBat Mag","robots":{"index":"index","follow":"follow","max-snippet":"max-snippet:-1","max-image-preview":"max-image-preview:large","max-video-preview":"max-video-preview:-1"},"canonical":"https:\/\/archibat.com\/blog\/mots-a-eviter-entretien-dembauche\/","og_locale":"fr_FR","og_type":"article","og_title":"Des mots \u00e0 \u00e9viter en entretien d'embauche ! &#8211; ArchiBat Mag","og_description":"Une \u00e9tude parue en 2012, r\u00e9alis\u00e9e par l\u2019entreprise am\u00e9ricaine Leadership IQ a d\u00e9montr\u00e9 que les recruteurs percevaient certains mots mieux que d\u2019autres. Les r\u00e9ponses de\u2026","og_url":"https:\/\/archibat.com\/blog\/mots-a-eviter-entretien-dembauche\/","og_site_name":"ArchiBat Mag","article_published_time":"2016-04-27T05:39:45+00:00","article_modified_time":"2018-10-29T16:50:31+00:00","og_image":[{"width":635,"height":327,"url":"https:\/\/archibat.com\/blog\/wp-content\/uploads\/2016\/04\/Fotolia_96200747_XS-2.jpg","type":"image\/jpeg"}],"author":"communication","twitter_card":"summary_large_image","twitter_misc":{"\u00c9crit par":"communication","Dur\u00e9e de lecture estim\u00e9e":"2 minutes"},"schema":{"@context":"https:\/\/schema.org","@graph":[{"@type":"WebPage","@id":"https:\/\/archibat.com\/blog\/mots-a-eviter-entretien-dembauche\/","url":"https:\/\/archibat.com\/blog\/mots-a-eviter-entretien-dembauche\/","name":"Des mots \u00e0 \u00e9viter en entretien d'embauche ! &#8211; ArchiBat Mag","isPartOf":{"@id":"https:\/\/archibat.com\/blog\/#website"},"primaryImageOfPage":{"@id":"https:\/\/archibat.com\/blog\/mots-a-eviter-entretien-dembauche\/#primaryimage"},"image":{"@id":"https:\/\/archibat.com\/blog\/mots-a-eviter-entretien-dembauche\/#primaryimage"},"thumbnailUrl":"https:\/\/archibat.com\/blog\/wp-content\/uploads\/2016\/04\/Fotolia_96200747_XS-2.jpg","datePublished":"2016-04-27T05:39:45+00:00","dateModified":"2018-10-29T16:50:31+00:00","author":{"@id":"https:\/\/archibat.com\/blog\/#\/schema\/person\/c246f0d63b5e719c2cbe4f9bd494bf12"},"breadcrumb":{"@id":"https:\/\/archibat.com\/blog\/mots-a-eviter-entretien-dembauche\/#breadcrumb"},"inLanguage":"fr-FR","potentialAction":[{"@type":"ReadAction","target":["https:\/\/archibat.com\/blog\/mots-a-eviter-entretien-dembauche\/"]}]},{"@type":"ImageObject","inLanguage":"fr-FR","@id":"https:\/\/archibat.com\/blog\/mots-a-eviter-entretien-dembauche\/#primaryimage","url":"https:\/\/archibat.com\/blog\/wp-content\/uploads\/2016\/04\/Fotolia_96200747_XS-2.jpg","contentUrl":"https:\/\/archibat.com\/blog\/wp-content\/uploads\/2016\/04\/Fotolia_96200747_XS-2.jpg","width":635,"height":327,"caption":"mots \u00e0 \u00e9viter"},{"@type":"BreadcrumbList","@id":"https:\/\/archibat.com\/blog\/mots-a-eviter-entretien-dembauche\/#breadcrumb","itemListElement":[{"@type":"ListItem","position":1,"name":"Home","item":"https:\/\/archibat.com\/blog\/"},{"@type":"ListItem","position":2,"name":"Des mots \u00e0 \u00e9viter en entretien d&#8217;embauche !"}]},{"@type":"WebSite","@id":"https:\/\/archibat.com\/blog\/#website","url":"https:\/\/archibat.com\/blog\/","name":"ArchiBat Mag","description":"Vous souhaitez connaitre les derni\u00e8res actualit\u00e9s sur l\u2019Architecture, le Design ou les Ressources Humaines ? D\u00e9couvrez ArchiBat Mag, le magazine d\u00e9di\u00e9 aux m\u00e9tiers de l&#039;Architecture et de l&#039;Ing\u00e9nierie.","potentialAction":[{"@type":"SearchAction","target":{"@type":"EntryPoint","urlTemplate":"https:\/\/archibat.com\/blog\/?s={search_term_string}"},"query-input":{"@type":"PropertyValueSpecification","valueRequired":true,"valueName":"search_term_string"}}],"inLanguage":"fr-FR"},{"@type":"Person","@id":"https:\/\/archibat.com\/blog\/#\/schema\/person\/c246f0d63b5e719c2cbe4f9bd494bf12","name":"communication"}]}},"_links":{"self":[{"href":"https:\/\/archibat.com\/blog\/wp-json\/wp\/v2\/posts\/1737","targetHints":{"allow":["GET"]}}],"collection":[{"href":"https:\/\/archibat.com\/blog\/wp-json\/wp\/v2\/posts"}],"about":[{"href":"https:\/\/archibat.com\/blog\/wp-json\/wp\/v2\/types\/post"}],"author":[{"embeddable":true,"href":"https:\/\/archibat.com\/blog\/wp-json\/wp\/v2\/users\/2"}],"replies":[{"embeddable":true,"href":"https:\/\/archibat.com\/blog\/wp-json\/wp\/v2\/comments?post=1737"}],"version-history":[{"count":2,"href":"https:\/\/archibat.com\/blog\/wp-json\/wp\/v2\/posts\/1737\/revisions"}],"predecessor-version":[{"id":6178,"href":"https:\/\/archibat.com\/blog\/wp-json\/wp\/v2\/posts\/1737\/revisions\/6178"}],"wp:featuredmedia":[{"embeddable":true,"href":"https:\/\/archibat.com\/blog\/wp-json\/wp\/v2\/media\/1738"}],"wp:attachment":[{"href":"https:\/\/archibat.com\/blog\/wp-json\/wp\/v2\/media?parent=1737"}],"wp:term":[{"taxonomy":"category","embeddable":true,"href":"https:\/\/archibat.com\/blog\/wp-json\/wp\/v2\/categories?post=1737"},{"taxonomy":"post_tag","embeddable":true,"href":"https:\/\/archibat.com\/blog\/wp-json\/wp\/v2\/tags?post=1737"}],"curies":[{"name":"wp","href":"https:\/\/api.w.org\/{rel}","templated":true}]}}