{"id":17373,"date":"2022-01-25T14:00:00","date_gmt":"2022-01-25T13:00:00","guid":{"rendered":"https:\/\/archibat.com\/blog\/?p=17373"},"modified":"2022-01-25T10:09:05","modified_gmt":"2022-01-25T09:09:05","slug":"un-rideau-sculptural-en-treillis-metallique-par-kengo-kuma","status":"publish","type":"post","link":"https:\/\/archibat.com\/blog\/un-rideau-sculptural-en-treillis-metallique-par-kengo-kuma\/","title":{"rendered":"Un rideau sculptural en treillis m\u00e9tallique par Kengo Kuma"},"content":{"rendered":"\n<p>La Casa Batll\u00f3 \u00e0 Barcelone a \u00e9t\u00e9 remodel\u00e9e en 1904 par le c\u00e9l\u00e8bre architecte catalan Antoni Gaudi. Elle accueille d\u00e9sormais un rideau spectaculaire en treillis m\u00e9tallique con\u00e7u par l\u2019architecte japonais Kengo Kuma. 164 000 cha\u00eenes en aluminium ont \u00e9t\u00e9 utilis\u00e9es pour cr\u00e9er cette \u0153uvre sculpturale en maille qui fait r\u00e9f\u00e9rence aux formes organiques de la Casa&nbsp;Batll\u00f3<\/p>\n\n\n\n<figure class=\"wp-block-image size-large is-resized\"><img loading=\"lazy\" decoding=\"async\" src=\"https:\/\/archibat.com\/blog\/wp-content\/uploads\/2022\/01\/casa-battlo-installation-kengo-kuma-barcelona-spain_dezeen_2364_col_8-852x1278-1-320x480.jpg\" alt=\"\" class=\"wp-image-17376\" width=\"1450\" height=\"2175\" srcset=\"https:\/\/archibat.com\/blog\/wp-content\/uploads\/2022\/01\/casa-battlo-installation-kengo-kuma-barcelona-spain_dezeen_2364_col_8-852x1278-1-320x480.jpg 320w, https:\/\/archibat.com\/blog\/wp-content\/uploads\/2022\/01\/casa-battlo-installation-kengo-kuma-barcelona-spain_dezeen_2364_col_8-852x1278-1-200x300.jpg 200w, https:\/\/archibat.com\/blog\/wp-content\/uploads\/2022\/01\/casa-battlo-installation-kengo-kuma-barcelona-spain_dezeen_2364_col_8-852x1278-1-768x1152.jpg 768w, https:\/\/archibat.com\/blog\/wp-content\/uploads\/2022\/01\/casa-battlo-installation-kengo-kuma-barcelona-spain_dezeen_2364_col_8-852x1278-1.jpg 852w\" sizes=\"auto, (max-width: 1450px) 100vw, 1450px\" \/><\/figure>\n\n\n\n<p>Cette r\u00e9alisation s\u2019inscrit dans la sc\u00e9nographie Casa Batll\u00f3 10D Experience qui comprend une s\u00e9rie de cr\u00e9ations contemporaines visant \u00e0 offrir aux visiteurs une exp\u00e9rience immersive dans l\u2019univers de Gaudi. Le rideau de Kuma prend place dans l\u2019atrium et la tr\u00e9mie de l\u2019escalier qui relie le rez-de-chauss\u00e9e \u00e0 des espaces d\u2019exposition suppl\u00e9mentaires cr\u00e9\u00e9s au sous-sol.&nbsp;Il enveloppe \u00e9galement un escalier de secours sur huit \u00e9tages.&nbsp;<\/p>\n\n\n\n<figure class=\"wp-block-image size-large\"><img loading=\"lazy\" decoding=\"async\" width=\"679\" height=\"480\" src=\"https:\/\/archibat.com\/blog\/wp-content\/uploads\/2022\/01\/kengo-kuma-gaudi-casa-batllo-designboom-31-1-679x480.jpeg\" alt=\"\" class=\"wp-image-17419\" srcset=\"https:\/\/archibat.com\/blog\/wp-content\/uploads\/2022\/01\/kengo-kuma-gaudi-casa-batllo-designboom-31-1-679x480.jpeg 679w, https:\/\/archibat.com\/blog\/wp-content\/uploads\/2022\/01\/kengo-kuma-gaudi-casa-batllo-designboom-31-1-300x212.jpeg 300w, https:\/\/archibat.com\/blog\/wp-content\/uploads\/2022\/01\/kengo-kuma-gaudi-casa-batllo-designboom-31-1-768x543.jpeg 768w, https:\/\/archibat.com\/blog\/wp-content\/uploads\/2022\/01\/kengo-kuma-gaudi-casa-batllo-designboom-31-1.jpeg 818w\" sizes=\"auto, (max-width: 679px) 100vw, 679px\" \/><\/figure>\n\n\n\n<figure class=\"wp-block-image size-large is-resized\"><img loading=\"lazy\" decoding=\"async\" src=\"https:\/\/archibat.com\/blog\/wp-content\/uploads\/2022\/01\/Capture-decran-2022-01-24-a-17.24.56-318x480.png\" alt=\"\" class=\"wp-image-17403\" width=\"1448\" height=\"2189\" srcset=\"https:\/\/archibat.com\/blog\/wp-content\/uploads\/2022\/01\/Capture-decran-2022-01-24-a-17.24.56-318x480.png 318w, https:\/\/archibat.com\/blog\/wp-content\/uploads\/2022\/01\/Capture-decran-2022-01-24-a-17.24.56-198x300.png 198w, https:\/\/archibat.com\/blog\/wp-content\/uploads\/2022\/01\/Capture-decran-2022-01-24-a-17.24.56.png 395w\" sizes=\"auto, (max-width: 1448px) 100vw, 1448px\" \/><\/figure>\n\n\n\n<p>Le rideau a \u00e9t\u00e9 r\u00e9alis\u00e9 \u00e0 partir de cha\u00eenes en aluminium fabriqu\u00e9es par la soci\u00e9t\u00e9 espagnole Kriskadecor. Il rend hommage \u00e0 l\u2019utilisation symbolique de la lumi\u00e8re dans l\u2019int\u00e9rieur de cette maison unique. L\u2019\u00e9clairage d\u00e9velopp\u00e9 par le designer Mario Nanni se refl\u00e8te sur les maillons m\u00e9talliques pour renforcer leur aspect \u00e9tincelant. L\u2019installation s\u2019obscurcit en descendant \u00e0 travers le b\u00e2timent jusqu\u2019\u00e0 devenir noire dans l\u2019ancienne cave \u00e0 charbon du sous-sol faisant \u00e9cho \u00e0 la lumi\u00e8re du jour qui filtre de la cour centrale.<\/p>\n\n\n\n<figure class=\"wp-block-image size-large is-resized\"><img loading=\"lazy\" decoding=\"async\" src=\"https:\/\/archibat.com\/blog\/wp-content\/uploads\/2022\/01\/casa-battlo-installation-kengo-kuma-barcelona-spain_dezeen_2364_col_1-852x1278-2-320x480.jpg\" alt=\"\" class=\"wp-image-17392\" width=\"1450\" height=\"2175\" srcset=\"https:\/\/archibat.com\/blog\/wp-content\/uploads\/2022\/01\/casa-battlo-installation-kengo-kuma-barcelona-spain_dezeen_2364_col_1-852x1278-2-320x480.jpg 320w, https:\/\/archibat.com\/blog\/wp-content\/uploads\/2022\/01\/casa-battlo-installation-kengo-kuma-barcelona-spain_dezeen_2364_col_1-852x1278-2-200x300.jpg 200w, https:\/\/archibat.com\/blog\/wp-content\/uploads\/2022\/01\/casa-battlo-installation-kengo-kuma-barcelona-spain_dezeen_2364_col_1-852x1278-2-768x1152.jpg 768w, https:\/\/archibat.com\/blog\/wp-content\/uploads\/2022\/01\/casa-battlo-installation-kengo-kuma-barcelona-spain_dezeen_2364_col_1-852x1278-2.jpg 852w\" sizes=\"auto, (max-width: 1450px) 100vw, 1450px\" \/><\/figure>\n\n\n\n<figure class=\"wp-block-image size-large is-resized\"><img loading=\"lazy\" decoding=\"async\" src=\"https:\/\/archibat.com\/blog\/wp-content\/uploads\/2022\/01\/kengo-kuma-gaudi-casa-batllo-designboom-24-1-667x1000-1-320x480.jpg\" alt=\"\" class=\"wp-image-17382\" width=\"1450\" height=\"2175\" srcset=\"https:\/\/archibat.com\/blog\/wp-content\/uploads\/2022\/01\/kengo-kuma-gaudi-casa-batllo-designboom-24-1-667x1000-1-320x480.jpg 320w, https:\/\/archibat.com\/blog\/wp-content\/uploads\/2022\/01\/kengo-kuma-gaudi-casa-batllo-designboom-24-1-667x1000-1-200x300.jpg 200w, https:\/\/archibat.com\/blog\/wp-content\/uploads\/2022\/01\/kengo-kuma-gaudi-casa-batllo-designboom-24-1-667x1000-1.jpg 667w\" sizes=\"auto, (max-width: 1450px) 100vw, 1450px\" \/><\/figure>\n\n\n\n<figure class=\"wp-block-image size-large is-resized\"><img loading=\"lazy\" decoding=\"async\" src=\"https:\/\/archibat.com\/blog\/wp-content\/uploads\/2022\/01\/Capture-decran-2022-01-24-a-17.25.07-320x480.png\" alt=\"\" class=\"wp-image-17409\" width=\"1449\" height=\"2175\" srcset=\"https:\/\/archibat.com\/blog\/wp-content\/uploads\/2022\/01\/Capture-decran-2022-01-24-a-17.25.07-320x480.png 320w, https:\/\/archibat.com\/blog\/wp-content\/uploads\/2022\/01\/Capture-decran-2022-01-24-a-17.25.07-200x300.png 200w, https:\/\/archibat.com\/blog\/wp-content\/uploads\/2022\/01\/Capture-decran-2022-01-24-a-17.25.07.png 404w\" sizes=\"auto, (max-width: 1449px) 100vw, 1449px\" \/><\/figure>\n\n\n\n<p>\u00ab&nbsp;Nous avons imagin\u00e9 cet espace habill\u00e9 de rideaux \u00e0 maillons en aluminium qui, avec leur mat\u00e9rialit\u00e9 m\u00e9ticuleuse, captent la lumi\u00e8re comme s\u2019ils \u00e9taient des filets de p\u00eache et nous la montrent sous toutes ses formes : luminosit\u00e9, silhouettes, ombres&nbsp;\u00bb pr\u00e9cise l\u2019architecte. \u00ab&nbsp;Ainsi, en omettant l\u2019utilisation de tout autre mat\u00e9riau et en effa\u00e7ant la pr\u00e9sence de cette bo\u00eete aveugle et de son escalier \u00e0 l\u2019aide de ces cha\u00eenes, nous pouvons parler de lumi\u00e8re et de lumi\u00e8re seulement.&nbsp;\u00bb Un logiciel informatique a assur\u00e9 le positionnement et la longueur pr\u00e9cise de chaque cha\u00eene suspendue au plafond et dans les escaliers.&nbsp;<\/p>\n\n\n\n<figure class=\"wp-block-image size-large is-resized\"><img loading=\"lazy\" decoding=\"async\" src=\"https:\/\/archibat.com\/blog\/wp-content\/uploads\/2022\/01\/kengo-kuma-gaudi-casa-batllo-designboom-21-1-667x1000-4-320x480.jpg\" alt=\"\" class=\"wp-image-17411\" width=\"1450\" height=\"2175\" srcset=\"https:\/\/archibat.com\/blog\/wp-content\/uploads\/2022\/01\/kengo-kuma-gaudi-casa-batllo-designboom-21-1-667x1000-4-320x480.jpg 320w, https:\/\/archibat.com\/blog\/wp-content\/uploads\/2022\/01\/kengo-kuma-gaudi-casa-batllo-designboom-21-1-667x1000-4-200x300.jpg 200w, https:\/\/archibat.com\/blog\/wp-content\/uploads\/2022\/01\/kengo-kuma-gaudi-casa-batllo-designboom-21-1-667x1000-4.jpg 667w\" sizes=\"auto, (max-width: 1450px) 100vw, 1450px\" \/><\/figure>\n\n\n\n<p>Le nouveau sous-sol abrite 2000 m2 d\u2019espaces d\u2019exposition faisant partie de \u00ab&nbsp;l\u2019Exp\u00e9rience 10D&nbsp;\u00bb. Le producteur audiovisuel Miguel Alonso a cr\u00e9\u00e9 une installation compos\u00e9e d\u2019un d\u00f4me avec 1000 \u00e9crans diffusant des films sur Gaudi. L\u2019artiste m\u00e9diatique turc Refik Anadol a rassembl\u00e9 \u00e0 l\u2019aide de l\u2019intelligence artificielle des images et des donn\u00e9es sur Gaudi pr\u00e9sent\u00e9es sous forme de cube.<\/p>\n\n\n\n<figure class=\"wp-block-image size-large is-resized\"><img loading=\"lazy\" decoding=\"async\" src=\"https:\/\/archibat.com\/blog\/wp-content\/uploads\/2022\/01\/kengo-kuma-gaudi-casa-batllo-designboom-20-1-563x1000-1-270x480.jpg\" alt=\"\" class=\"wp-image-17401\" width=\"1450\" height=\"2577\" srcset=\"https:\/\/archibat.com\/blog\/wp-content\/uploads\/2022\/01\/kengo-kuma-gaudi-casa-batllo-designboom-20-1-563x1000-1-270x480.jpg 270w, https:\/\/archibat.com\/blog\/wp-content\/uploads\/2022\/01\/kengo-kuma-gaudi-casa-batllo-designboom-20-1-563x1000-1-169x300.jpg 169w, https:\/\/archibat.com\/blog\/wp-content\/uploads\/2022\/01\/kengo-kuma-gaudi-casa-batllo-designboom-20-1-563x1000-1.jpg 563w\" sizes=\"auto, (max-width: 1450px) 100vw, 1450px\" \/><\/figure>\n\n\n\n<p>Ce parcours immersif dans la Casa&nbsp;Batll\u00f3, chef d\u2019\u0153uvre de Gaudi, mis en valeur par des installations exceptionnelles, permet aux visiteurs de remonter aux origines de l\u2019inspiration de Gaudi&nbsp;: la nature.<\/p>\n\n\n\n<figure class=\"wp-block-image size-large is-resized\"><img loading=\"lazy\" decoding=\"async\" src=\"https:\/\/archibat.com\/blog\/wp-content\/uploads\/2022\/01\/casa-battlo-installation-kengo-kuma-barcelona-spain_dezeen_2364_hero-852x479-2-720x405.jpeg\" alt=\"\" class=\"wp-image-17388\" width=\"1450\" height=\"815\" srcset=\"https:\/\/archibat.com\/blog\/wp-content\/uploads\/2022\/01\/casa-battlo-installation-kengo-kuma-barcelona-spain_dezeen_2364_hero-852x479-2-720x405.jpeg 720w, https:\/\/archibat.com\/blog\/wp-content\/uploads\/2022\/01\/casa-battlo-installation-kengo-kuma-barcelona-spain_dezeen_2364_hero-852x479-2-300x169.jpeg 300w, https:\/\/archibat.com\/blog\/wp-content\/uploads\/2022\/01\/casa-battlo-installation-kengo-kuma-barcelona-spain_dezeen_2364_hero-852x479-2-768x432.jpeg 768w, https:\/\/archibat.com\/blog\/wp-content\/uploads\/2022\/01\/casa-battlo-installation-kengo-kuma-barcelona-spain_dezeen_2364_hero-852x479-2.jpeg 852w\" sizes=\"auto, (max-width: 1450px) 100vw, 1450px\" \/><\/figure>\n\n\n\n<p><strong>Cr\u00e9dit photos :<\/strong>&nbsp;<a href=\"https:\/\/www.jordianguera.com\/\" target=\"_blank\" rel=\"noreferrer noopener\">Jordi Anguera<\/a>&nbsp;&#8211; Kriskadecor&nbsp;<\/p>\n\n\n\n<p><strong>Architecte :<\/strong>&nbsp;<a href=\"https:\/\/kkaa.co.jp\/\" target=\"_blank\" rel=\"noreferrer noopener\">Kengo Kuma<\/a><\/p>\n","protected":false},"excerpt":{"rendered":"<p>La Casa Batll\u00f3 \u00e0 Barcelone a \u00e9t\u00e9 remodel\u00e9e en 1904 par le c\u00e9l\u00e8bre architecte catalan Antoni Gaudi. Elle accueille d\u00e9sormais un rideau spectaculaire en treillis\u2026<\/p>\n","protected":false},"author":2,"featured_media":17374,"comment_status":"closed","ping_status":"closed","sticky":false,"template":"","format":"standard","meta":{"_acf_changed":false,"footnotes":""},"categories":[3],"tags":[2436,3105,3103,3102,1734,3104,3101],"class_list":["post-17373","post","type-post","status-publish","format-standard","has-post-thumbnail","hentry","category-architecture-et-design","tag-barcelone","tag-casabatllo","tag-gaudi","tag-immersion","tag-installation","tag-kengokuma","tag-scenographie-3"],"acf":[],"yoast_head":"<!-- This site is optimized with the Yoast SEO plugin v24.8.1 - https:\/\/yoast.com\/wordpress\/plugins\/seo\/ -->\n<title>Un rideau sculptural en treillis m\u00e9tallique par Kengo Kuma &#8211; ArchiBat Mag<\/title>\n<meta name=\"robots\" content=\"index, follow, max-snippet:-1, max-image-preview:large, max-video-preview:-1\" \/>\n<link rel=\"canonical\" href=\"https:\/\/archibat.com\/blog\/un-rideau-sculptural-en-treillis-metallique-par-kengo-kuma\/\" \/>\n<meta property=\"og:locale\" content=\"fr_FR\" \/>\n<meta property=\"og:type\" content=\"article\" \/>\n<meta property=\"og:title\" content=\"Un rideau sculptural en treillis m\u00e9tallique par Kengo Kuma &#8211; ArchiBat Mag\" \/>\n<meta property=\"og:description\" content=\"La Casa Batll\u00f3 \u00e0 Barcelone a \u00e9t\u00e9 remodel\u00e9e en 1904 par le c\u00e9l\u00e8bre architecte catalan Antoni Gaudi. Elle accueille d\u00e9sormais un rideau spectaculaire en treillis\u2026\" \/>\n<meta property=\"og:url\" content=\"https:\/\/archibat.com\/blog\/un-rideau-sculptural-en-treillis-metallique-par-kengo-kuma\/\" \/>\n<meta property=\"og:site_name\" content=\"ArchiBat Mag\" \/>\n<meta property=\"article:published_time\" content=\"2022-01-25T13:00:00+00:00\" \/>\n<meta property=\"og:image\" content=\"https:\/\/archibat.com\/blog\/wp-content\/uploads\/2022\/01\/COVER.png\" \/>\n\t<meta property=\"og:image:width\" content=\"602\" \/>\n\t<meta property=\"og:image:height\" content=\"373\" \/>\n\t<meta property=\"og:image:type\" content=\"image\/png\" \/>\n<meta name=\"author\" content=\"communication\" \/>\n<meta name=\"twitter:card\" content=\"summary_large_image\" \/>\n<meta name=\"twitter:label1\" content=\"\u00c9crit par\" \/>\n\t<meta name=\"twitter:data1\" content=\"communication\" \/>\n\t<meta name=\"twitter:label2\" content=\"Dur\u00e9e de lecture estim\u00e9e\" \/>\n\t<meta name=\"twitter:data2\" content=\"2 minutes\" \/>\n<script type=\"application\/ld+json\" class=\"yoast-schema-graph\">{\"@context\":\"https:\/\/schema.org\",\"@graph\":[{\"@type\":\"WebPage\",\"@id\":\"https:\/\/archibat.com\/blog\/un-rideau-sculptural-en-treillis-metallique-par-kengo-kuma\/\",\"url\":\"https:\/\/archibat.com\/blog\/un-rideau-sculptural-en-treillis-metallique-par-kengo-kuma\/\",\"name\":\"Un rideau sculptural en treillis m\u00e9tallique par Kengo Kuma &#8211; ArchiBat Mag\",\"isPartOf\":{\"@id\":\"https:\/\/archibat.com\/blog\/#website\"},\"primaryImageOfPage\":{\"@id\":\"https:\/\/archibat.com\/blog\/un-rideau-sculptural-en-treillis-metallique-par-kengo-kuma\/#primaryimage\"},\"image\":{\"@id\":\"https:\/\/archibat.com\/blog\/un-rideau-sculptural-en-treillis-metallique-par-kengo-kuma\/#primaryimage\"},\"thumbnailUrl\":\"https:\/\/archibat.com\/blog\/wp-content\/uploads\/2022\/01\/COVER.png\",\"datePublished\":\"2022-01-25T13:00:00+00:00\",\"author\":{\"@id\":\"https:\/\/archibat.com\/blog\/#\/schema\/person\/c246f0d63b5e719c2cbe4f9bd494bf12\"},\"breadcrumb\":{\"@id\":\"https:\/\/archibat.com\/blog\/un-rideau-sculptural-en-treillis-metallique-par-kengo-kuma\/#breadcrumb\"},\"inLanguage\":\"fr-FR\",\"potentialAction\":[{\"@type\":\"ReadAction\",\"target\":[\"https:\/\/archibat.com\/blog\/un-rideau-sculptural-en-treillis-metallique-par-kengo-kuma\/\"]}]},{\"@type\":\"ImageObject\",\"inLanguage\":\"fr-FR\",\"@id\":\"https:\/\/archibat.com\/blog\/un-rideau-sculptural-en-treillis-metallique-par-kengo-kuma\/#primaryimage\",\"url\":\"https:\/\/archibat.com\/blog\/wp-content\/uploads\/2022\/01\/COVER.png\",\"contentUrl\":\"https:\/\/archibat.com\/blog\/wp-content\/uploads\/2022\/01\/COVER.png\",\"width\":602,\"height\":373},{\"@type\":\"BreadcrumbList\",\"@id\":\"https:\/\/archibat.com\/blog\/un-rideau-sculptural-en-treillis-metallique-par-kengo-kuma\/#breadcrumb\",\"itemListElement\":[{\"@type\":\"ListItem\",\"position\":1,\"name\":\"Home\",\"item\":\"https:\/\/archibat.com\/blog\/\"},{\"@type\":\"ListItem\",\"position\":2,\"name\":\"Un rideau sculptural en treillis m\u00e9tallique par Kengo Kuma\"}]},{\"@type\":\"WebSite\",\"@id\":\"https:\/\/archibat.com\/blog\/#website\",\"url\":\"https:\/\/archibat.com\/blog\/\",\"name\":\"ArchiBat Mag\",\"description\":\"Vous souhaitez connaitre les derni\u00e8res actualit\u00e9s sur l\u2019Architecture, le Design ou les Ressources Humaines ? D\u00e9couvrez ArchiBat Mag, le magazine d\u00e9di\u00e9 aux m\u00e9tiers de l&#039;Architecture et de l&#039;Ing\u00e9nierie.\",\"potentialAction\":[{\"@type\":\"SearchAction\",\"target\":{\"@type\":\"EntryPoint\",\"urlTemplate\":\"https:\/\/archibat.com\/blog\/?s={search_term_string}\"},\"query-input\":{\"@type\":\"PropertyValueSpecification\",\"valueRequired\":true,\"valueName\":\"search_term_string\"}}],\"inLanguage\":\"fr-FR\"},{\"@type\":\"Person\",\"@id\":\"https:\/\/archibat.com\/blog\/#\/schema\/person\/c246f0d63b5e719c2cbe4f9bd494bf12\",\"name\":\"communication\"}]}<\/script>\n<!-- \/ Yoast SEO plugin. -->","yoast_head_json":{"title":"Un rideau sculptural en treillis m\u00e9tallique par Kengo Kuma &#8211; ArchiBat Mag","robots":{"index":"index","follow":"follow","max-snippet":"max-snippet:-1","max-image-preview":"max-image-preview:large","max-video-preview":"max-video-preview:-1"},"canonical":"https:\/\/archibat.com\/blog\/un-rideau-sculptural-en-treillis-metallique-par-kengo-kuma\/","og_locale":"fr_FR","og_type":"article","og_title":"Un rideau sculptural en treillis m\u00e9tallique par Kengo Kuma &#8211; ArchiBat Mag","og_description":"La Casa Batll\u00f3 \u00e0 Barcelone a \u00e9t\u00e9 remodel\u00e9e en 1904 par le c\u00e9l\u00e8bre architecte catalan Antoni Gaudi. Elle accueille d\u00e9sormais un rideau spectaculaire en treillis\u2026","og_url":"https:\/\/archibat.com\/blog\/un-rideau-sculptural-en-treillis-metallique-par-kengo-kuma\/","og_site_name":"ArchiBat Mag","article_published_time":"2022-01-25T13:00:00+00:00","og_image":[{"width":602,"height":373,"url":"https:\/\/archibat.com\/blog\/wp-content\/uploads\/2022\/01\/COVER.png","type":"image\/png"}],"author":"communication","twitter_card":"summary_large_image","twitter_misc":{"\u00c9crit par":"communication","Dur\u00e9e de lecture estim\u00e9e":"2 minutes"},"schema":{"@context":"https:\/\/schema.org","@graph":[{"@type":"WebPage","@id":"https:\/\/archibat.com\/blog\/un-rideau-sculptural-en-treillis-metallique-par-kengo-kuma\/","url":"https:\/\/archibat.com\/blog\/un-rideau-sculptural-en-treillis-metallique-par-kengo-kuma\/","name":"Un rideau sculptural en treillis m\u00e9tallique par Kengo Kuma &#8211; ArchiBat Mag","isPartOf":{"@id":"https:\/\/archibat.com\/blog\/#website"},"primaryImageOfPage":{"@id":"https:\/\/archibat.com\/blog\/un-rideau-sculptural-en-treillis-metallique-par-kengo-kuma\/#primaryimage"},"image":{"@id":"https:\/\/archibat.com\/blog\/un-rideau-sculptural-en-treillis-metallique-par-kengo-kuma\/#primaryimage"},"thumbnailUrl":"https:\/\/archibat.com\/blog\/wp-content\/uploads\/2022\/01\/COVER.png","datePublished":"2022-01-25T13:00:00+00:00","author":{"@id":"https:\/\/archibat.com\/blog\/#\/schema\/person\/c246f0d63b5e719c2cbe4f9bd494bf12"},"breadcrumb":{"@id":"https:\/\/archibat.com\/blog\/un-rideau-sculptural-en-treillis-metallique-par-kengo-kuma\/#breadcrumb"},"inLanguage":"fr-FR","potentialAction":[{"@type":"ReadAction","target":["https:\/\/archibat.com\/blog\/un-rideau-sculptural-en-treillis-metallique-par-kengo-kuma\/"]}]},{"@type":"ImageObject","inLanguage":"fr-FR","@id":"https:\/\/archibat.com\/blog\/un-rideau-sculptural-en-treillis-metallique-par-kengo-kuma\/#primaryimage","url":"https:\/\/archibat.com\/blog\/wp-content\/uploads\/2022\/01\/COVER.png","contentUrl":"https:\/\/archibat.com\/blog\/wp-content\/uploads\/2022\/01\/COVER.png","width":602,"height":373},{"@type":"BreadcrumbList","@id":"https:\/\/archibat.com\/blog\/un-rideau-sculptural-en-treillis-metallique-par-kengo-kuma\/#breadcrumb","itemListElement":[{"@type":"ListItem","position":1,"name":"Home","item":"https:\/\/archibat.com\/blog\/"},{"@type":"ListItem","position":2,"name":"Un rideau sculptural en treillis m\u00e9tallique par Kengo Kuma"}]},{"@type":"WebSite","@id":"https:\/\/archibat.com\/blog\/#website","url":"https:\/\/archibat.com\/blog\/","name":"ArchiBat Mag","description":"Vous souhaitez connaitre les derni\u00e8res actualit\u00e9s sur l\u2019Architecture, le Design ou les Ressources Humaines ? D\u00e9couvrez ArchiBat Mag, le magazine d\u00e9di\u00e9 aux m\u00e9tiers de l&#039;Architecture et de l&#039;Ing\u00e9nierie.","potentialAction":[{"@type":"SearchAction","target":{"@type":"EntryPoint","urlTemplate":"https:\/\/archibat.com\/blog\/?s={search_term_string}"},"query-input":{"@type":"PropertyValueSpecification","valueRequired":true,"valueName":"search_term_string"}}],"inLanguage":"fr-FR"},{"@type":"Person","@id":"https:\/\/archibat.com\/blog\/#\/schema\/person\/c246f0d63b5e719c2cbe4f9bd494bf12","name":"communication"}]}},"_links":{"self":[{"href":"https:\/\/archibat.com\/blog\/wp-json\/wp\/v2\/posts\/17373","targetHints":{"allow":["GET"]}}],"collection":[{"href":"https:\/\/archibat.com\/blog\/wp-json\/wp\/v2\/posts"}],"about":[{"href":"https:\/\/archibat.com\/blog\/wp-json\/wp\/v2\/types\/post"}],"author":[{"embeddable":true,"href":"https:\/\/archibat.com\/blog\/wp-json\/wp\/v2\/users\/2"}],"replies":[{"embeddable":true,"href":"https:\/\/archibat.com\/blog\/wp-json\/wp\/v2\/comments?post=17373"}],"version-history":[{"count":2,"href":"https:\/\/archibat.com\/blog\/wp-json\/wp\/v2\/posts\/17373\/revisions"}],"predecessor-version":[{"id":17423,"href":"https:\/\/archibat.com\/blog\/wp-json\/wp\/v2\/posts\/17373\/revisions\/17423"}],"wp:featuredmedia":[{"embeddable":true,"href":"https:\/\/archibat.com\/blog\/wp-json\/wp\/v2\/media\/17374"}],"wp:attachment":[{"href":"https:\/\/archibat.com\/blog\/wp-json\/wp\/v2\/media?parent=17373"}],"wp:term":[{"taxonomy":"category","embeddable":true,"href":"https:\/\/archibat.com\/blog\/wp-json\/wp\/v2\/categories?post=17373"},{"taxonomy":"post_tag","embeddable":true,"href":"https:\/\/archibat.com\/blog\/wp-json\/wp\/v2\/tags?post=17373"}],"curies":[{"name":"wp","href":"https:\/\/api.w.org\/{rel}","templated":true}]}}