{"id":17511,"date":"2022-02-15T14:00:42","date_gmt":"2022-02-15T13:00:42","guid":{"rendered":"https:\/\/archibat.com\/blog\/?p=17511"},"modified":"2022-02-14T10:21:34","modified_gmt":"2022-02-14T09:21:34","slug":"kristen-meyer-le-design-de-la-vie-ordinaire","status":"publish","type":"post","link":"https:\/\/archibat.com\/blog\/kristen-meyer-le-design-de-la-vie-ordinaire\/","title":{"rendered":"Kristen Meyer : le design de la vie ordinaire"},"content":{"rendered":"\n<p>Kristen Meyer est une designer am\u00e9ricaine bas\u00e9e dans le Connecticut et dont les cr\u00e9ations appel\u00e9es \u00ab&nbsp;Salvage Design \u00bb l\u2019ont rendue c\u00e9l\u00e8bre sur Instagram. Ses compositions sont r\u00e9alis\u00e9es depuis chez elle, \u00e0 partir d\u2019objets tout \u00e0 fait ordinaires comme des fleurs, des biscuits, des coquilles d\u2019\u0153ufs, des crayons ou encore des noix, des cailloux ou des morceaux de verre bris\u00e9s. Un floril\u00e8ge d\u2019inspirations infinies pour cette artiste qui a le sens du d\u00e9tail.&nbsp;&nbsp;<\/p>\n\n\n\n<figure class=\"wp-block-image size-large is-resized\"><img loading=\"lazy\" decoding=\"async\" src=\"https:\/\/archibat.com\/blog\/wp-content\/uploads\/2022\/02\/Capture-decran-2022-02-14-a-09.59.05-1-565x480.png\" alt=\"\" class=\"wp-image-17539\" width=\"1450\" height=\"1230\" srcset=\"https:\/\/archibat.com\/blog\/wp-content\/uploads\/2022\/02\/Capture-decran-2022-02-14-a-09.59.05-1-565x480.png 565w, https:\/\/archibat.com\/blog\/wp-content\/uploads\/2022\/02\/Capture-decran-2022-02-14-a-09.59.05-1-300x255.png 300w, https:\/\/archibat.com\/blog\/wp-content\/uploads\/2022\/02\/Capture-decran-2022-02-14-a-09.59.05-1-768x652.png 768w, https:\/\/archibat.com\/blog\/wp-content\/uploads\/2022\/02\/Capture-decran-2022-02-14-a-09.59.05-1.png 801w\" sizes=\"auto, (max-width: 1450px) 100vw, 1450px\" \/><\/figure>\n\n\n\n<figure class=\"wp-block-image size-large is-resized\"><img loading=\"lazy\" decoding=\"async\" src=\"https:\/\/archibat.com\/blog\/wp-content\/uploads\/2022\/02\/Capture-decran-2022-02-14-a-09.55.17-479x480.png\" alt=\"\" class=\"wp-image-17516\" width=\"1450\" height=\"1452\" srcset=\"https:\/\/archibat.com\/blog\/wp-content\/uploads\/2022\/02\/Capture-decran-2022-02-14-a-09.55.17-479x480.png 479w, https:\/\/archibat.com\/blog\/wp-content\/uploads\/2022\/02\/Capture-decran-2022-02-14-a-09.55.17-300x300.png 300w, https:\/\/archibat.com\/blog\/wp-content\/uploads\/2022\/02\/Capture-decran-2022-02-14-a-09.55.17-432x432.png 432w, https:\/\/archibat.com\/blog\/wp-content\/uploads\/2022\/02\/Capture-decran-2022-02-14-a-09.55.17-600x600.png 600w, https:\/\/archibat.com\/blog\/wp-content\/uploads\/2022\/02\/Capture-decran-2022-02-14-a-09.55.17.png 651w\" sizes=\"auto, (max-width: 1450px) 100vw, 1450px\" \/><\/figure>\n\n\n\n<figure class=\"wp-block-image size-large is-resized\"><img loading=\"lazy\" decoding=\"async\" src=\"https:\/\/archibat.com\/blog\/wp-content\/uploads\/2022\/02\/Capture-decran-2022-02-14-a-10.12.14-1-482x480.png\" alt=\"\" class=\"wp-image-17541\" width=\"1450\" height=\"1443\" srcset=\"https:\/\/archibat.com\/blog\/wp-content\/uploads\/2022\/02\/Capture-decran-2022-02-14-a-10.12.14-1-482x480.png 482w, https:\/\/archibat.com\/blog\/wp-content\/uploads\/2022\/02\/Capture-decran-2022-02-14-a-10.12.14-1-300x300.png 300w, https:\/\/archibat.com\/blog\/wp-content\/uploads\/2022\/02\/Capture-decran-2022-02-14-a-10.12.14-1-768x764.png 768w, https:\/\/archibat.com\/blog\/wp-content\/uploads\/2022\/02\/Capture-decran-2022-02-14-a-10.12.14-1.png 808w\" sizes=\"auto, (max-width: 1450px) 100vw, 1450px\" \/><\/figure>\n\n\n\n<figure class=\"wp-block-image size-large is-resized\"><img loading=\"lazy\" decoding=\"async\" src=\"https:\/\/archibat.com\/blog\/wp-content\/uploads\/2022\/02\/Capture-decran-2022-02-14-a-10.21.10-488x480.png\" alt=\"\" class=\"wp-image-17555\" width=\"1450\" height=\"1426\" srcset=\"https:\/\/archibat.com\/blog\/wp-content\/uploads\/2022\/02\/Capture-decran-2022-02-14-a-10.21.10-488x480.png 488w, https:\/\/archibat.com\/blog\/wp-content\/uploads\/2022\/02\/Capture-decran-2022-02-14-a-10.21.10-300x295.png 300w, https:\/\/archibat.com\/blog\/wp-content\/uploads\/2022\/02\/Capture-decran-2022-02-14-a-10.21.10-768x755.png 768w, https:\/\/archibat.com\/blog\/wp-content\/uploads\/2022\/02\/Capture-decran-2022-02-14-a-10.21.10.png 805w\" sizes=\"auto, (max-width: 1450px) 100vw, 1450px\" \/><\/figure>\n\n\n\n<p>L\u2019Am\u00e9ricaine compare ses assemblages \u00e0 une chasse au tr\u00e9sor, car elle ne sait jamais \u00e0 l\u2019avance sur quoi elle va tomber pour r\u00e9aliser ses \u0153uvres g\u00e9om\u00e9triques. Dans ses mises en sc\u00e8nes graphiques au perfectionnisme assum\u00e9, l\u2019artiste explore le potentiel de tout ce qui l\u2019entoure.&nbsp;\u00ab&nbsp;Pour moi, l\u2019inspiration vient toujours de multiples sources. Lorsque je commence \u00e0 travailler sur une nouvelle pi\u00e8ce, j\u2019utilise souvent des objets que je trouve dans notre jardin ou notre maison. Parfois, je me base sur la simple courbe d\u2019une feuille ou d\u2019une fleur et je laisse ces formes diriger ma composition&nbsp;\u00bb explique-t-elle.&nbsp;<\/p>\n\n\n\n<figure class=\"wp-block-image size-large is-resized\"><img loading=\"lazy\" decoding=\"async\" src=\"https:\/\/archibat.com\/blog\/wp-content\/uploads\/2022\/02\/Capture-decran-2022-02-14-a-10.10.45-1-490x480.png\" alt=\"\" class=\"wp-image-17543\" width=\"1449\" height=\"1420\" srcset=\"https:\/\/archibat.com\/blog\/wp-content\/uploads\/2022\/02\/Capture-decran-2022-02-14-a-10.10.45-1-490x480.png 490w, https:\/\/archibat.com\/blog\/wp-content\/uploads\/2022\/02\/Capture-decran-2022-02-14-a-10.10.45-1-300x294.png 300w, https:\/\/archibat.com\/blog\/wp-content\/uploads\/2022\/02\/Capture-decran-2022-02-14-a-10.10.45-1-768x753.png 768w, https:\/\/archibat.com\/blog\/wp-content\/uploads\/2022\/02\/Capture-decran-2022-02-14-a-10.10.45-1.png 804w\" sizes=\"auto, (max-width: 1449px) 100vw, 1449px\" \/><\/figure>\n\n\n\n<figure class=\"wp-block-image size-large is-resized\"><img loading=\"lazy\" decoding=\"async\" src=\"https:\/\/archibat.com\/blog\/wp-content\/uploads\/2022\/02\/Capture-decran-2022-02-14-a-09.57.03-2-478x480.png\" alt=\"\" class=\"wp-image-17545\" width=\"1450\" height=\"1455\" srcset=\"https:\/\/archibat.com\/blog\/wp-content\/uploads\/2022\/02\/Capture-decran-2022-02-14-a-09.57.03-2-478x480.png 478w, https:\/\/archibat.com\/blog\/wp-content\/uploads\/2022\/02\/Capture-decran-2022-02-14-a-09.57.03-2-300x300.png 300w, https:\/\/archibat.com\/blog\/wp-content\/uploads\/2022\/02\/Capture-decran-2022-02-14-a-09.57.03-2-432x432.png 432w, https:\/\/archibat.com\/blog\/wp-content\/uploads\/2022\/02\/Capture-decran-2022-02-14-a-09.57.03-2.png 548w\" sizes=\"auto, (max-width: 1450px) 100vw, 1450px\" \/><figcaption><br><\/figcaption><\/figure>\n\n\n\n<figure class=\"wp-block-image size-large is-resized\"><img loading=\"lazy\" decoding=\"async\" src=\"https:\/\/archibat.com\/blog\/wp-content\/uploads\/2022\/02\/Capture-decran-2022-02-14-a-10.01.36-1-485x480.png\" alt=\"\" class=\"wp-image-17547\" width=\"1450\" height=\"1435\" srcset=\"https:\/\/archibat.com\/blog\/wp-content\/uploads\/2022\/02\/Capture-decran-2022-02-14-a-10.01.36-1-485x480.png 485w, https:\/\/archibat.com\/blog\/wp-content\/uploads\/2022\/02\/Capture-decran-2022-02-14-a-10.01.36-1-300x297.png 300w, https:\/\/archibat.com\/blog\/wp-content\/uploads\/2022\/02\/Capture-decran-2022-02-14-a-10.01.36-1.png 650w\" sizes=\"auto, (max-width: 1450px) 100vw, 1450px\" \/><\/figure>\n\n\n\n<p>Toujours sur un fond uni, g\u00e9n\u00e9ralement de couleur pastel, elle organise avec une grande minutie les diff\u00e9rents \u00e9l\u00e9ments de ses compositions, qu\u2019elle taille au pr\u00e9alable. L\u2019objectif&nbsp;? Cr\u00e9er des \u0153uvres \u00e0 l\u2019\u00e9quilibre parfait. Elle imagine des d\u00e9grad\u00e9s de couleurs puis joue avec les volumes et les profondeurs, pour des cr\u00e9ations hypnotiques et apaisantes.&nbsp;<\/p>\n\n\n\n<figure class=\"wp-block-image size-large is-resized\"><img loading=\"lazy\" decoding=\"async\" src=\"https:\/\/archibat.com\/blog\/wp-content\/uploads\/2022\/02\/Capture-decran-2022-02-14-a-10.03.50-1-483x480.png\" alt=\"\" class=\"wp-image-17549\" width=\"1450\" height=\"1441\" srcset=\"https:\/\/archibat.com\/blog\/wp-content\/uploads\/2022\/02\/Capture-decran-2022-02-14-a-10.03.50-1-483x480.png 483w, https:\/\/archibat.com\/blog\/wp-content\/uploads\/2022\/02\/Capture-decran-2022-02-14-a-10.03.50-1-300x298.png 300w, https:\/\/archibat.com\/blog\/wp-content\/uploads\/2022\/02\/Capture-decran-2022-02-14-a-10.03.50-1-768x763.png 768w, https:\/\/archibat.com\/blog\/wp-content\/uploads\/2022\/02\/Capture-decran-2022-02-14-a-10.03.50-1.png 806w\" sizes=\"auto, (max-width: 1450px) 100vw, 1450px\" \/><figcaption><br><\/figcaption><\/figure>\n\n\n\n<figure class=\"wp-block-image size-large is-resized\"><img loading=\"lazy\" decoding=\"async\" src=\"https:\/\/archibat.com\/blog\/wp-content\/uploads\/2022\/02\/Capture-decran-2022-02-14-a-10.04.30-2-483x480.png\" alt=\"\" class=\"wp-image-17551\" width=\"1449\" height=\"1441\" srcset=\"https:\/\/archibat.com\/blog\/wp-content\/uploads\/2022\/02\/Capture-decran-2022-02-14-a-10.04.30-2-483x480.png 483w, https:\/\/archibat.com\/blog\/wp-content\/uploads\/2022\/02\/Capture-decran-2022-02-14-a-10.04.30-2-300x298.png 300w, https:\/\/archibat.com\/blog\/wp-content\/uploads\/2022\/02\/Capture-decran-2022-02-14-a-10.04.30-2-768x763.png 768w, https:\/\/archibat.com\/blog\/wp-content\/uploads\/2022\/02\/Capture-decran-2022-02-14-a-10.04.30-2.png 805w\" sizes=\"auto, (max-width: 1449px) 100vw, 1449px\" \/><\/figure>\n\n\n\n<p>En utilisant une seule cat\u00e9gorie d\u2019\u00e9l\u00e9ments dans chacune de ses cr\u00e9ations, Kristen Meyer explore la pluralit\u00e9 des formes, des nuances et des volumes. Ces \u00e9l\u00e9ments compos\u00e9s ensemble forment un tableau \u00e0 mi-chemin entre la mosa\u00efque et le kal\u00e9idoscope. Toutes les \u0153uvres de Kristen Meyer sont \u00e0 retrouver sur sa&nbsp;<a href=\"https:\/\/www.instagram.com\/kmsalvagedesign\/\" target=\"_blank\" rel=\"noreferrer noopener\">page Instagram<\/a>, qui compte d\u00e9j\u00e0 plus de 74&nbsp;000 abonn\u00e9s.&nbsp;<\/p>\n\n\n\n<figure class=\"wp-block-image size-large is-resized\"><img loading=\"lazy\" decoding=\"async\" src=\"https:\/\/archibat.com\/blog\/wp-content\/uploads\/2022\/02\/Capture-decran-2022-02-14-a-10.05.30-481x480.png\" alt=\"\" class=\"wp-image-17528\" width=\"1450\" height=\"1447\" srcset=\"https:\/\/archibat.com\/blog\/wp-content\/uploads\/2022\/02\/Capture-decran-2022-02-14-a-10.05.30-481x480.png 481w, https:\/\/archibat.com\/blog\/wp-content\/uploads\/2022\/02\/Capture-decran-2022-02-14-a-10.05.30-300x300.png 300w, https:\/\/archibat.com\/blog\/wp-content\/uploads\/2022\/02\/Capture-decran-2022-02-14-a-10.05.30-432x432.png 432w, https:\/\/archibat.com\/blog\/wp-content\/uploads\/2022\/02\/Capture-decran-2022-02-14-a-10.05.30-600x600.png 600w, https:\/\/archibat.com\/blog\/wp-content\/uploads\/2022\/02\/Capture-decran-2022-02-14-a-10.05.30.png 649w\" sizes=\"auto, (max-width: 1450px) 100vw, 1450px\" \/><\/figure>\n\n\n\n<p><strong>Photos \/ Designer&nbsp;:<\/strong>&nbsp;<a href=\"http:\/\/www.salvagedesign.net\/\" target=\"_blank\" rel=\"noreferrer noopener\">Kristen Meyer<\/a><\/p>\n","protected":false},"excerpt":{"rendered":"<p>Kristen Meyer est une designer am\u00e9ricaine bas\u00e9e dans le Connecticut et dont les cr\u00e9ations appel\u00e9es \u00ab&nbsp;Salvage Design \u00bb l\u2019ont rendue c\u00e9l\u00e8bre sur Instagram. Ses compositions\u2026<\/p>\n","protected":false},"author":2,"featured_media":17518,"comment_status":"closed","ping_status":"closed","sticky":false,"template":"","format":"standard","meta":{"_acf_changed":false,"footnotes":""},"categories":[3],"tags":[3128,3132,3130,1228,3127,1305,3125,1304,3131,3126,3133],"class_list":["post-17511","post","type-post","status-publish","format-standard","has-post-thumbnail","hentry","category-architecture-et-design","tag-biscuits","tag-cailloux","tag-crayons","tag-design","tag-fleurs","tag-instagram","tag-kristen-meyer","tag-nature","tag-noix","tag-salvage-design","tag-verre"],"acf":[],"yoast_head":"<!-- This site is optimized with the Yoast SEO plugin v24.8.1 - https:\/\/yoast.com\/wordpress\/plugins\/seo\/ -->\n<title>Kristen Meyer : le design de la vie ordinaire &#8211; ArchiBat Mag<\/title>\n<meta name=\"robots\" content=\"index, follow, max-snippet:-1, max-image-preview:large, max-video-preview:-1\" \/>\n<link rel=\"canonical\" href=\"https:\/\/archibat.com\/blog\/kristen-meyer-le-design-de-la-vie-ordinaire\/\" \/>\n<meta property=\"og:locale\" content=\"fr_FR\" \/>\n<meta property=\"og:type\" content=\"article\" \/>\n<meta property=\"og:title\" content=\"Kristen Meyer : le design de la vie ordinaire &#8211; ArchiBat Mag\" \/>\n<meta property=\"og:description\" content=\"Kristen Meyer est une designer am\u00e9ricaine bas\u00e9e dans le Connecticut et dont les cr\u00e9ations appel\u00e9es \u00ab&nbsp;Salvage Design \u00bb l\u2019ont rendue c\u00e9l\u00e8bre sur Instagram. Ses compositions\u2026\" \/>\n<meta property=\"og:url\" content=\"https:\/\/archibat.com\/blog\/kristen-meyer-le-design-de-la-vie-ordinaire\/\" \/>\n<meta property=\"og:site_name\" content=\"ArchiBat Mag\" \/>\n<meta property=\"article:published_time\" content=\"2022-02-15T13:00:42+00:00\" \/>\n<meta property=\"og:image\" content=\"https:\/\/archibat.com\/blog\/wp-content\/uploads\/2022\/02\/Capture-decran-2022-02-14-a-10.00.33.png\" \/>\n\t<meta property=\"og:image:width\" content=\"649\" \/>\n\t<meta property=\"og:image:height\" content=\"646\" \/>\n\t<meta property=\"og:image:type\" content=\"image\/png\" \/>\n<meta name=\"author\" content=\"communication\" \/>\n<meta name=\"twitter:card\" content=\"summary_large_image\" \/>\n<meta name=\"twitter:label1\" content=\"\u00c9crit par\" \/>\n\t<meta name=\"twitter:data1\" content=\"communication\" \/>\n\t<meta name=\"twitter:label2\" content=\"Dur\u00e9e de lecture estim\u00e9e\" \/>\n\t<meta name=\"twitter:data2\" content=\"2 minutes\" \/>\n<script type=\"application\/ld+json\" class=\"yoast-schema-graph\">{\"@context\":\"https:\/\/schema.org\",\"@graph\":[{\"@type\":\"WebPage\",\"@id\":\"https:\/\/archibat.com\/blog\/kristen-meyer-le-design-de-la-vie-ordinaire\/\",\"url\":\"https:\/\/archibat.com\/blog\/kristen-meyer-le-design-de-la-vie-ordinaire\/\",\"name\":\"Kristen Meyer : le design de la vie ordinaire &#8211; ArchiBat Mag\",\"isPartOf\":{\"@id\":\"https:\/\/archibat.com\/blog\/#website\"},\"primaryImageOfPage\":{\"@id\":\"https:\/\/archibat.com\/blog\/kristen-meyer-le-design-de-la-vie-ordinaire\/#primaryimage\"},\"image\":{\"@id\":\"https:\/\/archibat.com\/blog\/kristen-meyer-le-design-de-la-vie-ordinaire\/#primaryimage\"},\"thumbnailUrl\":\"https:\/\/archibat.com\/blog\/wp-content\/uploads\/2022\/02\/Capture-decran-2022-02-14-a-10.00.33.png\",\"datePublished\":\"2022-02-15T13:00:42+00:00\",\"author\":{\"@id\":\"https:\/\/archibat.com\/blog\/#\/schema\/person\/c246f0d63b5e719c2cbe4f9bd494bf12\"},\"breadcrumb\":{\"@id\":\"https:\/\/archibat.com\/blog\/kristen-meyer-le-design-de-la-vie-ordinaire\/#breadcrumb\"},\"inLanguage\":\"fr-FR\",\"potentialAction\":[{\"@type\":\"ReadAction\",\"target\":[\"https:\/\/archibat.com\/blog\/kristen-meyer-le-design-de-la-vie-ordinaire\/\"]}]},{\"@type\":\"ImageObject\",\"inLanguage\":\"fr-FR\",\"@id\":\"https:\/\/archibat.com\/blog\/kristen-meyer-le-design-de-la-vie-ordinaire\/#primaryimage\",\"url\":\"https:\/\/archibat.com\/blog\/wp-content\/uploads\/2022\/02\/Capture-decran-2022-02-14-a-10.00.33.png\",\"contentUrl\":\"https:\/\/archibat.com\/blog\/wp-content\/uploads\/2022\/02\/Capture-decran-2022-02-14-a-10.00.33.png\",\"width\":649,\"height\":646},{\"@type\":\"BreadcrumbList\",\"@id\":\"https:\/\/archibat.com\/blog\/kristen-meyer-le-design-de-la-vie-ordinaire\/#breadcrumb\",\"itemListElement\":[{\"@type\":\"ListItem\",\"position\":1,\"name\":\"Home\",\"item\":\"https:\/\/archibat.com\/blog\/\"},{\"@type\":\"ListItem\",\"position\":2,\"name\":\"Kristen Meyer : le design de la vie ordinaire\"}]},{\"@type\":\"WebSite\",\"@id\":\"https:\/\/archibat.com\/blog\/#website\",\"url\":\"https:\/\/archibat.com\/blog\/\",\"name\":\"ArchiBat Mag\",\"description\":\"Vous souhaitez connaitre les derni\u00e8res actualit\u00e9s sur l\u2019Architecture, le Design ou les Ressources Humaines ? D\u00e9couvrez ArchiBat Mag, le magazine d\u00e9di\u00e9 aux m\u00e9tiers de l&#039;Architecture et de l&#039;Ing\u00e9nierie.\",\"potentialAction\":[{\"@type\":\"SearchAction\",\"target\":{\"@type\":\"EntryPoint\",\"urlTemplate\":\"https:\/\/archibat.com\/blog\/?s={search_term_string}\"},\"query-input\":{\"@type\":\"PropertyValueSpecification\",\"valueRequired\":true,\"valueName\":\"search_term_string\"}}],\"inLanguage\":\"fr-FR\"},{\"@type\":\"Person\",\"@id\":\"https:\/\/archibat.com\/blog\/#\/schema\/person\/c246f0d63b5e719c2cbe4f9bd494bf12\",\"name\":\"communication\"}]}<\/script>\n<!-- \/ Yoast SEO plugin. -->","yoast_head_json":{"title":"Kristen Meyer : le design de la vie ordinaire &#8211; ArchiBat Mag","robots":{"index":"index","follow":"follow","max-snippet":"max-snippet:-1","max-image-preview":"max-image-preview:large","max-video-preview":"max-video-preview:-1"},"canonical":"https:\/\/archibat.com\/blog\/kristen-meyer-le-design-de-la-vie-ordinaire\/","og_locale":"fr_FR","og_type":"article","og_title":"Kristen Meyer : le design de la vie ordinaire &#8211; ArchiBat Mag","og_description":"Kristen Meyer est une designer am\u00e9ricaine bas\u00e9e dans le Connecticut et dont les cr\u00e9ations appel\u00e9es \u00ab&nbsp;Salvage Design \u00bb l\u2019ont rendue c\u00e9l\u00e8bre sur Instagram. Ses compositions\u2026","og_url":"https:\/\/archibat.com\/blog\/kristen-meyer-le-design-de-la-vie-ordinaire\/","og_site_name":"ArchiBat Mag","article_published_time":"2022-02-15T13:00:42+00:00","og_image":[{"width":649,"height":646,"url":"https:\/\/archibat.com\/blog\/wp-content\/uploads\/2022\/02\/Capture-decran-2022-02-14-a-10.00.33.png","type":"image\/png"}],"author":"communication","twitter_card":"summary_large_image","twitter_misc":{"\u00c9crit par":"communication","Dur\u00e9e de lecture estim\u00e9e":"2 minutes"},"schema":{"@context":"https:\/\/schema.org","@graph":[{"@type":"WebPage","@id":"https:\/\/archibat.com\/blog\/kristen-meyer-le-design-de-la-vie-ordinaire\/","url":"https:\/\/archibat.com\/blog\/kristen-meyer-le-design-de-la-vie-ordinaire\/","name":"Kristen Meyer : le design de la vie ordinaire &#8211; ArchiBat Mag","isPartOf":{"@id":"https:\/\/archibat.com\/blog\/#website"},"primaryImageOfPage":{"@id":"https:\/\/archibat.com\/blog\/kristen-meyer-le-design-de-la-vie-ordinaire\/#primaryimage"},"image":{"@id":"https:\/\/archibat.com\/blog\/kristen-meyer-le-design-de-la-vie-ordinaire\/#primaryimage"},"thumbnailUrl":"https:\/\/archibat.com\/blog\/wp-content\/uploads\/2022\/02\/Capture-decran-2022-02-14-a-10.00.33.png","datePublished":"2022-02-15T13:00:42+00:00","author":{"@id":"https:\/\/archibat.com\/blog\/#\/schema\/person\/c246f0d63b5e719c2cbe4f9bd494bf12"},"breadcrumb":{"@id":"https:\/\/archibat.com\/blog\/kristen-meyer-le-design-de-la-vie-ordinaire\/#breadcrumb"},"inLanguage":"fr-FR","potentialAction":[{"@type":"ReadAction","target":["https:\/\/archibat.com\/blog\/kristen-meyer-le-design-de-la-vie-ordinaire\/"]}]},{"@type":"ImageObject","inLanguage":"fr-FR","@id":"https:\/\/archibat.com\/blog\/kristen-meyer-le-design-de-la-vie-ordinaire\/#primaryimage","url":"https:\/\/archibat.com\/blog\/wp-content\/uploads\/2022\/02\/Capture-decran-2022-02-14-a-10.00.33.png","contentUrl":"https:\/\/archibat.com\/blog\/wp-content\/uploads\/2022\/02\/Capture-decran-2022-02-14-a-10.00.33.png","width":649,"height":646},{"@type":"BreadcrumbList","@id":"https:\/\/archibat.com\/blog\/kristen-meyer-le-design-de-la-vie-ordinaire\/#breadcrumb","itemListElement":[{"@type":"ListItem","position":1,"name":"Home","item":"https:\/\/archibat.com\/blog\/"},{"@type":"ListItem","position":2,"name":"Kristen Meyer : le design de la vie ordinaire"}]},{"@type":"WebSite","@id":"https:\/\/archibat.com\/blog\/#website","url":"https:\/\/archibat.com\/blog\/","name":"ArchiBat Mag","description":"Vous souhaitez connaitre les derni\u00e8res actualit\u00e9s sur l\u2019Architecture, le Design ou les Ressources Humaines ? D\u00e9couvrez ArchiBat Mag, le magazine d\u00e9di\u00e9 aux m\u00e9tiers de l&#039;Architecture et de l&#039;Ing\u00e9nierie.","potentialAction":[{"@type":"SearchAction","target":{"@type":"EntryPoint","urlTemplate":"https:\/\/archibat.com\/blog\/?s={search_term_string}"},"query-input":{"@type":"PropertyValueSpecification","valueRequired":true,"valueName":"search_term_string"}}],"inLanguage":"fr-FR"},{"@type":"Person","@id":"https:\/\/archibat.com\/blog\/#\/schema\/person\/c246f0d63b5e719c2cbe4f9bd494bf12","name":"communication"}]}},"_links":{"self":[{"href":"https:\/\/archibat.com\/blog\/wp-json\/wp\/v2\/posts\/17511","targetHints":{"allow":["GET"]}}],"collection":[{"href":"https:\/\/archibat.com\/blog\/wp-json\/wp\/v2\/posts"}],"about":[{"href":"https:\/\/archibat.com\/blog\/wp-json\/wp\/v2\/types\/post"}],"author":[{"embeddable":true,"href":"https:\/\/archibat.com\/blog\/wp-json\/wp\/v2\/users\/2"}],"replies":[{"embeddable":true,"href":"https:\/\/archibat.com\/blog\/wp-json\/wp\/v2\/comments?post=17511"}],"version-history":[{"count":2,"href":"https:\/\/archibat.com\/blog\/wp-json\/wp\/v2\/posts\/17511\/revisions"}],"predecessor-version":[{"id":17557,"href":"https:\/\/archibat.com\/blog\/wp-json\/wp\/v2\/posts\/17511\/revisions\/17557"}],"wp:featuredmedia":[{"embeddable":true,"href":"https:\/\/archibat.com\/blog\/wp-json\/wp\/v2\/media\/17518"}],"wp:attachment":[{"href":"https:\/\/archibat.com\/blog\/wp-json\/wp\/v2\/media?parent=17511"}],"wp:term":[{"taxonomy":"category","embeddable":true,"href":"https:\/\/archibat.com\/blog\/wp-json\/wp\/v2\/categories?post=17511"},{"taxonomy":"post_tag","embeddable":true,"href":"https:\/\/archibat.com\/blog\/wp-json\/wp\/v2\/tags?post=17511"}],"curies":[{"name":"wp","href":"https:\/\/api.w.org\/{rel}","templated":true}]}}