{"id":1795,"date":"2016-05-12T17:53:40","date_gmt":"2016-05-12T16:53:40","guid":{"rendered":"https:\/\/www.archibat.com\/blog\/?p=1795"},"modified":"2018-10-29T17:46:41","modified_gmt":"2018-10-29T16:46:41","slug":"prix-arcvision-2016-architecture-mobile-deplacable-recyclable","status":"publish","type":"post","link":"https:\/\/archibat.com\/blog\/prix-arcvision-2016-architecture-mobile-deplacable-recyclable\/","title":{"rendered":"Prix arcVision 2016 : une architecture mobile, d\u00e9pla\u00e7able, recyclable"},"content":{"rendered":"<p>La quatri\u00e8me \u00e9dition du prix arcVision a \u00e9t\u00e9 organis\u00e9e par Italcementi, le cinqui\u00e8me producteur mondial de ciment bas\u00e9 \u00e0 Bergame en Italie. Il s\u2019agit d\u2019un prix d\u2019architecture destin\u00e9 \u00e0 r\u00e9compenser une femme architecte pour son travail et dont le jury est exclusivement f\u00e9minin. Cette ann\u00e9e, Jennifer Siegal et son entreprise Office of Mobile Design (OMD), bas\u00e9e \u00e0 Los Angeles, a \u00e9t\u00e9 d\u00e9sign\u00e9e \u00e0 l\u2019unanimit\u00e9 par le jury pour son travail consacr\u00e9 aux constructions pr\u00e9fabriqu\u00e9es, peu co\u00fbteuses, et donc accessibles aux personnes d\u00e9favoris\u00e9es. En outre, ses projets sont con\u00e7us dans une vraie d\u00e9marche \u00e9cologique.<\/p>\n<p><img loading=\"lazy\" decoding=\"async\" class=\"alignnone size-full wp-image-1796\" src=\"https:\/\/www.archibat.com\/blog\/wp-content\/uploads\/2016\/05\/S16_2477-570x380-2.jpg\" alt=\"Siegal\" width=\"635\" height=\"423\" srcset=\"https:\/\/archibat.com\/blog\/wp-content\/uploads\/2016\/05\/S16_2477-570x380-2.jpg 635w, https:\/\/archibat.com\/blog\/wp-content\/uploads\/2016\/05\/S16_2477-570x380-2-300x200.jpg 300w, https:\/\/archibat.com\/blog\/wp-content\/uploads\/2016\/05\/S16_2477-570x380-2-350x233.jpg 350w\" sizes=\"auto, (max-width: 635px) 100vw, 635px\" \/><\/p>\n<h2>Jennifer Siegal : \u00ab\u00a0L&rsquo;innovation et la pens\u00e9e non conventionnelle sont c\u00e2bl\u00e9es dans mon ADN depuis toujours\u00a0\u00bb<\/h2>\n<p>Jennifer Siegal est la fondatrice de l\u2019entreprise Office of Mobile Design, cr\u00e9\u00e9e en 1998 qui a r\u00e9invent\u00e9 la maison pr\u00e9fabriqu\u00e9e du 21<sup>e<\/sup> si\u00e8cle \u00e0 partir de mat\u00e9riaux recycl\u00e9s ou de mat\u00e9riaux basiques tels que le bambou ou le polycarbonate. Cette architecte dipl\u00f4m\u00e9e en 1994 du Southern California Institute of Architecture (SCI-Arc) s&rsquo;est donn\u00e9e pour mission de concevoir et construire des b\u00e2timents mobiles, \u00e9cologiques et responsables tout en promouvant une personnalisation\/customisation \u00ab\u00a0de masse\u00a0\u00bb. Le choix individuel est respect\u00e9, gr\u00e2ce aux nombreuses options et am\u00e9nagements propos\u00e9s. Le prix d\u2019une maison OMD pr\u00e9fabriqu\u00e9e reste bas, il est environ 15% inf\u00e9rieur \u00e0 celui d\u2019une maison classique.<\/p>\n<p><img loading=\"lazy\" decoding=\"async\" class=\"alignnone size-full wp-image-1800\" src=\"https:\/\/www.archibat.com\/blog\/wp-content\/uploads\/2016\/05\/the-Office-of-Mobile-Design-1-2.jpg\" alt=\"Siegal\" width=\"635\" height=\"424\" srcset=\"https:\/\/archibat.com\/blog\/wp-content\/uploads\/2016\/05\/the-Office-of-Mobile-Design-1-2.jpg 635w, https:\/\/archibat.com\/blog\/wp-content\/uploads\/2016\/05\/the-Office-of-Mobile-Design-1-2-300x200.jpg 300w, https:\/\/archibat.com\/blog\/wp-content\/uploads\/2016\/05\/the-Office-of-Mobile-Design-1-2-350x233.jpg 350w\" sizes=\"auto, (max-width: 635px) 100vw, 635px\" \/><\/p>\n<h2>Jennifer Siegal et le concept de mobilit\u00e9<\/h2>\n<p>Office of Mobile Design propose des solutions qui se montent, se d\u00e9montent et se d\u00e9placent facilement. La mobilit\u00e9 et la notion de transitoire sont ancr\u00e9es dans l\u2019ADN de Jennifer Siegal. Les b\u00e2timents con\u00e7us vont d\u2019une maison \u00e0 une \u00e9cole en passant par des boutiques. Les roues font partie int\u00e9grante du projet et de la r\u00e9flexion de l\u2019architecte. Jennifer Siegal estime que l\u2019on peut attendre et esp\u00e9rer d&rsquo;avantage d\u2019un espace mobile que d\u2019un espace fixe. La mobilit\u00e9 n\u2019enl\u00e8ve rien \u00e0 la conception de la structure, au contraire, elle lui apporte une autre dimension et de nouvelles opportunit\u00e9s.<\/p>\n<p><img loading=\"lazy\" decoding=\"async\" class=\"alignnone size-full wp-image-1799\" src=\"https:\/\/www.archibat.com\/blog\/wp-content\/uploads\/2016\/05\/70398-4791251-2.jpg\" alt=\"Siegal\" width=\"635\" height=\"478\" srcset=\"https:\/\/archibat.com\/blog\/wp-content\/uploads\/2016\/05\/70398-4791251-2.jpg 635w, https:\/\/archibat.com\/blog\/wp-content\/uploads\/2016\/05\/70398-4791251-2-300x226.jpg 300w\" sizes=\"auto, (max-width: 635px) 100vw, 635px\" \/><\/p>\n<p><em><strong>La mobilit\u00e9 des b\u00e2timents, une piste de r\u00e9flexion architecturale pour demain ?<\/strong><\/em><\/p>\n","protected":false},"excerpt":{"rendered":"<p>La quatri\u00e8me \u00e9dition du prix arcVision a \u00e9t\u00e9 organis\u00e9e par Italcementi, le cinqui\u00e8me producteur mondial de ciment bas\u00e9 \u00e0 Bergame en Italie. Il s\u2019agit d\u2019un\u2026<\/p>\n","protected":false},"author":2,"featured_media":1797,"comment_status":"closed","ping_status":"closed","sticky":false,"template":"","format":"standard","meta":{"_acf_changed":false,"footnotes":""},"categories":[3],"tags":[1602,1603,1604,1605],"class_list":["post-1795","post","type-post","status-publish","format-standard","has-post-thumbnail","hentry","category-architecture-et-design","tag-jennifer-siegal","tag-mobilite","tag-prefabrique","tag-prix-arcvision"],"acf":[],"yoast_head":"<!-- This site is optimized with the Yoast SEO plugin v24.8.1 - https:\/\/yoast.com\/wordpress\/plugins\/seo\/ -->\n<title>Prix arcVision 2016 : une architecture mobile, d\u00e9pla\u00e7able, recyclable &#8211; ArchiBat Mag<\/title>\n<meta name=\"robots\" content=\"index, follow, max-snippet:-1, max-image-preview:large, max-video-preview:-1\" \/>\n<link rel=\"canonical\" href=\"https:\/\/archibat.com\/blog\/prix-arcvision-2016-architecture-mobile-deplacable-recyclable\/\" \/>\n<meta property=\"og:locale\" content=\"fr_FR\" \/>\n<meta property=\"og:type\" content=\"article\" \/>\n<meta property=\"og:title\" content=\"Prix arcVision 2016 : une architecture mobile, d\u00e9pla\u00e7able, recyclable &#8211; ArchiBat Mag\" \/>\n<meta property=\"og:description\" content=\"La quatri\u00e8me \u00e9dition du prix arcVision a \u00e9t\u00e9 organis\u00e9e par Italcementi, le cinqui\u00e8me producteur mondial de ciment bas\u00e9 \u00e0 Bergame en Italie. Il s\u2019agit d\u2019un\u2026\" \/>\n<meta property=\"og:url\" content=\"https:\/\/archibat.com\/blog\/prix-arcvision-2016-architecture-mobile-deplacable-recyclable\/\" \/>\n<meta property=\"og:site_name\" content=\"ArchiBat Mag\" \/>\n<meta property=\"article:published_time\" content=\"2016-05-12T16:53:40+00:00\" \/>\n<meta property=\"article:modified_time\" content=\"2018-10-29T16:46:41+00:00\" \/>\n<meta property=\"og:image\" content=\"https:\/\/archibat.com\/blog\/wp-content\/uploads\/2016\/05\/taliesin-ed02-2.jpg\" \/>\n\t<meta property=\"og:image:width\" content=\"635\" \/>\n\t<meta property=\"og:image:height\" content=\"327\" \/>\n\t<meta property=\"og:image:type\" content=\"image\/jpeg\" \/>\n<meta name=\"author\" content=\"communication\" \/>\n<meta name=\"twitter:card\" content=\"summary_large_image\" \/>\n<meta name=\"twitter:label1\" content=\"\u00c9crit par\" \/>\n\t<meta name=\"twitter:data1\" content=\"communication\" \/>\n\t<meta name=\"twitter:label2\" content=\"Dur\u00e9e de lecture estim\u00e9e\" \/>\n\t<meta name=\"twitter:data2\" content=\"2 minutes\" \/>\n<script type=\"application\/ld+json\" class=\"yoast-schema-graph\">{\"@context\":\"https:\/\/schema.org\",\"@graph\":[{\"@type\":\"WebPage\",\"@id\":\"https:\/\/archibat.com\/blog\/prix-arcvision-2016-architecture-mobile-deplacable-recyclable\/\",\"url\":\"https:\/\/archibat.com\/blog\/prix-arcvision-2016-architecture-mobile-deplacable-recyclable\/\",\"name\":\"Prix arcVision 2016 : une architecture mobile, d\u00e9pla\u00e7able, recyclable &#8211; ArchiBat Mag\",\"isPartOf\":{\"@id\":\"https:\/\/archibat.com\/blog\/#website\"},\"primaryImageOfPage\":{\"@id\":\"https:\/\/archibat.com\/blog\/prix-arcvision-2016-architecture-mobile-deplacable-recyclable\/#primaryimage\"},\"image\":{\"@id\":\"https:\/\/archibat.com\/blog\/prix-arcvision-2016-architecture-mobile-deplacable-recyclable\/#primaryimage\"},\"thumbnailUrl\":\"https:\/\/archibat.com\/blog\/wp-content\/uploads\/2016\/05\/taliesin-ed02-2.jpg\",\"datePublished\":\"2016-05-12T16:53:40+00:00\",\"dateModified\":\"2018-10-29T16:46:41+00:00\",\"author\":{\"@id\":\"https:\/\/archibat.com\/blog\/#\/schema\/person\/c246f0d63b5e719c2cbe4f9bd494bf12\"},\"breadcrumb\":{\"@id\":\"https:\/\/archibat.com\/blog\/prix-arcvision-2016-architecture-mobile-deplacable-recyclable\/#breadcrumb\"},\"inLanguage\":\"fr-FR\",\"potentialAction\":[{\"@type\":\"ReadAction\",\"target\":[\"https:\/\/archibat.com\/blog\/prix-arcvision-2016-architecture-mobile-deplacable-recyclable\/\"]}]},{\"@type\":\"ImageObject\",\"inLanguage\":\"fr-FR\",\"@id\":\"https:\/\/archibat.com\/blog\/prix-arcvision-2016-architecture-mobile-deplacable-recyclable\/#primaryimage\",\"url\":\"https:\/\/archibat.com\/blog\/wp-content\/uploads\/2016\/05\/taliesin-ed02-2.jpg\",\"contentUrl\":\"https:\/\/archibat.com\/blog\/wp-content\/uploads\/2016\/05\/taliesin-ed02-2.jpg\",\"width\":635,\"height\":327,\"caption\":\"Siegal\"},{\"@type\":\"BreadcrumbList\",\"@id\":\"https:\/\/archibat.com\/blog\/prix-arcvision-2016-architecture-mobile-deplacable-recyclable\/#breadcrumb\",\"itemListElement\":[{\"@type\":\"ListItem\",\"position\":1,\"name\":\"Home\",\"item\":\"https:\/\/archibat.com\/blog\/\"},{\"@type\":\"ListItem\",\"position\":2,\"name\":\"Prix arcVision 2016 : une architecture mobile, d\u00e9pla\u00e7able, recyclable\"}]},{\"@type\":\"WebSite\",\"@id\":\"https:\/\/archibat.com\/blog\/#website\",\"url\":\"https:\/\/archibat.com\/blog\/\",\"name\":\"ArchiBat Mag\",\"description\":\"Vous souhaitez connaitre les derni\u00e8res actualit\u00e9s sur l\u2019Architecture, le Design ou les Ressources Humaines ? D\u00e9couvrez ArchiBat Mag, le magazine d\u00e9di\u00e9 aux m\u00e9tiers de l&#039;Architecture et de l&#039;Ing\u00e9nierie.\",\"potentialAction\":[{\"@type\":\"SearchAction\",\"target\":{\"@type\":\"EntryPoint\",\"urlTemplate\":\"https:\/\/archibat.com\/blog\/?s={search_term_string}\"},\"query-input\":{\"@type\":\"PropertyValueSpecification\",\"valueRequired\":true,\"valueName\":\"search_term_string\"}}],\"inLanguage\":\"fr-FR\"},{\"@type\":\"Person\",\"@id\":\"https:\/\/archibat.com\/blog\/#\/schema\/person\/c246f0d63b5e719c2cbe4f9bd494bf12\",\"name\":\"communication\"}]}<\/script>\n<!-- \/ Yoast SEO plugin. -->","yoast_head_json":{"title":"Prix arcVision 2016 : une architecture mobile, d\u00e9pla\u00e7able, recyclable &#8211; ArchiBat Mag","robots":{"index":"index","follow":"follow","max-snippet":"max-snippet:-1","max-image-preview":"max-image-preview:large","max-video-preview":"max-video-preview:-1"},"canonical":"https:\/\/archibat.com\/blog\/prix-arcvision-2016-architecture-mobile-deplacable-recyclable\/","og_locale":"fr_FR","og_type":"article","og_title":"Prix arcVision 2016 : une architecture mobile, d\u00e9pla\u00e7able, recyclable &#8211; ArchiBat Mag","og_description":"La quatri\u00e8me \u00e9dition du prix arcVision a \u00e9t\u00e9 organis\u00e9e par Italcementi, le cinqui\u00e8me producteur mondial de ciment bas\u00e9 \u00e0 Bergame en Italie. Il s\u2019agit d\u2019un\u2026","og_url":"https:\/\/archibat.com\/blog\/prix-arcvision-2016-architecture-mobile-deplacable-recyclable\/","og_site_name":"ArchiBat Mag","article_published_time":"2016-05-12T16:53:40+00:00","article_modified_time":"2018-10-29T16:46:41+00:00","og_image":[{"width":635,"height":327,"url":"https:\/\/archibat.com\/blog\/wp-content\/uploads\/2016\/05\/taliesin-ed02-2.jpg","type":"image\/jpeg"}],"author":"communication","twitter_card":"summary_large_image","twitter_misc":{"\u00c9crit par":"communication","Dur\u00e9e de lecture estim\u00e9e":"2 minutes"},"schema":{"@context":"https:\/\/schema.org","@graph":[{"@type":"WebPage","@id":"https:\/\/archibat.com\/blog\/prix-arcvision-2016-architecture-mobile-deplacable-recyclable\/","url":"https:\/\/archibat.com\/blog\/prix-arcvision-2016-architecture-mobile-deplacable-recyclable\/","name":"Prix arcVision 2016 : une architecture mobile, d\u00e9pla\u00e7able, recyclable &#8211; ArchiBat Mag","isPartOf":{"@id":"https:\/\/archibat.com\/blog\/#website"},"primaryImageOfPage":{"@id":"https:\/\/archibat.com\/blog\/prix-arcvision-2016-architecture-mobile-deplacable-recyclable\/#primaryimage"},"image":{"@id":"https:\/\/archibat.com\/blog\/prix-arcvision-2016-architecture-mobile-deplacable-recyclable\/#primaryimage"},"thumbnailUrl":"https:\/\/archibat.com\/blog\/wp-content\/uploads\/2016\/05\/taliesin-ed02-2.jpg","datePublished":"2016-05-12T16:53:40+00:00","dateModified":"2018-10-29T16:46:41+00:00","author":{"@id":"https:\/\/archibat.com\/blog\/#\/schema\/person\/c246f0d63b5e719c2cbe4f9bd494bf12"},"breadcrumb":{"@id":"https:\/\/archibat.com\/blog\/prix-arcvision-2016-architecture-mobile-deplacable-recyclable\/#breadcrumb"},"inLanguage":"fr-FR","potentialAction":[{"@type":"ReadAction","target":["https:\/\/archibat.com\/blog\/prix-arcvision-2016-architecture-mobile-deplacable-recyclable\/"]}]},{"@type":"ImageObject","inLanguage":"fr-FR","@id":"https:\/\/archibat.com\/blog\/prix-arcvision-2016-architecture-mobile-deplacable-recyclable\/#primaryimage","url":"https:\/\/archibat.com\/blog\/wp-content\/uploads\/2016\/05\/taliesin-ed02-2.jpg","contentUrl":"https:\/\/archibat.com\/blog\/wp-content\/uploads\/2016\/05\/taliesin-ed02-2.jpg","width":635,"height":327,"caption":"Siegal"},{"@type":"BreadcrumbList","@id":"https:\/\/archibat.com\/blog\/prix-arcvision-2016-architecture-mobile-deplacable-recyclable\/#breadcrumb","itemListElement":[{"@type":"ListItem","position":1,"name":"Home","item":"https:\/\/archibat.com\/blog\/"},{"@type":"ListItem","position":2,"name":"Prix arcVision 2016 : une architecture mobile, d\u00e9pla\u00e7able, recyclable"}]},{"@type":"WebSite","@id":"https:\/\/archibat.com\/blog\/#website","url":"https:\/\/archibat.com\/blog\/","name":"ArchiBat Mag","description":"Vous souhaitez connaitre les derni\u00e8res actualit\u00e9s sur l\u2019Architecture, le Design ou les Ressources Humaines ? D\u00e9couvrez ArchiBat Mag, le magazine d\u00e9di\u00e9 aux m\u00e9tiers de l&#039;Architecture et de l&#039;Ing\u00e9nierie.","potentialAction":[{"@type":"SearchAction","target":{"@type":"EntryPoint","urlTemplate":"https:\/\/archibat.com\/blog\/?s={search_term_string}"},"query-input":{"@type":"PropertyValueSpecification","valueRequired":true,"valueName":"search_term_string"}}],"inLanguage":"fr-FR"},{"@type":"Person","@id":"https:\/\/archibat.com\/blog\/#\/schema\/person\/c246f0d63b5e719c2cbe4f9bd494bf12","name":"communication"}]}},"_links":{"self":[{"href":"https:\/\/archibat.com\/blog\/wp-json\/wp\/v2\/posts\/1795","targetHints":{"allow":["GET"]}}],"collection":[{"href":"https:\/\/archibat.com\/blog\/wp-json\/wp\/v2\/posts"}],"about":[{"href":"https:\/\/archibat.com\/blog\/wp-json\/wp\/v2\/types\/post"}],"author":[{"embeddable":true,"href":"https:\/\/archibat.com\/blog\/wp-json\/wp\/v2\/users\/2"}],"replies":[{"embeddable":true,"href":"https:\/\/archibat.com\/blog\/wp-json\/wp\/v2\/comments?post=1795"}],"version-history":[{"count":1,"href":"https:\/\/archibat.com\/blog\/wp-json\/wp\/v2\/posts\/1795\/revisions"}],"predecessor-version":[{"id":6169,"href":"https:\/\/archibat.com\/blog\/wp-json\/wp\/v2\/posts\/1795\/revisions\/6169"}],"wp:featuredmedia":[{"embeddable":true,"href":"https:\/\/archibat.com\/blog\/wp-json\/wp\/v2\/media\/1797"}],"wp:attachment":[{"href":"https:\/\/archibat.com\/blog\/wp-json\/wp\/v2\/media?parent=1795"}],"wp:term":[{"taxonomy":"category","embeddable":true,"href":"https:\/\/archibat.com\/blog\/wp-json\/wp\/v2\/categories?post=1795"},{"taxonomy":"post_tag","embeddable":true,"href":"https:\/\/archibat.com\/blog\/wp-json\/wp\/v2\/tags?post=1795"}],"curies":[{"name":"wp","href":"https:\/\/api.w.org\/{rel}","templated":true}]}}