{"id":1824,"date":"2016-05-17T21:29:02","date_gmt":"2016-05-17T20:29:02","guid":{"rendered":"https:\/\/www.archibat.com\/blog\/?p=1824"},"modified":"2018-11-23T15:44:57","modified_gmt":"2018-11-23T14:44:57","slug":"utilisation-dinternet-lorsque-etes-bureau","status":"publish","type":"post","link":"https:\/\/archibat.com\/blog\/utilisation-dinternet-lorsque-etes-bureau\/","title":{"rendered":"Quelle utilisation fait-on d&rsquo;Internet sur le temps de travail ?"},"content":{"rendered":"<p>Chaque ann\u00e9e, une entreprise sp\u00e9cialis\u00e9e en s\u00e9curit\u00e9 informatique Olfeo r\u00e9alise une enqu\u00eate sur l\u2019utilisation d&rsquo;internet par les salari\u00e9s quand ils sont sur leur lieu de travail.<\/p>\n<h2>Quel est le temps pass\u00e9 sur internet ?<\/h2>\n<p>En moyenne, les salari\u00e9s passent 2h10 sur internet et 1h15 (58%) de ce temps est consacr\u00e9e \u00e0 des fins personnelles. Cela correspond \u00e0 6h15 par semaine, donc presque une journ\u00e9e de travail, et un mois d\u2019utilisation personnelle d\u2019internet par an\u00a0!<\/p>\n<h2>Quels sont les sites les plus visit\u00e9s\u00a0?<\/h2>\n<p>Dans les cat\u00e9gories des sites les plus visit\u00e9s, ce sont les sites d\u2019actualit\u00e9s qui ont \u00e9t\u00e9 les plus visit\u00e9s (21%), avec en deuxi\u00e8me position les blogs, forums et wiki. Les sites d\u2019actualit\u00e9s ont gagn\u00e9 7% par rapport \u00e0 l\u2019ann\u00e9e derni\u00e8re car cette ann\u00e9e a \u00e9t\u00e9 dense sur le plan de l\u2019information. Enfin pour compl\u00e9ter ce podium, on retrouve les sites de vid\u00e9os et radios en ligne. Viennent ensuite les sites de e-commerce et les r\u00e9seaux sociaux.<\/p>\n<p>Un fait marquant de cette enqu\u00eate\u00a0: les r\u00e9seaux sociaux ont perdu 3% par rapport \u00e0 l\u2019ann\u00e9e derni\u00e8re car les salari\u00e9s pr\u00e9f\u00e8rent utiliser leurs smartphones tout comme les webmails.<\/p>\n<p>Youtube, Facebook et Wikip\u00e9dia arrivent quand m\u00eame en t\u00eate du classement des sites les plus visit\u00e9s.<\/p>\n<h2>Quels enjeux pour les entreprises\u00a0?<\/h2>\n<p>Les enjeux sur l\u2019utilisation personnelle d\u2019internet sont multiples. Tout d\u2019abord, des enjeux de productivit\u00e9. Bien qu\u2019il soit obligatoire pour les entreprises d\u2019autoriser l\u2019utilisation personnelle d\u2019internet au bureau, il para\u00eet n\u00e9cessaire d\u2019encadrer ces pratiques pour \u00e9viter des abus. Le visionnage de vid\u00e9os au bureau, par exemple, diminue les performances du r\u00e9seau informatique pour l\u2019ensemble des collaborateurs. Les enjeux li\u00e9s \u00e0 la s\u00e9curit\u00e9 sont \u00e9galement pr\u00e9sents. Les entreprises peuvent \u00eatre victimes de logiciels malveillants passant par le net. Enfin, il existe des enjeux juridiques. Des propos contrevenant aux r\u00e8gles en vigueur dans le pays peuvent \u00eatre probl\u00e9matiques pour l\u2019entreprise et pas seulement pour le salari\u00e9.<\/p>\n<p>Pour consulter cette enqu\u00eate, cliquez <a href=\"https:\/\/www.olfeo.com\/sites\/olfeo\/files\/pdf\/etude-olfeo-2016-realite-utilisation-web-au-bureau.pdf\" target=\"_blank\" rel=\"noopener\">ici<\/a><\/p>\n<p>&nbsp;<\/p>\n<p><em><strong>L&rsquo;utilisation personnelle d&rsquo;internet sur le temps de travail, qu&rsquo;en pensez-vous ?<\/strong><\/em><\/p>\n","protected":false},"excerpt":{"rendered":"<p>Chaque ann\u00e9e, une entreprise sp\u00e9cialis\u00e9e en s\u00e9curit\u00e9 informatique Olfeo r\u00e9alise une enqu\u00eate sur l\u2019utilisation d&rsquo;internet par les salari\u00e9s quand ils sont sur leur lieu de\u2026<\/p>\n","protected":false},"author":2,"featured_media":1825,"comment_status":"closed","ping_status":"closed","sticky":false,"template":"","format":"standard","meta":{"_acf_changed":false,"footnotes":""},"categories":[4],"tags":[1606,1607,1608],"class_list":["post-1824","post","type-post","status-publish","format-standard","has-post-thumbnail","hentry","category-ressources-humaines","tag-internet","tag-salaries","tag-utilisation-personnelle"],"acf":[],"yoast_head":"<!-- This site is optimized with the Yoast SEO plugin v24.8.1 - https:\/\/yoast.com\/wordpress\/plugins\/seo\/ -->\n<title>Quelle utilisation fait-on d&#039;Internet sur le temps de travail ? &#8211; ArchiBat Mag<\/title>\n<meta name=\"robots\" content=\"index, follow, max-snippet:-1, max-image-preview:large, max-video-preview:-1\" \/>\n<link rel=\"canonical\" href=\"https:\/\/archibat.com\/blog\/utilisation-dinternet-lorsque-etes-bureau\/\" \/>\n<meta property=\"og:locale\" content=\"fr_FR\" \/>\n<meta property=\"og:type\" content=\"article\" \/>\n<meta property=\"og:title\" content=\"Quelle utilisation fait-on d&#039;Internet sur le temps de travail ? &#8211; ArchiBat Mag\" \/>\n<meta property=\"og:description\" content=\"Chaque ann\u00e9e, une entreprise sp\u00e9cialis\u00e9e en s\u00e9curit\u00e9 informatique Olfeo r\u00e9alise une enqu\u00eate sur l\u2019utilisation d&rsquo;internet par les salari\u00e9s quand ils sont sur leur lieu de\u2026\" \/>\n<meta property=\"og:url\" content=\"https:\/\/archibat.com\/blog\/utilisation-dinternet-lorsque-etes-bureau\/\" \/>\n<meta property=\"og:site_name\" content=\"ArchiBat Mag\" \/>\n<meta property=\"article:published_time\" content=\"2016-05-17T20:29:02+00:00\" \/>\n<meta property=\"article:modified_time\" content=\"2018-11-23T14:44:57+00:00\" \/>\n<meta property=\"og:image\" content=\"https:\/\/archibat.com\/blog\/wp-content\/uploads\/2016\/05\/Fotolia_105331737_XS-3.jpg\" \/>\n\t<meta property=\"og:image:width\" content=\"635\" \/>\n\t<meta property=\"og:image:height\" content=\"327\" \/>\n\t<meta property=\"og:image:type\" content=\"image\/jpeg\" \/>\n<meta name=\"author\" content=\"communication\" \/>\n<meta name=\"twitter:card\" content=\"summary_large_image\" \/>\n<meta name=\"twitter:label1\" content=\"\u00c9crit par\" \/>\n\t<meta name=\"twitter:data1\" content=\"communication\" \/>\n\t<meta name=\"twitter:label2\" content=\"Dur\u00e9e de lecture estim\u00e9e\" \/>\n\t<meta name=\"twitter:data2\" content=\"2 minutes\" \/>\n<script type=\"application\/ld+json\" class=\"yoast-schema-graph\">{\"@context\":\"https:\/\/schema.org\",\"@graph\":[{\"@type\":\"WebPage\",\"@id\":\"https:\/\/archibat.com\/blog\/utilisation-dinternet-lorsque-etes-bureau\/\",\"url\":\"https:\/\/archibat.com\/blog\/utilisation-dinternet-lorsque-etes-bureau\/\",\"name\":\"Quelle utilisation fait-on d'Internet sur le temps de travail ? &#8211; ArchiBat Mag\",\"isPartOf\":{\"@id\":\"https:\/\/archibat.com\/blog\/#website\"},\"primaryImageOfPage\":{\"@id\":\"https:\/\/archibat.com\/blog\/utilisation-dinternet-lorsque-etes-bureau\/#primaryimage\"},\"image\":{\"@id\":\"https:\/\/archibat.com\/blog\/utilisation-dinternet-lorsque-etes-bureau\/#primaryimage\"},\"thumbnailUrl\":\"https:\/\/archibat.com\/blog\/wp-content\/uploads\/2016\/05\/Fotolia_105331737_XS-3.jpg\",\"datePublished\":\"2016-05-17T20:29:02+00:00\",\"dateModified\":\"2018-11-23T14:44:57+00:00\",\"author\":{\"@id\":\"https:\/\/archibat.com\/blog\/#\/schema\/person\/c246f0d63b5e719c2cbe4f9bd494bf12\"},\"breadcrumb\":{\"@id\":\"https:\/\/archibat.com\/blog\/utilisation-dinternet-lorsque-etes-bureau\/#breadcrumb\"},\"inLanguage\":\"fr-FR\",\"potentialAction\":[{\"@type\":\"ReadAction\",\"target\":[\"https:\/\/archibat.com\/blog\/utilisation-dinternet-lorsque-etes-bureau\/\"]}]},{\"@type\":\"ImageObject\",\"inLanguage\":\"fr-FR\",\"@id\":\"https:\/\/archibat.com\/blog\/utilisation-dinternet-lorsque-etes-bureau\/#primaryimage\",\"url\":\"https:\/\/archibat.com\/blog\/wp-content\/uploads\/2016\/05\/Fotolia_105331737_XS-3.jpg\",\"contentUrl\":\"https:\/\/archibat.com\/blog\/wp-content\/uploads\/2016\/05\/Fotolia_105331737_XS-3.jpg\",\"width\":635,\"height\":327,\"caption\":\"internet\"},{\"@type\":\"BreadcrumbList\",\"@id\":\"https:\/\/archibat.com\/blog\/utilisation-dinternet-lorsque-etes-bureau\/#breadcrumb\",\"itemListElement\":[{\"@type\":\"ListItem\",\"position\":1,\"name\":\"Home\",\"item\":\"https:\/\/archibat.com\/blog\/\"},{\"@type\":\"ListItem\",\"position\":2,\"name\":\"Quelle utilisation fait-on d&rsquo;Internet sur le temps de travail ?\"}]},{\"@type\":\"WebSite\",\"@id\":\"https:\/\/archibat.com\/blog\/#website\",\"url\":\"https:\/\/archibat.com\/blog\/\",\"name\":\"ArchiBat Mag\",\"description\":\"Vous souhaitez connaitre les derni\u00e8res actualit\u00e9s sur l\u2019Architecture, le Design ou les Ressources Humaines ? D\u00e9couvrez ArchiBat Mag, le magazine d\u00e9di\u00e9 aux m\u00e9tiers de l&#039;Architecture et de l&#039;Ing\u00e9nierie.\",\"potentialAction\":[{\"@type\":\"SearchAction\",\"target\":{\"@type\":\"EntryPoint\",\"urlTemplate\":\"https:\/\/archibat.com\/blog\/?s={search_term_string}\"},\"query-input\":{\"@type\":\"PropertyValueSpecification\",\"valueRequired\":true,\"valueName\":\"search_term_string\"}}],\"inLanguage\":\"fr-FR\"},{\"@type\":\"Person\",\"@id\":\"https:\/\/archibat.com\/blog\/#\/schema\/person\/c246f0d63b5e719c2cbe4f9bd494bf12\",\"name\":\"communication\"}]}<\/script>\n<!-- \/ Yoast SEO plugin. -->","yoast_head_json":{"title":"Quelle utilisation fait-on d'Internet sur le temps de travail ? &#8211; ArchiBat Mag","robots":{"index":"index","follow":"follow","max-snippet":"max-snippet:-1","max-image-preview":"max-image-preview:large","max-video-preview":"max-video-preview:-1"},"canonical":"https:\/\/archibat.com\/blog\/utilisation-dinternet-lorsque-etes-bureau\/","og_locale":"fr_FR","og_type":"article","og_title":"Quelle utilisation fait-on d'Internet sur le temps de travail ? &#8211; ArchiBat Mag","og_description":"Chaque ann\u00e9e, une entreprise sp\u00e9cialis\u00e9e en s\u00e9curit\u00e9 informatique Olfeo r\u00e9alise une enqu\u00eate sur l\u2019utilisation d&rsquo;internet par les salari\u00e9s quand ils sont sur leur lieu de\u2026","og_url":"https:\/\/archibat.com\/blog\/utilisation-dinternet-lorsque-etes-bureau\/","og_site_name":"ArchiBat Mag","article_published_time":"2016-05-17T20:29:02+00:00","article_modified_time":"2018-11-23T14:44:57+00:00","og_image":[{"width":635,"height":327,"url":"https:\/\/archibat.com\/blog\/wp-content\/uploads\/2016\/05\/Fotolia_105331737_XS-3.jpg","type":"image\/jpeg"}],"author":"communication","twitter_card":"summary_large_image","twitter_misc":{"\u00c9crit par":"communication","Dur\u00e9e de lecture estim\u00e9e":"2 minutes"},"schema":{"@context":"https:\/\/schema.org","@graph":[{"@type":"WebPage","@id":"https:\/\/archibat.com\/blog\/utilisation-dinternet-lorsque-etes-bureau\/","url":"https:\/\/archibat.com\/blog\/utilisation-dinternet-lorsque-etes-bureau\/","name":"Quelle utilisation fait-on d'Internet sur le temps de travail ? &#8211; ArchiBat Mag","isPartOf":{"@id":"https:\/\/archibat.com\/blog\/#website"},"primaryImageOfPage":{"@id":"https:\/\/archibat.com\/blog\/utilisation-dinternet-lorsque-etes-bureau\/#primaryimage"},"image":{"@id":"https:\/\/archibat.com\/blog\/utilisation-dinternet-lorsque-etes-bureau\/#primaryimage"},"thumbnailUrl":"https:\/\/archibat.com\/blog\/wp-content\/uploads\/2016\/05\/Fotolia_105331737_XS-3.jpg","datePublished":"2016-05-17T20:29:02+00:00","dateModified":"2018-11-23T14:44:57+00:00","author":{"@id":"https:\/\/archibat.com\/blog\/#\/schema\/person\/c246f0d63b5e719c2cbe4f9bd494bf12"},"breadcrumb":{"@id":"https:\/\/archibat.com\/blog\/utilisation-dinternet-lorsque-etes-bureau\/#breadcrumb"},"inLanguage":"fr-FR","potentialAction":[{"@type":"ReadAction","target":["https:\/\/archibat.com\/blog\/utilisation-dinternet-lorsque-etes-bureau\/"]}]},{"@type":"ImageObject","inLanguage":"fr-FR","@id":"https:\/\/archibat.com\/blog\/utilisation-dinternet-lorsque-etes-bureau\/#primaryimage","url":"https:\/\/archibat.com\/blog\/wp-content\/uploads\/2016\/05\/Fotolia_105331737_XS-3.jpg","contentUrl":"https:\/\/archibat.com\/blog\/wp-content\/uploads\/2016\/05\/Fotolia_105331737_XS-3.jpg","width":635,"height":327,"caption":"internet"},{"@type":"BreadcrumbList","@id":"https:\/\/archibat.com\/blog\/utilisation-dinternet-lorsque-etes-bureau\/#breadcrumb","itemListElement":[{"@type":"ListItem","position":1,"name":"Home","item":"https:\/\/archibat.com\/blog\/"},{"@type":"ListItem","position":2,"name":"Quelle utilisation fait-on d&rsquo;Internet sur le temps de travail ?"}]},{"@type":"WebSite","@id":"https:\/\/archibat.com\/blog\/#website","url":"https:\/\/archibat.com\/blog\/","name":"ArchiBat Mag","description":"Vous souhaitez connaitre les derni\u00e8res actualit\u00e9s sur l\u2019Architecture, le Design ou les Ressources Humaines ? D\u00e9couvrez ArchiBat Mag, le magazine d\u00e9di\u00e9 aux m\u00e9tiers de l&#039;Architecture et de l&#039;Ing\u00e9nierie.","potentialAction":[{"@type":"SearchAction","target":{"@type":"EntryPoint","urlTemplate":"https:\/\/archibat.com\/blog\/?s={search_term_string}"},"query-input":{"@type":"PropertyValueSpecification","valueRequired":true,"valueName":"search_term_string"}}],"inLanguage":"fr-FR"},{"@type":"Person","@id":"https:\/\/archibat.com\/blog\/#\/schema\/person\/c246f0d63b5e719c2cbe4f9bd494bf12","name":"communication"}]}},"_links":{"self":[{"href":"https:\/\/archibat.com\/blog\/wp-json\/wp\/v2\/posts\/1824","targetHints":{"allow":["GET"]}}],"collection":[{"href":"https:\/\/archibat.com\/blog\/wp-json\/wp\/v2\/posts"}],"about":[{"href":"https:\/\/archibat.com\/blog\/wp-json\/wp\/v2\/types\/post"}],"author":[{"embeddable":true,"href":"https:\/\/archibat.com\/blog\/wp-json\/wp\/v2\/users\/2"}],"replies":[{"embeddable":true,"href":"https:\/\/archibat.com\/blog\/wp-json\/wp\/v2\/comments?post=1824"}],"version-history":[{"count":3,"href":"https:\/\/archibat.com\/blog\/wp-json\/wp\/v2\/posts\/1824\/revisions"}],"predecessor-version":[{"id":7790,"href":"https:\/\/archibat.com\/blog\/wp-json\/wp\/v2\/posts\/1824\/revisions\/7790"}],"wp:featuredmedia":[{"embeddable":true,"href":"https:\/\/archibat.com\/blog\/wp-json\/wp\/v2\/media\/1825"}],"wp:attachment":[{"href":"https:\/\/archibat.com\/blog\/wp-json\/wp\/v2\/media?parent=1824"}],"wp:term":[{"taxonomy":"category","embeddable":true,"href":"https:\/\/archibat.com\/blog\/wp-json\/wp\/v2\/categories?post=1824"},{"taxonomy":"post_tag","embeddable":true,"href":"https:\/\/archibat.com\/blog\/wp-json\/wp\/v2\/tags?post=1824"}],"curies":[{"name":"wp","href":"https:\/\/api.w.org\/{rel}","templated":true}]}}